{"id":4941,"date":"2023-02-04T08:15:15","date_gmt":"2023-02-04T07:15:15","guid":{"rendered":"https:\/\/casaisabel.es\/?p=4941"},"modified":"2023-11-29T00:51:06","modified_gmt":"2023-11-29T00:51:06","slug":"joyas-del-modernismo-valenciano-que-no-debes-perderte","status":"publish","type":"post","link":"https:\/\/casaisabel.es\/it\/joyas-del-modernismo-valenciano-que-no-debes-perderte\/","title":{"rendered":"Joyas del modernismo valenciano que no debes perderte"},"content":{"rendered":"<p>El <strong>modernismo valenciano<\/strong> forma parte de la corriente art\u00edstica que se desarroll\u00f3 en toda Europa, pero con una particularidad: <strong>la influencia de la <em>Sezession<\/em><\/strong> (versi\u00f3n austr\u00edaca del modernismo). Se caracteriza, entre otros conceptos, por el predominio de las formas naturales, su asimetr\u00eda, las pinceladas orientales, el mosaico Nolla y una fuerte presencia de la simbolog\u00eda de la regi\u00f3n.&nbsp;Si vas a venir a la <strong>playa de Valencia<\/strong> en breve, no dejes de visitar lo que ahora te proponemos.<\/p>\n<h2>Los mejores ejemplos del modernismo valenciano<\/h2>\n<p>Posiblemente, <strong>conocer Valencia<\/strong> es sin\u00f3nimo de pasar por&nbsp;la magn\u00edfica <strong>Estaci\u00f3n del Norte<\/strong>, que podr\u00e1s recorrer en su totalidad para apreciar&nbsp;las caracter\u00edsticas arriba indicadas, pero hay otras joyas&nbsp;que te sorprender\u00e1n.<\/p>\n<h3>El edificio de Correos<\/h3>\n<p>Est\u00e1 a pocos metros de la estaci\u00f3n.&nbsp;<strong>S<\/strong><strong>e construy\u00f3 entre 1915 y 1922<\/strong> y mezcla todas las tendencias modernistas. Su impresionante altura se confirma en la sala principal, que consta de 370 paneles con los escudos de todas las provincias espa\u00f1olas. El escudo de forja del centro es el de la ciudad. En la cubierta&nbsp;puedes&nbsp;observar una torre met\u00e1lica, a modo de remate de esta obra maestra.<\/p>\n<h3>Edificio Suay<\/h3>\n<p>Justo al otro lado de la plaza del Ayuntamiento, encontrar\u00e1s este edificio <strong>construido en 1910<\/strong>. Su mirador circular de tres plantas, el remate de la zona superior y, una vez m\u00e1s, la forja de hierro de sus balcones son sus rasgos m\u00e1s representativos.<\/p>\n<h3>Casa Ernesto Ferrer<\/h3>\n<p>En la misma plaza y construida por&nbsp;<strong>Almenar Quinz\u00e1 en 1913<\/strong>, es de esos edificios que puedes mirar durante horas para entusiasmarte. Su c\u00fapula superior, sus balcones en piedra y su solemnidad te encantar\u00e1n.<\/p>\n<p>Y estos son solo algunos ejemplos de lo que podr\u00e1s encontrar durante tu recorrido por la ciudad. Termina tu andadura comiendo en la <strong>playa de Valencia<\/strong>, d\u00e9jate llevar por sus encantos y convierte tu viaje en el primero de una larga serie.<\/p>\n<p><a href=\"https:\/\/pixabay.com\/photos\/spain-valencia-europe-architecture-973501\/\" rel=\"nofollow\">imagen<\/a>    \t<\/p>","protected":false},"excerpt":{"rendered":"<p>El modernismo valenciano forma parte de la corriente art\u00edstica que se desarroll\u00f3 en toda Europa, pero con una particularidad: la influencia de la Sezession (versi\u00f3n austr\u00edaca del modernismo). Se caracteriza, entre otros conceptos, por el predominio de las formas naturales, su asimetr\u00eda, las pinceladas orientales, el mosaico Nolla y una fuerte presencia de la simbolog\u00eda [&hellip;]<\/p>","protected":false},"author":2,"featured_media":0,"comment_status":"closed","ping_status":"closed","sticky":false,"template":"","format":"standard","meta":{"site-sidebar-layout":"default","site-content-layout":"","ast-site-content-layout":"","site-content-style":"default","site-sidebar-style":"default","ast-global-header-display":"","ast-banner-title-visibility":"","ast-main-header-display":"","ast-hfb-above-header-display":"","ast-hfb-below-header-display":"","ast-hfb-mobile-header-display":"","site-post-title":"","ast-breadcrumbs-content":"","ast-featured-img":"","footer-sml-layout":"","theme-transparent-header-meta":"","adv-header-id-meta":"","stick-header-meta":"","header-above-stick-meta":"","header-main-stick-meta":"","header-below-stick-meta":"","astra-migrate-meta-layouts":"default","ast-page-background-enabled":"default","ast-page-background-meta":{"desktop":{"background-color":"var(--ast-global-color-4)","background-image":"","background-repeat":"repeat","background-position":"center center","background-size":"auto","background-attachment":"scroll","background-type":"","background-media":"","overlay-type":"","overlay-color":"","overlay-opacity":"","overlay-gradient":""},"tablet":{"background-color":"","background-image":"","background-repeat":"repeat","background-position":"center center","background-size":"auto","background-attachment":"scroll","background-type":"","background-media":"","overlay-type":"","overlay-color":"","overlay-opacity":"","overlay-gradient":""},"mobile":{"background-color":"","background-image":"","background-repeat":"repeat","background-position":"center center","background-size":"auto","background-attachment":"scroll","background-type":"","background-media":"","overlay-type":"","overlay-color":"","overlay-opacity":"","overlay-gradient":""}},"ast-content-background-meta":{"desktop":{"background-color":"var(--ast-global-color-5)","background-image":"","background-repeat":"repeat","background-position":"center center","background-size":"auto","background-attachment":"scroll","background-type":"","background-media":"","overlay-type":"","overlay-color":"","overlay-opacity":"","overlay-gradient":""},"tablet":{"background-color":"var(--ast-global-color-5)","background-image":"","background-repeat":"repeat","background-position":"center center","background-size":"auto","background-attachment":"scroll","background-type":"","background-media":"","overlay-type":"","overlay-color":"","overlay-opacity":"","overlay-gradient":""},"mobile":{"background-color":"var(--ast-global-color-5)","background-image":"","background-repeat":"repeat","background-position":"center center","background-size":"auto","background-attachment":"scroll","background-type":"","background-media":"","overlay-type":"","overlay-color":"","overlay-opacity":"","overlay-gradient":""}},"footnotes":""},"categories":[3,2],"tags":[],"class_list":["post-4941","post","type-post","status-publish","format-standard","hentry","category-gastronomia","category-sin-categoria"],"yoast_head":"<!-- This site is optimized with the Yoast SEO plugin v25.6 - https:\/\/yoast.com\/wordpress\/plugins\/seo\/ -->\n<title>Joyas del modernismo valenciano que no debes perderte - Casa Isabel<\/title>\n<meta name=\"robots\" content=\"index, follow, max-snippet:-1, max-image-preview:large, max-video-preview:-1\" \/>\n<link rel=\"canonical\" href=\"https:\/\/casaisabel.es\/it\/joyas-del-modernismo-valenciano-que-no-debes-perderte\/\" \/>\n<meta property=\"og:locale\" content=\"it_IT\" \/>\n<meta property=\"og:type\" content=\"article\" \/>\n<meta property=\"og:title\" content=\"Joyas del modernismo valenciano que no debes perderte - Casa Isabel\" \/>\n<meta property=\"og:description\" content=\"El modernismo valenciano forma parte de la corriente art\u00edstica que se desarroll\u00f3 en toda Europa, pero con una particularidad: la influencia de la Sezession (versi\u00f3n austr\u00edaca del modernismo). Se caracteriza, entre otros conceptos, por el predominio de las formas naturales, su asimetr\u00eda, las pinceladas orientales, el mosaico Nolla y una fuerte presencia de la simbolog\u00eda [&hellip;]\" \/>\n<meta property=\"og:url\" content=\"https:\/\/casaisabel.es\/it\/joyas-del-modernismo-valenciano-que-no-debes-perderte\/\" \/>\n<meta property=\"og:site_name\" content=\"Casa Isabel\" \/>\n<meta property=\"article:published_time\" content=\"2023-02-04T07:15:15+00:00\" \/>\n<meta property=\"article:modified_time\" content=\"2023-11-29T00:51:06+00:00\" \/>\n<meta name=\"author\" content=\"Admin\" \/>\n<meta name=\"twitter:card\" content=\"summary_large_image\" \/>\n<meta name=\"twitter:label1\" content=\"Written by\" \/>\n\t<meta name=\"twitter:data1\" content=\"Admin\" \/>\n\t<meta name=\"twitter:label2\" content=\"Est. reading time\" \/>\n\t<meta name=\"twitter:data2\" content=\"2 minutes\" \/>\n<script type=\"application\/ld+json\" class=\"yoast-schema-graph\">{\"@context\":\"https:\/\/schema.org\",\"@graph\":[{\"@type\":\"Article\",\"@id\":\"https:\/\/casaisabel.es\/joyas-del-modernismo-valenciano-que-no-debes-perderte\/#article\",\"isPartOf\":{\"@id\":\"https:\/\/casaisabel.es\/joyas-del-modernismo-valenciano-que-no-debes-perderte\/\"},\"author\":{\"name\":\"Admin\",\"@id\":\"https:\/\/casaisabel.es\/#\/schema\/person\/66308f25a39c9cb32c4e78cf8cfa36cf\"},\"headline\":\"Joyas del modernismo valenciano que no debes perderte\",\"datePublished\":\"2023-02-04T07:15:15+00:00\",\"dateModified\":\"2023-11-29T00:51:06+00:00\",\"mainEntityOfPage\":{\"@id\":\"https:\/\/casaisabel.es\/joyas-del-modernismo-valenciano-que-no-debes-perderte\/\"},\"wordCount\":347,\"publisher\":{\"@id\":\"https:\/\/casaisabel.es\/#organization\"},\"articleSection\":[\"Gastronom\u00eda\",\"Sin categor\u00eda\"],\"inLanguage\":\"it-IT\"},{\"@type\":\"WebPage\",\"@id\":\"https:\/\/casaisabel.es\/joyas-del-modernismo-valenciano-que-no-debes-perderte\/\",\"url\":\"https:\/\/casaisabel.es\/joyas-del-modernismo-valenciano-que-no-debes-perderte\/\",\"name\":\"Joyas del modernismo valenciano que no debes perderte - Casa Isabel\",\"isPartOf\":{\"@id\":\"https:\/\/casaisabel.es\/#website\"},\"datePublished\":\"2023-02-04T07:15:15+00:00\",\"dateModified\":\"2023-11-29T00:51:06+00:00\",\"breadcrumb\":{\"@id\":\"https:\/\/casaisabel.es\/joyas-del-modernismo-valenciano-que-no-debes-perderte\/#breadcrumb\"},\"inLanguage\":\"it-IT\",\"potentialAction\":[{\"@type\":\"ReadAction\",\"target\":[\"https:\/\/casaisabel.es\/joyas-del-modernismo-valenciano-que-no-debes-perderte\/\"]}]},{\"@type\":\"BreadcrumbList\",\"@id\":\"https:\/\/casaisabel.es\/joyas-del-modernismo-valenciano-que-no-debes-perderte\/#breadcrumb\",\"itemListElement\":[{\"@type\":\"ListItem\",\"position\":1,\"name\":\"Portada\",\"item\":\"https:\/\/casaisabel.es\/\"},{\"@type\":\"ListItem\",\"position\":2,\"name\":\"Joyas del modernismo valenciano que no debes perderte\"}]},{\"@type\":\"WebSite\",\"@id\":\"https:\/\/casaisabel.es\/#website\",\"url\":\"https:\/\/casaisabel.es\/\",\"name\":\"Casa Isabel\",\"description\":\"S\u00f3lo otro sitio de WordPress\",\"publisher\":{\"@id\":\"https:\/\/casaisabel.es\/#organization\"},\"potentialAction\":[{\"@type\":\"SearchAction\",\"target\":{\"@type\":\"EntryPoint\",\"urlTemplate\":\"https:\/\/casaisabel.es\/?s={search_term_string}\"},\"query-input\":{\"@type\":\"PropertyValueSpecification\",\"valueRequired\":true,\"valueName\":\"search_term_string\"}}],\"inLanguage\":\"it-IT\"},{\"@type\":\"Organization\",\"@id\":\"https:\/\/casaisabel.es\/#organization\",\"name\":\"Casa Isabel\",\"url\":\"https:\/\/casaisabel.es\/\",\"logo\":{\"@type\":\"ImageObject\",\"inLanguage\":\"it-IT\",\"@id\":\"https:\/\/casaisabel.es\/#\/schema\/logo\/image\/\",\"url\":\"https:\/\/casaisabel.es\/wp-content\/uploads\/2023\/09\/casaIsabel.svg\",\"contentUrl\":\"https:\/\/casaisabel.es\/wp-content\/uploads\/2023\/09\/casaIsabel.svg\",\"width\":211,\"height\":49,\"caption\":\"Casa Isabel\"},\"image\":{\"@id\":\"https:\/\/casaisabel.es\/#\/schema\/logo\/image\/\"}},{\"@type\":\"Person\",\"@id\":\"https:\/\/casaisabel.es\/#\/schema\/person\/66308f25a39c9cb32c4e78cf8cfa36cf\",\"name\":\"Admin\",\"image\":{\"@type\":\"ImageObject\",\"inLanguage\":\"it-IT\",\"@id\":\"https:\/\/casaisabel.es\/#\/schema\/person\/image\/\",\"url\":\"https:\/\/secure.gravatar.com\/avatar\/cfa1bef4e15c827fa091464736c1d269687e21ac8972ec35aec466b4aa06b9c8?s=96&d=mm&r=g\",\"contentUrl\":\"https:\/\/secure.gravatar.com\/avatar\/cfa1bef4e15c827fa091464736c1d269687e21ac8972ec35aec466b4aa06b9c8?s=96&d=mm&r=g\",\"caption\":\"Admin\"},\"url\":\"https:\/\/casaisabel.es\/it\/author\/admin-2\/\"}]}<\/script>\n<!-- \/ Yoast SEO plugin. -->","yoast_head_json":{"title":"Joyas del modernismo valenciano que no debes perderte - Casa Isabel","robots":{"index":"index","follow":"follow","max-snippet":"max-snippet:-1","max-image-preview":"max-image-preview:large","max-video-preview":"max-video-preview:-1"},"canonical":"https:\/\/casaisabel.es\/it\/joyas-del-modernismo-valenciano-que-no-debes-perderte\/","og_locale":"it_IT","og_type":"article","og_title":"Joyas del modernismo valenciano que no debes perderte - Casa Isabel","og_description":"El modernismo valenciano forma parte de la corriente art\u00edstica que se desarroll\u00f3 en toda Europa, pero con una particularidad: la influencia de la Sezession (versi\u00f3n austr\u00edaca del modernismo). Se caracteriza, entre otros conceptos, por el predominio de las formas naturales, su asimetr\u00eda, las pinceladas orientales, el mosaico Nolla y una fuerte presencia de la simbolog\u00eda [&hellip;]","og_url":"https:\/\/casaisabel.es\/it\/joyas-del-modernismo-valenciano-que-no-debes-perderte\/","og_site_name":"Casa Isabel","article_published_time":"2023-02-04T07:15:15+00:00","article_modified_time":"2023-11-29T00:51:06+00:00","author":"Admin","twitter_card":"summary_large_image","twitter_misc":{"Written by":"Admin","Est. reading time":"2 minutes"},"schema":{"@context":"https:\/\/schema.org","@graph":[{"@type":"Article","@id":"https:\/\/casaisabel.es\/joyas-del-modernismo-valenciano-que-no-debes-perderte\/#article","isPartOf":{"@id":"https:\/\/casaisabel.es\/joyas-del-modernismo-valenciano-que-no-debes-perderte\/"},"author":{"name":"Admin","@id":"https:\/\/casaisabel.es\/#\/schema\/person\/66308f25a39c9cb32c4e78cf8cfa36cf"},"headline":"Joyas del modernismo valenciano que no debes perderte","datePublished":"2023-02-04T07:15:15+00:00","dateModified":"2023-11-29T00:51:06+00:00","mainEntityOfPage":{"@id":"https:\/\/casaisabel.es\/joyas-del-modernismo-valenciano-que-no-debes-perderte\/"},"wordCount":347,"publisher":{"@id":"https:\/\/casaisabel.es\/#organization"},"articleSection":["Gastronom\u00eda","Sin categor\u00eda"],"inLanguage":"it-IT"},{"@type":"WebPage","@id":"https:\/\/casaisabel.es\/joyas-del-modernismo-valenciano-que-no-debes-perderte\/","url":"https:\/\/casaisabel.es\/joyas-del-modernismo-valenciano-que-no-debes-perderte\/","name":"Joyas del modernismo valenciano que no debes perderte - Casa Isabel","isPartOf":{"@id":"https:\/\/casaisabel.es\/#website"},"datePublished":"2023-02-04T07:15:15+00:00","dateModified":"2023-11-29T00:51:06+00:00","breadcrumb":{"@id":"https:\/\/casaisabel.es\/joyas-del-modernismo-valenciano-que-no-debes-perderte\/#breadcrumb"},"inLanguage":"it-IT","potentialAction":[{"@type":"ReadAction","target":["https:\/\/casaisabel.es\/joyas-del-modernismo-valenciano-que-no-debes-perderte\/"]}]},{"@type":"BreadcrumbList","@id":"https:\/\/casaisabel.es\/joyas-del-modernismo-valenciano-que-no-debes-perderte\/#breadcrumb","itemListElement":[{"@type":"ListItem","position":1,"name":"Portada","item":"https:\/\/casaisabel.es\/"},{"@type":"ListItem","position":2,"name":"Joyas del modernismo valenciano que no debes perderte"}]},{"@type":"WebSite","@id":"https:\/\/casaisabel.es\/#website","url":"https:\/\/casaisabel.es\/","name":"Casa Isabel","description":"S\u00f3lo otro sitio de WordPress","publisher":{"@id":"https:\/\/casaisabel.es\/#organization"},"potentialAction":[{"@type":"SearchAction","target":{"@type":"EntryPoint","urlTemplate":"https:\/\/casaisabel.es\/?s={search_term_string}"},"query-input":{"@type":"PropertyValueSpecification","valueRequired":true,"valueName":"search_term_string"}}],"inLanguage":"it-IT"},{"@type":"Organization","@id":"https:\/\/casaisabel.es\/#organization","name":"Casa Isabel","url":"https:\/\/casaisabel.es\/","logo":{"@type":"ImageObject","inLanguage":"it-IT","@id":"https:\/\/casaisabel.es\/#\/schema\/logo\/image\/","url":"https:\/\/casaisabel.es\/wp-content\/uploads\/2023\/09\/casaIsabel.svg","contentUrl":"https:\/\/casaisabel.es\/wp-content\/uploads\/2023\/09\/casaIsabel.svg","width":211,"height":49,"caption":"Casa Isabel"},"image":{"@id":"https:\/\/casaisabel.es\/#\/schema\/logo\/image\/"}},{"@type":"Person","@id":"https:\/\/casaisabel.es\/#\/schema\/person\/66308f25a39c9cb32c4e78cf8cfa36cf","name":"Admin","image":{"@type":"ImageObject","inLanguage":"it-IT","@id":"https:\/\/casaisabel.es\/#\/schema\/person\/image\/","url":"https:\/\/secure.gravatar.com\/avatar\/cfa1bef4e15c827fa091464736c1d269687e21ac8972ec35aec466b4aa06b9c8?s=96&d=mm&r=g","contentUrl":"https:\/\/secure.gravatar.com\/avatar\/cfa1bef4e15c827fa091464736c1d269687e21ac8972ec35aec466b4aa06b9c8?s=96&d=mm&r=g","caption":"Admin"},"url":"https:\/\/casaisabel.es\/it\/author\/admin-2\/"}]}},"_links":{"self":[{"href":"https:\/\/casaisabel.es\/it\/wp-json\/wp\/v2\/posts\/4941","targetHints":{"allow":["GET"]}}],"collection":[{"href":"https:\/\/casaisabel.es\/it\/wp-json\/wp\/v2\/posts"}],"about":[{"href":"https:\/\/casaisabel.es\/it\/wp-json\/wp\/v2\/types\/post"}],"author":[{"embeddable":true,"href":"https:\/\/casaisabel.es\/it\/wp-json\/wp\/v2\/users\/2"}],"replies":[{"embeddable":true,"href":"https:\/\/casaisabel.es\/it\/wp-json\/wp\/v2\/comments?post=4941"}],"version-history":[{"count":0,"href":"https:\/\/casaisabel.es\/it\/wp-json\/wp\/v2\/posts\/4941\/revisions"}],"wp:attachment":[{"href":"https:\/\/casaisabel.es\/it\/wp-json\/wp\/v2\/media?parent=4941"}],"wp:term":[{"taxonomy":"category","embeddable":true,"href":"https:\/\/casaisabel.es\/it\/wp-json\/wp\/v2\/categories?post=4941"},{"taxonomy":"post_tag","embeddable":true,"href":"https:\/\/casaisabel.es\/it\/wp-json\/wp\/v2\/tags?post=4941"}],"curies":[{"name":"wp","href":"https:\/\/api.w.org\/{rel}","templated":true}]}}