{"id":4353,"date":"2025-11-05T00:18:13","date_gmt":"2025-11-05T00:18:13","guid":{"rendered":"https:\/\/casaisabel.es\/?p=4353---e4121b91-c323-4b10-9a28-c55152589a2f"},"modified":"2025-11-05T00:18:14","modified_gmt":"2025-11-05T00:18:14","slug":"sorolla-el-artista-de-la-malvarrosa","status":"publish","type":"post","link":"https:\/\/casaisabel.es\/it\/sorolla-el-artista-de-la-malvarrosa\/","title":{"rendered":"Sorolla, el artista de la Malvarrosa"},"content":{"rendered":"<p><strong>Joaqu\u00edn Sorolla<\/strong> es el artista por excelencia de la <strong>playa de la Malvarrosa<\/strong>, que inmortaliz\u00f3 en diversos cuadros. De hecho, los cuadros del pintor que mayor precio alcanzaron fueron precisamente los realizados\u00a0all\u00ed. \u00bfQuieres saber por qu\u00e9?<\/p>\n<h2>La Malvarrosa, escenario de Sorolla<\/h2>\n<p>La <strong>playa de la Malvarrosa<\/strong> fue donde los cuadros de este genial artista adquirieron\u00a0el inconfundible brillo del Mediterr\u00e1neo que caracterizan sus cuadros. No es de extra\u00f1ar que su cuadro <em>Pescadores. Barcas Varadas<\/em> fuera adquirido por un precio de m\u00e1s de un mill\u00f3n de euros.\u00a0Los tonos azules en combinaci\u00f3n con los ocres de la tierra dejan ver esta luz tan particular, que imperturbada en el tiempo, a\u00fan sigue deleitando nuestros ojos.<\/p>\n<p>Era el a\u00f1o 1909, en torno al verano.\u00a0<strong>Sorolla <\/strong>se sent\u00eda un hombre feliz y realizado, ya que sus obras hab\u00edan alcanzado el \u00e9xito\u00a0en Estados Unidos, y decidi\u00f3 pintar una serie de cuadros en la playa valenciana. As\u00ed nacieron sus cuadros ambientados en\u00a0la<strong> playa de la Malvarrosa<\/strong>, extraordinariamente luminosos y embellecidos todav\u00eda m\u00e1s por los motivos arquitect\u00f3nicos cl\u00e1sicos griegos.\u00a0De esta \u00e9poca son tambi\u00e9n conocidos sus cuadros <em>Paseo a la orilla del mar<\/em> y <em>El ba\u00f1o del caballo\u00a0o\u00a0Chicos en la playa<\/em>, cuyo estilo contrast\u00f3 con el pesimismo de la generaci\u00f3n del 98.<\/p>\n<p>Aunque <strong>Sorolla<\/strong> vivi\u00f3 en Madrid desde 1890,\u00a0siempre volv\u00eda a la <strong>playa valenciana<\/strong>\u00a0con la que nunca dej\u00f3 de so\u00f1ar, por lo que los cuadros de dicha serie fueron los \u00fanicos que colg\u00f3 en las paredes de su estudio en la capital espa\u00f1ola.<\/p>\n<p>\u00bfQu\u00e9 gust\u00f3 tanto a <strong>Sorolla<\/strong> de la <strong>playa de la Malvarrosa<\/strong>? No podemos explicarlo, porque quiz\u00e1 no existen palabras para describirlo. Por eso, <strong>Sorolla<\/strong> decidi\u00f3 expresarlo en la luz de sus cuadros. \u00bfPor qu\u00e9 no vienes t\u00fa a experimentarlo tambi\u00e9n? Siente la\u00a0brisa, el calor del sol y el aroma caracter\u00edstico del mar en nuestra terraza.<\/p>\n<p><a href=\"https:\/\/commons.wikimedia.org\/wiki\/File:Joaquin_Sorolla_y_Bastida_-_Malvarrosa.jpg\" rel=\"nofollow\">imagen<\/a>    \t<\/p>","protected":false},"excerpt":{"rendered":"<p>Joaqu\u00edn Sorolla es el artista por excelencia de la playa de la Malvarrosa, que inmortaliz\u00f3 en diversos cuadros. De hecho, los cuadros del pintor que mayor precio alcanzaron fueron precisamente los realizados\u00a0all\u00ed. \u00bfQuieres saber por qu\u00e9? La Malvarrosa, escenario de Sorolla La playa de la Malvarrosa fue donde los cuadros de este genial artista adquirieron\u00a0el [&hellip;]<\/p>","protected":false},"author":2,"featured_media":4088,"comment_status":"closed","ping_status":"closed","sticky":false,"template":"","format":"standard","meta":{"site-sidebar-layout":"default","site-content-layout":"","ast-site-content-layout":"","site-content-style":"default","site-sidebar-style":"default","ast-global-header-display":"","ast-banner-title-visibility":"","ast-main-header-display":"","ast-hfb-above-header-display":"","ast-hfb-below-header-display":"","ast-hfb-mobile-header-display":"","site-post-title":"","ast-breadcrumbs-content":"","ast-featured-img":"","footer-sml-layout":"","theme-transparent-header-meta":"","adv-header-id-meta":"","stick-header-meta":"","header-above-stick-meta":"","header-main-stick-meta":"","header-below-stick-meta":"","astra-migrate-meta-layouts":"default","ast-page-background-enabled":"default","ast-page-background-meta":{"desktop":{"background-color":"var(--ast-global-color-4)","background-image":"","background-repeat":"repeat","background-position":"center center","background-size":"auto","background-attachment":"scroll","background-type":"","background-media":"","overlay-type":"","overlay-color":"","overlay-opacity":"","overlay-gradient":""},"tablet":{"background-color":"","background-image":"","background-repeat":"repeat","background-position":"center center","background-size":"auto","background-attachment":"scroll","background-type":"","background-media":"","overlay-type":"","overlay-color":"","overlay-opacity":"","overlay-gradient":""},"mobile":{"background-color":"","background-image":"","background-repeat":"repeat","background-position":"center center","background-size":"auto","background-attachment":"scroll","background-type":"","background-media":"","overlay-type":"","overlay-color":"","overlay-opacity":"","overlay-gradient":""}},"ast-content-background-meta":{"desktop":{"background-color":"var(--ast-global-color-5)","background-image":"","background-repeat":"repeat","background-position":"center center","background-size":"auto","background-attachment":"scroll","background-type":"","background-media":"","overlay-type":"","overlay-color":"","overlay-opacity":"","overlay-gradient":""},"tablet":{"background-color":"var(--ast-global-color-5)","background-image":"","background-repeat":"repeat","background-position":"center center","background-size":"auto","background-attachment":"scroll","background-type":"","background-media":"","overlay-type":"","overlay-color":"","overlay-opacity":"","overlay-gradient":""},"mobile":{"background-color":"var(--ast-global-color-5)","background-image":"","background-repeat":"repeat","background-position":"center center","background-size":"auto","background-attachment":"scroll","background-type":"","background-media":"","overlay-type":"","overlay-color":"","overlay-opacity":"","overlay-gradient":""}},"footnotes":""},"categories":[2,12],"tags":[],"class_list":["post-4353","post","type-post","status-publish","format-standard","has-post-thumbnail","hentry","category-sin-categoria","category-valencia-cultura"],"yoast_head":"<!-- This site is optimized with the Yoast SEO plugin v25.6 - https:\/\/yoast.com\/wordpress\/plugins\/seo\/ -->\n<title>Sorolla, el artista de la Malvarrosa - Casa Isabel<\/title>\n<meta name=\"robots\" content=\"index, follow, max-snippet:-1, max-image-preview:large, max-video-preview:-1\" \/>\n<link rel=\"canonical\" href=\"https:\/\/casaisabel.es\/it\/sorolla-el-artista-de-la-malvarrosa\/\" \/>\n<meta property=\"og:locale\" content=\"it_IT\" \/>\n<meta property=\"og:type\" content=\"article\" \/>\n<meta property=\"og:title\" content=\"Sorolla, el artista de la Malvarrosa - Casa Isabel\" \/>\n<meta property=\"og:description\" content=\"Joaqu\u00edn Sorolla es el artista por excelencia de la playa de la Malvarrosa, que inmortaliz\u00f3 en diversos cuadros. De hecho, los cuadros del pintor que mayor precio alcanzaron fueron precisamente los realizados\u00a0all\u00ed. \u00bfQuieres saber por qu\u00e9? La Malvarrosa, escenario de Sorolla La playa de la Malvarrosa fue donde los cuadros de este genial artista adquirieron\u00a0el [&hellip;]\" \/>\n<meta property=\"og:url\" content=\"https:\/\/casaisabel.es\/it\/sorolla-el-artista-de-la-malvarrosa\/\" \/>\n<meta property=\"og:site_name\" content=\"Casa Isabel\" \/>\n<meta property=\"article:published_time\" content=\"2025-11-05T00:18:13+00:00\" \/>\n<meta property=\"article:modified_time\" content=\"2025-11-05T00:18:14+00:00\" \/>\n<meta property=\"og:image\" content=\"https:\/\/casaisabel.es\/wp-content\/uploads\/2018\/12\/800px-Joaquin_Sorolla_-_Verano_1904.jpg\" \/>\n\t<meta property=\"og:image:width\" content=\"800\" \/>\n\t<meta property=\"og:image:height\" content=\"473\" \/>\n\t<meta property=\"og:image:type\" content=\"image\/jpeg\" \/>\n<meta name=\"author\" content=\"Admin\" \/>\n<meta name=\"twitter:card\" content=\"summary_large_image\" \/>\n<meta name=\"twitter:label1\" content=\"Written by\" \/>\n\t<meta name=\"twitter:data1\" content=\"Admin\" \/>\n\t<meta name=\"twitter:label2\" content=\"Est. reading time\" \/>\n\t<meta name=\"twitter:data2\" content=\"2 minutes\" \/>\n<script type=\"application\/ld+json\" class=\"yoast-schema-graph\">{\"@context\":\"https:\/\/schema.org\",\"@graph\":[{\"@type\":\"Article\",\"@id\":\"https:\/\/casaisabel.es\/sorolla-el-artista-de-la-malvarrosa\/#article\",\"isPartOf\":{\"@id\":\"https:\/\/casaisabel.es\/sorolla-el-artista-de-la-malvarrosa\/\"},\"author\":{\"name\":\"Admin\",\"@id\":\"https:\/\/casaisabel.es\/#\/schema\/person\/66308f25a39c9cb32c4e78cf8cfa36cf\"},\"headline\":\"Sorolla, el artista de la Malvarrosa\",\"datePublished\":\"2025-11-05T00:18:13+00:00\",\"dateModified\":\"2025-11-05T00:18:14+00:00\",\"mainEntityOfPage\":{\"@id\":\"https:\/\/casaisabel.es\/sorolla-el-artista-de-la-malvarrosa\/\"},\"wordCount\":335,\"publisher\":{\"@id\":\"https:\/\/casaisabel.es\/#organization\"},\"image\":{\"@id\":\"https:\/\/casaisabel.es\/sorolla-el-artista-de-la-malvarrosa\/#primaryimage\"},\"thumbnailUrl\":\"https:\/\/casaisabel.es\/wp-content\/uploads\/2018\/12\/800px-Joaquin_Sorolla_-_Verano_1904.jpg\",\"articleSection\":[\"Sin categor\u00eda\",\"Valencia cultura\"],\"inLanguage\":\"it-IT\"},{\"@type\":\"WebPage\",\"@id\":\"https:\/\/casaisabel.es\/sorolla-el-artista-de-la-malvarrosa\/\",\"url\":\"https:\/\/casaisabel.es\/sorolla-el-artista-de-la-malvarrosa\/\",\"name\":\"Sorolla, el artista de la Malvarrosa - Casa Isabel\",\"isPartOf\":{\"@id\":\"https:\/\/casaisabel.es\/#website\"},\"primaryImageOfPage\":{\"@id\":\"https:\/\/casaisabel.es\/sorolla-el-artista-de-la-malvarrosa\/#primaryimage\"},\"image\":{\"@id\":\"https:\/\/casaisabel.es\/sorolla-el-artista-de-la-malvarrosa\/#primaryimage\"},\"thumbnailUrl\":\"https:\/\/casaisabel.es\/wp-content\/uploads\/2018\/12\/800px-Joaquin_Sorolla_-_Verano_1904.jpg\",\"datePublished\":\"2025-11-05T00:18:13+00:00\",\"dateModified\":\"2025-11-05T00:18:14+00:00\",\"breadcrumb\":{\"@id\":\"https:\/\/casaisabel.es\/sorolla-el-artista-de-la-malvarrosa\/#breadcrumb\"},\"inLanguage\":\"it-IT\",\"potentialAction\":[{\"@type\":\"ReadAction\",\"target\":[\"https:\/\/casaisabel.es\/sorolla-el-artista-de-la-malvarrosa\/\"]}]},{\"@type\":\"ImageObject\",\"inLanguage\":\"it-IT\",\"@id\":\"https:\/\/casaisabel.es\/sorolla-el-artista-de-la-malvarrosa\/#primaryimage\",\"url\":\"https:\/\/casaisabel.es\/wp-content\/uploads\/2018\/12\/800px-Joaquin_Sorolla_-_Verano_1904.jpg\",\"contentUrl\":\"https:\/\/casaisabel.es\/wp-content\/uploads\/2018\/12\/800px-Joaquin_Sorolla_-_Verano_1904.jpg\",\"width\":800,\"height\":473},{\"@type\":\"BreadcrumbList\",\"@id\":\"https:\/\/casaisabel.es\/sorolla-el-artista-de-la-malvarrosa\/#breadcrumb\",\"itemListElement\":[{\"@type\":\"ListItem\",\"position\":1,\"name\":\"Portada\",\"item\":\"https:\/\/casaisabel.es\/\"},{\"@type\":\"ListItem\",\"position\":2,\"name\":\"Sorolla, el artista de la Malvarrosa\"}]},{\"@type\":\"WebSite\",\"@id\":\"https:\/\/casaisabel.es\/#website\",\"url\":\"https:\/\/casaisabel.es\/\",\"name\":\"Casa Isabel\",\"description\":\"S\u00f3lo otro sitio de WordPress\",\"publisher\":{\"@id\":\"https:\/\/casaisabel.es\/#organization\"},\"potentialAction\":[{\"@type\":\"SearchAction\",\"target\":{\"@type\":\"EntryPoint\",\"urlTemplate\":\"https:\/\/casaisabel.es\/?s={search_term_string}\"},\"query-input\":{\"@type\":\"PropertyValueSpecification\",\"valueRequired\":true,\"valueName\":\"search_term_string\"}}],\"inLanguage\":\"it-IT\"},{\"@type\":\"Organization\",\"@id\":\"https:\/\/casaisabel.es\/#organization\",\"name\":\"Casa Isabel\",\"url\":\"https:\/\/casaisabel.es\/\",\"logo\":{\"@type\":\"ImageObject\",\"inLanguage\":\"it-IT\",\"@id\":\"https:\/\/casaisabel.es\/#\/schema\/logo\/image\/\",\"url\":\"https:\/\/casaisabel.es\/wp-content\/uploads\/2023\/09\/casaIsabel.svg\",\"contentUrl\":\"https:\/\/casaisabel.es\/wp-content\/uploads\/2023\/09\/casaIsabel.svg\",\"width\":211,\"height\":49,\"caption\":\"Casa Isabel\"},\"image\":{\"@id\":\"https:\/\/casaisabel.es\/#\/schema\/logo\/image\/\"}},{\"@type\":\"Person\",\"@id\":\"https:\/\/casaisabel.es\/#\/schema\/person\/66308f25a39c9cb32c4e78cf8cfa36cf\",\"name\":\"Admin\",\"image\":{\"@type\":\"ImageObject\",\"inLanguage\":\"it-IT\",\"@id\":\"https:\/\/casaisabel.es\/#\/schema\/person\/image\/\",\"url\":\"https:\/\/secure.gravatar.com\/avatar\/cfa1bef4e15c827fa091464736c1d269687e21ac8972ec35aec466b4aa06b9c8?s=96&d=mm&r=g\",\"contentUrl\":\"https:\/\/secure.gravatar.com\/avatar\/cfa1bef4e15c827fa091464736c1d269687e21ac8972ec35aec466b4aa06b9c8?s=96&d=mm&r=g\",\"caption\":\"Admin\"},\"url\":\"https:\/\/casaisabel.es\/it\/author\/admin-2\/\"}]}<\/script>\n<!-- \/ Yoast SEO plugin. -->","yoast_head_json":{"title":"Sorolla, el artista de la Malvarrosa - Casa Isabel","robots":{"index":"index","follow":"follow","max-snippet":"max-snippet:-1","max-image-preview":"max-image-preview:large","max-video-preview":"max-video-preview:-1"},"canonical":"https:\/\/casaisabel.es\/it\/sorolla-el-artista-de-la-malvarrosa\/","og_locale":"it_IT","og_type":"article","og_title":"Sorolla, el artista de la Malvarrosa - Casa Isabel","og_description":"Joaqu\u00edn Sorolla es el artista por excelencia de la playa de la Malvarrosa, que inmortaliz\u00f3 en diversos cuadros. De hecho, los cuadros del pintor que mayor precio alcanzaron fueron precisamente los realizados\u00a0all\u00ed. \u00bfQuieres saber por qu\u00e9? La Malvarrosa, escenario de Sorolla La playa de la Malvarrosa fue donde los cuadros de este genial artista adquirieron\u00a0el [&hellip;]","og_url":"https:\/\/casaisabel.es\/it\/sorolla-el-artista-de-la-malvarrosa\/","og_site_name":"Casa Isabel","article_published_time":"2025-11-05T00:18:13+00:00","article_modified_time":"2025-11-05T00:18:14+00:00","og_image":[{"width":800,"height":473,"url":"https:\/\/casaisabel.es\/wp-content\/uploads\/2018\/12\/800px-Joaquin_Sorolla_-_Verano_1904.jpg","type":"image\/jpeg"}],"author":"Admin","twitter_card":"summary_large_image","twitter_misc":{"Written by":"Admin","Est. reading time":"2 minutes"},"schema":{"@context":"https:\/\/schema.org","@graph":[{"@type":"Article","@id":"https:\/\/casaisabel.es\/sorolla-el-artista-de-la-malvarrosa\/#article","isPartOf":{"@id":"https:\/\/casaisabel.es\/sorolla-el-artista-de-la-malvarrosa\/"},"author":{"name":"Admin","@id":"https:\/\/casaisabel.es\/#\/schema\/person\/66308f25a39c9cb32c4e78cf8cfa36cf"},"headline":"Sorolla, el artista de la Malvarrosa","datePublished":"2025-11-05T00:18:13+00:00","dateModified":"2025-11-05T00:18:14+00:00","mainEntityOfPage":{"@id":"https:\/\/casaisabel.es\/sorolla-el-artista-de-la-malvarrosa\/"},"wordCount":335,"publisher":{"@id":"https:\/\/casaisabel.es\/#organization"},"image":{"@id":"https:\/\/casaisabel.es\/sorolla-el-artista-de-la-malvarrosa\/#primaryimage"},"thumbnailUrl":"https:\/\/casaisabel.es\/wp-content\/uploads\/2018\/12\/800px-Joaquin_Sorolla_-_Verano_1904.jpg","articleSection":["Sin categor\u00eda","Valencia cultura"],"inLanguage":"it-IT"},{"@type":"WebPage","@id":"https:\/\/casaisabel.es\/sorolla-el-artista-de-la-malvarrosa\/","url":"https:\/\/casaisabel.es\/sorolla-el-artista-de-la-malvarrosa\/","name":"Sorolla, el artista de la Malvarrosa - Casa Isabel","isPartOf":{"@id":"https:\/\/casaisabel.es\/#website"},"primaryImageOfPage":{"@id":"https:\/\/casaisabel.es\/sorolla-el-artista-de-la-malvarrosa\/#primaryimage"},"image":{"@id":"https:\/\/casaisabel.es\/sorolla-el-artista-de-la-malvarrosa\/#primaryimage"},"thumbnailUrl":"https:\/\/casaisabel.es\/wp-content\/uploads\/2018\/12\/800px-Joaquin_Sorolla_-_Verano_1904.jpg","datePublished":"2025-11-05T00:18:13+00:00","dateModified":"2025-11-05T00:18:14+00:00","breadcrumb":{"@id":"https:\/\/casaisabel.es\/sorolla-el-artista-de-la-malvarrosa\/#breadcrumb"},"inLanguage":"it-IT","potentialAction":[{"@type":"ReadAction","target":["https:\/\/casaisabel.es\/sorolla-el-artista-de-la-malvarrosa\/"]}]},{"@type":"ImageObject","inLanguage":"it-IT","@id":"https:\/\/casaisabel.es\/sorolla-el-artista-de-la-malvarrosa\/#primaryimage","url":"https:\/\/casaisabel.es\/wp-content\/uploads\/2018\/12\/800px-Joaquin_Sorolla_-_Verano_1904.jpg","contentUrl":"https:\/\/casaisabel.es\/wp-content\/uploads\/2018\/12\/800px-Joaquin_Sorolla_-_Verano_1904.jpg","width":800,"height":473},{"@type":"BreadcrumbList","@id":"https:\/\/casaisabel.es\/sorolla-el-artista-de-la-malvarrosa\/#breadcrumb","itemListElement":[{"@type":"ListItem","position":1,"name":"Portada","item":"https:\/\/casaisabel.es\/"},{"@type":"ListItem","position":2,"name":"Sorolla, el artista de la Malvarrosa"}]},{"@type":"WebSite","@id":"https:\/\/casaisabel.es\/#website","url":"https:\/\/casaisabel.es\/","name":"Casa Isabel","description":"S\u00f3lo otro sitio de WordPress","publisher":{"@id":"https:\/\/casaisabel.es\/#organization"},"potentialAction":[{"@type":"SearchAction","target":{"@type":"EntryPoint","urlTemplate":"https:\/\/casaisabel.es\/?s={search_term_string}"},"query-input":{"@type":"PropertyValueSpecification","valueRequired":true,"valueName":"search_term_string"}}],"inLanguage":"it-IT"},{"@type":"Organization","@id":"https:\/\/casaisabel.es\/#organization","name":"Casa Isabel","url":"https:\/\/casaisabel.es\/","logo":{"@type":"ImageObject","inLanguage":"it-IT","@id":"https:\/\/casaisabel.es\/#\/schema\/logo\/image\/","url":"https:\/\/casaisabel.es\/wp-content\/uploads\/2023\/09\/casaIsabel.svg","contentUrl":"https:\/\/casaisabel.es\/wp-content\/uploads\/2023\/09\/casaIsabel.svg","width":211,"height":49,"caption":"Casa Isabel"},"image":{"@id":"https:\/\/casaisabel.es\/#\/schema\/logo\/image\/"}},{"@type":"Person","@id":"https:\/\/casaisabel.es\/#\/schema\/person\/66308f25a39c9cb32c4e78cf8cfa36cf","name":"Admin","image":{"@type":"ImageObject","inLanguage":"it-IT","@id":"https:\/\/casaisabel.es\/#\/schema\/person\/image\/","url":"https:\/\/secure.gravatar.com\/avatar\/cfa1bef4e15c827fa091464736c1d269687e21ac8972ec35aec466b4aa06b9c8?s=96&d=mm&r=g","contentUrl":"https:\/\/secure.gravatar.com\/avatar\/cfa1bef4e15c827fa091464736c1d269687e21ac8972ec35aec466b4aa06b9c8?s=96&d=mm&r=g","caption":"Admin"},"url":"https:\/\/casaisabel.es\/it\/author\/admin-2\/"}]}},"_links":{"self":[{"href":"https:\/\/casaisabel.es\/it\/wp-json\/wp\/v2\/posts\/4353","targetHints":{"allow":["GET"]}}],"collection":[{"href":"https:\/\/casaisabel.es\/it\/wp-json\/wp\/v2\/posts"}],"about":[{"href":"https:\/\/casaisabel.es\/it\/wp-json\/wp\/v2\/types\/post"}],"author":[{"embeddable":true,"href":"https:\/\/casaisabel.es\/it\/wp-json\/wp\/v2\/users\/2"}],"replies":[{"embeddable":true,"href":"https:\/\/casaisabel.es\/it\/wp-json\/wp\/v2\/comments?post=4353"}],"version-history":[{"count":0,"href":"https:\/\/casaisabel.es\/it\/wp-json\/wp\/v2\/posts\/4353\/revisions"}],"wp:featuredmedia":[{"embeddable":true,"href":"https:\/\/casaisabel.es\/it\/wp-json\/wp\/v2\/media\/4088"}],"wp:attachment":[{"href":"https:\/\/casaisabel.es\/it\/wp-json\/wp\/v2\/media?parent=4353"}],"wp:term":[{"taxonomy":"category","embeddable":true,"href":"https:\/\/casaisabel.es\/it\/wp-json\/wp\/v2\/categories?post=4353"},{"taxonomy":"post_tag","embeddable":true,"href":"https:\/\/casaisabel.es\/it\/wp-json\/wp\/v2\/tags?post=4353"}],"curies":[{"name":"wp","href":"https:\/\/api.w.org\/{rel}","templated":true}]}}