{"id":3653,"date":"2025-09-19T00:04:47","date_gmt":"2025-09-19T00:04:47","guid":{"rendered":"https:\/\/casaisabel.es\/?p=3653---d84f97f1-6ed3-4638-8154-2d055ef755b6"},"modified":"2025-09-19T00:04:48","modified_gmt":"2025-09-19T00:04:48","slug":"llego-la-temporada-de-los-arroces-caldosos-y-melosos-en-la-malvarrosa","status":"publish","type":"post","link":"https:\/\/casaisabel.es\/it\/llego-la-temporada-de-los-arroces-caldosos-y-melosos-en-la-malvarrosa\/","title":{"rendered":"Lleg\u00f3 la temporada de los arroces caldosos y melosos en la malvarrosa."},"content":{"rendered":"<p>Se acerca el oto\u00f1o y con \u00e9l los deliciosos aromas a <strong>paella en la Malvarrosa. <\/strong>Muchos visitantes ya comienzan a demandar arroces caldosos, muy\u00a0nutritivos\u00a0y\u00a0apetecibles, id\u00f3neos para d\u00edas nublados y\u00a0frescos. Precisamente para que sigas disfrutando de esta <a href=\"http:\/\/www.visitvalencia.com\/es\/que-visitar-valencia\/playas-de-valencia\/playa-de-la-malvarrosa\">bella playa<\/a> y de su gastronom\u00eda \u00fanica, presente en cualquier <strong>arroceria de la playa de la Malvarrosa<\/strong>, te proponemos algunos arroces\u00a0melosos para comenzar la temporada con m\u00e1xima energ\u00eda.<\/p>\n<h2><strong>Arroces caldosos que puedes probar en la playa de Valencia<\/strong><\/h2>\n<p>Un <strong><a href=\"https:\/\/casaisabel.es\/it\/\">restaurante especializado en paellas<\/a><\/strong> debe ofrecer gran variedad de arroces caldosos a sus clientes, como ocurre en la <strong>playa de la Malvarrosa<\/strong>, famosa por sus magn\u00edficas instalaciones, su\u00a0oferta de ocio y restauraci\u00f3n, sus vistas inolvidables y sus deliciosos platos como:<\/p>\n<p><strong>1. Arroz meloso con bogavante. <\/strong>Este arroz, de<strong>\u00a0<\/strong>gran untuosidad y cremosidad, se elabora con un grano redondo del tipo bomba. Un delicioso plato con una\u00a0base de verduras como pimiento, puerro, cebolla y cebolleta y un sofrito de carabineros y bogavante, que con el tiempo adecuado de cocci\u00f3n, te resultar\u00e1 irresistible.<\/p>\n<p><strong>2. Arroz con buey de mar. <\/strong>Esta variedad de arroz caldoso ofrece tambi\u00e9n una jugosidad y sabor excepcionales. La clave est\u00e1, por un lado, en el sofrito de cebolla, pimientos finos picados y, por otro, en la adecuada preparaci\u00f3n del buey. Este debe machacarse y a\u00f1adirse al sofrito junto con el l\u00edquido que suelta, aport\u00e1ndole todo el sabor. Suele llevar azafr\u00e1n y, una vez listo, resulta un plato\u00a0inolvidable.<\/p>\n<p><strong>3. Arroz meloso con pollo y conejo. <\/strong>Este plato se prepara con cualquier tipo de verduras y hortalizas como jud\u00edas, alcachofas, setas, zanahorias\u2026 y puede llevar incluso caracoles, adem\u00e1s del pollo y el conejo. No necesitas m\u00e1s para degustar un plato nutritivo, muy saludable y con el que te chupar\u00e1s los dedos.<\/p>\n<p>Descubre los ricos arroces caldosos de la <strong>playa de la Malvarrosa<\/strong>, un para\u00edso de arroz, buen clima y las mejores playas.<br \/>\n<a href=\"https:\/\/farm8.static.flickr.com\/7435\/16373782772_8545912c49_z.jpg\" rel=\"nofollow\">imagen<\/a>    \t<\/p>","protected":false},"excerpt":{"rendered":"<p>Se acerca el oto\u00f1o y con \u00e9l los deliciosos aromas a paella en la Malvarrosa. Muchos visitantes ya comienzan a demandar arroces caldosos, muy\u00a0nutritivos\u00a0y\u00a0apetecibles, id\u00f3neos para d\u00edas nublados y\u00a0frescos. Precisamente para que sigas disfrutando de esta bella playa y de su gastronom\u00eda \u00fanica, presente en cualquier arroceria de la playa de la Malvarrosa, te proponemos [&hellip;]<\/p>","protected":false},"author":2,"featured_media":3680,"comment_status":"closed","ping_status":"closed","sticky":false,"template":"","format":"standard","meta":{"site-sidebar-layout":"default","site-content-layout":"","ast-site-content-layout":"","site-content-style":"default","site-sidebar-style":"default","ast-global-header-display":"","ast-banner-title-visibility":"","ast-main-header-display":"","ast-hfb-above-header-display":"","ast-hfb-below-header-display":"","ast-hfb-mobile-header-display":"","site-post-title":"","ast-breadcrumbs-content":"","ast-featured-img":"","footer-sml-layout":"","theme-transparent-header-meta":"","adv-header-id-meta":"","stick-header-meta":"","header-above-stick-meta":"","header-main-stick-meta":"","header-below-stick-meta":"","astra-migrate-meta-layouts":"default","ast-page-background-enabled":"default","ast-page-background-meta":{"desktop":{"background-color":"var(--ast-global-color-4)","background-image":"","background-repeat":"repeat","background-position":"center center","background-size":"auto","background-attachment":"scroll","background-type":"","background-media":"","overlay-type":"","overlay-color":"","overlay-opacity":"","overlay-gradient":""},"tablet":{"background-color":"","background-image":"","background-repeat":"repeat","background-position":"center center","background-size":"auto","background-attachment":"scroll","background-type":"","background-media":"","overlay-type":"","overlay-color":"","overlay-opacity":"","overlay-gradient":""},"mobile":{"background-color":"","background-image":"","background-repeat":"repeat","background-position":"center center","background-size":"auto","background-attachment":"scroll","background-type":"","background-media":"","overlay-type":"","overlay-color":"","overlay-opacity":"","overlay-gradient":""}},"ast-content-background-meta":{"desktop":{"background-color":"var(--ast-global-color-5)","background-image":"","background-repeat":"repeat","background-position":"center center","background-size":"auto","background-attachment":"scroll","background-type":"","background-media":"","overlay-type":"","overlay-color":"","overlay-opacity":"","overlay-gradient":""},"tablet":{"background-color":"var(--ast-global-color-5)","background-image":"","background-repeat":"repeat","background-position":"center center","background-size":"auto","background-attachment":"scroll","background-type":"","background-media":"","overlay-type":"","overlay-color":"","overlay-opacity":"","overlay-gradient":""},"mobile":{"background-color":"var(--ast-global-color-5)","background-image":"","background-repeat":"repeat","background-position":"center center","background-size":"auto","background-attachment":"scroll","background-type":"","background-media":"","overlay-type":"","overlay-color":"","overlay-opacity":"","overlay-gradient":""}},"footnotes":""},"categories":[2],"tags":[],"class_list":["post-3653","post","type-post","status-publish","format-standard","has-post-thumbnail","hentry","category-sin-categoria"],"yoast_head":"<!-- This site is optimized with the Yoast SEO plugin v25.6 - https:\/\/yoast.com\/wordpress\/plugins\/seo\/ -->\n<title>Lleg\u00f3 la temporada de los arroces caldosos y melosos en la malvarrosa. - Casa Isabel<\/title>\n<meta name=\"description\" content=\"Arroces caldosos y melosos en la Malvarrosa\" \/>\n<meta name=\"robots\" content=\"index, follow, max-snippet:-1, max-image-preview:large, max-video-preview:-1\" \/>\n<link rel=\"canonical\" href=\"https:\/\/casaisabel.es\/it\/llego-la-temporada-de-los-arroces-caldosos-y-melosos-en-la-malvarrosa\/\" \/>\n<meta property=\"og:locale\" content=\"it_IT\" \/>\n<meta property=\"og:type\" content=\"article\" \/>\n<meta property=\"og:title\" content=\"Lleg\u00f3 la temporada de los arroces caldosos y melosos en la malvarrosa. - Casa Isabel\" \/>\n<meta property=\"og:description\" content=\"Arroces caldosos y melosos en la Malvarrosa\" \/>\n<meta property=\"og:url\" content=\"https:\/\/casaisabel.es\/it\/llego-la-temporada-de-los-arroces-caldosos-y-melosos-en-la-malvarrosa\/\" \/>\n<meta property=\"og:site_name\" content=\"Casa Isabel\" \/>\n<meta property=\"article:published_time\" content=\"2025-09-19T00:04:47+00:00\" \/>\n<meta property=\"article:modified_time\" content=\"2025-09-19T00:04:48+00:00\" \/>\n<meta property=\"og:image\" content=\"https:\/\/casaisabel.es\/wp-content\/uploads\/2016\/10\/caldoso-marisco-3.jpg\" \/>\n\t<meta property=\"og:image:width\" content=\"992\" \/>\n\t<meta property=\"og:image:height\" content=\"744\" \/>\n\t<meta property=\"og:image:type\" content=\"image\/jpeg\" \/>\n<meta name=\"author\" content=\"Admin\" \/>\n<meta name=\"twitter:card\" content=\"summary_large_image\" \/>\n<meta name=\"twitter:label1\" content=\"Written by\" \/>\n\t<meta name=\"twitter:data1\" content=\"Admin\" \/>\n\t<meta name=\"twitter:label2\" content=\"Est. reading time\" \/>\n\t<meta name=\"twitter:data2\" content=\"2 minutes\" \/>\n<script type=\"application\/ld+json\" class=\"yoast-schema-graph\">{\"@context\":\"https:\/\/schema.org\",\"@graph\":[{\"@type\":\"Article\",\"@id\":\"https:\/\/casaisabel.es\/llego-la-temporada-de-los-arroces-caldosos-y-melosos-en-la-malvarrosa\/#article\",\"isPartOf\":{\"@id\":\"https:\/\/casaisabel.es\/llego-la-temporada-de-los-arroces-caldosos-y-melosos-en-la-malvarrosa\/\"},\"author\":{\"name\":\"Admin\",\"@id\":\"https:\/\/casaisabel.es\/#\/schema\/person\/66308f25a39c9cb32c4e78cf8cfa36cf\"},\"headline\":\"Lleg\u00f3 la temporada de los arroces caldosos y melosos en la malvarrosa.\",\"datePublished\":\"2025-09-19T00:04:47+00:00\",\"dateModified\":\"2025-09-19T00:04:48+00:00\",\"mainEntityOfPage\":{\"@id\":\"https:\/\/casaisabel.es\/llego-la-temporada-de-los-arroces-caldosos-y-melosos-en-la-malvarrosa\/\"},\"wordCount\":345,\"publisher\":{\"@id\":\"https:\/\/casaisabel.es\/#organization\"},\"image\":{\"@id\":\"https:\/\/casaisabel.es\/llego-la-temporada-de-los-arroces-caldosos-y-melosos-en-la-malvarrosa\/#primaryimage\"},\"thumbnailUrl\":\"https:\/\/casaisabel.es\/wp-content\/uploads\/2016\/10\/caldoso-marisco-3.jpg\",\"articleSection\":[\"Sin categor\u00eda\"],\"inLanguage\":\"it-IT\"},{\"@type\":\"WebPage\",\"@id\":\"https:\/\/casaisabel.es\/llego-la-temporada-de-los-arroces-caldosos-y-melosos-en-la-malvarrosa\/\",\"url\":\"https:\/\/casaisabel.es\/llego-la-temporada-de-los-arroces-caldosos-y-melosos-en-la-malvarrosa\/\",\"name\":\"Lleg\u00f3 la temporada de los arroces caldosos y melosos en la malvarrosa. - Casa Isabel\",\"isPartOf\":{\"@id\":\"https:\/\/casaisabel.es\/#website\"},\"primaryImageOfPage\":{\"@id\":\"https:\/\/casaisabel.es\/llego-la-temporada-de-los-arroces-caldosos-y-melosos-en-la-malvarrosa\/#primaryimage\"},\"image\":{\"@id\":\"https:\/\/casaisabel.es\/llego-la-temporada-de-los-arroces-caldosos-y-melosos-en-la-malvarrosa\/#primaryimage\"},\"thumbnailUrl\":\"https:\/\/casaisabel.es\/wp-content\/uploads\/2016\/10\/caldoso-marisco-3.jpg\",\"datePublished\":\"2025-09-19T00:04:47+00:00\",\"dateModified\":\"2025-09-19T00:04:48+00:00\",\"description\":\"Arroces caldosos y melosos en la Malvarrosa\",\"breadcrumb\":{\"@id\":\"https:\/\/casaisabel.es\/llego-la-temporada-de-los-arroces-caldosos-y-melosos-en-la-malvarrosa\/#breadcrumb\"},\"inLanguage\":\"it-IT\",\"potentialAction\":[{\"@type\":\"ReadAction\",\"target\":[\"https:\/\/casaisabel.es\/llego-la-temporada-de-los-arroces-caldosos-y-melosos-en-la-malvarrosa\/\"]}]},{\"@type\":\"ImageObject\",\"inLanguage\":\"it-IT\",\"@id\":\"https:\/\/casaisabel.es\/llego-la-temporada-de-los-arroces-caldosos-y-melosos-en-la-malvarrosa\/#primaryimage\",\"url\":\"https:\/\/casaisabel.es\/wp-content\/uploads\/2016\/10\/caldoso-marisco-3.jpg\",\"contentUrl\":\"https:\/\/casaisabel.es\/wp-content\/uploads\/2016\/10\/caldoso-marisco-3.jpg\",\"width\":992,\"height\":744},{\"@type\":\"BreadcrumbList\",\"@id\":\"https:\/\/casaisabel.es\/llego-la-temporada-de-los-arroces-caldosos-y-melosos-en-la-malvarrosa\/#breadcrumb\",\"itemListElement\":[{\"@type\":\"ListItem\",\"position\":1,\"name\":\"Portada\",\"item\":\"https:\/\/casaisabel.es\/\"},{\"@type\":\"ListItem\",\"position\":2,\"name\":\"Lleg\u00f3 la temporada de los arroces caldosos y melosos en la malvarrosa.\"}]},{\"@type\":\"WebSite\",\"@id\":\"https:\/\/casaisabel.es\/#website\",\"url\":\"https:\/\/casaisabel.es\/\",\"name\":\"Casa Isabel\",\"description\":\"S\u00f3lo otro sitio de WordPress\",\"publisher\":{\"@id\":\"https:\/\/casaisabel.es\/#organization\"},\"potentialAction\":[{\"@type\":\"SearchAction\",\"target\":{\"@type\":\"EntryPoint\",\"urlTemplate\":\"https:\/\/casaisabel.es\/?s={search_term_string}\"},\"query-input\":{\"@type\":\"PropertyValueSpecification\",\"valueRequired\":true,\"valueName\":\"search_term_string\"}}],\"inLanguage\":\"it-IT\"},{\"@type\":\"Organization\",\"@id\":\"https:\/\/casaisabel.es\/#organization\",\"name\":\"Casa Isabel\",\"url\":\"https:\/\/casaisabel.es\/\",\"logo\":{\"@type\":\"ImageObject\",\"inLanguage\":\"it-IT\",\"@id\":\"https:\/\/casaisabel.es\/#\/schema\/logo\/image\/\",\"url\":\"https:\/\/casaisabel.es\/wp-content\/uploads\/2023\/09\/casaIsabel.svg\",\"contentUrl\":\"https:\/\/casaisabel.es\/wp-content\/uploads\/2023\/09\/casaIsabel.svg\",\"width\":211,\"height\":49,\"caption\":\"Casa Isabel\"},\"image\":{\"@id\":\"https:\/\/casaisabel.es\/#\/schema\/logo\/image\/\"}},{\"@type\":\"Person\",\"@id\":\"https:\/\/casaisabel.es\/#\/schema\/person\/66308f25a39c9cb32c4e78cf8cfa36cf\",\"name\":\"Admin\",\"image\":{\"@type\":\"ImageObject\",\"inLanguage\":\"it-IT\",\"@id\":\"https:\/\/casaisabel.es\/#\/schema\/person\/image\/\",\"url\":\"https:\/\/secure.gravatar.com\/avatar\/cfa1bef4e15c827fa091464736c1d269687e21ac8972ec35aec466b4aa06b9c8?s=96&d=mm&r=g\",\"contentUrl\":\"https:\/\/secure.gravatar.com\/avatar\/cfa1bef4e15c827fa091464736c1d269687e21ac8972ec35aec466b4aa06b9c8?s=96&d=mm&r=g\",\"caption\":\"Admin\"},\"url\":\"https:\/\/casaisabel.es\/it\/author\/admin-2\/\"}]}<\/script>\n<!-- \/ Yoast SEO plugin. -->","yoast_head_json":{"title":"Lleg\u00f3 la temporada de los arroces caldosos y melosos en la malvarrosa. - Casa Isabel","description":"Arroces caldosos y melosos en la Malvarrosa","robots":{"index":"index","follow":"follow","max-snippet":"max-snippet:-1","max-image-preview":"max-image-preview:large","max-video-preview":"max-video-preview:-1"},"canonical":"https:\/\/casaisabel.es\/it\/llego-la-temporada-de-los-arroces-caldosos-y-melosos-en-la-malvarrosa\/","og_locale":"it_IT","og_type":"article","og_title":"Lleg\u00f3 la temporada de los arroces caldosos y melosos en la malvarrosa. - Casa Isabel","og_description":"Arroces caldosos y melosos en la Malvarrosa","og_url":"https:\/\/casaisabel.es\/it\/llego-la-temporada-de-los-arroces-caldosos-y-melosos-en-la-malvarrosa\/","og_site_name":"Casa Isabel","article_published_time":"2025-09-19T00:04:47+00:00","article_modified_time":"2025-09-19T00:04:48+00:00","og_image":[{"width":992,"height":744,"url":"https:\/\/casaisabel.es\/wp-content\/uploads\/2016\/10\/caldoso-marisco-3.jpg","type":"image\/jpeg"}],"author":"Admin","twitter_card":"summary_large_image","twitter_misc":{"Written by":"Admin","Est. reading time":"2 minutes"},"schema":{"@context":"https:\/\/schema.org","@graph":[{"@type":"Article","@id":"https:\/\/casaisabel.es\/llego-la-temporada-de-los-arroces-caldosos-y-melosos-en-la-malvarrosa\/#article","isPartOf":{"@id":"https:\/\/casaisabel.es\/llego-la-temporada-de-los-arroces-caldosos-y-melosos-en-la-malvarrosa\/"},"author":{"name":"Admin","@id":"https:\/\/casaisabel.es\/#\/schema\/person\/66308f25a39c9cb32c4e78cf8cfa36cf"},"headline":"Lleg\u00f3 la temporada de los arroces caldosos y melosos en la malvarrosa.","datePublished":"2025-09-19T00:04:47+00:00","dateModified":"2025-09-19T00:04:48+00:00","mainEntityOfPage":{"@id":"https:\/\/casaisabel.es\/llego-la-temporada-de-los-arroces-caldosos-y-melosos-en-la-malvarrosa\/"},"wordCount":345,"publisher":{"@id":"https:\/\/casaisabel.es\/#organization"},"image":{"@id":"https:\/\/casaisabel.es\/llego-la-temporada-de-los-arroces-caldosos-y-melosos-en-la-malvarrosa\/#primaryimage"},"thumbnailUrl":"https:\/\/casaisabel.es\/wp-content\/uploads\/2016\/10\/caldoso-marisco-3.jpg","articleSection":["Sin categor\u00eda"],"inLanguage":"it-IT"},{"@type":"WebPage","@id":"https:\/\/casaisabel.es\/llego-la-temporada-de-los-arroces-caldosos-y-melosos-en-la-malvarrosa\/","url":"https:\/\/casaisabel.es\/llego-la-temporada-de-los-arroces-caldosos-y-melosos-en-la-malvarrosa\/","name":"Lleg\u00f3 la temporada de los arroces caldosos y melosos en la malvarrosa. - Casa Isabel","isPartOf":{"@id":"https:\/\/casaisabel.es\/#website"},"primaryImageOfPage":{"@id":"https:\/\/casaisabel.es\/llego-la-temporada-de-los-arroces-caldosos-y-melosos-en-la-malvarrosa\/#primaryimage"},"image":{"@id":"https:\/\/casaisabel.es\/llego-la-temporada-de-los-arroces-caldosos-y-melosos-en-la-malvarrosa\/#primaryimage"},"thumbnailUrl":"https:\/\/casaisabel.es\/wp-content\/uploads\/2016\/10\/caldoso-marisco-3.jpg","datePublished":"2025-09-19T00:04:47+00:00","dateModified":"2025-09-19T00:04:48+00:00","description":"Arroces caldosos y melosos en la Malvarrosa","breadcrumb":{"@id":"https:\/\/casaisabel.es\/llego-la-temporada-de-los-arroces-caldosos-y-melosos-en-la-malvarrosa\/#breadcrumb"},"inLanguage":"it-IT","potentialAction":[{"@type":"ReadAction","target":["https:\/\/casaisabel.es\/llego-la-temporada-de-los-arroces-caldosos-y-melosos-en-la-malvarrosa\/"]}]},{"@type":"ImageObject","inLanguage":"it-IT","@id":"https:\/\/casaisabel.es\/llego-la-temporada-de-los-arroces-caldosos-y-melosos-en-la-malvarrosa\/#primaryimage","url":"https:\/\/casaisabel.es\/wp-content\/uploads\/2016\/10\/caldoso-marisco-3.jpg","contentUrl":"https:\/\/casaisabel.es\/wp-content\/uploads\/2016\/10\/caldoso-marisco-3.jpg","width":992,"height":744},{"@type":"BreadcrumbList","@id":"https:\/\/casaisabel.es\/llego-la-temporada-de-los-arroces-caldosos-y-melosos-en-la-malvarrosa\/#breadcrumb","itemListElement":[{"@type":"ListItem","position":1,"name":"Portada","item":"https:\/\/casaisabel.es\/"},{"@type":"ListItem","position":2,"name":"Lleg\u00f3 la temporada de los arroces caldosos y melosos en la malvarrosa."}]},{"@type":"WebSite","@id":"https:\/\/casaisabel.es\/#website","url":"https:\/\/casaisabel.es\/","name":"Casa Isabel","description":"S\u00f3lo otro sitio de WordPress","publisher":{"@id":"https:\/\/casaisabel.es\/#organization"},"potentialAction":[{"@type":"SearchAction","target":{"@type":"EntryPoint","urlTemplate":"https:\/\/casaisabel.es\/?s={search_term_string}"},"query-input":{"@type":"PropertyValueSpecification","valueRequired":true,"valueName":"search_term_string"}}],"inLanguage":"it-IT"},{"@type":"Organization","@id":"https:\/\/casaisabel.es\/#organization","name":"Casa Isabel","url":"https:\/\/casaisabel.es\/","logo":{"@type":"ImageObject","inLanguage":"it-IT","@id":"https:\/\/casaisabel.es\/#\/schema\/logo\/image\/","url":"https:\/\/casaisabel.es\/wp-content\/uploads\/2023\/09\/casaIsabel.svg","contentUrl":"https:\/\/casaisabel.es\/wp-content\/uploads\/2023\/09\/casaIsabel.svg","width":211,"height":49,"caption":"Casa Isabel"},"image":{"@id":"https:\/\/casaisabel.es\/#\/schema\/logo\/image\/"}},{"@type":"Person","@id":"https:\/\/casaisabel.es\/#\/schema\/person\/66308f25a39c9cb32c4e78cf8cfa36cf","name":"Admin","image":{"@type":"ImageObject","inLanguage":"it-IT","@id":"https:\/\/casaisabel.es\/#\/schema\/person\/image\/","url":"https:\/\/secure.gravatar.com\/avatar\/cfa1bef4e15c827fa091464736c1d269687e21ac8972ec35aec466b4aa06b9c8?s=96&d=mm&r=g","contentUrl":"https:\/\/secure.gravatar.com\/avatar\/cfa1bef4e15c827fa091464736c1d269687e21ac8972ec35aec466b4aa06b9c8?s=96&d=mm&r=g","caption":"Admin"},"url":"https:\/\/casaisabel.es\/it\/author\/admin-2\/"}]}},"_links":{"self":[{"href":"https:\/\/casaisabel.es\/it\/wp-json\/wp\/v2\/posts\/3653","targetHints":{"allow":["GET"]}}],"collection":[{"href":"https:\/\/casaisabel.es\/it\/wp-json\/wp\/v2\/posts"}],"about":[{"href":"https:\/\/casaisabel.es\/it\/wp-json\/wp\/v2\/types\/post"}],"author":[{"embeddable":true,"href":"https:\/\/casaisabel.es\/it\/wp-json\/wp\/v2\/users\/2"}],"replies":[{"embeddable":true,"href":"https:\/\/casaisabel.es\/it\/wp-json\/wp\/v2\/comments?post=3653"}],"version-history":[{"count":0,"href":"https:\/\/casaisabel.es\/it\/wp-json\/wp\/v2\/posts\/3653\/revisions"}],"wp:featuredmedia":[{"embeddable":true,"href":"https:\/\/casaisabel.es\/it\/wp-json\/wp\/v2\/media\/3680"}],"wp:attachment":[{"href":"https:\/\/casaisabel.es\/it\/wp-json\/wp\/v2\/media?parent=3653"}],"wp:term":[{"taxonomy":"category","embeddable":true,"href":"https:\/\/casaisabel.es\/it\/wp-json\/wp\/v2\/categories?post=3653"},{"taxonomy":"post_tag","embeddable":true,"href":"https:\/\/casaisabel.es\/it\/wp-json\/wp\/v2\/tags?post=3653"}],"curies":[{"name":"wp","href":"https:\/\/api.w.org\/{rel}","templated":true}]}}