{"id":3533,"date":"2025-09-15T00:11:21","date_gmt":"2025-09-15T00:11:21","guid":{"rendered":"https:\/\/casaisabel.es\/?p=3533---e4ebe72b-3d3c-46ac-a798-0416e272ec29"},"modified":"2025-09-15T00:11:21","modified_gmt":"2025-09-15T00:11:21","slug":"las-calles-de-ruzafa-en-las-fallas-de-valencia","status":"publish","type":"post","link":"https:\/\/casaisabel.es\/it\/las-calles-de-ruzafa-en-las-fallas-de-valencia\/","title":{"rendered":"Las calles de Ruzafa en las Fallas de Valencia"},"content":{"rendered":"<p style=\"text-align: justify;\">Ya est\u00e1n aqu\u00ed las <strong>Fallas de Valencia 2016<\/strong>, la gran fiesta del pueblo valenciano y una de las m\u00e1s emblem\u00e1ticas de Espa\u00f1a. Tan caracter\u00edstica como la paella. Entre todas las actividades t\u00edpicas de esta celebraci\u00f3n\u00a0se encuentra el <strong>tradicional encendido de luces de fallas<\/strong>. Como cada a\u00f1o, varias comisiones competir\u00e1n por tener la iluminaci\u00f3n m\u00e1s llamativa y bonita. Este 2016\u00a0el encendido se realizar\u00e1 el 11 de marzo.<!--more--><\/p>\n<p style=\"text-align: justify;\">Con esta iluminaci\u00f3n se pretende <strong>adornar las calles cercanas a la falla<\/strong>, dotando al conjunto de una singular <strong>espectacularidad y grandiosidad<\/strong>. La iluminaci\u00f3n musical de las fallas es uno de los actos m\u00e1s concurridos y visitados por la poblaci\u00f3n y los turistas. Si eres de Valencia, la habr\u00e1s disfrutado muchas veces. Y si no \u00bfa qu\u00e9 esperas para venir y enamorarte de esta fiesta?<\/p>\n<p style=\"text-align: justify;\">Entre las iluminaciones m\u00e1s destacadas est\u00e1n las de las comisiones del <strong>barrio de Ruzafa<\/strong>, que cada a\u00f1o se presentan al p\u00fablico con un incre\u00edble espect\u00e1culo de luces. La competici\u00f3n es muy re\u00f1ida entre las fallas de Cuba\u2013Literato Azor\u00edn, Cuba\u2013Puerto Rico y Sueca\u2013Literato Azor\u00edn, las tres grandes de este barrio valenciano. <a href=\"http:\/\/www.vivelasfallas.es\/evento\/sueca-presenta-su-proyecto-de-iluminacion-2016\/\">Sueca \u2013Literato Azor\u00edn<\/a> fue la ganadora del concurso el a\u00f1o pasado (y ya son 24 primeros premios los que ha conseguido\u00a0esta comisi\u00f3n), y este 2016 pretende revalidar su t\u00edtulo con una instalaci\u00f3n denominada <em>Ilusionismo<\/em>.<\/p>\n<p style=\"text-align: justify;\">En definitiva, las Fallas de Valencia son mucho m\u00e1s que <strong>los <em>ninots<\/em> y la <em>crem\u00e1<\/em><\/strong>, que aunque son los protagonistas de las fiestas, est\u00e1n acompa\u00f1ados de grandes celebraciones tradicionales como la iluminaci\u00f3n decorativa, que no solo se limita a Ruzafa.<\/p>\n<p style=\"text-align: justify;\">As\u00ed que \u00bfpor qu\u00e9 no te vienes a disfrutar de todo lo que Valencia puede ense\u00f1arte en su semana grande? Luces, p\u00f3lvora, <em>ninots<\/em> y por qu\u00e9 no, un paseo por la playa y una buena paella en alguna\u00a0arrocer\u00eda o restaurante de la Malvarrosa. Y luego \u00a1a maravillarse en Ruzafa!<\/p>\n<p style=\"text-align: justify;\"><a href=\"https:\/\/commons.wikimedia.org\/wiki\/File:Lightning_Falla_Azorin_2010.jpg\" target=\"_blank\" rel=\"noopener\">Imagen<\/a><\/p>","protected":false},"excerpt":{"rendered":"<p>Ya est\u00e1n aqu\u00ed las Fallas de Valencia 2016, la gran fiesta del pueblo valenciano y una de las m\u00e1s emblem\u00e1ticas de Espa\u00f1a. Tan caracter\u00edstica como la paella. Entre todas las actividades t\u00edpicas de esta celebraci\u00f3n\u00a0se encuentra el tradicional encendido de luces de fallas. Como cada a\u00f1o, varias comisiones competir\u00e1n por tener la iluminaci\u00f3n m\u00e1s llamativa [&hellip;]<\/p>","protected":false},"author":2,"featured_media":3549,"comment_status":"closed","ping_status":"closed","sticky":false,"template":"","format":"standard","meta":{"site-sidebar-layout":"default","site-content-layout":"","ast-site-content-layout":"","site-content-style":"default","site-sidebar-style":"default","ast-global-header-display":"","ast-banner-title-visibility":"","ast-main-header-display":"","ast-hfb-above-header-display":"","ast-hfb-below-header-display":"","ast-hfb-mobile-header-display":"","site-post-title":"","ast-breadcrumbs-content":"","ast-featured-img":"","footer-sml-layout":"","theme-transparent-header-meta":"","adv-header-id-meta":"","stick-header-meta":"","header-above-stick-meta":"","header-main-stick-meta":"","header-below-stick-meta":"","astra-migrate-meta-layouts":"default","ast-page-background-enabled":"default","ast-page-background-meta":{"desktop":{"background-color":"var(--ast-global-color-4)","background-image":"","background-repeat":"repeat","background-position":"center center","background-size":"auto","background-attachment":"scroll","background-type":"","background-media":"","overlay-type":"","overlay-color":"","overlay-opacity":"","overlay-gradient":""},"tablet":{"background-color":"","background-image":"","background-repeat":"repeat","background-position":"center center","background-size":"auto","background-attachment":"scroll","background-type":"","background-media":"","overlay-type":"","overlay-color":"","overlay-opacity":"","overlay-gradient":""},"mobile":{"background-color":"","background-image":"","background-repeat":"repeat","background-position":"center center","background-size":"auto","background-attachment":"scroll","background-type":"","background-media":"","overlay-type":"","overlay-color":"","overlay-opacity":"","overlay-gradient":""}},"ast-content-background-meta":{"desktop":{"background-color":"var(--ast-global-color-5)","background-image":"","background-repeat":"repeat","background-position":"center center","background-size":"auto","background-attachment":"scroll","background-type":"","background-media":"","overlay-type":"","overlay-color":"","overlay-opacity":"","overlay-gradient":""},"tablet":{"background-color":"var(--ast-global-color-5)","background-image":"","background-repeat":"repeat","background-position":"center center","background-size":"auto","background-attachment":"scroll","background-type":"","background-media":"","overlay-type":"","overlay-color":"","overlay-opacity":"","overlay-gradient":""},"mobile":{"background-color":"var(--ast-global-color-5)","background-image":"","background-repeat":"repeat","background-position":"center center","background-size":"auto","background-attachment":"scroll","background-type":"","background-media":"","overlay-type":"","overlay-color":"","overlay-opacity":"","overlay-gradient":""}},"footnotes":""},"categories":[7,13],"tags":[119,44,168,169,64],"class_list":["post-3533","post","type-post","status-publish","format-standard","has-post-thumbnail","hentry","category-actualidad-y-eventos","category-festividades-valencianas","tag-actualidad-valencia","tag-cultura-valencia","tag-luces-fallas","tag-ruzafa-fallas","tag-turismo-valencia"],"yoast_head":"<!-- This site is optimized with the Yoast SEO plugin v25.6 - https:\/\/yoast.com\/wordpress\/plugins\/seo\/ -->\n<title>Las calles de Ruzafa en las Fallas de Valencia<\/title>\n<meta name=\"description\" content=\"Entre las iluminaciones m\u00e1s destacadas est\u00e1n las del barrio de Ruzafa, que cada a\u00f1o se presentan al p\u00fablico con un incre\u00edble espect\u00e1culo de luces y sonido.\" \/>\n<meta name=\"robots\" content=\"index, follow, max-snippet:-1, max-image-preview:large, max-video-preview:-1\" \/>\n<link rel=\"canonical\" href=\"https:\/\/casaisabel.es\/it\/las-calles-de-ruzafa-en-las-fallas-de-valencia\/\" \/>\n<meta property=\"og:locale\" content=\"it_IT\" \/>\n<meta property=\"og:type\" content=\"article\" \/>\n<meta property=\"og:title\" content=\"Las calles de Ruzafa en las Fallas de Valencia\" \/>\n<meta property=\"og:description\" content=\"Entre las iluminaciones m\u00e1s destacadas est\u00e1n las del barrio de Ruzafa, que cada a\u00f1o se presentan al p\u00fablico con un incre\u00edble espect\u00e1culo de luces y sonido.\" \/>\n<meta property=\"og:url\" content=\"https:\/\/casaisabel.es\/it\/las-calles-de-ruzafa-en-las-fallas-de-valencia\/\" \/>\n<meta property=\"og:site_name\" content=\"Casa Isabel\" \/>\n<meta property=\"article:published_time\" content=\"2025-09-15T00:11:21+00:00\" \/>\n<meta property=\"og:image\" content=\"https:\/\/casaisabel.es\/wp-content\/uploads\/2016\/03\/Casa-Isabel-Luces-Ruzafa.jpg\" \/>\n\t<meta property=\"og:image:width\" content=\"1900\" \/>\n\t<meta property=\"og:image:height\" content=\"756\" \/>\n\t<meta property=\"og:image:type\" content=\"image\/jpeg\" \/>\n<meta name=\"author\" content=\"Admin\" \/>\n<meta name=\"twitter:card\" content=\"summary_large_image\" \/>\n<meta name=\"twitter:label1\" content=\"Written by\" \/>\n\t<meta name=\"twitter:data1\" content=\"Admin\" \/>\n\t<meta name=\"twitter:label2\" content=\"Est. reading time\" \/>\n\t<meta name=\"twitter:data2\" content=\"2 minutes\" \/>\n<script type=\"application\/ld+json\" class=\"yoast-schema-graph\">{\"@context\":\"https:\/\/schema.org\",\"@graph\":[{\"@type\":\"Article\",\"@id\":\"https:\/\/casaisabel.es\/las-calles-de-ruzafa-en-las-fallas-de-valencia\/#article\",\"isPartOf\":{\"@id\":\"https:\/\/casaisabel.es\/las-calles-de-ruzafa-en-las-fallas-de-valencia\/\"},\"author\":{\"name\":\"Admin\",\"@id\":\"https:\/\/casaisabel.es\/#\/schema\/person\/66308f25a39c9cb32c4e78cf8cfa36cf\"},\"headline\":\"Las calles de Ruzafa en las Fallas de Valencia\",\"datePublished\":\"2025-09-15T00:11:21+00:00\",\"mainEntityOfPage\":{\"@id\":\"https:\/\/casaisabel.es\/las-calles-de-ruzafa-en-las-fallas-de-valencia\/\"},\"wordCount\":353,\"publisher\":{\"@id\":\"https:\/\/casaisabel.es\/#organization\"},\"image\":{\"@id\":\"https:\/\/casaisabel.es\/las-calles-de-ruzafa-en-las-fallas-de-valencia\/#primaryimage\"},\"thumbnailUrl\":\"https:\/\/casaisabel.es\/wp-content\/uploads\/2016\/03\/Casa-Isabel-Luces-Ruzafa.jpg\",\"keywords\":[\"actualidad valencia\",\"cultura valencia\",\"luces fallas\",\"ruzafa fallas\",\"turismo valencia\"],\"articleSection\":[\"Actualidad y eventos\",\"Festividades valencianas\"],\"inLanguage\":\"it-IT\"},{\"@type\":\"WebPage\",\"@id\":\"https:\/\/casaisabel.es\/las-calles-de-ruzafa-en-las-fallas-de-valencia\/\",\"url\":\"https:\/\/casaisabel.es\/las-calles-de-ruzafa-en-las-fallas-de-valencia\/\",\"name\":\"Las calles de Ruzafa en las Fallas de Valencia\",\"isPartOf\":{\"@id\":\"https:\/\/casaisabel.es\/#website\"},\"primaryImageOfPage\":{\"@id\":\"https:\/\/casaisabel.es\/las-calles-de-ruzafa-en-las-fallas-de-valencia\/#primaryimage\"},\"image\":{\"@id\":\"https:\/\/casaisabel.es\/las-calles-de-ruzafa-en-las-fallas-de-valencia\/#primaryimage\"},\"thumbnailUrl\":\"https:\/\/casaisabel.es\/wp-content\/uploads\/2016\/03\/Casa-Isabel-Luces-Ruzafa.jpg\",\"datePublished\":\"2025-09-15T00:11:21+00:00\",\"description\":\"Entre las iluminaciones m\u00e1s destacadas est\u00e1n las del barrio de Ruzafa, que cada a\u00f1o se presentan al p\u00fablico con un incre\u00edble espect\u00e1culo de luces y sonido.\",\"breadcrumb\":{\"@id\":\"https:\/\/casaisabel.es\/las-calles-de-ruzafa-en-las-fallas-de-valencia\/#breadcrumb\"},\"inLanguage\":\"it-IT\",\"potentialAction\":[{\"@type\":\"ReadAction\",\"target\":[\"https:\/\/casaisabel.es\/las-calles-de-ruzafa-en-las-fallas-de-valencia\/\"]}]},{\"@type\":\"ImageObject\",\"inLanguage\":\"it-IT\",\"@id\":\"https:\/\/casaisabel.es\/las-calles-de-ruzafa-en-las-fallas-de-valencia\/#primaryimage\",\"url\":\"https:\/\/casaisabel.es\/wp-content\/uploads\/2016\/03\/Casa-Isabel-Luces-Ruzafa.jpg\",\"contentUrl\":\"https:\/\/casaisabel.es\/wp-content\/uploads\/2016\/03\/Casa-Isabel-Luces-Ruzafa.jpg\",\"width\":1900,\"height\":756,\"caption\":\"Casa Isabel-Luces Ruzafa\"},{\"@type\":\"BreadcrumbList\",\"@id\":\"https:\/\/casaisabel.es\/las-calles-de-ruzafa-en-las-fallas-de-valencia\/#breadcrumb\",\"itemListElement\":[{\"@type\":\"ListItem\",\"position\":1,\"name\":\"Portada\",\"item\":\"https:\/\/casaisabel.es\/\"},{\"@type\":\"ListItem\",\"position\":2,\"name\":\"Las calles de Ruzafa en las Fallas de Valencia\"}]},{\"@type\":\"WebSite\",\"@id\":\"https:\/\/casaisabel.es\/#website\",\"url\":\"https:\/\/casaisabel.es\/\",\"name\":\"Casa Isabel\",\"description\":\"S\u00f3lo otro sitio de WordPress\",\"publisher\":{\"@id\":\"https:\/\/casaisabel.es\/#organization\"},\"potentialAction\":[{\"@type\":\"SearchAction\",\"target\":{\"@type\":\"EntryPoint\",\"urlTemplate\":\"https:\/\/casaisabel.es\/?s={search_term_string}\"},\"query-input\":{\"@type\":\"PropertyValueSpecification\",\"valueRequired\":true,\"valueName\":\"search_term_string\"}}],\"inLanguage\":\"it-IT\"},{\"@type\":\"Organization\",\"@id\":\"https:\/\/casaisabel.es\/#organization\",\"name\":\"Casa Isabel\",\"url\":\"https:\/\/casaisabel.es\/\",\"logo\":{\"@type\":\"ImageObject\",\"inLanguage\":\"it-IT\",\"@id\":\"https:\/\/casaisabel.es\/#\/schema\/logo\/image\/\",\"url\":\"https:\/\/casaisabel.es\/wp-content\/uploads\/2023\/09\/casaIsabel.svg\",\"contentUrl\":\"https:\/\/casaisabel.es\/wp-content\/uploads\/2023\/09\/casaIsabel.svg\",\"width\":211,\"height\":49,\"caption\":\"Casa Isabel\"},\"image\":{\"@id\":\"https:\/\/casaisabel.es\/#\/schema\/logo\/image\/\"}},{\"@type\":\"Person\",\"@id\":\"https:\/\/casaisabel.es\/#\/schema\/person\/66308f25a39c9cb32c4e78cf8cfa36cf\",\"name\":\"Admin\",\"image\":{\"@type\":\"ImageObject\",\"inLanguage\":\"it-IT\",\"@id\":\"https:\/\/casaisabel.es\/#\/schema\/person\/image\/\",\"url\":\"https:\/\/secure.gravatar.com\/avatar\/cfa1bef4e15c827fa091464736c1d269687e21ac8972ec35aec466b4aa06b9c8?s=96&d=mm&r=g\",\"contentUrl\":\"https:\/\/secure.gravatar.com\/avatar\/cfa1bef4e15c827fa091464736c1d269687e21ac8972ec35aec466b4aa06b9c8?s=96&d=mm&r=g\",\"caption\":\"Admin\"},\"url\":\"https:\/\/casaisabel.es\/it\/author\/admin-2\/\"}]}<\/script>\n<!-- \/ Yoast SEO plugin. -->","yoast_head_json":{"title":"Las calles de Ruzafa en las Fallas de Valencia","description":"Entre las iluminaciones m\u00e1s destacadas est\u00e1n las del barrio de Ruzafa, que cada a\u00f1o se presentan al p\u00fablico con un incre\u00edble espect\u00e1culo de luces y sonido.","robots":{"index":"index","follow":"follow","max-snippet":"max-snippet:-1","max-image-preview":"max-image-preview:large","max-video-preview":"max-video-preview:-1"},"canonical":"https:\/\/casaisabel.es\/it\/las-calles-de-ruzafa-en-las-fallas-de-valencia\/","og_locale":"it_IT","og_type":"article","og_title":"Las calles de Ruzafa en las Fallas de Valencia","og_description":"Entre las iluminaciones m\u00e1s destacadas est\u00e1n las del barrio de Ruzafa, que cada a\u00f1o se presentan al p\u00fablico con un incre\u00edble espect\u00e1culo de luces y sonido.","og_url":"https:\/\/casaisabel.es\/it\/las-calles-de-ruzafa-en-las-fallas-de-valencia\/","og_site_name":"Casa Isabel","article_published_time":"2025-09-15T00:11:21+00:00","og_image":[{"width":1900,"height":756,"url":"https:\/\/casaisabel.es\/wp-content\/uploads\/2016\/03\/Casa-Isabel-Luces-Ruzafa.jpg","type":"image\/jpeg"}],"author":"Admin","twitter_card":"summary_large_image","twitter_misc":{"Written by":"Admin","Est. reading time":"2 minutes"},"schema":{"@context":"https:\/\/schema.org","@graph":[{"@type":"Article","@id":"https:\/\/casaisabel.es\/las-calles-de-ruzafa-en-las-fallas-de-valencia\/#article","isPartOf":{"@id":"https:\/\/casaisabel.es\/las-calles-de-ruzafa-en-las-fallas-de-valencia\/"},"author":{"name":"Admin","@id":"https:\/\/casaisabel.es\/#\/schema\/person\/66308f25a39c9cb32c4e78cf8cfa36cf"},"headline":"Las calles de Ruzafa en las Fallas de Valencia","datePublished":"2025-09-15T00:11:21+00:00","mainEntityOfPage":{"@id":"https:\/\/casaisabel.es\/las-calles-de-ruzafa-en-las-fallas-de-valencia\/"},"wordCount":353,"publisher":{"@id":"https:\/\/casaisabel.es\/#organization"},"image":{"@id":"https:\/\/casaisabel.es\/las-calles-de-ruzafa-en-las-fallas-de-valencia\/#primaryimage"},"thumbnailUrl":"https:\/\/casaisabel.es\/wp-content\/uploads\/2016\/03\/Casa-Isabel-Luces-Ruzafa.jpg","keywords":["actualidad valencia","cultura valencia","luces fallas","ruzafa fallas","turismo valencia"],"articleSection":["Actualidad y eventos","Festividades valencianas"],"inLanguage":"it-IT"},{"@type":"WebPage","@id":"https:\/\/casaisabel.es\/las-calles-de-ruzafa-en-las-fallas-de-valencia\/","url":"https:\/\/casaisabel.es\/las-calles-de-ruzafa-en-las-fallas-de-valencia\/","name":"Las calles de Ruzafa en las Fallas de Valencia","isPartOf":{"@id":"https:\/\/casaisabel.es\/#website"},"primaryImageOfPage":{"@id":"https:\/\/casaisabel.es\/las-calles-de-ruzafa-en-las-fallas-de-valencia\/#primaryimage"},"image":{"@id":"https:\/\/casaisabel.es\/las-calles-de-ruzafa-en-las-fallas-de-valencia\/#primaryimage"},"thumbnailUrl":"https:\/\/casaisabel.es\/wp-content\/uploads\/2016\/03\/Casa-Isabel-Luces-Ruzafa.jpg","datePublished":"2025-09-15T00:11:21+00:00","description":"Entre las iluminaciones m\u00e1s destacadas est\u00e1n las del barrio de Ruzafa, que cada a\u00f1o se presentan al p\u00fablico con un incre\u00edble espect\u00e1culo de luces y sonido.","breadcrumb":{"@id":"https:\/\/casaisabel.es\/las-calles-de-ruzafa-en-las-fallas-de-valencia\/#breadcrumb"},"inLanguage":"it-IT","potentialAction":[{"@type":"ReadAction","target":["https:\/\/casaisabel.es\/las-calles-de-ruzafa-en-las-fallas-de-valencia\/"]}]},{"@type":"ImageObject","inLanguage":"it-IT","@id":"https:\/\/casaisabel.es\/las-calles-de-ruzafa-en-las-fallas-de-valencia\/#primaryimage","url":"https:\/\/casaisabel.es\/wp-content\/uploads\/2016\/03\/Casa-Isabel-Luces-Ruzafa.jpg","contentUrl":"https:\/\/casaisabel.es\/wp-content\/uploads\/2016\/03\/Casa-Isabel-Luces-Ruzafa.jpg","width":1900,"height":756,"caption":"Casa Isabel-Luces Ruzafa"},{"@type":"BreadcrumbList","@id":"https:\/\/casaisabel.es\/las-calles-de-ruzafa-en-las-fallas-de-valencia\/#breadcrumb","itemListElement":[{"@type":"ListItem","position":1,"name":"Portada","item":"https:\/\/casaisabel.es\/"},{"@type":"ListItem","position":2,"name":"Las calles de Ruzafa en las Fallas de Valencia"}]},{"@type":"WebSite","@id":"https:\/\/casaisabel.es\/#website","url":"https:\/\/casaisabel.es\/","name":"Casa Isabel","description":"S\u00f3lo otro sitio de WordPress","publisher":{"@id":"https:\/\/casaisabel.es\/#organization"},"potentialAction":[{"@type":"SearchAction","target":{"@type":"EntryPoint","urlTemplate":"https:\/\/casaisabel.es\/?s={search_term_string}"},"query-input":{"@type":"PropertyValueSpecification","valueRequired":true,"valueName":"search_term_string"}}],"inLanguage":"it-IT"},{"@type":"Organization","@id":"https:\/\/casaisabel.es\/#organization","name":"Casa Isabel","url":"https:\/\/casaisabel.es\/","logo":{"@type":"ImageObject","inLanguage":"it-IT","@id":"https:\/\/casaisabel.es\/#\/schema\/logo\/image\/","url":"https:\/\/casaisabel.es\/wp-content\/uploads\/2023\/09\/casaIsabel.svg","contentUrl":"https:\/\/casaisabel.es\/wp-content\/uploads\/2023\/09\/casaIsabel.svg","width":211,"height":49,"caption":"Casa Isabel"},"image":{"@id":"https:\/\/casaisabel.es\/#\/schema\/logo\/image\/"}},{"@type":"Person","@id":"https:\/\/casaisabel.es\/#\/schema\/person\/66308f25a39c9cb32c4e78cf8cfa36cf","name":"Admin","image":{"@type":"ImageObject","inLanguage":"it-IT","@id":"https:\/\/casaisabel.es\/#\/schema\/person\/image\/","url":"https:\/\/secure.gravatar.com\/avatar\/cfa1bef4e15c827fa091464736c1d269687e21ac8972ec35aec466b4aa06b9c8?s=96&d=mm&r=g","contentUrl":"https:\/\/secure.gravatar.com\/avatar\/cfa1bef4e15c827fa091464736c1d269687e21ac8972ec35aec466b4aa06b9c8?s=96&d=mm&r=g","caption":"Admin"},"url":"https:\/\/casaisabel.es\/it\/author\/admin-2\/"}]}},"_links":{"self":[{"href":"https:\/\/casaisabel.es\/it\/wp-json\/wp\/v2\/posts\/3533","targetHints":{"allow":["GET"]}}],"collection":[{"href":"https:\/\/casaisabel.es\/it\/wp-json\/wp\/v2\/posts"}],"about":[{"href":"https:\/\/casaisabel.es\/it\/wp-json\/wp\/v2\/types\/post"}],"author":[{"embeddable":true,"href":"https:\/\/casaisabel.es\/it\/wp-json\/wp\/v2\/users\/2"}],"replies":[{"embeddable":true,"href":"https:\/\/casaisabel.es\/it\/wp-json\/wp\/v2\/comments?post=3533"}],"version-history":[{"count":0,"href":"https:\/\/casaisabel.es\/it\/wp-json\/wp\/v2\/posts\/3533\/revisions"}],"wp:featuredmedia":[{"embeddable":true,"href":"https:\/\/casaisabel.es\/it\/wp-json\/wp\/v2\/media\/3549"}],"wp:attachment":[{"href":"https:\/\/casaisabel.es\/it\/wp-json\/wp\/v2\/media?parent=3533"}],"wp:term":[{"taxonomy":"category","embeddable":true,"href":"https:\/\/casaisabel.es\/it\/wp-json\/wp\/v2\/categories?post=3533"},{"taxonomy":"post_tag","embeddable":true,"href":"https:\/\/casaisabel.es\/it\/wp-json\/wp\/v2\/tags?post=3533"}],"curies":[{"name":"wp","href":"https:\/\/api.w.org\/{rel}","templated":true}]}}