{"id":3529,"date":"2025-09-14T00:08:53","date_gmt":"2025-09-14T00:08:53","guid":{"rendered":"https:\/\/casaisabel.es\/?p=3529---d36cb46b-3eaa-42d9-b74a-ac06dfa1e93f"},"modified":"2025-09-14T00:08:53","modified_gmt":"2025-09-14T00:08:53","slug":"todos-los-detalles-de-la-ofrenda-de-flores-a-la-virgen","status":"publish","type":"post","link":"https:\/\/casaisabel.es\/it\/todos-los-detalles-de-la-ofrenda-de-flores-a-la-virgen\/","title":{"rendered":"Todos los detalles de la Ofrenda de Flores a la Virgen"},"content":{"rendered":"<p style=\"text-align: justify;\"><strong>Valencia<\/strong> atrae a turistas todo el a\u00f1o. Estos\u00a0llegan a disfrutar de la playa o\u00a0tomar una buena paella en alguna arrocer\u00eda o restaurante de la Malvarrosa;\u00a0pero es en Fallas cuando la poblaci\u00f3n se dispara para vivir unos d\u00edas realmente \u00fanicos en los que los g<strong>randes monumentos sat\u00edricos plantados en las calles, las masclet\u00e1s, las bandas de m\u00fasica<\/strong> por doquier y, como no, la Ofrenda a la Virgen, toman el protagonismo y la convierten en un foco de atracci\u00f3n tur\u00edstica mundial.<!--more--><\/p>\n<p style=\"text-align: justify;\">En los cuatro d\u00edas grandes de\u00a0fiesta,<strong> <a href=\"http:\/\/Valencia atrae a turistas todo el a\u00f1o que llegan a disfrutar de la playa, a tomar una buena paella en alguna arrocer\u00eda o restaurante de la malvarrosa, pero es en fallas cuando la poblaci\u00f3n se dispara para vivir unos d\u00edas realmente \u00fanicos en los que los grandes monumentos sat\u00edricos plantados en las calles, las masclet\u00e1s, las bandas de m\u00fasica por doquier y, como no, la ofrenda a la virgen, toman el protagonismo y la convierten en un foco de atracci\u00f3n tur\u00edstica mundial. En los cuatro d\u00edas grandes de fiesta la ofrenda ocupa un papel relevante. Durante el 17 y 18 de marzo miles de falleras desfilan por las calles m\u00e1s c\u00e9ntricas de la ciudad para ofrecer cada una un ramo de flores que se van colocando de forma detallada y previamente dise\u00f1ada sobre una gran estructura de madera, formando as\u00ed el manto de la imagen de la virgen que se sit\u00faa en lo m\u00e1s alto de la misma. Al final, el resultado es embriagador no solo por la espectacularidad visual de las flores, sino por el lugar en el que se ubican, en la conocida precisamente como plaza de la Virgen, pegada a la Catedral y a la Bas\u00edlica, as\u00ed como por el olor cautivador que desprenden y que atrae a miles de visitantes incluso varios d\u00edas despu\u00e9s de pasada la fiesta. Pero para entender la pasi\u00f3n con que se vive este acto hay que fijarse en las falleras. Algunas llevan a\u00f1os con esta liturgia, fueron iniciadas por sus madres cuando a\u00fan iban en carro y con chupete y ahora hacen lo propio con sus hijas. En este 2016 hay mucha expectaci\u00f3n, como siempre, por ver c\u00f3mo ser\u00e1 el dise\u00f1o. Este suele ser uno de los secretos mejor guardados que tan solo se desvela pocos d\u00edas antes de la gran fiesta.\">la Ofrenda<\/a><\/strong> ocupa un papel relevante. Durante el 17 y 18 de marzo miles de falleros desfilan por las calles m\u00e1s c\u00e9ntricas de la ciudad para ofrecer, cada mujer, un <strong>ramo de flores a la \u00abgeperudeta\u00bb<\/strong>. Estas se van colocando de forma detallada y cuidadosamente dise\u00f1ada sobre una gran estructura de madera, formando as\u00ed el manto de la Virgen cuyo rostro, junto a su hijo, se sit\u00faa en lo m\u00e1s alto de este.<\/p>\n<p style=\"text-align: justify;\">Al final, el resultado es embriagador no solo por la <strong>espectacularidad visual de las flores<\/strong>, sino por el lugar en el que se ubican, en la conocida como plaza de la Virgen, pegada a la Catedral y a la Bas\u00edlica, as\u00ed como por el olor cautivador que desprenden los ramos y que atrae a miles de visitantes incluso varios d\u00edas despu\u00e9s de la fiesta, con las fallas ya quemadas.<\/p>\n<p style=\"text-align: justify;\">Pero para entender la pasi\u00f3n con que se vive este acto hay que fijarse en las <strong>falleras<\/strong>. Algunas llevan a\u00f1os con esta liturgia, fueron iniciadas por sus madres cuando a\u00fan iban en carro y con chupete, y ahora hacen lo propio con sus hijas.<\/p>\n<p style=\"text-align: justify;\">En este 2016 hay mucha expectaci\u00f3n, como siempre, por ver<strong> c\u00f3mo ser\u00e1 el dise\u00f1o<\/strong>. Este suele ser uno de los secretos mejor guardados que tan solo se desvela pocos d\u00edas antes de la gran fiesta.<\/p>\n<p style=\"text-align: justify;\"><a href=\"https:\/\/www.flickr.com\/photos\/hermenpaca\/7074545773\/in\/photolist-bM9TZ8-eeaave-bDniTb-4zEWHE-eefLzL-eefRDs-eefLiG-9swad2-eeabHa-byfaW5-eefSf1-mfGYbZ-bM9Tai-e6BhvU-7PJcna-eefLUq-eeaaee-E8QkR-eeaakH-eea9Be-bSh2Yk-eefReN-eefTxj-eeabot-eefRA5-eea9rv-eeabwr-ee\" rel=\"nofollow\">Imagen<\/a><\/p>","protected":false},"excerpt":{"rendered":"<p>Valencia atrae a turistas todo el a\u00f1o. Estos\u00a0llegan a disfrutar de la playa o\u00a0tomar una buena paella en alguna arrocer\u00eda o restaurante de la Malvarrosa;\u00a0pero es en Fallas cuando la poblaci\u00f3n se dispara para vivir unos d\u00edas realmente \u00fanicos en los que los grandes monumentos sat\u00edricos plantados en las calles, las masclet\u00e1s, las bandas de [&hellip;]<\/p>","protected":false},"author":2,"featured_media":3558,"comment_status":"closed","ping_status":"closed","sticky":false,"template":"","format":"standard","meta":{"site-sidebar-layout":"default","site-content-layout":"","ast-site-content-layout":"","site-content-style":"default","site-sidebar-style":"default","ast-global-header-display":"","ast-banner-title-visibility":"","ast-main-header-display":"","ast-hfb-above-header-display":"","ast-hfb-below-header-display":"","ast-hfb-mobile-header-display":"","site-post-title":"","ast-breadcrumbs-content":"","ast-featured-img":"","footer-sml-layout":"","theme-transparent-header-meta":"","adv-header-id-meta":"","stick-header-meta":"","header-above-stick-meta":"","header-main-stick-meta":"","header-below-stick-meta":"","astra-migrate-meta-layouts":"default","ast-page-background-enabled":"default","ast-page-background-meta":{"desktop":{"background-color":"var(--ast-global-color-4)","background-image":"","background-repeat":"repeat","background-position":"center center","background-size":"auto","background-attachment":"scroll","background-type":"","background-media":"","overlay-type":"","overlay-color":"","overlay-opacity":"","overlay-gradient":""},"tablet":{"background-color":"","background-image":"","background-repeat":"repeat","background-position":"center center","background-size":"auto","background-attachment":"scroll","background-type":"","background-media":"","overlay-type":"","overlay-color":"","overlay-opacity":"","overlay-gradient":""},"mobile":{"background-color":"","background-image":"","background-repeat":"repeat","background-position":"center center","background-size":"auto","background-attachment":"scroll","background-type":"","background-media":"","overlay-type":"","overlay-color":"","overlay-opacity":"","overlay-gradient":""}},"ast-content-background-meta":{"desktop":{"background-color":"var(--ast-global-color-5)","background-image":"","background-repeat":"repeat","background-position":"center center","background-size":"auto","background-attachment":"scroll","background-type":"","background-media":"","overlay-type":"","overlay-color":"","overlay-opacity":"","overlay-gradient":""},"tablet":{"background-color":"var(--ast-global-color-5)","background-image":"","background-repeat":"repeat","background-position":"center center","background-size":"auto","background-attachment":"scroll","background-type":"","background-media":"","overlay-type":"","overlay-color":"","overlay-opacity":"","overlay-gradient":""},"mobile":{"background-color":"var(--ast-global-color-5)","background-image":"","background-repeat":"repeat","background-position":"center center","background-size":"auto","background-attachment":"scroll","background-type":"","background-media":"","overlay-type":"","overlay-color":"","overlay-opacity":"","overlay-gradient":""}},"footnotes":""},"categories":[7,13],"tags":[44,158,166,167,64],"class_list":["post-3529","post","type-post","status-publish","format-standard","has-post-thumbnail","hentry","category-actualidad-y-eventos","category-festividades-valencianas","tag-cultura-valencia","tag-fallas-2016","tag-la-ofrenda-2016","tag-ofrenda-virgen","tag-turismo-valencia"],"yoast_head":"<!-- This site is optimized with the Yoast SEO plugin v25.6 - https:\/\/yoast.com\/wordpress\/plugins\/seo\/ -->\n<title>Todos los detalles de la Ofrenda de Flores a la Virgen<\/title>\n<meta name=\"description\" content=\"Durante el 17 y 18 de marzo miles de falleros desfilan por las calles c\u00e9ntricas de la ciudad para ofrecer, cada mujer, un ramo de flores a la &quot;geperudeta&quot;.\" \/>\n<meta name=\"robots\" content=\"index, follow, max-snippet:-1, max-image-preview:large, max-video-preview:-1\" \/>\n<link rel=\"canonical\" href=\"https:\/\/casaisabel.es\/it\/todos-los-detalles-de-la-ofrenda-de-flores-a-la-virgen\/\" \/>\n<meta property=\"og:locale\" content=\"it_IT\" \/>\n<meta property=\"og:type\" content=\"article\" \/>\n<meta property=\"og:title\" content=\"Todos los detalles de la Ofrenda de Flores a la Virgen\" \/>\n<meta property=\"og:description\" content=\"Durante el 17 y 18 de marzo miles de falleros desfilan por las calles c\u00e9ntricas de la ciudad para ofrecer, cada mujer, un ramo de flores a la &quot;geperudeta&quot;.\" \/>\n<meta property=\"og:url\" content=\"https:\/\/casaisabel.es\/it\/todos-los-detalles-de-la-ofrenda-de-flores-a-la-virgen\/\" \/>\n<meta property=\"og:site_name\" content=\"Casa Isabel\" \/>\n<meta property=\"article:published_time\" content=\"2025-09-14T00:08:53+00:00\" \/>\n<meta property=\"og:image\" content=\"https:\/\/casaisabel.es\/wp-content\/uploads\/2016\/02\/Casa-Isabel-ofrenda-virgen-fallas.jpg\" \/>\n\t<meta property=\"og:image:width\" content=\"1900\" \/>\n\t<meta property=\"og:image:height\" content=\"756\" \/>\n\t<meta property=\"og:image:type\" content=\"image\/jpeg\" \/>\n<meta name=\"author\" content=\"Admin\" \/>\n<meta name=\"twitter:card\" content=\"summary_large_image\" \/>\n<meta name=\"twitter:label1\" content=\"Written by\" \/>\n\t<meta name=\"twitter:data1\" content=\"Admin\" \/>\n\t<meta name=\"twitter:label2\" content=\"Est. reading time\" \/>\n\t<meta name=\"twitter:data2\" content=\"2 minutes\" \/>\n<script type=\"application\/ld+json\" class=\"yoast-schema-graph\">{\"@context\":\"https:\/\/schema.org\",\"@graph\":[{\"@type\":\"Article\",\"@id\":\"https:\/\/casaisabel.es\/todos-los-detalles-de-la-ofrenda-de-flores-a-la-virgen\/#article\",\"isPartOf\":{\"@id\":\"https:\/\/casaisabel.es\/todos-los-detalles-de-la-ofrenda-de-flores-a-la-virgen\/\"},\"author\":{\"name\":\"Admin\",\"@id\":\"https:\/\/casaisabel.es\/#\/schema\/person\/66308f25a39c9cb32c4e78cf8cfa36cf\"},\"headline\":\"Todos los detalles de la Ofrenda de Flores a la Virgen\",\"datePublished\":\"2025-09-14T00:08:53+00:00\",\"mainEntityOfPage\":{\"@id\":\"https:\/\/casaisabel.es\/todos-los-detalles-de-la-ofrenda-de-flores-a-la-virgen\/\"},\"wordCount\":344,\"publisher\":{\"@id\":\"https:\/\/casaisabel.es\/#organization\"},\"image\":{\"@id\":\"https:\/\/casaisabel.es\/todos-los-detalles-de-la-ofrenda-de-flores-a-la-virgen\/#primaryimage\"},\"thumbnailUrl\":\"https:\/\/casaisabel.es\/wp-content\/uploads\/2016\/02\/Casa-Isabel-ofrenda-virgen-fallas.jpg\",\"keywords\":[\"cultura valencia\",\"fallas 2016\",\"la ofrenda 2016\",\"ofrenda virgen\",\"turismo valencia\"],\"articleSection\":[\"Actualidad y eventos\",\"Festividades valencianas\"],\"inLanguage\":\"it-IT\"},{\"@type\":\"WebPage\",\"@id\":\"https:\/\/casaisabel.es\/todos-los-detalles-de-la-ofrenda-de-flores-a-la-virgen\/\",\"url\":\"https:\/\/casaisabel.es\/todos-los-detalles-de-la-ofrenda-de-flores-a-la-virgen\/\",\"name\":\"Todos los detalles de la Ofrenda de Flores a la Virgen\",\"isPartOf\":{\"@id\":\"https:\/\/casaisabel.es\/#website\"},\"primaryImageOfPage\":{\"@id\":\"https:\/\/casaisabel.es\/todos-los-detalles-de-la-ofrenda-de-flores-a-la-virgen\/#primaryimage\"},\"image\":{\"@id\":\"https:\/\/casaisabel.es\/todos-los-detalles-de-la-ofrenda-de-flores-a-la-virgen\/#primaryimage\"},\"thumbnailUrl\":\"https:\/\/casaisabel.es\/wp-content\/uploads\/2016\/02\/Casa-Isabel-ofrenda-virgen-fallas.jpg\",\"datePublished\":\"2025-09-14T00:08:53+00:00\",\"description\":\"Durante el 17 y 18 de marzo miles de falleros desfilan por las calles c\u00e9ntricas de la ciudad para ofrecer, cada mujer, un ramo de flores a la \\\"geperudeta\\\".\",\"breadcrumb\":{\"@id\":\"https:\/\/casaisabel.es\/todos-los-detalles-de-la-ofrenda-de-flores-a-la-virgen\/#breadcrumb\"},\"inLanguage\":\"it-IT\",\"potentialAction\":[{\"@type\":\"ReadAction\",\"target\":[\"https:\/\/casaisabel.es\/todos-los-detalles-de-la-ofrenda-de-flores-a-la-virgen\/\"]}]},{\"@type\":\"ImageObject\",\"inLanguage\":\"it-IT\",\"@id\":\"https:\/\/casaisabel.es\/todos-los-detalles-de-la-ofrenda-de-flores-a-la-virgen\/#primaryimage\",\"url\":\"https:\/\/casaisabel.es\/wp-content\/uploads\/2016\/02\/Casa-Isabel-ofrenda-virgen-fallas.jpg\",\"contentUrl\":\"https:\/\/casaisabel.es\/wp-content\/uploads\/2016\/02\/Casa-Isabel-ofrenda-virgen-fallas.jpg\",\"width\":1900,\"height\":756,\"caption\":\"Casa Isabel-ofrenda virgen fallas\"},{\"@type\":\"BreadcrumbList\",\"@id\":\"https:\/\/casaisabel.es\/todos-los-detalles-de-la-ofrenda-de-flores-a-la-virgen\/#breadcrumb\",\"itemListElement\":[{\"@type\":\"ListItem\",\"position\":1,\"name\":\"Portada\",\"item\":\"https:\/\/casaisabel.es\/\"},{\"@type\":\"ListItem\",\"position\":2,\"name\":\"Todos los detalles de la Ofrenda de Flores a la Virgen\"}]},{\"@type\":\"WebSite\",\"@id\":\"https:\/\/casaisabel.es\/#website\",\"url\":\"https:\/\/casaisabel.es\/\",\"name\":\"Casa Isabel\",\"description\":\"S\u00f3lo otro sitio de WordPress\",\"publisher\":{\"@id\":\"https:\/\/casaisabel.es\/#organization\"},\"potentialAction\":[{\"@type\":\"SearchAction\",\"target\":{\"@type\":\"EntryPoint\",\"urlTemplate\":\"https:\/\/casaisabel.es\/?s={search_term_string}\"},\"query-input\":{\"@type\":\"PropertyValueSpecification\",\"valueRequired\":true,\"valueName\":\"search_term_string\"}}],\"inLanguage\":\"it-IT\"},{\"@type\":\"Organization\",\"@id\":\"https:\/\/casaisabel.es\/#organization\",\"name\":\"Casa Isabel\",\"url\":\"https:\/\/casaisabel.es\/\",\"logo\":{\"@type\":\"ImageObject\",\"inLanguage\":\"it-IT\",\"@id\":\"https:\/\/casaisabel.es\/#\/schema\/logo\/image\/\",\"url\":\"https:\/\/casaisabel.es\/wp-content\/uploads\/2023\/09\/casaIsabel.svg\",\"contentUrl\":\"https:\/\/casaisabel.es\/wp-content\/uploads\/2023\/09\/casaIsabel.svg\",\"width\":211,\"height\":49,\"caption\":\"Casa Isabel\"},\"image\":{\"@id\":\"https:\/\/casaisabel.es\/#\/schema\/logo\/image\/\"}},{\"@type\":\"Person\",\"@id\":\"https:\/\/casaisabel.es\/#\/schema\/person\/66308f25a39c9cb32c4e78cf8cfa36cf\",\"name\":\"Admin\",\"image\":{\"@type\":\"ImageObject\",\"inLanguage\":\"it-IT\",\"@id\":\"https:\/\/casaisabel.es\/#\/schema\/person\/image\/\",\"url\":\"https:\/\/secure.gravatar.com\/avatar\/cfa1bef4e15c827fa091464736c1d269687e21ac8972ec35aec466b4aa06b9c8?s=96&d=mm&r=g\",\"contentUrl\":\"https:\/\/secure.gravatar.com\/avatar\/cfa1bef4e15c827fa091464736c1d269687e21ac8972ec35aec466b4aa06b9c8?s=96&d=mm&r=g\",\"caption\":\"Admin\"},\"url\":\"https:\/\/casaisabel.es\/it\/author\/admin-2\/\"}]}<\/script>\n<!-- \/ Yoast SEO plugin. -->","yoast_head_json":{"title":"Todos los detalles de la Ofrenda de Flores a la Virgen","description":"Durante el 17 y 18 de marzo miles de falleros desfilan por las calles c\u00e9ntricas de la ciudad para ofrecer, cada mujer, un ramo de flores a la \"geperudeta\".","robots":{"index":"index","follow":"follow","max-snippet":"max-snippet:-1","max-image-preview":"max-image-preview:large","max-video-preview":"max-video-preview:-1"},"canonical":"https:\/\/casaisabel.es\/it\/todos-los-detalles-de-la-ofrenda-de-flores-a-la-virgen\/","og_locale":"it_IT","og_type":"article","og_title":"Todos los detalles de la Ofrenda de Flores a la Virgen","og_description":"Durante el 17 y 18 de marzo miles de falleros desfilan por las calles c\u00e9ntricas de la ciudad para ofrecer, cada mujer, un ramo de flores a la \"geperudeta\".","og_url":"https:\/\/casaisabel.es\/it\/todos-los-detalles-de-la-ofrenda-de-flores-a-la-virgen\/","og_site_name":"Casa Isabel","article_published_time":"2025-09-14T00:08:53+00:00","og_image":[{"width":1900,"height":756,"url":"https:\/\/casaisabel.es\/wp-content\/uploads\/2016\/02\/Casa-Isabel-ofrenda-virgen-fallas.jpg","type":"image\/jpeg"}],"author":"Admin","twitter_card":"summary_large_image","twitter_misc":{"Written by":"Admin","Est. reading time":"2 minutes"},"schema":{"@context":"https:\/\/schema.org","@graph":[{"@type":"Article","@id":"https:\/\/casaisabel.es\/todos-los-detalles-de-la-ofrenda-de-flores-a-la-virgen\/#article","isPartOf":{"@id":"https:\/\/casaisabel.es\/todos-los-detalles-de-la-ofrenda-de-flores-a-la-virgen\/"},"author":{"name":"Admin","@id":"https:\/\/casaisabel.es\/#\/schema\/person\/66308f25a39c9cb32c4e78cf8cfa36cf"},"headline":"Todos los detalles de la Ofrenda de Flores a la Virgen","datePublished":"2025-09-14T00:08:53+00:00","mainEntityOfPage":{"@id":"https:\/\/casaisabel.es\/todos-los-detalles-de-la-ofrenda-de-flores-a-la-virgen\/"},"wordCount":344,"publisher":{"@id":"https:\/\/casaisabel.es\/#organization"},"image":{"@id":"https:\/\/casaisabel.es\/todos-los-detalles-de-la-ofrenda-de-flores-a-la-virgen\/#primaryimage"},"thumbnailUrl":"https:\/\/casaisabel.es\/wp-content\/uploads\/2016\/02\/Casa-Isabel-ofrenda-virgen-fallas.jpg","keywords":["cultura valencia","fallas 2016","la ofrenda 2016","ofrenda virgen","turismo valencia"],"articleSection":["Actualidad y eventos","Festividades valencianas"],"inLanguage":"it-IT"},{"@type":"WebPage","@id":"https:\/\/casaisabel.es\/todos-los-detalles-de-la-ofrenda-de-flores-a-la-virgen\/","url":"https:\/\/casaisabel.es\/todos-los-detalles-de-la-ofrenda-de-flores-a-la-virgen\/","name":"Todos los detalles de la Ofrenda de Flores a la Virgen","isPartOf":{"@id":"https:\/\/casaisabel.es\/#website"},"primaryImageOfPage":{"@id":"https:\/\/casaisabel.es\/todos-los-detalles-de-la-ofrenda-de-flores-a-la-virgen\/#primaryimage"},"image":{"@id":"https:\/\/casaisabel.es\/todos-los-detalles-de-la-ofrenda-de-flores-a-la-virgen\/#primaryimage"},"thumbnailUrl":"https:\/\/casaisabel.es\/wp-content\/uploads\/2016\/02\/Casa-Isabel-ofrenda-virgen-fallas.jpg","datePublished":"2025-09-14T00:08:53+00:00","description":"Durante el 17 y 18 de marzo miles de falleros desfilan por las calles c\u00e9ntricas de la ciudad para ofrecer, cada mujer, un ramo de flores a la \"geperudeta\".","breadcrumb":{"@id":"https:\/\/casaisabel.es\/todos-los-detalles-de-la-ofrenda-de-flores-a-la-virgen\/#breadcrumb"},"inLanguage":"it-IT","potentialAction":[{"@type":"ReadAction","target":["https:\/\/casaisabel.es\/todos-los-detalles-de-la-ofrenda-de-flores-a-la-virgen\/"]}]},{"@type":"ImageObject","inLanguage":"it-IT","@id":"https:\/\/casaisabel.es\/todos-los-detalles-de-la-ofrenda-de-flores-a-la-virgen\/#primaryimage","url":"https:\/\/casaisabel.es\/wp-content\/uploads\/2016\/02\/Casa-Isabel-ofrenda-virgen-fallas.jpg","contentUrl":"https:\/\/casaisabel.es\/wp-content\/uploads\/2016\/02\/Casa-Isabel-ofrenda-virgen-fallas.jpg","width":1900,"height":756,"caption":"Casa Isabel-ofrenda virgen fallas"},{"@type":"BreadcrumbList","@id":"https:\/\/casaisabel.es\/todos-los-detalles-de-la-ofrenda-de-flores-a-la-virgen\/#breadcrumb","itemListElement":[{"@type":"ListItem","position":1,"name":"Portada","item":"https:\/\/casaisabel.es\/"},{"@type":"ListItem","position":2,"name":"Todos los detalles de la Ofrenda de Flores a la Virgen"}]},{"@type":"WebSite","@id":"https:\/\/casaisabel.es\/#website","url":"https:\/\/casaisabel.es\/","name":"Casa Isabel","description":"S\u00f3lo otro sitio de WordPress","publisher":{"@id":"https:\/\/casaisabel.es\/#organization"},"potentialAction":[{"@type":"SearchAction","target":{"@type":"EntryPoint","urlTemplate":"https:\/\/casaisabel.es\/?s={search_term_string}"},"query-input":{"@type":"PropertyValueSpecification","valueRequired":true,"valueName":"search_term_string"}}],"inLanguage":"it-IT"},{"@type":"Organization","@id":"https:\/\/casaisabel.es\/#organization","name":"Casa Isabel","url":"https:\/\/casaisabel.es\/","logo":{"@type":"ImageObject","inLanguage":"it-IT","@id":"https:\/\/casaisabel.es\/#\/schema\/logo\/image\/","url":"https:\/\/casaisabel.es\/wp-content\/uploads\/2023\/09\/casaIsabel.svg","contentUrl":"https:\/\/casaisabel.es\/wp-content\/uploads\/2023\/09\/casaIsabel.svg","width":211,"height":49,"caption":"Casa Isabel"},"image":{"@id":"https:\/\/casaisabel.es\/#\/schema\/logo\/image\/"}},{"@type":"Person","@id":"https:\/\/casaisabel.es\/#\/schema\/person\/66308f25a39c9cb32c4e78cf8cfa36cf","name":"Admin","image":{"@type":"ImageObject","inLanguage":"it-IT","@id":"https:\/\/casaisabel.es\/#\/schema\/person\/image\/","url":"https:\/\/secure.gravatar.com\/avatar\/cfa1bef4e15c827fa091464736c1d269687e21ac8972ec35aec466b4aa06b9c8?s=96&d=mm&r=g","contentUrl":"https:\/\/secure.gravatar.com\/avatar\/cfa1bef4e15c827fa091464736c1d269687e21ac8972ec35aec466b4aa06b9c8?s=96&d=mm&r=g","caption":"Admin"},"url":"https:\/\/casaisabel.es\/it\/author\/admin-2\/"}]}},"_links":{"self":[{"href":"https:\/\/casaisabel.es\/it\/wp-json\/wp\/v2\/posts\/3529","targetHints":{"allow":["GET"]}}],"collection":[{"href":"https:\/\/casaisabel.es\/it\/wp-json\/wp\/v2\/posts"}],"about":[{"href":"https:\/\/casaisabel.es\/it\/wp-json\/wp\/v2\/types\/post"}],"author":[{"embeddable":true,"href":"https:\/\/casaisabel.es\/it\/wp-json\/wp\/v2\/users\/2"}],"replies":[{"embeddable":true,"href":"https:\/\/casaisabel.es\/it\/wp-json\/wp\/v2\/comments?post=3529"}],"version-history":[{"count":0,"href":"https:\/\/casaisabel.es\/it\/wp-json\/wp\/v2\/posts\/3529\/revisions"}],"wp:featuredmedia":[{"embeddable":true,"href":"https:\/\/casaisabel.es\/it\/wp-json\/wp\/v2\/media\/3558"}],"wp:attachment":[{"href":"https:\/\/casaisabel.es\/it\/wp-json\/wp\/v2\/media?parent=3529"}],"wp:term":[{"taxonomy":"category","embeddable":true,"href":"https:\/\/casaisabel.es\/it\/wp-json\/wp\/v2\/categories?post=3529"},{"taxonomy":"post_tag","embeddable":true,"href":"https:\/\/casaisabel.es\/it\/wp-json\/wp\/v2\/tags?post=3529"}],"curies":[{"name":"wp","href":"https:\/\/api.w.org\/{rel}","templated":true}]}}