{"id":3371,"date":"2025-09-04T00:04:00","date_gmt":"2025-09-04T00:04:00","guid":{"rendered":"https:\/\/casaisabel.es\/?p=3371---2aeaefae-1efb-4311-8b89-259f300c1829"},"modified":"2025-09-04T00:04:00","modified_gmt":"2025-09-04T00:04:00","slug":"valencia-y-su-historia-el-palau-de-la-generalitat","status":"publish","type":"post","link":"https:\/\/casaisabel.es\/it\/valencia-y-su-historia-el-palau-de-la-generalitat\/","title":{"rendered":"Valencia y su historia: el Palau de la Generalitat"},"content":{"rendered":"<p style=\"text-align: justify;\">En Valencia tenemos playa, casco hist\u00f3rico, productos locales, como la naranja,\u00a0locales en los que disfrutar de nuestra gastronom\u00eda, como cualquier\u00a0arrocer\u00eda\u00a0o restaurante\u00a0de la Malvarrosa, donde podemos saborear la mejor paella.<!--more--><\/p>\n<p style=\"text-align: justify;\">Pero tambi\u00e9n tenemos, c\u00f3mo no, edificios\u00a0hist\u00f3ricos como el <strong>Palau de la Generalitat<\/strong> antiguamente conocido como <strong>Diputaci\u00f3 del General<\/strong>, el organismo medieval captador de\u00a0impuestos.<\/p>\n<p style=\"text-align: justify;\">Este organismo naci\u00f3 como una instituci\u00f3n de tipo econ\u00f3mico \u2013 serv\u00eda para que\u00a0<em>los jurats<\/em>\u00a0recaudaran lo que se conoc\u00eda como\u00a0<em>generalitats<\/em>, impuestos aprobados en las\u00a0<em>Corts &#8211;\u00a0<\/em>y s\u00f3lo despu\u00e9s adquirir\u00eda su\u00a0<strong>dimensi\u00f3n pol\u00edtica<\/strong>, derivando en lo que conocemos hoy como Generalitat valenciana.<\/p>\n<p style=\"text-align: justify;\">Edificio del<strong>\u00a0<\/strong><strong>tardog\u00f3tico<\/strong>, recibi\u00f3 toques renacentistas en el siglo XVI y, como ha ido evolucionando, es un\u00a0<strong>crisol de diferentes estilos<\/strong>\u00a0(renacentista italiano, g\u00f3tico tard\u00edo, herreriano, escurialense&#8230;). Notoria\u00a0es la estancia denominada\u00a0<em>Sala daurada,<\/em>\u00a0realizada por Gin\u00e9s Linares y finalizada por el pintor Juan de Juanes.<\/p>\n<p style=\"text-align: justify;\">Su idiosincrasia no pas\u00f3 inadvertida ni por portugueses ni por brit\u00e1nicos, que al visitarlo\u00a0quedaron tan<strong>\u00a0<\/strong><strong>impresionados<\/strong>\u00a0que dijeron que en toda Europa no podr\u00edan encontrar ninguna obra arquitect\u00f3nica de tal belleza y complejidad.<\/p>\n<p style=\"text-align: justify;\">Esa complejidad no est\u00e1 exenta de <strong>an\u00e9cdotas<\/strong> que se presten a menci\u00f3n. Por ejemplo, la que menciona el\u00a0historiador\u00a0Orellana, que en la \u00e9poca foral \u2013 cuando los valencianos a\u00fan no hab\u00edan renunciado a sus fueros ante Felipe V &#8211; la diputaci\u00f3n valenciana adem\u00e1s del derecho del cobro de los impuestos sobre la sal, la p\u00f3lvora, hasta la nieve\u00a0\u00a1y el uso de los sombreros!,\u00a0tambi\u00e9n cobraba un impuesto sobre los\u00a0naipes.<\/p>\n<p style=\"text-align: justify;\">Tal era la afici\u00f3n por el juego que ten\u00eda Valencia,\u00a0que el edificio albergaba en sus mismas estructuras su propia\u00a0<strong>f\u00e1brica de naipes<\/strong>\u00a0en los altos de la casa. Despu\u00e9s de fabricarlos los vend\u00eda por dos reales cada baraja.<\/p>\n<p style=\"text-align: justify;\">Un edificio repleto de historia, pol\u00edtica, arte y an\u00e9cdotas que no puedes perder la oportunidad de <a href=\"http:\/\/ccaa.elpais.com\/ccaa\/2015\/10\/04\/valencia\/1443981745_033108.html\">visitar<\/a> si est\u00e1s en Valencia.<\/p>\n<p style=\"text-align: justify;\"><a href=\"https:\/\/www.flickr.com\/photos\/jmmuggianu\/5669904347\/\" rel=\"nofollow\">Imagen<\/a><\/p>","protected":false},"excerpt":{"rendered":"<p>En Valencia tenemos playa, casco hist\u00f3rico, productos locales, como la naranja,\u00a0locales en los que disfrutar de nuestra gastronom\u00eda, como cualquier\u00a0arrocer\u00eda\u00a0o restaurante\u00a0de la Malvarrosa, donde podemos saborear la mejor paella.<\/p>","protected":false},"author":2,"featured_media":3416,"comment_status":"closed","ping_status":"closed","sticky":false,"template":"","format":"standard","meta":{"site-sidebar-layout":"default","site-content-layout":"","ast-site-content-layout":"","site-content-style":"default","site-sidebar-style":"default","ast-global-header-display":"","ast-banner-title-visibility":"","ast-main-header-display":"","ast-hfb-above-header-display":"","ast-hfb-below-header-display":"","ast-hfb-mobile-header-display":"","site-post-title":"","ast-breadcrumbs-content":"","ast-featured-img":"","footer-sml-layout":"","theme-transparent-header-meta":"","adv-header-id-meta":"","stick-header-meta":"","header-above-stick-meta":"","header-main-stick-meta":"","header-below-stick-meta":"","astra-migrate-meta-layouts":"default","ast-page-background-enabled":"default","ast-page-background-meta":{"desktop":{"background-color":"var(--ast-global-color-4)","background-image":"","background-repeat":"repeat","background-position":"center center","background-size":"auto","background-attachment":"scroll","background-type":"","background-media":"","overlay-type":"","overlay-color":"","overlay-opacity":"","overlay-gradient":""},"tablet":{"background-color":"","background-image":"","background-repeat":"repeat","background-position":"center center","background-size":"auto","background-attachment":"scroll","background-type":"","background-media":"","overlay-type":"","overlay-color":"","overlay-opacity":"","overlay-gradient":""},"mobile":{"background-color":"","background-image":"","background-repeat":"repeat","background-position":"center center","background-size":"auto","background-attachment":"scroll","background-type":"","background-media":"","overlay-type":"","overlay-color":"","overlay-opacity":"","overlay-gradient":""}},"ast-content-background-meta":{"desktop":{"background-color":"var(--ast-global-color-5)","background-image":"","background-repeat":"repeat","background-position":"center center","background-size":"auto","background-attachment":"scroll","background-type":"","background-media":"","overlay-type":"","overlay-color":"","overlay-opacity":"","overlay-gradient":""},"tablet":{"background-color":"var(--ast-global-color-5)","background-image":"","background-repeat":"repeat","background-position":"center center","background-size":"auto","background-attachment":"scroll","background-type":"","background-media":"","overlay-type":"","overlay-color":"","overlay-opacity":"","overlay-gradient":""},"mobile":{"background-color":"var(--ast-global-color-5)","background-image":"","background-repeat":"repeat","background-position":"center center","background-size":"auto","background-attachment":"scroll","background-type":"","background-media":"","overlay-type":"","overlay-color":"","overlay-opacity":"","overlay-gradient":""}},"footnotes":""},"categories":[9,12],"tags":[44,127,128,64],"class_list":["post-3371","post","type-post","status-publish","format-standard","has-post-thumbnail","hentry","category-lugares-emblematicos-de-valencia","category-valencia-cultura","tag-cultura-valencia","tag-historia-valencia","tag-palau-de-la-generalitat","tag-turismo-valencia"],"yoast_head":"<!-- This site is optimized with the Yoast SEO plugin v25.6 - https:\/\/yoast.com\/wordpress\/plugins\/seo\/ -->\n<title>Valencia y su historia: el Palau de la Generalitat<\/title>\n<meta name=\"description\" content=\"El Palau de la Generalitat es un edificio del tardog\u00f3tico que recibi\u00f3 toques renacentistas en el siglo XVI. Notoria es la estancia denominada Sala daurada.\" \/>\n<meta name=\"robots\" content=\"index, follow, max-snippet:-1, max-image-preview:large, max-video-preview:-1\" \/>\n<link rel=\"canonical\" href=\"https:\/\/casaisabel.es\/it\/valencia-y-su-historia-el-palau-de-la-generalitat\/\" \/>\n<meta property=\"og:locale\" content=\"it_IT\" \/>\n<meta property=\"og:type\" content=\"article\" \/>\n<meta property=\"og:title\" content=\"Valencia y su historia: el Palau de la Generalitat\" \/>\n<meta property=\"og:description\" content=\"El Palau de la Generalitat es un edificio del tardog\u00f3tico que recibi\u00f3 toques renacentistas en el siglo XVI. Notoria es la estancia denominada Sala daurada.\" \/>\n<meta property=\"og:url\" content=\"https:\/\/casaisabel.es\/it\/valencia-y-su-historia-el-palau-de-la-generalitat\/\" \/>\n<meta property=\"og:site_name\" content=\"Casa Isabel\" \/>\n<meta property=\"article:published_time\" content=\"2025-09-04T00:04:00+00:00\" \/>\n<meta property=\"og:image\" content=\"https:\/\/casaisabel.es\/wp-content\/uploads\/2016\/01\/Casa-Isabel-palau-de-la-generalitat.jpg\" \/>\n\t<meta property=\"og:image:width\" content=\"1900\" \/>\n\t<meta property=\"og:image:height\" content=\"756\" \/>\n\t<meta property=\"og:image:type\" content=\"image\/jpeg\" \/>\n<meta name=\"author\" content=\"Admin\" \/>\n<meta name=\"twitter:card\" content=\"summary_large_image\" \/>\n<meta name=\"twitter:label1\" content=\"Written by\" \/>\n\t<meta name=\"twitter:data1\" content=\"Admin\" \/>\n\t<meta name=\"twitter:label2\" content=\"Est. reading time\" \/>\n\t<meta name=\"twitter:data2\" content=\"2 minutes\" \/>\n<script type=\"application\/ld+json\" class=\"yoast-schema-graph\">{\"@context\":\"https:\/\/schema.org\",\"@graph\":[{\"@type\":\"Article\",\"@id\":\"https:\/\/casaisabel.es\/valencia-y-su-historia-el-palau-de-la-generalitat\/#article\",\"isPartOf\":{\"@id\":\"https:\/\/casaisabel.es\/valencia-y-su-historia-el-palau-de-la-generalitat\/\"},\"author\":{\"name\":\"Admin\",\"@id\":\"https:\/\/casaisabel.es\/#\/schema\/person\/66308f25a39c9cb32c4e78cf8cfa36cf\"},\"headline\":\"Valencia y su historia: el Palau de la Generalitat\",\"datePublished\":\"2025-09-04T00:04:00+00:00\",\"mainEntityOfPage\":{\"@id\":\"https:\/\/casaisabel.es\/valencia-y-su-historia-el-palau-de-la-generalitat\/\"},\"wordCount\":360,\"publisher\":{\"@id\":\"https:\/\/casaisabel.es\/#organization\"},\"image\":{\"@id\":\"https:\/\/casaisabel.es\/valencia-y-su-historia-el-palau-de-la-generalitat\/#primaryimage\"},\"thumbnailUrl\":\"https:\/\/casaisabel.es\/wp-content\/uploads\/2016\/01\/Casa-Isabel-palau-de-la-generalitat.jpg\",\"keywords\":[\"cultura valencia\",\"historia valencia\",\"Palau de la Generalitat\",\"turismo valencia\"],\"articleSection\":[\"Lugares emblem\u00e1ticos de Valencia\",\"Valencia cultura\"],\"inLanguage\":\"it-IT\"},{\"@type\":\"WebPage\",\"@id\":\"https:\/\/casaisabel.es\/valencia-y-su-historia-el-palau-de-la-generalitat\/\",\"url\":\"https:\/\/casaisabel.es\/valencia-y-su-historia-el-palau-de-la-generalitat\/\",\"name\":\"Valencia y su historia: el Palau de la Generalitat\",\"isPartOf\":{\"@id\":\"https:\/\/casaisabel.es\/#website\"},\"primaryImageOfPage\":{\"@id\":\"https:\/\/casaisabel.es\/valencia-y-su-historia-el-palau-de-la-generalitat\/#primaryimage\"},\"image\":{\"@id\":\"https:\/\/casaisabel.es\/valencia-y-su-historia-el-palau-de-la-generalitat\/#primaryimage\"},\"thumbnailUrl\":\"https:\/\/casaisabel.es\/wp-content\/uploads\/2016\/01\/Casa-Isabel-palau-de-la-generalitat.jpg\",\"datePublished\":\"2025-09-04T00:04:00+00:00\",\"description\":\"El Palau de la Generalitat es un edificio del tardog\u00f3tico que recibi\u00f3 toques renacentistas en el siglo XVI. Notoria es la estancia denominada Sala daurada.\",\"breadcrumb\":{\"@id\":\"https:\/\/casaisabel.es\/valencia-y-su-historia-el-palau-de-la-generalitat\/#breadcrumb\"},\"inLanguage\":\"it-IT\",\"potentialAction\":[{\"@type\":\"ReadAction\",\"target\":[\"https:\/\/casaisabel.es\/valencia-y-su-historia-el-palau-de-la-generalitat\/\"]}]},{\"@type\":\"ImageObject\",\"inLanguage\":\"it-IT\",\"@id\":\"https:\/\/casaisabel.es\/valencia-y-su-historia-el-palau-de-la-generalitat\/#primaryimage\",\"url\":\"https:\/\/casaisabel.es\/wp-content\/uploads\/2016\/01\/Casa-Isabel-palau-de-la-generalitat.jpg\",\"contentUrl\":\"https:\/\/casaisabel.es\/wp-content\/uploads\/2016\/01\/Casa-Isabel-palau-de-la-generalitat.jpg\",\"width\":1900,\"height\":756,\"caption\":\"Casa Isabel-palau de la generalitat\"},{\"@type\":\"BreadcrumbList\",\"@id\":\"https:\/\/casaisabel.es\/valencia-y-su-historia-el-palau-de-la-generalitat\/#breadcrumb\",\"itemListElement\":[{\"@type\":\"ListItem\",\"position\":1,\"name\":\"Portada\",\"item\":\"https:\/\/casaisabel.es\/\"},{\"@type\":\"ListItem\",\"position\":2,\"name\":\"Valencia y su historia: el Palau de la Generalitat\"}]},{\"@type\":\"WebSite\",\"@id\":\"https:\/\/casaisabel.es\/#website\",\"url\":\"https:\/\/casaisabel.es\/\",\"name\":\"Casa Isabel\",\"description\":\"S\u00f3lo otro sitio de WordPress\",\"publisher\":{\"@id\":\"https:\/\/casaisabel.es\/#organization\"},\"potentialAction\":[{\"@type\":\"SearchAction\",\"target\":{\"@type\":\"EntryPoint\",\"urlTemplate\":\"https:\/\/casaisabel.es\/?s={search_term_string}\"},\"query-input\":{\"@type\":\"PropertyValueSpecification\",\"valueRequired\":true,\"valueName\":\"search_term_string\"}}],\"inLanguage\":\"it-IT\"},{\"@type\":\"Organization\",\"@id\":\"https:\/\/casaisabel.es\/#organization\",\"name\":\"Casa Isabel\",\"url\":\"https:\/\/casaisabel.es\/\",\"logo\":{\"@type\":\"ImageObject\",\"inLanguage\":\"it-IT\",\"@id\":\"https:\/\/casaisabel.es\/#\/schema\/logo\/image\/\",\"url\":\"https:\/\/casaisabel.es\/wp-content\/uploads\/2023\/09\/casaIsabel.svg\",\"contentUrl\":\"https:\/\/casaisabel.es\/wp-content\/uploads\/2023\/09\/casaIsabel.svg\",\"width\":211,\"height\":49,\"caption\":\"Casa Isabel\"},\"image\":{\"@id\":\"https:\/\/casaisabel.es\/#\/schema\/logo\/image\/\"}},{\"@type\":\"Person\",\"@id\":\"https:\/\/casaisabel.es\/#\/schema\/person\/66308f25a39c9cb32c4e78cf8cfa36cf\",\"name\":\"Admin\",\"image\":{\"@type\":\"ImageObject\",\"inLanguage\":\"it-IT\",\"@id\":\"https:\/\/casaisabel.es\/#\/schema\/person\/image\/\",\"url\":\"https:\/\/secure.gravatar.com\/avatar\/cfa1bef4e15c827fa091464736c1d269687e21ac8972ec35aec466b4aa06b9c8?s=96&d=mm&r=g\",\"contentUrl\":\"https:\/\/secure.gravatar.com\/avatar\/cfa1bef4e15c827fa091464736c1d269687e21ac8972ec35aec466b4aa06b9c8?s=96&d=mm&r=g\",\"caption\":\"Admin\"},\"url\":\"https:\/\/casaisabel.es\/it\/author\/admin-2\/\"}]}<\/script>\n<!-- \/ Yoast SEO plugin. -->","yoast_head_json":{"title":"Valencia y su historia: el Palau de la Generalitat","description":"El Palau de la Generalitat es un edificio del tardog\u00f3tico que recibi\u00f3 toques renacentistas en el siglo XVI. Notoria es la estancia denominada Sala daurada.","robots":{"index":"index","follow":"follow","max-snippet":"max-snippet:-1","max-image-preview":"max-image-preview:large","max-video-preview":"max-video-preview:-1"},"canonical":"https:\/\/casaisabel.es\/it\/valencia-y-su-historia-el-palau-de-la-generalitat\/","og_locale":"it_IT","og_type":"article","og_title":"Valencia y su historia: el Palau de la Generalitat","og_description":"El Palau de la Generalitat es un edificio del tardog\u00f3tico que recibi\u00f3 toques renacentistas en el siglo XVI. Notoria es la estancia denominada Sala daurada.","og_url":"https:\/\/casaisabel.es\/it\/valencia-y-su-historia-el-palau-de-la-generalitat\/","og_site_name":"Casa Isabel","article_published_time":"2025-09-04T00:04:00+00:00","og_image":[{"width":1900,"height":756,"url":"https:\/\/casaisabel.es\/wp-content\/uploads\/2016\/01\/Casa-Isabel-palau-de-la-generalitat.jpg","type":"image\/jpeg"}],"author":"Admin","twitter_card":"summary_large_image","twitter_misc":{"Written by":"Admin","Est. reading time":"2 minutes"},"schema":{"@context":"https:\/\/schema.org","@graph":[{"@type":"Article","@id":"https:\/\/casaisabel.es\/valencia-y-su-historia-el-palau-de-la-generalitat\/#article","isPartOf":{"@id":"https:\/\/casaisabel.es\/valencia-y-su-historia-el-palau-de-la-generalitat\/"},"author":{"name":"Admin","@id":"https:\/\/casaisabel.es\/#\/schema\/person\/66308f25a39c9cb32c4e78cf8cfa36cf"},"headline":"Valencia y su historia: el Palau de la Generalitat","datePublished":"2025-09-04T00:04:00+00:00","mainEntityOfPage":{"@id":"https:\/\/casaisabel.es\/valencia-y-su-historia-el-palau-de-la-generalitat\/"},"wordCount":360,"publisher":{"@id":"https:\/\/casaisabel.es\/#organization"},"image":{"@id":"https:\/\/casaisabel.es\/valencia-y-su-historia-el-palau-de-la-generalitat\/#primaryimage"},"thumbnailUrl":"https:\/\/casaisabel.es\/wp-content\/uploads\/2016\/01\/Casa-Isabel-palau-de-la-generalitat.jpg","keywords":["cultura valencia","historia valencia","Palau de la Generalitat","turismo valencia"],"articleSection":["Lugares emblem\u00e1ticos de Valencia","Valencia cultura"],"inLanguage":"it-IT"},{"@type":"WebPage","@id":"https:\/\/casaisabel.es\/valencia-y-su-historia-el-palau-de-la-generalitat\/","url":"https:\/\/casaisabel.es\/valencia-y-su-historia-el-palau-de-la-generalitat\/","name":"Valencia y su historia: el Palau de la Generalitat","isPartOf":{"@id":"https:\/\/casaisabel.es\/#website"},"primaryImageOfPage":{"@id":"https:\/\/casaisabel.es\/valencia-y-su-historia-el-palau-de-la-generalitat\/#primaryimage"},"image":{"@id":"https:\/\/casaisabel.es\/valencia-y-su-historia-el-palau-de-la-generalitat\/#primaryimage"},"thumbnailUrl":"https:\/\/casaisabel.es\/wp-content\/uploads\/2016\/01\/Casa-Isabel-palau-de-la-generalitat.jpg","datePublished":"2025-09-04T00:04:00+00:00","description":"El Palau de la Generalitat es un edificio del tardog\u00f3tico que recibi\u00f3 toques renacentistas en el siglo XVI. Notoria es la estancia denominada Sala daurada.","breadcrumb":{"@id":"https:\/\/casaisabel.es\/valencia-y-su-historia-el-palau-de-la-generalitat\/#breadcrumb"},"inLanguage":"it-IT","potentialAction":[{"@type":"ReadAction","target":["https:\/\/casaisabel.es\/valencia-y-su-historia-el-palau-de-la-generalitat\/"]}]},{"@type":"ImageObject","inLanguage":"it-IT","@id":"https:\/\/casaisabel.es\/valencia-y-su-historia-el-palau-de-la-generalitat\/#primaryimage","url":"https:\/\/casaisabel.es\/wp-content\/uploads\/2016\/01\/Casa-Isabel-palau-de-la-generalitat.jpg","contentUrl":"https:\/\/casaisabel.es\/wp-content\/uploads\/2016\/01\/Casa-Isabel-palau-de-la-generalitat.jpg","width":1900,"height":756,"caption":"Casa Isabel-palau de la generalitat"},{"@type":"BreadcrumbList","@id":"https:\/\/casaisabel.es\/valencia-y-su-historia-el-palau-de-la-generalitat\/#breadcrumb","itemListElement":[{"@type":"ListItem","position":1,"name":"Portada","item":"https:\/\/casaisabel.es\/"},{"@type":"ListItem","position":2,"name":"Valencia y su historia: el Palau de la Generalitat"}]},{"@type":"WebSite","@id":"https:\/\/casaisabel.es\/#website","url":"https:\/\/casaisabel.es\/","name":"Casa Isabel","description":"S\u00f3lo otro sitio de WordPress","publisher":{"@id":"https:\/\/casaisabel.es\/#organization"},"potentialAction":[{"@type":"SearchAction","target":{"@type":"EntryPoint","urlTemplate":"https:\/\/casaisabel.es\/?s={search_term_string}"},"query-input":{"@type":"PropertyValueSpecification","valueRequired":true,"valueName":"search_term_string"}}],"inLanguage":"it-IT"},{"@type":"Organization","@id":"https:\/\/casaisabel.es\/#organization","name":"Casa Isabel","url":"https:\/\/casaisabel.es\/","logo":{"@type":"ImageObject","inLanguage":"it-IT","@id":"https:\/\/casaisabel.es\/#\/schema\/logo\/image\/","url":"https:\/\/casaisabel.es\/wp-content\/uploads\/2023\/09\/casaIsabel.svg","contentUrl":"https:\/\/casaisabel.es\/wp-content\/uploads\/2023\/09\/casaIsabel.svg","width":211,"height":49,"caption":"Casa Isabel"},"image":{"@id":"https:\/\/casaisabel.es\/#\/schema\/logo\/image\/"}},{"@type":"Person","@id":"https:\/\/casaisabel.es\/#\/schema\/person\/66308f25a39c9cb32c4e78cf8cfa36cf","name":"Admin","image":{"@type":"ImageObject","inLanguage":"it-IT","@id":"https:\/\/casaisabel.es\/#\/schema\/person\/image\/","url":"https:\/\/secure.gravatar.com\/avatar\/cfa1bef4e15c827fa091464736c1d269687e21ac8972ec35aec466b4aa06b9c8?s=96&d=mm&r=g","contentUrl":"https:\/\/secure.gravatar.com\/avatar\/cfa1bef4e15c827fa091464736c1d269687e21ac8972ec35aec466b4aa06b9c8?s=96&d=mm&r=g","caption":"Admin"},"url":"https:\/\/casaisabel.es\/it\/author\/admin-2\/"}]}},"_links":{"self":[{"href":"https:\/\/casaisabel.es\/it\/wp-json\/wp\/v2\/posts\/3371","targetHints":{"allow":["GET"]}}],"collection":[{"href":"https:\/\/casaisabel.es\/it\/wp-json\/wp\/v2\/posts"}],"about":[{"href":"https:\/\/casaisabel.es\/it\/wp-json\/wp\/v2\/types\/post"}],"author":[{"embeddable":true,"href":"https:\/\/casaisabel.es\/it\/wp-json\/wp\/v2\/users\/2"}],"replies":[{"embeddable":true,"href":"https:\/\/casaisabel.es\/it\/wp-json\/wp\/v2\/comments?post=3371"}],"version-history":[{"count":0,"href":"https:\/\/casaisabel.es\/it\/wp-json\/wp\/v2\/posts\/3371\/revisions"}],"wp:featuredmedia":[{"embeddable":true,"href":"https:\/\/casaisabel.es\/it\/wp-json\/wp\/v2\/media\/3416"}],"wp:attachment":[{"href":"https:\/\/casaisabel.es\/it\/wp-json\/wp\/v2\/media?parent=3371"}],"wp:term":[{"taxonomy":"category","embeddable":true,"href":"https:\/\/casaisabel.es\/it\/wp-json\/wp\/v2\/categories?post=3371"},{"taxonomy":"post_tag","embeddable":true,"href":"https:\/\/casaisabel.es\/it\/wp-json\/wp\/v2\/tags?post=3371"}],"curies":[{"name":"wp","href":"https:\/\/api.w.org\/{rel}","templated":true}]}}