{"id":3263,"date":"2025-09-03T00:06:37","date_gmt":"2025-09-03T00:06:37","guid":{"rendered":"https:\/\/casaisabel.es\/?p=3263---ee25abe1-057f-44f0-a41a-4e02cdc34645"},"modified":"2025-09-03T00:06:37","modified_gmt":"2025-09-03T00:06:37","slug":"los-jardines-de-viveros-de-valencia","status":"publish","type":"post","link":"https:\/\/casaisabel.es\/it\/los-jardines-de-viveros-de-valencia\/","title":{"rendered":"Los Jardines de Viveros de Valencia"},"content":{"rendered":"<p style=\"text-align: justify;\">Aunque su nombre oficial es los Jardines del Real, ya que all\u00ed se encontraba el palacio hasta 1810, <strong>todos los valencianos conocen como jardines de Viveros<\/strong> este enorme parque que tras pasar por varias manos fue cedido al Ayuntamiento de Valencia en 1903. Despu\u00e9s de un paseo por la playa, de disfrutar de una paella en una arrocer\u00eda o un restaurante en Malvarrosa, podemos ir all\u00ed a pasar la tarde.<!--more--><\/p>\n<p style=\"text-align: justify;\">Lo primero que debes saber es que <strong>la entrada es gratuita<\/strong>, y abren desde las 8 de la ma\u00f1ana hasta la puesta de Sol. Se trata de un jard\u00edn muy extenso, as\u00ed que podemos disfrutar de varias actividades.<\/p>\n<p style=\"text-align: justify;\">Por ejemplo, pasear entre sus setos, fuentes, su lago lleno de patos, rosaledas, \u00e1rboles majestuosos o esculturas y grandes elementos arquitect\u00f3nicos que nos recuerdan la importancia y majestuosidad del lugar donde nos encontramos en los siglos pasados.<\/p>\n<p style=\"text-align: justify;\">Entre las esculturas, adem\u00e1s de los muchos <a href=\"http:\/\/www.jdiezarnal.com\/valencialosviveros.html\">bustos perfectamente identificados<\/a> con los que nos encontraremos, destacan la del Pato Donald, dedicada a Walt Disney, o las que homenajean a Ausias March y a Antonio Machado.<\/p>\n<p style=\"text-align: justify;\">Otro punto de inter\u00e9s es el <strong>Museu de Ci\u00e8ncies Naturals<\/strong>, situado en el interior del recinto. Aunque hay varios puntos de acceso, el m\u00e1s interesante de todos, la peque\u00f1a puerta que da a la calle General Elio, protegida por dos leones esculpidos en piedra, est\u00e1 siempre cerrada.<\/p>\n<p style=\"text-align: justify;\">Si vas con ni\u00f1os, seguro que se lo pasan en grande en las zonas de juegos. Si te sorprende ver una especie de carretera en una parte de los Jardines del Real es porque all\u00ed tambi\u00e9n hay un parque de tr\u00e1fico, una de las excursiones m\u00e1s habituales para los ni\u00f1os de Valencia.<\/p>\n<p style=\"text-align: justify;\">Durante 12 d\u00edas entre finales de abril y principios de mayo, los Viveros albergan la <strong>Feria del Libro de Valencia<\/strong>, y en verano se convierten en el escenario de la Feria de Julio.<\/p>\n<p style=\"text-align: justify;\"><a href=\"https:\/\/commons.wikimedia.org\/wiki\/File:Vivers_o_jardins_del_Real,_Val%C3%A8ncia.JPG\">Imagen<\/a><\/p>","protected":false},"excerpt":{"rendered":"<p>Aunque su nombre oficial es los Jardines del Real, ya que all\u00ed se encontraba el palacio hasta 1810, todos los valencianos conocen como jardines de Viveros este enorme parque que tras pasar por varias manos fue cedido al Ayuntamiento de Valencia en 1903. Despu\u00e9s de un paseo por la playa, de disfrutar de una paella [&hellip;]<\/p>","protected":false},"author":2,"featured_media":3309,"comment_status":"closed","ping_status":"closed","sticky":false,"template":"","format":"standard","meta":{"site-sidebar-layout":"default","site-content-layout":"","ast-site-content-layout":"","site-content-style":"default","site-sidebar-style":"default","ast-global-header-display":"","ast-banner-title-visibility":"","ast-main-header-display":"","ast-hfb-above-header-display":"","ast-hfb-below-header-display":"","ast-hfb-mobile-header-display":"","site-post-title":"","ast-breadcrumbs-content":"","ast-featured-img":"","footer-sml-layout":"","theme-transparent-header-meta":"","adv-header-id-meta":"","stick-header-meta":"","header-above-stick-meta":"","header-main-stick-meta":"","header-below-stick-meta":"","astra-migrate-meta-layouts":"default","ast-page-background-enabled":"default","ast-page-background-meta":{"desktop":{"background-color":"var(--ast-global-color-4)","background-image":"","background-repeat":"repeat","background-position":"center center","background-size":"auto","background-attachment":"scroll","background-type":"","background-media":"","overlay-type":"","overlay-color":"","overlay-opacity":"","overlay-gradient":""},"tablet":{"background-color":"","background-image":"","background-repeat":"repeat","background-position":"center center","background-size":"auto","background-attachment":"scroll","background-type":"","background-media":"","overlay-type":"","overlay-color":"","overlay-opacity":"","overlay-gradient":""},"mobile":{"background-color":"","background-image":"","background-repeat":"repeat","background-position":"center center","background-size":"auto","background-attachment":"scroll","background-type":"","background-media":"","overlay-type":"","overlay-color":"","overlay-opacity":"","overlay-gradient":""}},"ast-content-background-meta":{"desktop":{"background-color":"var(--ast-global-color-5)","background-image":"","background-repeat":"repeat","background-position":"center center","background-size":"auto","background-attachment":"scroll","background-type":"","background-media":"","overlay-type":"","overlay-color":"","overlay-opacity":"","overlay-gradient":""},"tablet":{"background-color":"var(--ast-global-color-5)","background-image":"","background-repeat":"repeat","background-position":"center center","background-size":"auto","background-attachment":"scroll","background-type":"","background-media":"","overlay-type":"","overlay-color":"","overlay-opacity":"","overlay-gradient":""},"mobile":{"background-color":"var(--ast-global-color-5)","background-image":"","background-repeat":"repeat","background-position":"center center","background-size":"auto","background-attachment":"scroll","background-type":"","background-media":"","overlay-type":"","overlay-color":"","overlay-opacity":"","overlay-gradient":""}},"footnotes":""},"categories":[9],"tags":[123,124,125],"class_list":["post-3263","post","type-post","status-publish","format-standard","has-post-thumbnail","hentry","category-lugares-emblematicos-de-valencia","tag-jardines-de-valencia","tag-jardines-de-viveros","tag-jardines-del-real"],"yoast_head":"<!-- This site is optimized with the Yoast SEO plugin v25.6 - https:\/\/yoast.com\/wordpress\/plugins\/seo\/ -->\n<title>Los Jardines de Viveros de Valencia<\/title>\n<meta name=\"description\" content=\"Todos los valencianos conocen como jardines de Viveros este enorme parque que tras pasar por varias manos fue cedido al Ayuntamiento de Valencia en 1903.\" \/>\n<meta name=\"robots\" content=\"index, follow, max-snippet:-1, max-image-preview:large, max-video-preview:-1\" \/>\n<link rel=\"canonical\" href=\"https:\/\/casaisabel.es\/it\/los-jardines-de-viveros-de-valencia\/\" \/>\n<meta property=\"og:locale\" content=\"it_IT\" \/>\n<meta property=\"og:type\" content=\"article\" \/>\n<meta property=\"og:title\" content=\"Los Jardines de Viveros de Valencia\" \/>\n<meta property=\"og:description\" content=\"Todos los valencianos conocen como jardines de Viveros este enorme parque que tras pasar por varias manos fue cedido al Ayuntamiento de Valencia en 1903.\" \/>\n<meta property=\"og:url\" content=\"https:\/\/casaisabel.es\/it\/los-jardines-de-viveros-de-valencia\/\" \/>\n<meta property=\"og:site_name\" content=\"Casa Isabel\" \/>\n<meta property=\"article:published_time\" content=\"2025-09-03T00:06:37+00:00\" \/>\n<meta property=\"og:image\" content=\"https:\/\/casaisabel.es\/wp-content\/uploads\/2015\/12\/Casa-Isabel-JardinesdeViveros.jpg\" \/>\n\t<meta property=\"og:image:width\" content=\"1900\" \/>\n\t<meta property=\"og:image:height\" content=\"756\" \/>\n\t<meta property=\"og:image:type\" content=\"image\/jpeg\" \/>\n<meta name=\"author\" content=\"Admin\" \/>\n<meta name=\"twitter:card\" content=\"summary_large_image\" \/>\n<meta name=\"twitter:label1\" content=\"Written by\" \/>\n\t<meta name=\"twitter:data1\" content=\"Admin\" \/>\n\t<meta name=\"twitter:label2\" content=\"Est. reading time\" \/>\n\t<meta name=\"twitter:data2\" content=\"2 minutes\" \/>\n<script type=\"application\/ld+json\" class=\"yoast-schema-graph\">{\"@context\":\"https:\/\/schema.org\",\"@graph\":[{\"@type\":\"Article\",\"@id\":\"https:\/\/casaisabel.es\/los-jardines-de-viveros-de-valencia\/#article\",\"isPartOf\":{\"@id\":\"https:\/\/casaisabel.es\/los-jardines-de-viveros-de-valencia\/\"},\"author\":{\"name\":\"Admin\",\"@id\":\"https:\/\/casaisabel.es\/#\/schema\/person\/66308f25a39c9cb32c4e78cf8cfa36cf\"},\"headline\":\"Los Jardines de Viveros de Valencia\",\"datePublished\":\"2025-09-03T00:06:37+00:00\",\"mainEntityOfPage\":{\"@id\":\"https:\/\/casaisabel.es\/los-jardines-de-viveros-de-valencia\/\"},\"wordCount\":331,\"publisher\":{\"@id\":\"https:\/\/casaisabel.es\/#organization\"},\"image\":{\"@id\":\"https:\/\/casaisabel.es\/los-jardines-de-viveros-de-valencia\/#primaryimage\"},\"thumbnailUrl\":\"https:\/\/casaisabel.es\/wp-content\/uploads\/2015\/12\/Casa-Isabel-JardinesdeViveros.jpg\",\"keywords\":[\"jardines de valencia\",\"jardines de viveros\",\"jardines del real\"],\"articleSection\":[\"Lugares emblem\u00e1ticos de Valencia\"],\"inLanguage\":\"it-IT\"},{\"@type\":\"WebPage\",\"@id\":\"https:\/\/casaisabel.es\/los-jardines-de-viveros-de-valencia\/\",\"url\":\"https:\/\/casaisabel.es\/los-jardines-de-viveros-de-valencia\/\",\"name\":\"Los Jardines de Viveros de Valencia\",\"isPartOf\":{\"@id\":\"https:\/\/casaisabel.es\/#website\"},\"primaryImageOfPage\":{\"@id\":\"https:\/\/casaisabel.es\/los-jardines-de-viveros-de-valencia\/#primaryimage\"},\"image\":{\"@id\":\"https:\/\/casaisabel.es\/los-jardines-de-viveros-de-valencia\/#primaryimage\"},\"thumbnailUrl\":\"https:\/\/casaisabel.es\/wp-content\/uploads\/2015\/12\/Casa-Isabel-JardinesdeViveros.jpg\",\"datePublished\":\"2025-09-03T00:06:37+00:00\",\"description\":\"Todos los valencianos conocen como jardines de Viveros este enorme parque que tras pasar por varias manos fue cedido al Ayuntamiento de Valencia en 1903.\",\"breadcrumb\":{\"@id\":\"https:\/\/casaisabel.es\/los-jardines-de-viveros-de-valencia\/#breadcrumb\"},\"inLanguage\":\"it-IT\",\"potentialAction\":[{\"@type\":\"ReadAction\",\"target\":[\"https:\/\/casaisabel.es\/los-jardines-de-viveros-de-valencia\/\"]}]},{\"@type\":\"ImageObject\",\"inLanguage\":\"it-IT\",\"@id\":\"https:\/\/casaisabel.es\/los-jardines-de-viveros-de-valencia\/#primaryimage\",\"url\":\"https:\/\/casaisabel.es\/wp-content\/uploads\/2015\/12\/Casa-Isabel-JardinesdeViveros.jpg\",\"contentUrl\":\"https:\/\/casaisabel.es\/wp-content\/uploads\/2015\/12\/Casa-Isabel-JardinesdeViveros.jpg\",\"width\":1900,\"height\":756,\"caption\":\"Casa Isabel-JardinesdeViveros\"},{\"@type\":\"BreadcrumbList\",\"@id\":\"https:\/\/casaisabel.es\/los-jardines-de-viveros-de-valencia\/#breadcrumb\",\"itemListElement\":[{\"@type\":\"ListItem\",\"position\":1,\"name\":\"Portada\",\"item\":\"https:\/\/casaisabel.es\/\"},{\"@type\":\"ListItem\",\"position\":2,\"name\":\"Los Jardines de Viveros de Valencia\"}]},{\"@type\":\"WebSite\",\"@id\":\"https:\/\/casaisabel.es\/#website\",\"url\":\"https:\/\/casaisabel.es\/\",\"name\":\"Casa Isabel\",\"description\":\"S\u00f3lo otro sitio de WordPress\",\"publisher\":{\"@id\":\"https:\/\/casaisabel.es\/#organization\"},\"potentialAction\":[{\"@type\":\"SearchAction\",\"target\":{\"@type\":\"EntryPoint\",\"urlTemplate\":\"https:\/\/casaisabel.es\/?s={search_term_string}\"},\"query-input\":{\"@type\":\"PropertyValueSpecification\",\"valueRequired\":true,\"valueName\":\"search_term_string\"}}],\"inLanguage\":\"it-IT\"},{\"@type\":\"Organization\",\"@id\":\"https:\/\/casaisabel.es\/#organization\",\"name\":\"Casa Isabel\",\"url\":\"https:\/\/casaisabel.es\/\",\"logo\":{\"@type\":\"ImageObject\",\"inLanguage\":\"it-IT\",\"@id\":\"https:\/\/casaisabel.es\/#\/schema\/logo\/image\/\",\"url\":\"https:\/\/casaisabel.es\/wp-content\/uploads\/2023\/09\/casaIsabel.svg\",\"contentUrl\":\"https:\/\/casaisabel.es\/wp-content\/uploads\/2023\/09\/casaIsabel.svg\",\"width\":211,\"height\":49,\"caption\":\"Casa Isabel\"},\"image\":{\"@id\":\"https:\/\/casaisabel.es\/#\/schema\/logo\/image\/\"}},{\"@type\":\"Person\",\"@id\":\"https:\/\/casaisabel.es\/#\/schema\/person\/66308f25a39c9cb32c4e78cf8cfa36cf\",\"name\":\"Admin\",\"image\":{\"@type\":\"ImageObject\",\"inLanguage\":\"it-IT\",\"@id\":\"https:\/\/casaisabel.es\/#\/schema\/person\/image\/\",\"url\":\"https:\/\/secure.gravatar.com\/avatar\/cfa1bef4e15c827fa091464736c1d269687e21ac8972ec35aec466b4aa06b9c8?s=96&d=mm&r=g\",\"contentUrl\":\"https:\/\/secure.gravatar.com\/avatar\/cfa1bef4e15c827fa091464736c1d269687e21ac8972ec35aec466b4aa06b9c8?s=96&d=mm&r=g\",\"caption\":\"Admin\"},\"url\":\"https:\/\/casaisabel.es\/it\/author\/admin-2\/\"}]}<\/script>\n<!-- \/ Yoast SEO plugin. -->","yoast_head_json":{"title":"Los Jardines de Viveros de Valencia","description":"Todos los valencianos conocen como jardines de Viveros este enorme parque que tras pasar por varias manos fue cedido al Ayuntamiento de Valencia en 1903.","robots":{"index":"index","follow":"follow","max-snippet":"max-snippet:-1","max-image-preview":"max-image-preview:large","max-video-preview":"max-video-preview:-1"},"canonical":"https:\/\/casaisabel.es\/it\/los-jardines-de-viveros-de-valencia\/","og_locale":"it_IT","og_type":"article","og_title":"Los Jardines de Viveros de Valencia","og_description":"Todos los valencianos conocen como jardines de Viveros este enorme parque que tras pasar por varias manos fue cedido al Ayuntamiento de Valencia en 1903.","og_url":"https:\/\/casaisabel.es\/it\/los-jardines-de-viveros-de-valencia\/","og_site_name":"Casa Isabel","article_published_time":"2025-09-03T00:06:37+00:00","og_image":[{"width":1900,"height":756,"url":"https:\/\/casaisabel.es\/wp-content\/uploads\/2015\/12\/Casa-Isabel-JardinesdeViveros.jpg","type":"image\/jpeg"}],"author":"Admin","twitter_card":"summary_large_image","twitter_misc":{"Written by":"Admin","Est. reading time":"2 minutes"},"schema":{"@context":"https:\/\/schema.org","@graph":[{"@type":"Article","@id":"https:\/\/casaisabel.es\/los-jardines-de-viveros-de-valencia\/#article","isPartOf":{"@id":"https:\/\/casaisabel.es\/los-jardines-de-viveros-de-valencia\/"},"author":{"name":"Admin","@id":"https:\/\/casaisabel.es\/#\/schema\/person\/66308f25a39c9cb32c4e78cf8cfa36cf"},"headline":"Los Jardines de Viveros de Valencia","datePublished":"2025-09-03T00:06:37+00:00","mainEntityOfPage":{"@id":"https:\/\/casaisabel.es\/los-jardines-de-viveros-de-valencia\/"},"wordCount":331,"publisher":{"@id":"https:\/\/casaisabel.es\/#organization"},"image":{"@id":"https:\/\/casaisabel.es\/los-jardines-de-viveros-de-valencia\/#primaryimage"},"thumbnailUrl":"https:\/\/casaisabel.es\/wp-content\/uploads\/2015\/12\/Casa-Isabel-JardinesdeViveros.jpg","keywords":["jardines de valencia","jardines de viveros","jardines del real"],"articleSection":["Lugares emblem\u00e1ticos de Valencia"],"inLanguage":"it-IT"},{"@type":"WebPage","@id":"https:\/\/casaisabel.es\/los-jardines-de-viveros-de-valencia\/","url":"https:\/\/casaisabel.es\/los-jardines-de-viveros-de-valencia\/","name":"Los Jardines de Viveros de Valencia","isPartOf":{"@id":"https:\/\/casaisabel.es\/#website"},"primaryImageOfPage":{"@id":"https:\/\/casaisabel.es\/los-jardines-de-viveros-de-valencia\/#primaryimage"},"image":{"@id":"https:\/\/casaisabel.es\/los-jardines-de-viveros-de-valencia\/#primaryimage"},"thumbnailUrl":"https:\/\/casaisabel.es\/wp-content\/uploads\/2015\/12\/Casa-Isabel-JardinesdeViveros.jpg","datePublished":"2025-09-03T00:06:37+00:00","description":"Todos los valencianos conocen como jardines de Viveros este enorme parque que tras pasar por varias manos fue cedido al Ayuntamiento de Valencia en 1903.","breadcrumb":{"@id":"https:\/\/casaisabel.es\/los-jardines-de-viveros-de-valencia\/#breadcrumb"},"inLanguage":"it-IT","potentialAction":[{"@type":"ReadAction","target":["https:\/\/casaisabel.es\/los-jardines-de-viveros-de-valencia\/"]}]},{"@type":"ImageObject","inLanguage":"it-IT","@id":"https:\/\/casaisabel.es\/los-jardines-de-viveros-de-valencia\/#primaryimage","url":"https:\/\/casaisabel.es\/wp-content\/uploads\/2015\/12\/Casa-Isabel-JardinesdeViveros.jpg","contentUrl":"https:\/\/casaisabel.es\/wp-content\/uploads\/2015\/12\/Casa-Isabel-JardinesdeViveros.jpg","width":1900,"height":756,"caption":"Casa Isabel-JardinesdeViveros"},{"@type":"BreadcrumbList","@id":"https:\/\/casaisabel.es\/los-jardines-de-viveros-de-valencia\/#breadcrumb","itemListElement":[{"@type":"ListItem","position":1,"name":"Portada","item":"https:\/\/casaisabel.es\/"},{"@type":"ListItem","position":2,"name":"Los Jardines de Viveros de Valencia"}]},{"@type":"WebSite","@id":"https:\/\/casaisabel.es\/#website","url":"https:\/\/casaisabel.es\/","name":"Casa Isabel","description":"S\u00f3lo otro sitio de WordPress","publisher":{"@id":"https:\/\/casaisabel.es\/#organization"},"potentialAction":[{"@type":"SearchAction","target":{"@type":"EntryPoint","urlTemplate":"https:\/\/casaisabel.es\/?s={search_term_string}"},"query-input":{"@type":"PropertyValueSpecification","valueRequired":true,"valueName":"search_term_string"}}],"inLanguage":"it-IT"},{"@type":"Organization","@id":"https:\/\/casaisabel.es\/#organization","name":"Casa Isabel","url":"https:\/\/casaisabel.es\/","logo":{"@type":"ImageObject","inLanguage":"it-IT","@id":"https:\/\/casaisabel.es\/#\/schema\/logo\/image\/","url":"https:\/\/casaisabel.es\/wp-content\/uploads\/2023\/09\/casaIsabel.svg","contentUrl":"https:\/\/casaisabel.es\/wp-content\/uploads\/2023\/09\/casaIsabel.svg","width":211,"height":49,"caption":"Casa Isabel"},"image":{"@id":"https:\/\/casaisabel.es\/#\/schema\/logo\/image\/"}},{"@type":"Person","@id":"https:\/\/casaisabel.es\/#\/schema\/person\/66308f25a39c9cb32c4e78cf8cfa36cf","name":"Admin","image":{"@type":"ImageObject","inLanguage":"it-IT","@id":"https:\/\/casaisabel.es\/#\/schema\/person\/image\/","url":"https:\/\/secure.gravatar.com\/avatar\/cfa1bef4e15c827fa091464736c1d269687e21ac8972ec35aec466b4aa06b9c8?s=96&d=mm&r=g","contentUrl":"https:\/\/secure.gravatar.com\/avatar\/cfa1bef4e15c827fa091464736c1d269687e21ac8972ec35aec466b4aa06b9c8?s=96&d=mm&r=g","caption":"Admin"},"url":"https:\/\/casaisabel.es\/it\/author\/admin-2\/"}]}},"_links":{"self":[{"href":"https:\/\/casaisabel.es\/it\/wp-json\/wp\/v2\/posts\/3263","targetHints":{"allow":["GET"]}}],"collection":[{"href":"https:\/\/casaisabel.es\/it\/wp-json\/wp\/v2\/posts"}],"about":[{"href":"https:\/\/casaisabel.es\/it\/wp-json\/wp\/v2\/types\/post"}],"author":[{"embeddable":true,"href":"https:\/\/casaisabel.es\/it\/wp-json\/wp\/v2\/users\/2"}],"replies":[{"embeddable":true,"href":"https:\/\/casaisabel.es\/it\/wp-json\/wp\/v2\/comments?post=3263"}],"version-history":[{"count":0,"href":"https:\/\/casaisabel.es\/it\/wp-json\/wp\/v2\/posts\/3263\/revisions"}],"wp:featuredmedia":[{"embeddable":true,"href":"https:\/\/casaisabel.es\/it\/wp-json\/wp\/v2\/media\/3309"}],"wp:attachment":[{"href":"https:\/\/casaisabel.es\/it\/wp-json\/wp\/v2\/media?parent=3263"}],"wp:term":[{"taxonomy":"category","embeddable":true,"href":"https:\/\/casaisabel.es\/it\/wp-json\/wp\/v2\/categories?post=3263"},{"taxonomy":"post_tag","embeddable":true,"href":"https:\/\/casaisabel.es\/it\/wp-json\/wp\/v2\/tags?post=3263"}],"curies":[{"name":"wp","href":"https:\/\/api.w.org\/{rel}","templated":true}]}}