{"id":3070,"date":"2025-08-29T00:23:56","date_gmt":"2025-08-29T00:23:56","guid":{"rendered":"https:\/\/casaisabel.es\/?p=3070---2b1566a8-f51f-4898-8d5a-a6ad87a45556"},"modified":"2025-08-29T00:23:56","modified_gmt":"2025-08-29T00:23:56","slug":"el-museo-del-calzado-de-elda-un-referente-en-la-comunidad-de-valencia","status":"publish","type":"post","link":"https:\/\/casaisabel.es\/it\/el-museo-del-calzado-de-elda-un-referente-en-la-comunidad-de-valencia\/","title":{"rendered":"El Museo del Calzado de Elda: un referente en la comunidad de Valencia"},"content":{"rendered":"<p style=\"text-align: justify;\">M\u00e1s all\u00e1 de la paella y la playa, la comunidad de Valencia es una regi\u00f3n que cuenta con m\u00faltiples atractivos de la mano de una <strong>vasta red de infraestructuras de car\u00e1cter cultural<\/strong>, entre las que es posible encontrar joyas como el Museo del Calzado de Elda, en Alicante.<!--more--><\/p>\n<p style=\"text-align: justify;\">La historia de este museo se remonta al a\u00f1o 1988, cuando comienza a barajarse la posibilidad de dar forma a un gran centro que resumiese la historia y caracter\u00edsticas principales de una industria tan significativa para Elda como fue la del calzado. As\u00ed, <strong>el museo ve la luz en el a\u00f1o 1992<\/strong>, tras recoger y catalogar una gran cantidad de piezas relacionadas con el calzado y su fabricaci\u00f3n.<\/p>\n<p style=\"text-align: justify;\">Las fechas en que se decidi\u00f3 la gestaci\u00f3n de esta instituci\u00f3n coincidieron con el cierre de una empresa de calzado cl\u00e1sica de la localidad. Este hecho fue, en cierto modo, determinante, pues parte de <strong>la maquinaria de la reci\u00e9n extinta f\u00e1brica pas\u00f3 a engordar el dep\u00f3sito del nuevo museo<\/strong>.<\/p>\n<p style=\"text-align: justify;\">Hoy en d\u00eda, el museo est\u00e1 gestionado por la<strong> Fundaci\u00f3n Museo del Calzado,<\/strong> cuyo presidente es el propio alcalde de la localidad. El edificio que alberga las actuales instalaciones data de 1999 y se divide en varias salas que repasan la historia del calzado y las principales caracter\u00edsticas de este <strong>oficio tradicional<\/strong>.<\/p>\n<p style=\"text-align: justify;\">En el <a href=\"http:\/\/www.museocalzado.com\/index.php\/es\/el-museo\/historia-del-museo\">Museo del Calzado de Elda<\/a> podemos ver maquinaria de finales del siglo XIX y principios del XX. La historia del calzado es reproducida por una <strong>enorme colecci\u00f3n de piezas expuestas<\/strong>, en las que tienen un papel especial aquellas de origen regional. Adem\u00e1s, cuenta con una gran biblioteca especializada, y organiza talleres y concursos que pretenden <strong>promover y fomentar el calzado<\/strong> espa\u00f1ol.<\/p>\n<p style=\"text-align: justify;\">Sin duda, este museo es una instituci\u00f3n que <strong>merece la pena que visitemos<\/strong>; una actividad que podemos complementar con la visita a una arrocer\u00eda o a un restaurante de la Malvarrosa.<\/p>\n<p style=\"text-align: justify;\"><a href=\"https:\/\/de.wikipedia.org\/wiki\/Schuh\">Imagen<\/a><\/p>","protected":false},"excerpt":{"rendered":"<p>M\u00e1s all\u00e1 de la paella y la playa, la comunidad de Valencia es una regi\u00f3n que cuenta con m\u00faltiples atractivos de la mano de una vasta red de infraestructuras de car\u00e1cter cultural, entre las que es posible encontrar joyas como el Museo del Calzado de Elda, en Alicante.<\/p>","protected":false},"author":2,"featured_media":3074,"comment_status":"closed","ping_status":"closed","sticky":false,"template":"","format":"standard","meta":{"site-sidebar-layout":"default","site-content-layout":"","ast-site-content-layout":"","site-content-style":"default","site-sidebar-style":"default","ast-global-header-display":"","ast-banner-title-visibility":"","ast-main-header-display":"","ast-hfb-above-header-display":"","ast-hfb-below-header-display":"","ast-hfb-mobile-header-display":"","site-post-title":"","ast-breadcrumbs-content":"","ast-featured-img":"","footer-sml-layout":"","theme-transparent-header-meta":"","adv-header-id-meta":"","stick-header-meta":"","header-above-stick-meta":"","header-main-stick-meta":"","header-below-stick-meta":"","astra-migrate-meta-layouts":"default","ast-page-background-enabled":"default","ast-page-background-meta":{"desktop":{"background-color":"var(--ast-global-color-4)","background-image":"","background-repeat":"repeat","background-position":"center center","background-size":"auto","background-attachment":"scroll","background-type":"","background-media":"","overlay-type":"","overlay-color":"","overlay-opacity":"","overlay-gradient":""},"tablet":{"background-color":"","background-image":"","background-repeat":"repeat","background-position":"center center","background-size":"auto","background-attachment":"scroll","background-type":"","background-media":"","overlay-type":"","overlay-color":"","overlay-opacity":"","overlay-gradient":""},"mobile":{"background-color":"","background-image":"","background-repeat":"repeat","background-position":"center center","background-size":"auto","background-attachment":"scroll","background-type":"","background-media":"","overlay-type":"","overlay-color":"","overlay-opacity":"","overlay-gradient":""}},"ast-content-background-meta":{"desktop":{"background-color":"var(--ast-global-color-5)","background-image":"","background-repeat":"repeat","background-position":"center center","background-size":"auto","background-attachment":"scroll","background-type":"","background-media":"","overlay-type":"","overlay-color":"","overlay-opacity":"","overlay-gradient":""},"tablet":{"background-color":"var(--ast-global-color-5)","background-image":"","background-repeat":"repeat","background-position":"center center","background-size":"auto","background-attachment":"scroll","background-type":"","background-media":"","overlay-type":"","overlay-color":"","overlay-opacity":"","overlay-gradient":""},"mobile":{"background-color":"var(--ast-global-color-5)","background-image":"","background-repeat":"repeat","background-position":"center center","background-size":"auto","background-attachment":"scroll","background-type":"","background-media":"","overlay-type":"","overlay-color":"","overlay-opacity":"","overlay-gradient":""}},"footnotes":""},"categories":[9,12],"tags":[95,96,97,98,99,5],"class_list":["post-3070","post","type-post","status-publish","format-standard","has-post-thumbnail","hentry","category-lugares-emblematicos-de-valencia","category-valencia-cultura","tag-calzado-valencia","tag-elda-calzado","tag-elda-zapatos","tag-museo-calzado","tag-museo-elda-zapatos","tag-valencia"],"yoast_head":"<!-- This site is optimized with the Yoast SEO plugin v25.6 - https:\/\/yoast.com\/wordpress\/plugins\/seo\/ -->\n<title>El Museo del Calzado de Elda: un referente en la comunidad de Valencia<\/title>\n<meta name=\"description\" content=\"La historia de este museo se remonta al a\u00f1o 1988, cuando comienza a pensarse en construir un centro que resumiese la historia de la industria del calzado.\" \/>\n<meta name=\"robots\" content=\"index, follow, max-snippet:-1, max-image-preview:large, max-video-preview:-1\" \/>\n<link rel=\"canonical\" href=\"https:\/\/casaisabel.es\/it\/el-museo-del-calzado-de-elda-un-referente-en-la-comunidad-de-valencia\/\" \/>\n<meta property=\"og:locale\" content=\"it_IT\" \/>\n<meta property=\"og:type\" content=\"article\" \/>\n<meta property=\"og:title\" content=\"El Museo del Calzado de Elda: un referente en la comunidad de Valencia\" \/>\n<meta property=\"og:description\" content=\"La historia de este museo se remonta al a\u00f1o 1988, cuando comienza a pensarse en construir un centro que resumiese la historia de la industria del calzado.\" \/>\n<meta property=\"og:url\" content=\"https:\/\/casaisabel.es\/it\/el-museo-del-calzado-de-elda-un-referente-en-la-comunidad-de-valencia\/\" \/>\n<meta property=\"og:site_name\" content=\"Casa Isabel\" \/>\n<meta property=\"article:published_time\" content=\"2025-08-29T00:23:56+00:00\" \/>\n<meta property=\"og:image\" content=\"https:\/\/casaisabel.es\/wp-content\/uploads\/2015\/10\/Casa-Isabel-CalzadoElda.jpg\" \/>\n\t<meta property=\"og:image:width\" content=\"1900\" \/>\n\t<meta property=\"og:image:height\" content=\"756\" \/>\n\t<meta property=\"og:image:type\" content=\"image\/jpeg\" \/>\n<meta name=\"author\" content=\"Admin\" \/>\n<meta name=\"twitter:card\" content=\"summary_large_image\" \/>\n<meta name=\"twitter:label1\" content=\"Written by\" \/>\n\t<meta name=\"twitter:data1\" content=\"Admin\" \/>\n\t<meta name=\"twitter:label2\" content=\"Est. reading time\" \/>\n\t<meta name=\"twitter:data2\" content=\"2 minutes\" \/>\n<script type=\"application\/ld+json\" class=\"yoast-schema-graph\">{\"@context\":\"https:\/\/schema.org\",\"@graph\":[{\"@type\":\"Article\",\"@id\":\"https:\/\/casaisabel.es\/el-museo-del-calzado-de-elda-un-referente-en-la-comunidad-de-valencia\/#article\",\"isPartOf\":{\"@id\":\"https:\/\/casaisabel.es\/el-museo-del-calzado-de-elda-un-referente-en-la-comunidad-de-valencia\/\"},\"author\":{\"name\":\"Admin\",\"@id\":\"https:\/\/casaisabel.es\/#\/schema\/person\/66308f25a39c9cb32c4e78cf8cfa36cf\"},\"headline\":\"El Museo del Calzado de Elda: un referente en la comunidad de Valencia\",\"datePublished\":\"2025-08-29T00:23:56+00:00\",\"mainEntityOfPage\":{\"@id\":\"https:\/\/casaisabel.es\/el-museo-del-calzado-de-elda-un-referente-en-la-comunidad-de-valencia\/\"},\"wordCount\":344,\"publisher\":{\"@id\":\"https:\/\/casaisabel.es\/#organization\"},\"image\":{\"@id\":\"https:\/\/casaisabel.es\/el-museo-del-calzado-de-elda-un-referente-en-la-comunidad-de-valencia\/#primaryimage\"},\"thumbnailUrl\":\"https:\/\/casaisabel.es\/wp-content\/uploads\/2015\/10\/Casa-Isabel-CalzadoElda.jpg\",\"keywords\":[\"calzado valencia\",\"elda calzado\",\"elda zapatos\",\"museo calzado\",\"museo elda zapatos\",\"Valencia\"],\"articleSection\":[\"Lugares emblem\u00e1ticos de Valencia\",\"Valencia cultura\"],\"inLanguage\":\"it-IT\"},{\"@type\":\"WebPage\",\"@id\":\"https:\/\/casaisabel.es\/el-museo-del-calzado-de-elda-un-referente-en-la-comunidad-de-valencia\/\",\"url\":\"https:\/\/casaisabel.es\/el-museo-del-calzado-de-elda-un-referente-en-la-comunidad-de-valencia\/\",\"name\":\"El Museo del Calzado de Elda: un referente en la comunidad de Valencia\",\"isPartOf\":{\"@id\":\"https:\/\/casaisabel.es\/#website\"},\"primaryImageOfPage\":{\"@id\":\"https:\/\/casaisabel.es\/el-museo-del-calzado-de-elda-un-referente-en-la-comunidad-de-valencia\/#primaryimage\"},\"image\":{\"@id\":\"https:\/\/casaisabel.es\/el-museo-del-calzado-de-elda-un-referente-en-la-comunidad-de-valencia\/#primaryimage\"},\"thumbnailUrl\":\"https:\/\/casaisabel.es\/wp-content\/uploads\/2015\/10\/Casa-Isabel-CalzadoElda.jpg\",\"datePublished\":\"2025-08-29T00:23:56+00:00\",\"description\":\"La historia de este museo se remonta al a\u00f1o 1988, cuando comienza a pensarse en construir un centro que resumiese la historia de la industria del calzado.\",\"breadcrumb\":{\"@id\":\"https:\/\/casaisabel.es\/el-museo-del-calzado-de-elda-un-referente-en-la-comunidad-de-valencia\/#breadcrumb\"},\"inLanguage\":\"it-IT\",\"potentialAction\":[{\"@type\":\"ReadAction\",\"target\":[\"https:\/\/casaisabel.es\/el-museo-del-calzado-de-elda-un-referente-en-la-comunidad-de-valencia\/\"]}]},{\"@type\":\"ImageObject\",\"inLanguage\":\"it-IT\",\"@id\":\"https:\/\/casaisabel.es\/el-museo-del-calzado-de-elda-un-referente-en-la-comunidad-de-valencia\/#primaryimage\",\"url\":\"https:\/\/casaisabel.es\/wp-content\/uploads\/2015\/10\/Casa-Isabel-CalzadoElda.jpg\",\"contentUrl\":\"https:\/\/casaisabel.es\/wp-content\/uploads\/2015\/10\/Casa-Isabel-CalzadoElda.jpg\",\"width\":1900,\"height\":756,\"caption\":\"Casa Isabel-CalzadoElda\"},{\"@type\":\"BreadcrumbList\",\"@id\":\"https:\/\/casaisabel.es\/el-museo-del-calzado-de-elda-un-referente-en-la-comunidad-de-valencia\/#breadcrumb\",\"itemListElement\":[{\"@type\":\"ListItem\",\"position\":1,\"name\":\"Portada\",\"item\":\"https:\/\/casaisabel.es\/\"},{\"@type\":\"ListItem\",\"position\":2,\"name\":\"El Museo del Calzado de Elda: un referente en la comunidad de Valencia\"}]},{\"@type\":\"WebSite\",\"@id\":\"https:\/\/casaisabel.es\/#website\",\"url\":\"https:\/\/casaisabel.es\/\",\"name\":\"Casa Isabel\",\"description\":\"S\u00f3lo otro sitio de WordPress\",\"publisher\":{\"@id\":\"https:\/\/casaisabel.es\/#organization\"},\"potentialAction\":[{\"@type\":\"SearchAction\",\"target\":{\"@type\":\"EntryPoint\",\"urlTemplate\":\"https:\/\/casaisabel.es\/?s={search_term_string}\"},\"query-input\":{\"@type\":\"PropertyValueSpecification\",\"valueRequired\":true,\"valueName\":\"search_term_string\"}}],\"inLanguage\":\"it-IT\"},{\"@type\":\"Organization\",\"@id\":\"https:\/\/casaisabel.es\/#organization\",\"name\":\"Casa Isabel\",\"url\":\"https:\/\/casaisabel.es\/\",\"logo\":{\"@type\":\"ImageObject\",\"inLanguage\":\"it-IT\",\"@id\":\"https:\/\/casaisabel.es\/#\/schema\/logo\/image\/\",\"url\":\"https:\/\/casaisabel.es\/wp-content\/uploads\/2023\/09\/casaIsabel.svg\",\"contentUrl\":\"https:\/\/casaisabel.es\/wp-content\/uploads\/2023\/09\/casaIsabel.svg\",\"width\":211,\"height\":49,\"caption\":\"Casa Isabel\"},\"image\":{\"@id\":\"https:\/\/casaisabel.es\/#\/schema\/logo\/image\/\"}},{\"@type\":\"Person\",\"@id\":\"https:\/\/casaisabel.es\/#\/schema\/person\/66308f25a39c9cb32c4e78cf8cfa36cf\",\"name\":\"Admin\",\"image\":{\"@type\":\"ImageObject\",\"inLanguage\":\"it-IT\",\"@id\":\"https:\/\/casaisabel.es\/#\/schema\/person\/image\/\",\"url\":\"https:\/\/secure.gravatar.com\/avatar\/cfa1bef4e15c827fa091464736c1d269687e21ac8972ec35aec466b4aa06b9c8?s=96&d=mm&r=g\",\"contentUrl\":\"https:\/\/secure.gravatar.com\/avatar\/cfa1bef4e15c827fa091464736c1d269687e21ac8972ec35aec466b4aa06b9c8?s=96&d=mm&r=g\",\"caption\":\"Admin\"},\"url\":\"https:\/\/casaisabel.es\/it\/author\/admin-2\/\"}]}<\/script>\n<!-- \/ Yoast SEO plugin. -->","yoast_head_json":{"title":"El Museo del Calzado de Elda: un referente en la comunidad de Valencia","description":"La historia de este museo se remonta al a\u00f1o 1988, cuando comienza a pensarse en construir un centro que resumiese la historia de la industria del calzado.","robots":{"index":"index","follow":"follow","max-snippet":"max-snippet:-1","max-image-preview":"max-image-preview:large","max-video-preview":"max-video-preview:-1"},"canonical":"https:\/\/casaisabel.es\/it\/el-museo-del-calzado-de-elda-un-referente-en-la-comunidad-de-valencia\/","og_locale":"it_IT","og_type":"article","og_title":"El Museo del Calzado de Elda: un referente en la comunidad de Valencia","og_description":"La historia de este museo se remonta al a\u00f1o 1988, cuando comienza a pensarse en construir un centro que resumiese la historia de la industria del calzado.","og_url":"https:\/\/casaisabel.es\/it\/el-museo-del-calzado-de-elda-un-referente-en-la-comunidad-de-valencia\/","og_site_name":"Casa Isabel","article_published_time":"2025-08-29T00:23:56+00:00","og_image":[{"width":1900,"height":756,"url":"https:\/\/casaisabel.es\/wp-content\/uploads\/2015\/10\/Casa-Isabel-CalzadoElda.jpg","type":"image\/jpeg"}],"author":"Admin","twitter_card":"summary_large_image","twitter_misc":{"Written by":"Admin","Est. reading time":"2 minutes"},"schema":{"@context":"https:\/\/schema.org","@graph":[{"@type":"Article","@id":"https:\/\/casaisabel.es\/el-museo-del-calzado-de-elda-un-referente-en-la-comunidad-de-valencia\/#article","isPartOf":{"@id":"https:\/\/casaisabel.es\/el-museo-del-calzado-de-elda-un-referente-en-la-comunidad-de-valencia\/"},"author":{"name":"Admin","@id":"https:\/\/casaisabel.es\/#\/schema\/person\/66308f25a39c9cb32c4e78cf8cfa36cf"},"headline":"El Museo del Calzado de Elda: un referente en la comunidad de Valencia","datePublished":"2025-08-29T00:23:56+00:00","mainEntityOfPage":{"@id":"https:\/\/casaisabel.es\/el-museo-del-calzado-de-elda-un-referente-en-la-comunidad-de-valencia\/"},"wordCount":344,"publisher":{"@id":"https:\/\/casaisabel.es\/#organization"},"image":{"@id":"https:\/\/casaisabel.es\/el-museo-del-calzado-de-elda-un-referente-en-la-comunidad-de-valencia\/#primaryimage"},"thumbnailUrl":"https:\/\/casaisabel.es\/wp-content\/uploads\/2015\/10\/Casa-Isabel-CalzadoElda.jpg","keywords":["calzado valencia","elda calzado","elda zapatos","museo calzado","museo elda zapatos","Valencia"],"articleSection":["Lugares emblem\u00e1ticos de Valencia","Valencia cultura"],"inLanguage":"it-IT"},{"@type":"WebPage","@id":"https:\/\/casaisabel.es\/el-museo-del-calzado-de-elda-un-referente-en-la-comunidad-de-valencia\/","url":"https:\/\/casaisabel.es\/el-museo-del-calzado-de-elda-un-referente-en-la-comunidad-de-valencia\/","name":"El Museo del Calzado de Elda: un referente en la comunidad de Valencia","isPartOf":{"@id":"https:\/\/casaisabel.es\/#website"},"primaryImageOfPage":{"@id":"https:\/\/casaisabel.es\/el-museo-del-calzado-de-elda-un-referente-en-la-comunidad-de-valencia\/#primaryimage"},"image":{"@id":"https:\/\/casaisabel.es\/el-museo-del-calzado-de-elda-un-referente-en-la-comunidad-de-valencia\/#primaryimage"},"thumbnailUrl":"https:\/\/casaisabel.es\/wp-content\/uploads\/2015\/10\/Casa-Isabel-CalzadoElda.jpg","datePublished":"2025-08-29T00:23:56+00:00","description":"La historia de este museo se remonta al a\u00f1o 1988, cuando comienza a pensarse en construir un centro que resumiese la historia de la industria del calzado.","breadcrumb":{"@id":"https:\/\/casaisabel.es\/el-museo-del-calzado-de-elda-un-referente-en-la-comunidad-de-valencia\/#breadcrumb"},"inLanguage":"it-IT","potentialAction":[{"@type":"ReadAction","target":["https:\/\/casaisabel.es\/el-museo-del-calzado-de-elda-un-referente-en-la-comunidad-de-valencia\/"]}]},{"@type":"ImageObject","inLanguage":"it-IT","@id":"https:\/\/casaisabel.es\/el-museo-del-calzado-de-elda-un-referente-en-la-comunidad-de-valencia\/#primaryimage","url":"https:\/\/casaisabel.es\/wp-content\/uploads\/2015\/10\/Casa-Isabel-CalzadoElda.jpg","contentUrl":"https:\/\/casaisabel.es\/wp-content\/uploads\/2015\/10\/Casa-Isabel-CalzadoElda.jpg","width":1900,"height":756,"caption":"Casa Isabel-CalzadoElda"},{"@type":"BreadcrumbList","@id":"https:\/\/casaisabel.es\/el-museo-del-calzado-de-elda-un-referente-en-la-comunidad-de-valencia\/#breadcrumb","itemListElement":[{"@type":"ListItem","position":1,"name":"Portada","item":"https:\/\/casaisabel.es\/"},{"@type":"ListItem","position":2,"name":"El Museo del Calzado de Elda: un referente en la comunidad de Valencia"}]},{"@type":"WebSite","@id":"https:\/\/casaisabel.es\/#website","url":"https:\/\/casaisabel.es\/","name":"Casa Isabel","description":"S\u00f3lo otro sitio de WordPress","publisher":{"@id":"https:\/\/casaisabel.es\/#organization"},"potentialAction":[{"@type":"SearchAction","target":{"@type":"EntryPoint","urlTemplate":"https:\/\/casaisabel.es\/?s={search_term_string}"},"query-input":{"@type":"PropertyValueSpecification","valueRequired":true,"valueName":"search_term_string"}}],"inLanguage":"it-IT"},{"@type":"Organization","@id":"https:\/\/casaisabel.es\/#organization","name":"Casa Isabel","url":"https:\/\/casaisabel.es\/","logo":{"@type":"ImageObject","inLanguage":"it-IT","@id":"https:\/\/casaisabel.es\/#\/schema\/logo\/image\/","url":"https:\/\/casaisabel.es\/wp-content\/uploads\/2023\/09\/casaIsabel.svg","contentUrl":"https:\/\/casaisabel.es\/wp-content\/uploads\/2023\/09\/casaIsabel.svg","width":211,"height":49,"caption":"Casa Isabel"},"image":{"@id":"https:\/\/casaisabel.es\/#\/schema\/logo\/image\/"}},{"@type":"Person","@id":"https:\/\/casaisabel.es\/#\/schema\/person\/66308f25a39c9cb32c4e78cf8cfa36cf","name":"Admin","image":{"@type":"ImageObject","inLanguage":"it-IT","@id":"https:\/\/casaisabel.es\/#\/schema\/person\/image\/","url":"https:\/\/secure.gravatar.com\/avatar\/cfa1bef4e15c827fa091464736c1d269687e21ac8972ec35aec466b4aa06b9c8?s=96&d=mm&r=g","contentUrl":"https:\/\/secure.gravatar.com\/avatar\/cfa1bef4e15c827fa091464736c1d269687e21ac8972ec35aec466b4aa06b9c8?s=96&d=mm&r=g","caption":"Admin"},"url":"https:\/\/casaisabel.es\/it\/author\/admin-2\/"}]}},"_links":{"self":[{"href":"https:\/\/casaisabel.es\/it\/wp-json\/wp\/v2\/posts\/3070","targetHints":{"allow":["GET"]}}],"collection":[{"href":"https:\/\/casaisabel.es\/it\/wp-json\/wp\/v2\/posts"}],"about":[{"href":"https:\/\/casaisabel.es\/it\/wp-json\/wp\/v2\/types\/post"}],"author":[{"embeddable":true,"href":"https:\/\/casaisabel.es\/it\/wp-json\/wp\/v2\/users\/2"}],"replies":[{"embeddable":true,"href":"https:\/\/casaisabel.es\/it\/wp-json\/wp\/v2\/comments?post=3070"}],"version-history":[{"count":0,"href":"https:\/\/casaisabel.es\/it\/wp-json\/wp\/v2\/posts\/3070\/revisions"}],"wp:featuredmedia":[{"embeddable":true,"href":"https:\/\/casaisabel.es\/it\/wp-json\/wp\/v2\/media\/3074"}],"wp:attachment":[{"href":"https:\/\/casaisabel.es\/it\/wp-json\/wp\/v2\/media?parent=3070"}],"wp:term":[{"taxonomy":"category","embeddable":true,"href":"https:\/\/casaisabel.es\/it\/wp-json\/wp\/v2\/categories?post=3070"},{"taxonomy":"post_tag","embeddable":true,"href":"https:\/\/casaisabel.es\/it\/wp-json\/wp\/v2\/tags?post=3070"}],"curies":[{"name":"wp","href":"https:\/\/api.w.org\/{rel}","templated":true}]}}