{"id":2557,"date":"2026-01-28T00:07:16","date_gmt":"2026-01-28T00:07:16","guid":{"rendered":"https:\/\/casaisabel.es\/?p=2557---103a84a3-e914-4443-b835-6f4f3808c24b"},"modified":"2026-01-28T00:07:16","modified_gmt":"2026-01-28T00:07:16","slug":"el-palacio-de-las-artes-reina-sofia-de-valencia","status":"publish","type":"post","link":"https:\/\/casaisabel.es\/it\/el-palacio-de-las-artes-reina-sofia-de-valencia\/","title":{"rendered":"El Palacio de las Artes Reina Sof\u00eda de Valencia"},"content":{"rendered":"<p style=\"text-align: justify;\">El <strong>Palacio de las Artes Reina Sof\u00eda<\/strong>, obra del arquitecto valenciano <strong>Santiago Calatrava<\/strong>, es el <strong>teatro de la \u00f3pera<\/strong> de <strong>Valencia<\/strong> y una de las piezas clave del complejo arquitect\u00f3nico y cultural de la <strong>Ciudad de las Artes y las Ciencias<\/strong>. Es, sin duda, uno de los edificios de obligada visita en las rutas tur\u00edsticas de Valencia, el cual ofrece un marco incomparable para disfrutar de la buena m\u00fasica tras un d\u00eda de <strong>playa<\/strong> o haber degustado una <strong>paella<\/strong> en un <a href=\"https:\/\/casaisabel.es\/it\/\" target=\"_blank\" rel=\"noopener noreferrer\"><strong>restaurante de la Malvarrosa<\/strong><\/a>.<!--more--><\/p>\n<p style=\"text-align: justify;\">Fue inaugurado el <strong>8 de octubre de 2005<\/strong> y cuenta, para sus espect\u00e1culos, con <strong><a href=\"http:\/\/www.turisvalencia.es\/es\/que-visitar-valencia\/ciudad-de-las-artes-y-las-ciencias\/palau-de-les-arts-reina-sofia\" target=\"_blank\" rel=\"noopener noreferrer\">cuatro grandes salas<\/a>:<\/strong><\/p>\n<p style=\"text-align: justify;\">La <strong>Sala Principal<\/strong>, con una capacidad para cerca de <strong>1.500 espectadores<\/strong>, distribuidos entre su <strong>platea y cuatro plantas de palcos<\/strong>. Se trata de un espacio especialmente dise\u00f1ado para las representaciones oper\u00edsticas, aunque dispone de la versatilidad necesaria para convertirse en escenario de obras de ballet y otras artes esc\u00e9nicas.<\/p>\n<p style=\"text-align: justify;\">El <strong>Aula Magistral<\/strong>, un espacio m\u00e1s reducido, con capacidad para <strong>400 personas<\/strong> y destinado a actuaciones musicales en directo de peque\u00f1as formaciones musicales, como conciertos de c\u00e1mara e, incluso, la celebraci\u00f3n de conferencias.<\/p>\n<p style=\"text-align: justify;\"><strong>Auditorio<\/strong>, con una capacidad para <strong>1.500 espectadores<\/strong>, suele acoger conciertos de m\u00fasica cl\u00e1sica y diversos espect\u00e1culos. Puede albergar, incluso, otro tipo de actividades m\u00e1s diversas.<\/p>\n<p style=\"text-align: justify;\">El <strong>Teatro Mart\u00edn y Soler<\/strong> es un <strong>edificio adyacente al Palacio<\/strong>, con capacidad para <strong>400 personas<\/strong> y destinado a las <strong>Artes Aplicadas<\/strong>, ser\u00e1 sede de la futura <strong>Academia de Perfeccionamiento<\/strong>.<\/p>\n<p style=\"text-align: justify;\">El Palacio supone, hoy en d\u00eda, un <strong>referente a nivel mundial<\/strong> y es parte de los m\u00e1s prestigiosos <a href=\"http:\/\/www.lesarts.com\/\" target=\"_blank\" rel=\"noopener noreferrer\">circuitos art\u00edsticos<\/a>. Bajo la direcci\u00f3n art\u00edstica de <strong>Davide Livermore<\/strong>, ha acogido, recientemente, obras como <strong>Norma, de Vincenzo Bellini<\/strong>.<\/p>\n<p style=\"text-align: justify;\">En definitiva, el <strong>Palau<\/strong> es una de las excelentes excusas para visitar Valencia y disfrutar de la deliciosa <strong>gastronom\u00eda en una arrocer\u00eda en la Mavarrosa<\/strong>.<\/p>\n<p style=\"text-align: justify;\"><a href=\"http:\/\/commons.wikimedia.org\/wiki\/File:El_Palau_de_les_Arts_Reina_Sof%C3%ADa,_Valencia_-_Jan_2007.jpg\" target=\"_blank\" rel=\"noopener noreferrer\">Imagen<\/a><\/p>","protected":false},"excerpt":{"rendered":"<p>El Palacio de las Artes Reina Sof\u00eda, obra del arquitecto valenciano Santiago Calatrava, es el teatro de la \u00f3pera de Valencia y una de las piezas clave del complejo arquitect\u00f3nico y cultural de la Ciudad de las Artes y las Ciencias. Es, sin duda, uno de los edificios de obligada visita en las rutas tur\u00edsticas [&hellip;]<\/p>","protected":false},"author":2,"featured_media":2558,"comment_status":"closed","ping_status":"closed","sticky":false,"template":"","format":"standard","meta":{"site-sidebar-layout":"default","site-content-layout":"","ast-site-content-layout":"","site-content-style":"default","site-sidebar-style":"default","ast-global-header-display":"","ast-banner-title-visibility":"","ast-main-header-display":"","ast-hfb-above-header-display":"","ast-hfb-below-header-display":"","ast-hfb-mobile-header-display":"","site-post-title":"","ast-breadcrumbs-content":"","ast-featured-img":"","footer-sml-layout":"","theme-transparent-header-meta":"","adv-header-id-meta":"","stick-header-meta":"","header-above-stick-meta":"","header-main-stick-meta":"","header-below-stick-meta":"","astra-migrate-meta-layouts":"default","ast-page-background-enabled":"default","ast-page-background-meta":{"desktop":{"background-color":"var(--ast-global-color-4)","background-image":"","background-repeat":"repeat","background-position":"center center","background-size":"auto","background-attachment":"scroll","background-type":"","background-media":"","overlay-type":"","overlay-color":"","overlay-opacity":"","overlay-gradient":""},"tablet":{"background-color":"","background-image":"","background-repeat":"repeat","background-position":"center center","background-size":"auto","background-attachment":"scroll","background-type":"","background-media":"","overlay-type":"","overlay-color":"","overlay-opacity":"","overlay-gradient":""},"mobile":{"background-color":"","background-image":"","background-repeat":"repeat","background-position":"center center","background-size":"auto","background-attachment":"scroll","background-type":"","background-media":"","overlay-type":"","overlay-color":"","overlay-opacity":"","overlay-gradient":""}},"ast-content-background-meta":{"desktop":{"background-color":"var(--ast-global-color-5)","background-image":"","background-repeat":"repeat","background-position":"center center","background-size":"auto","background-attachment":"scroll","background-type":"","background-media":"","overlay-type":"","overlay-color":"","overlay-opacity":"","overlay-gradient":""},"tablet":{"background-color":"var(--ast-global-color-5)","background-image":"","background-repeat":"repeat","background-position":"center center","background-size":"auto","background-attachment":"scroll","background-type":"","background-media":"","overlay-type":"","overlay-color":"","overlay-opacity":"","overlay-gradient":""},"mobile":{"background-color":"var(--ast-global-color-5)","background-image":"","background-repeat":"repeat","background-position":"center center","background-size":"auto","background-attachment":"scroll","background-type":"","background-media":"","overlay-type":"","overlay-color":"","overlay-opacity":"","overlay-gradient":""}},"footnotes":""},"categories":[9],"tags":[],"class_list":["post-2557","post","type-post","status-publish","format-standard","has-post-thumbnail","hentry","category-lugares-emblematicos-de-valencia"],"yoast_head":"<!-- This site is optimized with the Yoast SEO plugin v25.6 - https:\/\/yoast.com\/wordpress\/plugins\/seo\/ -->\n<title>El Palacio de las Artes Reina Sof\u00eda de Valencia - Casa Isabel<\/title>\n<meta name=\"description\" content=\"El Palacio de las Artes Reina Sof\u00eda, obra del arquitecto valenciano Santiago Calatrava, es el teatro de la \u00f3pera de Valencia\" \/>\n<meta name=\"robots\" content=\"index, follow, max-snippet:-1, max-image-preview:large, max-video-preview:-1\" \/>\n<link rel=\"canonical\" href=\"https:\/\/casaisabel.es\/it\/el-palacio-de-las-artes-reina-sofia-de-valencia\/\" \/>\n<meta property=\"og:locale\" content=\"it_IT\" \/>\n<meta property=\"og:type\" content=\"article\" \/>\n<meta property=\"og:title\" content=\"El Palacio de las Artes Reina Sof\u00eda de Valencia - Casa Isabel\" \/>\n<meta property=\"og:description\" content=\"El Palacio de las Artes Reina Sof\u00eda, obra del arquitecto valenciano Santiago Calatrava, es el teatro de la \u00f3pera de Valencia\" \/>\n<meta property=\"og:url\" content=\"https:\/\/casaisabel.es\/it\/el-palacio-de-las-artes-reina-sofia-de-valencia\/\" \/>\n<meta property=\"og:site_name\" content=\"Casa Isabel\" \/>\n<meta property=\"article:published_time\" content=\"2026-01-28T00:07:16+00:00\" \/>\n<meta property=\"og:image\" content=\"https:\/\/casaisabel.es\/wp-content\/uploads\/2015\/05\/cisabel_arts.jpg\" \/>\n\t<meta property=\"og:image:width\" content=\"2048\" \/>\n\t<meta property=\"og:image:height\" content=\"706\" \/>\n\t<meta property=\"og:image:type\" content=\"image\/jpeg\" \/>\n<meta name=\"author\" content=\"Admin\" \/>\n<meta name=\"twitter:card\" content=\"summary_large_image\" \/>\n<meta name=\"twitter:label1\" content=\"Written by\" \/>\n\t<meta name=\"twitter:data1\" content=\"Admin\" \/>\n\t<meta name=\"twitter:label2\" content=\"Est. reading time\" \/>\n\t<meta name=\"twitter:data2\" content=\"2 minutes\" \/>\n<script type=\"application\/ld+json\" class=\"yoast-schema-graph\">{\"@context\":\"https:\/\/schema.org\",\"@graph\":[{\"@type\":\"Article\",\"@id\":\"https:\/\/casaisabel.es\/el-palacio-de-las-artes-reina-sofia-de-valencia\/#article\",\"isPartOf\":{\"@id\":\"https:\/\/casaisabel.es\/el-palacio-de-las-artes-reina-sofia-de-valencia\/\"},\"author\":{\"name\":\"Admin\",\"@id\":\"https:\/\/casaisabel.es\/#\/schema\/person\/66308f25a39c9cb32c4e78cf8cfa36cf\"},\"headline\":\"El Palacio de las Artes Reina Sof\u00eda de Valencia\",\"datePublished\":\"2026-01-28T00:07:16+00:00\",\"mainEntityOfPage\":{\"@id\":\"https:\/\/casaisabel.es\/el-palacio-de-las-artes-reina-sofia-de-valencia\/\"},\"wordCount\":330,\"publisher\":{\"@id\":\"https:\/\/casaisabel.es\/#organization\"},\"image\":{\"@id\":\"https:\/\/casaisabel.es\/el-palacio-de-las-artes-reina-sofia-de-valencia\/#primaryimage\"},\"thumbnailUrl\":\"https:\/\/casaisabel.es\/wp-content\/uploads\/2015\/05\/cisabel_arts.jpg\",\"articleSection\":[\"Lugares emblem\u00e1ticos de Valencia\"],\"inLanguage\":\"it-IT\"},{\"@type\":\"WebPage\",\"@id\":\"https:\/\/casaisabel.es\/el-palacio-de-las-artes-reina-sofia-de-valencia\/\",\"url\":\"https:\/\/casaisabel.es\/el-palacio-de-las-artes-reina-sofia-de-valencia\/\",\"name\":\"El Palacio de las Artes Reina Sof\u00eda de Valencia - Casa Isabel\",\"isPartOf\":{\"@id\":\"https:\/\/casaisabel.es\/#website\"},\"primaryImageOfPage\":{\"@id\":\"https:\/\/casaisabel.es\/el-palacio-de-las-artes-reina-sofia-de-valencia\/#primaryimage\"},\"image\":{\"@id\":\"https:\/\/casaisabel.es\/el-palacio-de-las-artes-reina-sofia-de-valencia\/#primaryimage\"},\"thumbnailUrl\":\"https:\/\/casaisabel.es\/wp-content\/uploads\/2015\/05\/cisabel_arts.jpg\",\"datePublished\":\"2026-01-28T00:07:16+00:00\",\"description\":\"El Palacio de las Artes Reina Sof\u00eda, obra del arquitecto valenciano Santiago Calatrava, es el teatro de la \u00f3pera de Valencia\",\"breadcrumb\":{\"@id\":\"https:\/\/casaisabel.es\/el-palacio-de-las-artes-reina-sofia-de-valencia\/#breadcrumb\"},\"inLanguage\":\"it-IT\",\"potentialAction\":[{\"@type\":\"ReadAction\",\"target\":[\"https:\/\/casaisabel.es\/el-palacio-de-las-artes-reina-sofia-de-valencia\/\"]}]},{\"@type\":\"ImageObject\",\"inLanguage\":\"it-IT\",\"@id\":\"https:\/\/casaisabel.es\/el-palacio-de-las-artes-reina-sofia-de-valencia\/#primaryimage\",\"url\":\"https:\/\/casaisabel.es\/wp-content\/uploads\/2015\/05\/cisabel_arts.jpg\",\"contentUrl\":\"https:\/\/casaisabel.es\/wp-content\/uploads\/2015\/05\/cisabel_arts.jpg\",\"width\":2048,\"height\":706,\"caption\":\"cisabel_arts\"},{\"@type\":\"BreadcrumbList\",\"@id\":\"https:\/\/casaisabel.es\/el-palacio-de-las-artes-reina-sofia-de-valencia\/#breadcrumb\",\"itemListElement\":[{\"@type\":\"ListItem\",\"position\":1,\"name\":\"Portada\",\"item\":\"https:\/\/casaisabel.es\/\"},{\"@type\":\"ListItem\",\"position\":2,\"name\":\"El Palacio de las Artes Reina Sof\u00eda de Valencia\"}]},{\"@type\":\"WebSite\",\"@id\":\"https:\/\/casaisabel.es\/#website\",\"url\":\"https:\/\/casaisabel.es\/\",\"name\":\"Casa Isabel\",\"description\":\"S\u00f3lo otro sitio de WordPress\",\"publisher\":{\"@id\":\"https:\/\/casaisabel.es\/#organization\"},\"potentialAction\":[{\"@type\":\"SearchAction\",\"target\":{\"@type\":\"EntryPoint\",\"urlTemplate\":\"https:\/\/casaisabel.es\/?s={search_term_string}\"},\"query-input\":{\"@type\":\"PropertyValueSpecification\",\"valueRequired\":true,\"valueName\":\"search_term_string\"}}],\"inLanguage\":\"it-IT\"},{\"@type\":\"Organization\",\"@id\":\"https:\/\/casaisabel.es\/#organization\",\"name\":\"Casa Isabel\",\"url\":\"https:\/\/casaisabel.es\/\",\"logo\":{\"@type\":\"ImageObject\",\"inLanguage\":\"it-IT\",\"@id\":\"https:\/\/casaisabel.es\/#\/schema\/logo\/image\/\",\"url\":\"https:\/\/casaisabel.es\/wp-content\/uploads\/2023\/09\/casaIsabel.svg\",\"contentUrl\":\"https:\/\/casaisabel.es\/wp-content\/uploads\/2023\/09\/casaIsabel.svg\",\"width\":211,\"height\":49,\"caption\":\"Casa Isabel\"},\"image\":{\"@id\":\"https:\/\/casaisabel.es\/#\/schema\/logo\/image\/\"}},{\"@type\":\"Person\",\"@id\":\"https:\/\/casaisabel.es\/#\/schema\/person\/66308f25a39c9cb32c4e78cf8cfa36cf\",\"name\":\"Admin\",\"image\":{\"@type\":\"ImageObject\",\"inLanguage\":\"it-IT\",\"@id\":\"https:\/\/casaisabel.es\/#\/schema\/person\/image\/\",\"url\":\"https:\/\/secure.gravatar.com\/avatar\/cfa1bef4e15c827fa091464736c1d269687e21ac8972ec35aec466b4aa06b9c8?s=96&d=mm&r=g\",\"contentUrl\":\"https:\/\/secure.gravatar.com\/avatar\/cfa1bef4e15c827fa091464736c1d269687e21ac8972ec35aec466b4aa06b9c8?s=96&d=mm&r=g\",\"caption\":\"Admin\"},\"url\":\"https:\/\/casaisabel.es\/it\/author\/admin-2\/\"}]}<\/script>\n<!-- \/ Yoast SEO plugin. -->","yoast_head_json":{"title":"El Palacio de las Artes Reina Sof\u00eda de Valencia - Casa Isabel","description":"El Palacio de las Artes Reina Sof\u00eda, obra del arquitecto valenciano Santiago Calatrava, es el teatro de la \u00f3pera de Valencia","robots":{"index":"index","follow":"follow","max-snippet":"max-snippet:-1","max-image-preview":"max-image-preview:large","max-video-preview":"max-video-preview:-1"},"canonical":"https:\/\/casaisabel.es\/it\/el-palacio-de-las-artes-reina-sofia-de-valencia\/","og_locale":"it_IT","og_type":"article","og_title":"El Palacio de las Artes Reina Sof\u00eda de Valencia - Casa Isabel","og_description":"El Palacio de las Artes Reina Sof\u00eda, obra del arquitecto valenciano Santiago Calatrava, es el teatro de la \u00f3pera de Valencia","og_url":"https:\/\/casaisabel.es\/it\/el-palacio-de-las-artes-reina-sofia-de-valencia\/","og_site_name":"Casa Isabel","article_published_time":"2026-01-28T00:07:16+00:00","og_image":[{"width":2048,"height":706,"url":"https:\/\/casaisabel.es\/wp-content\/uploads\/2015\/05\/cisabel_arts.jpg","type":"image\/jpeg"}],"author":"Admin","twitter_card":"summary_large_image","twitter_misc":{"Written by":"Admin","Est. reading time":"2 minutes"},"schema":{"@context":"https:\/\/schema.org","@graph":[{"@type":"Article","@id":"https:\/\/casaisabel.es\/el-palacio-de-las-artes-reina-sofia-de-valencia\/#article","isPartOf":{"@id":"https:\/\/casaisabel.es\/el-palacio-de-las-artes-reina-sofia-de-valencia\/"},"author":{"name":"Admin","@id":"https:\/\/casaisabel.es\/#\/schema\/person\/66308f25a39c9cb32c4e78cf8cfa36cf"},"headline":"El Palacio de las Artes Reina Sof\u00eda de Valencia","datePublished":"2026-01-28T00:07:16+00:00","mainEntityOfPage":{"@id":"https:\/\/casaisabel.es\/el-palacio-de-las-artes-reina-sofia-de-valencia\/"},"wordCount":330,"publisher":{"@id":"https:\/\/casaisabel.es\/#organization"},"image":{"@id":"https:\/\/casaisabel.es\/el-palacio-de-las-artes-reina-sofia-de-valencia\/#primaryimage"},"thumbnailUrl":"https:\/\/casaisabel.es\/wp-content\/uploads\/2015\/05\/cisabel_arts.jpg","articleSection":["Lugares emblem\u00e1ticos de Valencia"],"inLanguage":"it-IT"},{"@type":"WebPage","@id":"https:\/\/casaisabel.es\/el-palacio-de-las-artes-reina-sofia-de-valencia\/","url":"https:\/\/casaisabel.es\/el-palacio-de-las-artes-reina-sofia-de-valencia\/","name":"El Palacio de las Artes Reina Sof\u00eda de Valencia - Casa Isabel","isPartOf":{"@id":"https:\/\/casaisabel.es\/#website"},"primaryImageOfPage":{"@id":"https:\/\/casaisabel.es\/el-palacio-de-las-artes-reina-sofia-de-valencia\/#primaryimage"},"image":{"@id":"https:\/\/casaisabel.es\/el-palacio-de-las-artes-reina-sofia-de-valencia\/#primaryimage"},"thumbnailUrl":"https:\/\/casaisabel.es\/wp-content\/uploads\/2015\/05\/cisabel_arts.jpg","datePublished":"2026-01-28T00:07:16+00:00","description":"El Palacio de las Artes Reina Sof\u00eda, obra del arquitecto valenciano Santiago Calatrava, es el teatro de la \u00f3pera de Valencia","breadcrumb":{"@id":"https:\/\/casaisabel.es\/el-palacio-de-las-artes-reina-sofia-de-valencia\/#breadcrumb"},"inLanguage":"it-IT","potentialAction":[{"@type":"ReadAction","target":["https:\/\/casaisabel.es\/el-palacio-de-las-artes-reina-sofia-de-valencia\/"]}]},{"@type":"ImageObject","inLanguage":"it-IT","@id":"https:\/\/casaisabel.es\/el-palacio-de-las-artes-reina-sofia-de-valencia\/#primaryimage","url":"https:\/\/casaisabel.es\/wp-content\/uploads\/2015\/05\/cisabel_arts.jpg","contentUrl":"https:\/\/casaisabel.es\/wp-content\/uploads\/2015\/05\/cisabel_arts.jpg","width":2048,"height":706,"caption":"cisabel_arts"},{"@type":"BreadcrumbList","@id":"https:\/\/casaisabel.es\/el-palacio-de-las-artes-reina-sofia-de-valencia\/#breadcrumb","itemListElement":[{"@type":"ListItem","position":1,"name":"Portada","item":"https:\/\/casaisabel.es\/"},{"@type":"ListItem","position":2,"name":"El Palacio de las Artes Reina Sof\u00eda de Valencia"}]},{"@type":"WebSite","@id":"https:\/\/casaisabel.es\/#website","url":"https:\/\/casaisabel.es\/","name":"Casa Isabel","description":"S\u00f3lo otro sitio de WordPress","publisher":{"@id":"https:\/\/casaisabel.es\/#organization"},"potentialAction":[{"@type":"SearchAction","target":{"@type":"EntryPoint","urlTemplate":"https:\/\/casaisabel.es\/?s={search_term_string}"},"query-input":{"@type":"PropertyValueSpecification","valueRequired":true,"valueName":"search_term_string"}}],"inLanguage":"it-IT"},{"@type":"Organization","@id":"https:\/\/casaisabel.es\/#organization","name":"Casa Isabel","url":"https:\/\/casaisabel.es\/","logo":{"@type":"ImageObject","inLanguage":"it-IT","@id":"https:\/\/casaisabel.es\/#\/schema\/logo\/image\/","url":"https:\/\/casaisabel.es\/wp-content\/uploads\/2023\/09\/casaIsabel.svg","contentUrl":"https:\/\/casaisabel.es\/wp-content\/uploads\/2023\/09\/casaIsabel.svg","width":211,"height":49,"caption":"Casa Isabel"},"image":{"@id":"https:\/\/casaisabel.es\/#\/schema\/logo\/image\/"}},{"@type":"Person","@id":"https:\/\/casaisabel.es\/#\/schema\/person\/66308f25a39c9cb32c4e78cf8cfa36cf","name":"Admin","image":{"@type":"ImageObject","inLanguage":"it-IT","@id":"https:\/\/casaisabel.es\/#\/schema\/person\/image\/","url":"https:\/\/secure.gravatar.com\/avatar\/cfa1bef4e15c827fa091464736c1d269687e21ac8972ec35aec466b4aa06b9c8?s=96&d=mm&r=g","contentUrl":"https:\/\/secure.gravatar.com\/avatar\/cfa1bef4e15c827fa091464736c1d269687e21ac8972ec35aec466b4aa06b9c8?s=96&d=mm&r=g","caption":"Admin"},"url":"https:\/\/casaisabel.es\/it\/author\/admin-2\/"}]}},"_links":{"self":[{"href":"https:\/\/casaisabel.es\/it\/wp-json\/wp\/v2\/posts\/2557","targetHints":{"allow":["GET"]}}],"collection":[{"href":"https:\/\/casaisabel.es\/it\/wp-json\/wp\/v2\/posts"}],"about":[{"href":"https:\/\/casaisabel.es\/it\/wp-json\/wp\/v2\/types\/post"}],"author":[{"embeddable":true,"href":"https:\/\/casaisabel.es\/it\/wp-json\/wp\/v2\/users\/2"}],"replies":[{"embeddable":true,"href":"https:\/\/casaisabel.es\/it\/wp-json\/wp\/v2\/comments?post=2557"}],"version-history":[{"count":0,"href":"https:\/\/casaisabel.es\/it\/wp-json\/wp\/v2\/posts\/2557\/revisions"}],"wp:featuredmedia":[{"embeddable":true,"href":"https:\/\/casaisabel.es\/it\/wp-json\/wp\/v2\/media\/2558"}],"wp:attachment":[{"href":"https:\/\/casaisabel.es\/it\/wp-json\/wp\/v2\/media?parent=2557"}],"wp:term":[{"taxonomy":"category","embeddable":true,"href":"https:\/\/casaisabel.es\/it\/wp-json\/wp\/v2\/categories?post=2557"},{"taxonomy":"post_tag","embeddable":true,"href":"https:\/\/casaisabel.es\/it\/wp-json\/wp\/v2\/tags?post=2557"}],"curies":[{"name":"wp","href":"https:\/\/api.w.org\/{rel}","templated":true}]}}