{"id":2475,"date":"2025-12-04T00:07:16","date_gmt":"2025-12-04T00:07:16","guid":{"rendered":"https:\/\/casaisabel.es\/?p=2475---6af1b73c-e722-4f58-83e8-43fc2e7a83eb"},"modified":"2025-12-04T00:07:16","modified_gmt":"2025-12-04T00:07:16","slug":"valencia-boat-show-2015","status":"publish","type":"post","link":"https:\/\/casaisabel.es\/it\/valencia-boat-show-2015\/","title":{"rendered":"Valencia Boat Show 2015"},"content":{"rendered":"<p style=\"text-align: justify;\">Desde cualquier <a href=\"https:\/\/casaisabel.es\/it\/\" target=\"_blank\" rel=\"noopener noreferrer\"><strong>restaurante de la Malvarrosa o arrocer\u00eda<\/strong><\/a> aut\u00f3ctona es posible disfrutar de eventos como el <a href=\"http:\/\/vlcboatshow.com\/\" target=\"_blank\" rel=\"noopener noreferrer\"><strong>Valencia Boat Show 2015<\/strong><\/a> (que tendr\u00e1 lugar <strong>del 16 al 19 de abril<\/strong>) al tiempo que se degusta una deliciosa <strong>paella en la playa de Valencia<\/strong>.<\/p>\n<p style=\"text-align: justify;\"><strong>Valencia Boat Show 2015 junto a una Paella en la Playa de la Malvarrosa<\/strong><\/p>\n<p style=\"text-align: justify;\">Esta cita, por ejemplo, reunir\u00e1 a lo m\u00e1s granado de las<strong> marcas nacionales e internacionales<\/strong> (cabe destacar la amplia presencia de empresas italianas como <strong>Banks Sails EU, Catmarine o Thermowell di Renato Napoli<\/strong>) en este nuevo <a href=\"http:\/\/www.lovevalencia.com\/evento\/valencia-boat-show-2015\" target=\"_blank\" rel=\"noopener noreferrer\">evento del <strong>Sal\u00f3n N\u00e1utico<\/strong><\/a>, donde se podr\u00e1n conocer todas las <strong>novedades del sector<\/strong>, incluidas las actividades que se desarrollar\u00e1n, paralelamente, con el mar como protagonista. Cerca de <strong>100 empresas<\/strong> expondr\u00e1n sus productos, entre las que sobresalen <strong>Berto Talleres Navales<\/strong>, un cl\u00e1sico que repite; y <strong>Eric Zobel<\/strong>, una de las empresas n\u00e1uticas m\u00e1s prestigiosas y con un consolidado <strong>servicio de corredur\u00eda<\/strong>, que participa por primera vez en <strong>Valencia Boat Show<\/strong> con sus marcas <strong>Riviera, Marlow, Viking, Sunseeker, Chris-Craft, Montefino y Selene,<\/strong> de las cuales es importadora.<\/p>\n<p style=\"text-align: justify;\">Los <strong>m\u00e1s de 50.000 visitantes<\/strong> (seg\u00fan las previsiones) podr\u00e1n recorrer en esta exposici\u00f3n de <strong>acceso libre<\/strong>, que cuenta, adem\u00e1s, con numerosas <strong>ofertas paralelas de ocio, deporte y gastronom\u00eda<\/strong> (Valencia Boat Show coincide con la <strong>Feria de la Tapa Marinera<\/strong>, instalada junto al edificio <strong>Veles e Vents<\/strong>, un aliciente m\u00e1s para acercarse a <strong>Valencia<\/strong> estos d\u00edas). Para mayor facilidad, al igual que en anteriores convocatorias, los visitantes disfrutar\u00e1n de <strong>dos horas de aparcamiento<\/strong> gratuito (el parking tiene capacidad para unos 800 veh\u00edculos).<\/p>\n<p style=\"text-align: justify;\">Para los visitantes que viene desde fuera de la Comunidad Valenciana, aparte, existe un motivo m\u00e1s para visitar la ciudad y la <strong>Marina Real Juan Carlos I<\/strong> (donde tendr\u00e1 lugar la nueva edici\u00f3n de <strong>Valencia Boat Show 2015<\/strong>): las inmejorables vistas en 360\u00ba y de hasta 30 kil\u00f3metros a la redonda que ofrece, desde sus 70 metros de altura, la <a href=\"http:\/\/miradorvalencia.com\/\" target=\"_blank\" rel=\"noopener noreferrer\"><strong>noria Mirador Valencia<\/strong><\/a>.<\/p>\n<p style=\"text-align: justify;\"><a href=\"http:\/\/www.deportevalencia.com\/wp-content\/uploads\/2015\/01\/boat_show.jpg\" target=\"_blank\" rel=\"noopener noreferrer\">Imagen<\/a><\/p>","protected":false},"excerpt":{"rendered":"<p>Desde cualquier restaurante de la Malvarrosa o arrocer\u00eda aut\u00f3ctona es posible disfrutar de eventos como el Valencia Boat Show 2015 (que tendr\u00e1 lugar del 16 al 19 de abril) al tiempo que se degusta una deliciosa paella en la playa de Valencia. Valencia Boat Show 2015 junto a una Paella en la Playa de la [&hellip;]<\/p>","protected":false},"author":2,"featured_media":2480,"comment_status":"closed","ping_status":"closed","sticky":false,"template":"","format":"standard","meta":{"site-sidebar-layout":"default","site-content-layout":"","ast-site-content-layout":"","site-content-style":"default","site-sidebar-style":"default","ast-global-header-display":"","ast-banner-title-visibility":"","ast-main-header-display":"","ast-hfb-above-header-display":"","ast-hfb-below-header-display":"","ast-hfb-mobile-header-display":"","site-post-title":"","ast-breadcrumbs-content":"","ast-featured-img":"","footer-sml-layout":"","theme-transparent-header-meta":"","adv-header-id-meta":"","stick-header-meta":"","header-above-stick-meta":"","header-main-stick-meta":"","header-below-stick-meta":"","astra-migrate-meta-layouts":"default","ast-page-background-enabled":"default","ast-page-background-meta":{"desktop":{"background-color":"var(--ast-global-color-4)","background-image":"","background-repeat":"repeat","background-position":"center center","background-size":"auto","background-attachment":"scroll","background-type":"","background-media":"","overlay-type":"","overlay-color":"","overlay-opacity":"","overlay-gradient":""},"tablet":{"background-color":"","background-image":"","background-repeat":"repeat","background-position":"center center","background-size":"auto","background-attachment":"scroll","background-type":"","background-media":"","overlay-type":"","overlay-color":"","overlay-opacity":"","overlay-gradient":""},"mobile":{"background-color":"","background-image":"","background-repeat":"repeat","background-position":"center center","background-size":"auto","background-attachment":"scroll","background-type":"","background-media":"","overlay-type":"","overlay-color":"","overlay-opacity":"","overlay-gradient":""}},"ast-content-background-meta":{"desktop":{"background-color":"var(--ast-global-color-5)","background-image":"","background-repeat":"repeat","background-position":"center center","background-size":"auto","background-attachment":"scroll","background-type":"","background-media":"","overlay-type":"","overlay-color":"","overlay-opacity":"","overlay-gradient":""},"tablet":{"background-color":"var(--ast-global-color-5)","background-image":"","background-repeat":"repeat","background-position":"center center","background-size":"auto","background-attachment":"scroll","background-type":"","background-media":"","overlay-type":"","overlay-color":"","overlay-opacity":"","overlay-gradient":""},"mobile":{"background-color":"var(--ast-global-color-5)","background-image":"","background-repeat":"repeat","background-position":"center center","background-size":"auto","background-attachment":"scroll","background-type":"","background-media":"","overlay-type":"","overlay-color":"","overlay-opacity":"","overlay-gradient":""}},"footnotes":""},"categories":[7],"tags":[],"class_list":["post-2475","post","type-post","status-publish","format-standard","has-post-thumbnail","hentry","category-actualidad-y-eventos"],"yoast_head":"<!-- This site is optimized with the Yoast SEO plugin v25.6 - https:\/\/yoast.com\/wordpress\/plugins\/seo\/ -->\n<title>Valencia Boat Show 2015 - Casa Isabel<\/title>\n<meta name=\"description\" content=\"Valencia Boat Show 2015 junto a una Paella en la Playa de la Malvarrosa\" \/>\n<meta name=\"robots\" content=\"index, follow, max-snippet:-1, max-image-preview:large, max-video-preview:-1\" \/>\n<link rel=\"canonical\" href=\"https:\/\/casaisabel.es\/it\/valencia-boat-show-2015\/\" \/>\n<meta property=\"og:locale\" content=\"it_IT\" \/>\n<meta property=\"og:type\" content=\"article\" \/>\n<meta property=\"og:title\" content=\"Valencia Boat Show 2015 - Casa Isabel\" \/>\n<meta property=\"og:description\" content=\"Valencia Boat Show 2015 junto a una Paella en la Playa de la Malvarrosa\" \/>\n<meta property=\"og:url\" content=\"https:\/\/casaisabel.es\/it\/valencia-boat-show-2015\/\" \/>\n<meta property=\"og:site_name\" content=\"Casa Isabel\" \/>\n<meta property=\"article:published_time\" content=\"2025-12-04T00:07:16+00:00\" \/>\n<meta property=\"og:image\" content=\"https:\/\/casaisabel.es\/wp-content\/uploads\/2015\/04\/boat_show.jpg\" \/>\n\t<meta property=\"og:image:width\" content=\"1280\" \/>\n\t<meta property=\"og:image:height\" content=\"850\" \/>\n\t<meta property=\"og:image:type\" content=\"image\/jpeg\" \/>\n<meta name=\"author\" content=\"Admin\" \/>\n<meta name=\"twitter:card\" content=\"summary_large_image\" \/>\n<meta name=\"twitter:label1\" content=\"Written by\" \/>\n\t<meta name=\"twitter:data1\" content=\"Admin\" \/>\n\t<meta name=\"twitter:label2\" content=\"Est. reading time\" \/>\n\t<meta name=\"twitter:data2\" content=\"2 minutes\" \/>\n<script type=\"application\/ld+json\" class=\"yoast-schema-graph\">{\"@context\":\"https:\/\/schema.org\",\"@graph\":[{\"@type\":\"Article\",\"@id\":\"https:\/\/casaisabel.es\/valencia-boat-show-2015\/#article\",\"isPartOf\":{\"@id\":\"https:\/\/casaisabel.es\/valencia-boat-show-2015\/\"},\"author\":{\"name\":\"Admin\",\"@id\":\"https:\/\/casaisabel.es\/#\/schema\/person\/66308f25a39c9cb32c4e78cf8cfa36cf\"},\"headline\":\"Valencia Boat Show 2015\",\"datePublished\":\"2025-12-04T00:07:16+00:00\",\"mainEntityOfPage\":{\"@id\":\"https:\/\/casaisabel.es\/valencia-boat-show-2015\/\"},\"wordCount\":339,\"publisher\":{\"@id\":\"https:\/\/casaisabel.es\/#organization\"},\"image\":{\"@id\":\"https:\/\/casaisabel.es\/valencia-boat-show-2015\/#primaryimage\"},\"thumbnailUrl\":\"https:\/\/casaisabel.es\/wp-content\/uploads\/2015\/04\/boat_show.jpg\",\"articleSection\":[\"Actualidad y eventos\"],\"inLanguage\":\"it-IT\"},{\"@type\":\"WebPage\",\"@id\":\"https:\/\/casaisabel.es\/valencia-boat-show-2015\/\",\"url\":\"https:\/\/casaisabel.es\/valencia-boat-show-2015\/\",\"name\":\"Valencia Boat Show 2015 - Casa Isabel\",\"isPartOf\":{\"@id\":\"https:\/\/casaisabel.es\/#website\"},\"primaryImageOfPage\":{\"@id\":\"https:\/\/casaisabel.es\/valencia-boat-show-2015\/#primaryimage\"},\"image\":{\"@id\":\"https:\/\/casaisabel.es\/valencia-boat-show-2015\/#primaryimage\"},\"thumbnailUrl\":\"https:\/\/casaisabel.es\/wp-content\/uploads\/2015\/04\/boat_show.jpg\",\"datePublished\":\"2025-12-04T00:07:16+00:00\",\"description\":\"Valencia Boat Show 2015 junto a una Paella en la Playa de la Malvarrosa\",\"breadcrumb\":{\"@id\":\"https:\/\/casaisabel.es\/valencia-boat-show-2015\/#breadcrumb\"},\"inLanguage\":\"it-IT\",\"potentialAction\":[{\"@type\":\"ReadAction\",\"target\":[\"https:\/\/casaisabel.es\/valencia-boat-show-2015\/\"]}]},{\"@type\":\"ImageObject\",\"inLanguage\":\"it-IT\",\"@id\":\"https:\/\/casaisabel.es\/valencia-boat-show-2015\/#primaryimage\",\"url\":\"https:\/\/casaisabel.es\/wp-content\/uploads\/2015\/04\/boat_show.jpg\",\"contentUrl\":\"https:\/\/casaisabel.es\/wp-content\/uploads\/2015\/04\/boat_show.jpg\",\"width\":1280,\"height\":850,\"caption\":\"Valencia Boat Show 2015\"},{\"@type\":\"BreadcrumbList\",\"@id\":\"https:\/\/casaisabel.es\/valencia-boat-show-2015\/#breadcrumb\",\"itemListElement\":[{\"@type\":\"ListItem\",\"position\":1,\"name\":\"Portada\",\"item\":\"https:\/\/casaisabel.es\/\"},{\"@type\":\"ListItem\",\"position\":2,\"name\":\"Valencia Boat Show 2015\"}]},{\"@type\":\"WebSite\",\"@id\":\"https:\/\/casaisabel.es\/#website\",\"url\":\"https:\/\/casaisabel.es\/\",\"name\":\"Casa Isabel\",\"description\":\"S\u00f3lo otro sitio de WordPress\",\"publisher\":{\"@id\":\"https:\/\/casaisabel.es\/#organization\"},\"potentialAction\":[{\"@type\":\"SearchAction\",\"target\":{\"@type\":\"EntryPoint\",\"urlTemplate\":\"https:\/\/casaisabel.es\/?s={search_term_string}\"},\"query-input\":{\"@type\":\"PropertyValueSpecification\",\"valueRequired\":true,\"valueName\":\"search_term_string\"}}],\"inLanguage\":\"it-IT\"},{\"@type\":\"Organization\",\"@id\":\"https:\/\/casaisabel.es\/#organization\",\"name\":\"Casa Isabel\",\"url\":\"https:\/\/casaisabel.es\/\",\"logo\":{\"@type\":\"ImageObject\",\"inLanguage\":\"it-IT\",\"@id\":\"https:\/\/casaisabel.es\/#\/schema\/logo\/image\/\",\"url\":\"https:\/\/casaisabel.es\/wp-content\/uploads\/2023\/09\/casaIsabel.svg\",\"contentUrl\":\"https:\/\/casaisabel.es\/wp-content\/uploads\/2023\/09\/casaIsabel.svg\",\"width\":211,\"height\":49,\"caption\":\"Casa Isabel\"},\"image\":{\"@id\":\"https:\/\/casaisabel.es\/#\/schema\/logo\/image\/\"}},{\"@type\":\"Person\",\"@id\":\"https:\/\/casaisabel.es\/#\/schema\/person\/66308f25a39c9cb32c4e78cf8cfa36cf\",\"name\":\"Admin\",\"image\":{\"@type\":\"ImageObject\",\"inLanguage\":\"it-IT\",\"@id\":\"https:\/\/casaisabel.es\/#\/schema\/person\/image\/\",\"url\":\"https:\/\/secure.gravatar.com\/avatar\/cfa1bef4e15c827fa091464736c1d269687e21ac8972ec35aec466b4aa06b9c8?s=96&d=mm&r=g\",\"contentUrl\":\"https:\/\/secure.gravatar.com\/avatar\/cfa1bef4e15c827fa091464736c1d269687e21ac8972ec35aec466b4aa06b9c8?s=96&d=mm&r=g\",\"caption\":\"Admin\"},\"url\":\"https:\/\/casaisabel.es\/it\/author\/admin-2\/\"}]}<\/script>\n<!-- \/ Yoast SEO plugin. -->","yoast_head_json":{"title":"Valencia Boat Show 2015 - Casa Isabel","description":"Valencia Boat Show 2015 junto a una Paella en la Playa de la Malvarrosa","robots":{"index":"index","follow":"follow","max-snippet":"max-snippet:-1","max-image-preview":"max-image-preview:large","max-video-preview":"max-video-preview:-1"},"canonical":"https:\/\/casaisabel.es\/it\/valencia-boat-show-2015\/","og_locale":"it_IT","og_type":"article","og_title":"Valencia Boat Show 2015 - Casa Isabel","og_description":"Valencia Boat Show 2015 junto a una Paella en la Playa de la Malvarrosa","og_url":"https:\/\/casaisabel.es\/it\/valencia-boat-show-2015\/","og_site_name":"Casa Isabel","article_published_time":"2025-12-04T00:07:16+00:00","og_image":[{"width":1280,"height":850,"url":"https:\/\/casaisabel.es\/wp-content\/uploads\/2015\/04\/boat_show.jpg","type":"image\/jpeg"}],"author":"Admin","twitter_card":"summary_large_image","twitter_misc":{"Written by":"Admin","Est. reading time":"2 minutes"},"schema":{"@context":"https:\/\/schema.org","@graph":[{"@type":"Article","@id":"https:\/\/casaisabel.es\/valencia-boat-show-2015\/#article","isPartOf":{"@id":"https:\/\/casaisabel.es\/valencia-boat-show-2015\/"},"author":{"name":"Admin","@id":"https:\/\/casaisabel.es\/#\/schema\/person\/66308f25a39c9cb32c4e78cf8cfa36cf"},"headline":"Valencia Boat Show 2015","datePublished":"2025-12-04T00:07:16+00:00","mainEntityOfPage":{"@id":"https:\/\/casaisabel.es\/valencia-boat-show-2015\/"},"wordCount":339,"publisher":{"@id":"https:\/\/casaisabel.es\/#organization"},"image":{"@id":"https:\/\/casaisabel.es\/valencia-boat-show-2015\/#primaryimage"},"thumbnailUrl":"https:\/\/casaisabel.es\/wp-content\/uploads\/2015\/04\/boat_show.jpg","articleSection":["Actualidad y eventos"],"inLanguage":"it-IT"},{"@type":"WebPage","@id":"https:\/\/casaisabel.es\/valencia-boat-show-2015\/","url":"https:\/\/casaisabel.es\/valencia-boat-show-2015\/","name":"Valencia Boat Show 2015 - Casa Isabel","isPartOf":{"@id":"https:\/\/casaisabel.es\/#website"},"primaryImageOfPage":{"@id":"https:\/\/casaisabel.es\/valencia-boat-show-2015\/#primaryimage"},"image":{"@id":"https:\/\/casaisabel.es\/valencia-boat-show-2015\/#primaryimage"},"thumbnailUrl":"https:\/\/casaisabel.es\/wp-content\/uploads\/2015\/04\/boat_show.jpg","datePublished":"2025-12-04T00:07:16+00:00","description":"Valencia Boat Show 2015 junto a una Paella en la Playa de la Malvarrosa","breadcrumb":{"@id":"https:\/\/casaisabel.es\/valencia-boat-show-2015\/#breadcrumb"},"inLanguage":"it-IT","potentialAction":[{"@type":"ReadAction","target":["https:\/\/casaisabel.es\/valencia-boat-show-2015\/"]}]},{"@type":"ImageObject","inLanguage":"it-IT","@id":"https:\/\/casaisabel.es\/valencia-boat-show-2015\/#primaryimage","url":"https:\/\/casaisabel.es\/wp-content\/uploads\/2015\/04\/boat_show.jpg","contentUrl":"https:\/\/casaisabel.es\/wp-content\/uploads\/2015\/04\/boat_show.jpg","width":1280,"height":850,"caption":"Valencia Boat Show 2015"},{"@type":"BreadcrumbList","@id":"https:\/\/casaisabel.es\/valencia-boat-show-2015\/#breadcrumb","itemListElement":[{"@type":"ListItem","position":1,"name":"Portada","item":"https:\/\/casaisabel.es\/"},{"@type":"ListItem","position":2,"name":"Valencia Boat Show 2015"}]},{"@type":"WebSite","@id":"https:\/\/casaisabel.es\/#website","url":"https:\/\/casaisabel.es\/","name":"Casa Isabel","description":"S\u00f3lo otro sitio de WordPress","publisher":{"@id":"https:\/\/casaisabel.es\/#organization"},"potentialAction":[{"@type":"SearchAction","target":{"@type":"EntryPoint","urlTemplate":"https:\/\/casaisabel.es\/?s={search_term_string}"},"query-input":{"@type":"PropertyValueSpecification","valueRequired":true,"valueName":"search_term_string"}}],"inLanguage":"it-IT"},{"@type":"Organization","@id":"https:\/\/casaisabel.es\/#organization","name":"Casa Isabel","url":"https:\/\/casaisabel.es\/","logo":{"@type":"ImageObject","inLanguage":"it-IT","@id":"https:\/\/casaisabel.es\/#\/schema\/logo\/image\/","url":"https:\/\/casaisabel.es\/wp-content\/uploads\/2023\/09\/casaIsabel.svg","contentUrl":"https:\/\/casaisabel.es\/wp-content\/uploads\/2023\/09\/casaIsabel.svg","width":211,"height":49,"caption":"Casa Isabel"},"image":{"@id":"https:\/\/casaisabel.es\/#\/schema\/logo\/image\/"}},{"@type":"Person","@id":"https:\/\/casaisabel.es\/#\/schema\/person\/66308f25a39c9cb32c4e78cf8cfa36cf","name":"Admin","image":{"@type":"ImageObject","inLanguage":"it-IT","@id":"https:\/\/casaisabel.es\/#\/schema\/person\/image\/","url":"https:\/\/secure.gravatar.com\/avatar\/cfa1bef4e15c827fa091464736c1d269687e21ac8972ec35aec466b4aa06b9c8?s=96&d=mm&r=g","contentUrl":"https:\/\/secure.gravatar.com\/avatar\/cfa1bef4e15c827fa091464736c1d269687e21ac8972ec35aec466b4aa06b9c8?s=96&d=mm&r=g","caption":"Admin"},"url":"https:\/\/casaisabel.es\/it\/author\/admin-2\/"}]}},"_links":{"self":[{"href":"https:\/\/casaisabel.es\/it\/wp-json\/wp\/v2\/posts\/2475","targetHints":{"allow":["GET"]}}],"collection":[{"href":"https:\/\/casaisabel.es\/it\/wp-json\/wp\/v2\/posts"}],"about":[{"href":"https:\/\/casaisabel.es\/it\/wp-json\/wp\/v2\/types\/post"}],"author":[{"embeddable":true,"href":"https:\/\/casaisabel.es\/it\/wp-json\/wp\/v2\/users\/2"}],"replies":[{"embeddable":true,"href":"https:\/\/casaisabel.es\/it\/wp-json\/wp\/v2\/comments?post=2475"}],"version-history":[{"count":0,"href":"https:\/\/casaisabel.es\/it\/wp-json\/wp\/v2\/posts\/2475\/revisions"}],"wp:featuredmedia":[{"embeddable":true,"href":"https:\/\/casaisabel.es\/it\/wp-json\/wp\/v2\/media\/2480"}],"wp:attachment":[{"href":"https:\/\/casaisabel.es\/it\/wp-json\/wp\/v2\/media?parent=2475"}],"wp:term":[{"taxonomy":"category","embeddable":true,"href":"https:\/\/casaisabel.es\/it\/wp-json\/wp\/v2\/categories?post=2475"},{"taxonomy":"post_tag","embeddable":true,"href":"https:\/\/casaisabel.es\/it\/wp-json\/wp\/v2\/tags?post=2475"}],"curies":[{"name":"wp","href":"https:\/\/api.w.org\/{rel}","templated":true}]}}