{"id":2450,"date":"2026-01-17T00:05:03","date_gmt":"2026-01-17T00:05:03","guid":{"rendered":"https:\/\/casaisabel.es\/?p=2450---6f1b20b9-7dde-412d-9dae-c12cdb2513b7"},"modified":"2026-01-17T00:05:03","modified_gmt":"2026-01-17T00:05:03","slug":"fervor-tradicion-y-la-infaltable-paella-valenciana-en-la-semana-santa-marinera","status":"publish","type":"post","link":"https:\/\/casaisabel.es\/it\/fervor-tradicion-y-la-infaltable-paella-valenciana-en-la-semana-santa-marinera\/","title":{"rendered":"Fervor, tradici\u00f3n y paella valenciana en la Semana Santa Marinera"},"content":{"rendered":"<p style=\"text-align: justify;\">Los barrios de Grau, Cabanyal y Canyamelar, celebraron del 26 de marzo al 5 de abril, la tradicional <strong>Semana Santa Marinera junto a la <a href=\"https:\/\/casaisabel.es\/it\/ristoranti-sulla-spiaggia-malvarrosa\/\" target=\"_blank\" rel=\"noopener noreferrer\">playa de Valencia<\/a>.\u00a0Durante 11 d\u00edas, las procesiones m\u00e1s conocidas de la ciudad recorrieron algunas calles y avenidas de este distrito<\/strong>, recordando la pasi\u00f3n, muerte y resurrecci\u00f3n de Jesucristo.<!--more--><\/p>\n<p style=\"text-align: justify;\"><strong>Una forma diferente de vivir la tradici\u00f3n y la pasi\u00f3n cristiana<\/strong><\/p>\n<p style=\"text-align: justify;\"><strong>Redoble de tambores, olor a cera y un intenso fervor protagonizan esta <a href=\"http:\/\/www.semanasantamarinera.org\" target=\"_blank\" rel=\"noopener noreferrer\">festividad<\/a><\/strong>, en la que unas 30 cofrad\u00edas se encargan de darle un car\u00e1cter distinto al de otras regiones.\u00a0Entre sus particularidades,<strong> destaca el ritual de recogida de los personajes b\u00edblicos, as\u00ed como las corporaciones armadas vestidas con sayones, como lo hac\u00edan los soldados romanos<\/strong>.<\/p>\n<p style=\"text-align: justify;\"><strong>Viernes Santo<\/strong> es un d\u00eda clave, pues <strong>desde la orilla los fieles pronuncian una oraci\u00f3n por los fallecidos en el mar<\/strong>. Al anochecer, tiene lugar una de las procesiones m\u00e1s esperadas, la del Santo Entierro.<\/p>\n<p style=\"text-align: justify;\"><strong>El S\u00e1bado y Domingo de Resurrecci\u00f3n<\/strong> no son menos intensos. La tristeza deja paso a la alegr\u00eda y lo viejo a lo nuevo. <strong>El agua es lanzada por los balcones de manera simb\u00f3lica y el ruido de las tracas, la suelta de palomas y las ofrendas de flores dan muestra de este sentimiento<\/strong>.<\/p>\n<p style=\"text-align: justify;\">Es tambi\u00e9n el momento en el que <strong>muchos aprovechan para degustar la <a href=\"https:\/\/casaisabel.es\/it\/arroz-en-valencia\/\" target=\"_blank\" rel=\"noopener noreferrer\">rica gastronom\u00eda<\/a> de esta tierra, un placer para los sentidos como lo es la famosa paella valenciana<\/strong>, en cualquier arrocer\u00eda o restaurante de la Malvarrosa, especializados en la elaboraci\u00f3n de este plato tradicional de la zona.<\/p>\n<p style=\"text-align: justify;\">Por \u00faltimo, se realiza <strong>la Procesi\u00f3n de las Luces, en referencia a los cirios que portaban los marineros para acompa\u00f1ar al Sant\u00edsimo Sacramento hasta las casas de quienes no pod\u00edan acudir a las parroquias<\/strong>. Se finaliza con el Desfile de Resurrecci\u00f3n, que da por concluida esta <strong>fiesta de gran <a href=\"http:\/\/www.lovevalencia.com\/semana-santa-marinera\" target=\"_blank\" rel=\"noopener noreferrer\">inter\u00e9s tur\u00edstico<\/a> nacional.<\/strong><\/p>\n<p style=\"text-align: justify;\"><a href=\"https:\/\/www.flickr.com\/photos\/ydejaloserpanqueque\/4501070712\/in\/photolist-7RKavs-7RFXKB-7Ru7fU-6cNUGW-bRFkL2-7RG4sX-7RqR2F-7RuJN9-6cKL6e-7QexmX-8ACo5U-bRFiVg-8ACmBY-bCMrTE-bCMmky-bCMsTm-bRGatF-bRG1Hk-bCMhk7-bRG2Pa-bCMk7s-bRG95r-bRG2C8-bRG2DM-bCMoq5-bCMoFw-bRG1Vk-bRG7Ki-bCMhD5-bRGde4-bRG9PB-bRGawp-bCMmcu-bCMnN3-bRG3cB-bRGb3H-bRGc2M-bRG3nc-bCMsUJ-bRGacR-bCMp7C-bCMjmS-bRGaL6-bRGbhT-bRGcYF-bCMkEo-bRG2gx-8AzjBH-8AzdxB-8Azgw8\" target=\"_blank\" rel=\"noopener noreferrer\">Imagen<\/a>.<\/p>","protected":false},"excerpt":{"rendered":"<p>Los barrios de Grau, Cabanyal y Canyamelar, celebraron del 26 de marzo al 5 de abril, la tradicional Semana Santa Marinera junto a la playa de Valencia.\u00a0Durante 11 d\u00edas, las procesiones m\u00e1s conocidas de la ciudad recorrieron algunas calles y avenidas de este distrito, recordando la pasi\u00f3n, muerte y resurrecci\u00f3n de Jesucristo.<\/p>","protected":false},"author":2,"featured_media":2451,"comment_status":"closed","ping_status":"closed","sticky":false,"template":"","format":"standard","meta":{"site-sidebar-layout":"default","site-content-layout":"","ast-site-content-layout":"","site-content-style":"default","site-sidebar-style":"default","ast-global-header-display":"","ast-banner-title-visibility":"","ast-main-header-display":"","ast-hfb-above-header-display":"","ast-hfb-below-header-display":"","ast-hfb-mobile-header-display":"","site-post-title":"","ast-breadcrumbs-content":"","ast-featured-img":"","footer-sml-layout":"","theme-transparent-header-meta":"","adv-header-id-meta":"","stick-header-meta":"","header-above-stick-meta":"","header-main-stick-meta":"","header-below-stick-meta":"","astra-migrate-meta-layouts":"default","ast-page-background-enabled":"default","ast-page-background-meta":{"desktop":{"background-color":"var(--ast-global-color-4)","background-image":"","background-repeat":"repeat","background-position":"center center","background-size":"auto","background-attachment":"scroll","background-type":"","background-media":"","overlay-type":"","overlay-color":"","overlay-opacity":"","overlay-gradient":""},"tablet":{"background-color":"","background-image":"","background-repeat":"repeat","background-position":"center center","background-size":"auto","background-attachment":"scroll","background-type":"","background-media":"","overlay-type":"","overlay-color":"","overlay-opacity":"","overlay-gradient":""},"mobile":{"background-color":"","background-image":"","background-repeat":"repeat","background-position":"center center","background-size":"auto","background-attachment":"scroll","background-type":"","background-media":"","overlay-type":"","overlay-color":"","overlay-opacity":"","overlay-gradient":""}},"ast-content-background-meta":{"desktop":{"background-color":"var(--ast-global-color-5)","background-image":"","background-repeat":"repeat","background-position":"center center","background-size":"auto","background-attachment":"scroll","background-type":"","background-media":"","overlay-type":"","overlay-color":"","overlay-opacity":"","overlay-gradient":""},"tablet":{"background-color":"var(--ast-global-color-5)","background-image":"","background-repeat":"repeat","background-position":"center center","background-size":"auto","background-attachment":"scroll","background-type":"","background-media":"","overlay-type":"","overlay-color":"","overlay-opacity":"","overlay-gradient":""},"mobile":{"background-color":"var(--ast-global-color-5)","background-image":"","background-repeat":"repeat","background-position":"center center","background-size":"auto","background-attachment":"scroll","background-type":"","background-media":"","overlay-type":"","overlay-color":"","overlay-opacity":"","overlay-gradient":""}},"footnotes":""},"categories":[7],"tags":[],"class_list":["post-2450","post","type-post","status-publish","format-standard","has-post-thumbnail","hentry","category-actualidad-y-eventos"],"yoast_head":"<!-- This site is optimized with the Yoast SEO plugin v25.6 - https:\/\/yoast.com\/wordpress\/plugins\/seo\/ -->\n<title>Fervor y tradici\u00f3n en la Semana Santa Marinera de Valencia<\/title>\n<meta name=\"description\" content=\"Una forma diferente de vivir la tradici\u00f3n y la pasi\u00f3n cristiana\" \/>\n<meta name=\"robots\" content=\"index, follow, max-snippet:-1, max-image-preview:large, max-video-preview:-1\" \/>\n<link rel=\"canonical\" href=\"https:\/\/casaisabel.es\/it\/fervor-tradicion-y-la-infaltable-paella-valenciana-en-la-semana-santa-marinera\/\" \/>\n<meta property=\"og:locale\" content=\"it_IT\" \/>\n<meta property=\"og:type\" content=\"article\" \/>\n<meta property=\"og:title\" content=\"Fervor y tradici\u00f3n en la Semana Santa Marinera de Valencia\" \/>\n<meta property=\"og:description\" content=\"Una forma diferente de vivir la tradici\u00f3n y la pasi\u00f3n cristiana\" \/>\n<meta property=\"og:url\" content=\"https:\/\/casaisabel.es\/it\/fervor-tradicion-y-la-infaltable-paella-valenciana-en-la-semana-santa-marinera\/\" \/>\n<meta property=\"og:site_name\" content=\"Casa Isabel\" \/>\n<meta property=\"article:published_time\" content=\"2026-01-17T00:05:03+00:00\" \/>\n<meta property=\"og:image\" content=\"https:\/\/casaisabel.es\/wp-content\/uploads\/2015\/03\/4501070712_cc58b5399a_o.jpg\" \/>\n\t<meta property=\"og:image:width\" content=\"968\" \/>\n\t<meta property=\"og:image:height\" content=\"395\" \/>\n\t<meta property=\"og:image:type\" content=\"image\/jpeg\" \/>\n<meta name=\"author\" content=\"Admin\" \/>\n<meta name=\"twitter:card\" content=\"summary_large_image\" \/>\n<meta name=\"twitter:label1\" content=\"Written by\" \/>\n\t<meta name=\"twitter:data1\" content=\"Admin\" \/>\n\t<meta name=\"twitter:label2\" content=\"Est. reading time\" \/>\n\t<meta name=\"twitter:data2\" content=\"2 minutes\" \/>\n<script type=\"application\/ld+json\" class=\"yoast-schema-graph\">{\"@context\":\"https:\/\/schema.org\",\"@graph\":[{\"@type\":\"Article\",\"@id\":\"https:\/\/casaisabel.es\/fervor-tradicion-y-la-infaltable-paella-valenciana-en-la-semana-santa-marinera\/#article\",\"isPartOf\":{\"@id\":\"https:\/\/casaisabel.es\/fervor-tradicion-y-la-infaltable-paella-valenciana-en-la-semana-santa-marinera\/\"},\"author\":{\"name\":\"Admin\",\"@id\":\"https:\/\/casaisabel.es\/#\/schema\/person\/66308f25a39c9cb32c4e78cf8cfa36cf\"},\"headline\":\"Fervor, tradici\u00f3n y paella valenciana en la Semana Santa Marinera\",\"datePublished\":\"2026-01-17T00:05:03+00:00\",\"mainEntityOfPage\":{\"@id\":\"https:\/\/casaisabel.es\/fervor-tradicion-y-la-infaltable-paella-valenciana-en-la-semana-santa-marinera\/\"},\"wordCount\":344,\"publisher\":{\"@id\":\"https:\/\/casaisabel.es\/#organization\"},\"image\":{\"@id\":\"https:\/\/casaisabel.es\/fervor-tradicion-y-la-infaltable-paella-valenciana-en-la-semana-santa-marinera\/#primaryimage\"},\"thumbnailUrl\":\"https:\/\/casaisabel.es\/wp-content\/uploads\/2015\/03\/4501070712_cc58b5399a_o.jpg\",\"articleSection\":[\"Actualidad y eventos\"],\"inLanguage\":\"it-IT\"},{\"@type\":\"WebPage\",\"@id\":\"https:\/\/casaisabel.es\/fervor-tradicion-y-la-infaltable-paella-valenciana-en-la-semana-santa-marinera\/\",\"url\":\"https:\/\/casaisabel.es\/fervor-tradicion-y-la-infaltable-paella-valenciana-en-la-semana-santa-marinera\/\",\"name\":\"Fervor y tradici\u00f3n en la Semana Santa Marinera de Valencia\",\"isPartOf\":{\"@id\":\"https:\/\/casaisabel.es\/#website\"},\"primaryImageOfPage\":{\"@id\":\"https:\/\/casaisabel.es\/fervor-tradicion-y-la-infaltable-paella-valenciana-en-la-semana-santa-marinera\/#primaryimage\"},\"image\":{\"@id\":\"https:\/\/casaisabel.es\/fervor-tradicion-y-la-infaltable-paella-valenciana-en-la-semana-santa-marinera\/#primaryimage\"},\"thumbnailUrl\":\"https:\/\/casaisabel.es\/wp-content\/uploads\/2015\/03\/4501070712_cc58b5399a_o.jpg\",\"datePublished\":\"2026-01-17T00:05:03+00:00\",\"description\":\"Una forma diferente de vivir la tradici\u00f3n y la pasi\u00f3n cristiana\",\"breadcrumb\":{\"@id\":\"https:\/\/casaisabel.es\/fervor-tradicion-y-la-infaltable-paella-valenciana-en-la-semana-santa-marinera\/#breadcrumb\"},\"inLanguage\":\"it-IT\",\"potentialAction\":[{\"@type\":\"ReadAction\",\"target\":[\"https:\/\/casaisabel.es\/fervor-tradicion-y-la-infaltable-paella-valenciana-en-la-semana-santa-marinera\/\"]}]},{\"@type\":\"ImageObject\",\"inLanguage\":\"it-IT\",\"@id\":\"https:\/\/casaisabel.es\/fervor-tradicion-y-la-infaltable-paella-valenciana-en-la-semana-santa-marinera\/#primaryimage\",\"url\":\"https:\/\/casaisabel.es\/wp-content\/uploads\/2015\/03\/4501070712_cc58b5399a_o.jpg\",\"contentUrl\":\"https:\/\/casaisabel.es\/wp-content\/uploads\/2015\/03\/4501070712_cc58b5399a_o.jpg\",\"width\":968,\"height\":395,\"caption\":\"Semana Santa Marinera\"},{\"@type\":\"BreadcrumbList\",\"@id\":\"https:\/\/casaisabel.es\/fervor-tradicion-y-la-infaltable-paella-valenciana-en-la-semana-santa-marinera\/#breadcrumb\",\"itemListElement\":[{\"@type\":\"ListItem\",\"position\":1,\"name\":\"Portada\",\"item\":\"https:\/\/casaisabel.es\/\"},{\"@type\":\"ListItem\",\"position\":2,\"name\":\"Fervor, tradici\u00f3n y paella valenciana en la Semana Santa Marinera\"}]},{\"@type\":\"WebSite\",\"@id\":\"https:\/\/casaisabel.es\/#website\",\"url\":\"https:\/\/casaisabel.es\/\",\"name\":\"Casa Isabel\",\"description\":\"S\u00f3lo otro sitio de WordPress\",\"publisher\":{\"@id\":\"https:\/\/casaisabel.es\/#organization\"},\"potentialAction\":[{\"@type\":\"SearchAction\",\"target\":{\"@type\":\"EntryPoint\",\"urlTemplate\":\"https:\/\/casaisabel.es\/?s={search_term_string}\"},\"query-input\":{\"@type\":\"PropertyValueSpecification\",\"valueRequired\":true,\"valueName\":\"search_term_string\"}}],\"inLanguage\":\"it-IT\"},{\"@type\":\"Organization\",\"@id\":\"https:\/\/casaisabel.es\/#organization\",\"name\":\"Casa Isabel\",\"url\":\"https:\/\/casaisabel.es\/\",\"logo\":{\"@type\":\"ImageObject\",\"inLanguage\":\"it-IT\",\"@id\":\"https:\/\/casaisabel.es\/#\/schema\/logo\/image\/\",\"url\":\"https:\/\/casaisabel.es\/wp-content\/uploads\/2023\/09\/casaIsabel.svg\",\"contentUrl\":\"https:\/\/casaisabel.es\/wp-content\/uploads\/2023\/09\/casaIsabel.svg\",\"width\":211,\"height\":49,\"caption\":\"Casa Isabel\"},\"image\":{\"@id\":\"https:\/\/casaisabel.es\/#\/schema\/logo\/image\/\"}},{\"@type\":\"Person\",\"@id\":\"https:\/\/casaisabel.es\/#\/schema\/person\/66308f25a39c9cb32c4e78cf8cfa36cf\",\"name\":\"Admin\",\"image\":{\"@type\":\"ImageObject\",\"inLanguage\":\"it-IT\",\"@id\":\"https:\/\/casaisabel.es\/#\/schema\/person\/image\/\",\"url\":\"https:\/\/secure.gravatar.com\/avatar\/cfa1bef4e15c827fa091464736c1d269687e21ac8972ec35aec466b4aa06b9c8?s=96&d=mm&r=g\",\"contentUrl\":\"https:\/\/secure.gravatar.com\/avatar\/cfa1bef4e15c827fa091464736c1d269687e21ac8972ec35aec466b4aa06b9c8?s=96&d=mm&r=g\",\"caption\":\"Admin\"},\"url\":\"https:\/\/casaisabel.es\/it\/author\/admin-2\/\"}]}<\/script>\n<!-- \/ Yoast SEO plugin. -->","yoast_head_json":{"title":"Fervor y tradici\u00f3n en la Semana Santa Marinera de Valencia","description":"Una forma diferente de vivir la tradici\u00f3n y la pasi\u00f3n cristiana","robots":{"index":"index","follow":"follow","max-snippet":"max-snippet:-1","max-image-preview":"max-image-preview:large","max-video-preview":"max-video-preview:-1"},"canonical":"https:\/\/casaisabel.es\/it\/fervor-tradicion-y-la-infaltable-paella-valenciana-en-la-semana-santa-marinera\/","og_locale":"it_IT","og_type":"article","og_title":"Fervor y tradici\u00f3n en la Semana Santa Marinera de Valencia","og_description":"Una forma diferente de vivir la tradici\u00f3n y la pasi\u00f3n cristiana","og_url":"https:\/\/casaisabel.es\/it\/fervor-tradicion-y-la-infaltable-paella-valenciana-en-la-semana-santa-marinera\/","og_site_name":"Casa Isabel","article_published_time":"2026-01-17T00:05:03+00:00","og_image":[{"width":968,"height":395,"url":"https:\/\/casaisabel.es\/wp-content\/uploads\/2015\/03\/4501070712_cc58b5399a_o.jpg","type":"image\/jpeg"}],"author":"Admin","twitter_card":"summary_large_image","twitter_misc":{"Written by":"Admin","Est. reading time":"2 minutes"},"schema":{"@context":"https:\/\/schema.org","@graph":[{"@type":"Article","@id":"https:\/\/casaisabel.es\/fervor-tradicion-y-la-infaltable-paella-valenciana-en-la-semana-santa-marinera\/#article","isPartOf":{"@id":"https:\/\/casaisabel.es\/fervor-tradicion-y-la-infaltable-paella-valenciana-en-la-semana-santa-marinera\/"},"author":{"name":"Admin","@id":"https:\/\/casaisabel.es\/#\/schema\/person\/66308f25a39c9cb32c4e78cf8cfa36cf"},"headline":"Fervor, tradici\u00f3n y paella valenciana en la Semana Santa Marinera","datePublished":"2026-01-17T00:05:03+00:00","mainEntityOfPage":{"@id":"https:\/\/casaisabel.es\/fervor-tradicion-y-la-infaltable-paella-valenciana-en-la-semana-santa-marinera\/"},"wordCount":344,"publisher":{"@id":"https:\/\/casaisabel.es\/#organization"},"image":{"@id":"https:\/\/casaisabel.es\/fervor-tradicion-y-la-infaltable-paella-valenciana-en-la-semana-santa-marinera\/#primaryimage"},"thumbnailUrl":"https:\/\/casaisabel.es\/wp-content\/uploads\/2015\/03\/4501070712_cc58b5399a_o.jpg","articleSection":["Actualidad y eventos"],"inLanguage":"it-IT"},{"@type":"WebPage","@id":"https:\/\/casaisabel.es\/fervor-tradicion-y-la-infaltable-paella-valenciana-en-la-semana-santa-marinera\/","url":"https:\/\/casaisabel.es\/fervor-tradicion-y-la-infaltable-paella-valenciana-en-la-semana-santa-marinera\/","name":"Fervor y tradici\u00f3n en la Semana Santa Marinera de Valencia","isPartOf":{"@id":"https:\/\/casaisabel.es\/#website"},"primaryImageOfPage":{"@id":"https:\/\/casaisabel.es\/fervor-tradicion-y-la-infaltable-paella-valenciana-en-la-semana-santa-marinera\/#primaryimage"},"image":{"@id":"https:\/\/casaisabel.es\/fervor-tradicion-y-la-infaltable-paella-valenciana-en-la-semana-santa-marinera\/#primaryimage"},"thumbnailUrl":"https:\/\/casaisabel.es\/wp-content\/uploads\/2015\/03\/4501070712_cc58b5399a_o.jpg","datePublished":"2026-01-17T00:05:03+00:00","description":"Una forma diferente de vivir la tradici\u00f3n y la pasi\u00f3n cristiana","breadcrumb":{"@id":"https:\/\/casaisabel.es\/fervor-tradicion-y-la-infaltable-paella-valenciana-en-la-semana-santa-marinera\/#breadcrumb"},"inLanguage":"it-IT","potentialAction":[{"@type":"ReadAction","target":["https:\/\/casaisabel.es\/fervor-tradicion-y-la-infaltable-paella-valenciana-en-la-semana-santa-marinera\/"]}]},{"@type":"ImageObject","inLanguage":"it-IT","@id":"https:\/\/casaisabel.es\/fervor-tradicion-y-la-infaltable-paella-valenciana-en-la-semana-santa-marinera\/#primaryimage","url":"https:\/\/casaisabel.es\/wp-content\/uploads\/2015\/03\/4501070712_cc58b5399a_o.jpg","contentUrl":"https:\/\/casaisabel.es\/wp-content\/uploads\/2015\/03\/4501070712_cc58b5399a_o.jpg","width":968,"height":395,"caption":"Semana Santa Marinera"},{"@type":"BreadcrumbList","@id":"https:\/\/casaisabel.es\/fervor-tradicion-y-la-infaltable-paella-valenciana-en-la-semana-santa-marinera\/#breadcrumb","itemListElement":[{"@type":"ListItem","position":1,"name":"Portada","item":"https:\/\/casaisabel.es\/"},{"@type":"ListItem","position":2,"name":"Fervor, tradici\u00f3n y paella valenciana en la Semana Santa Marinera"}]},{"@type":"WebSite","@id":"https:\/\/casaisabel.es\/#website","url":"https:\/\/casaisabel.es\/","name":"Casa Isabel","description":"S\u00f3lo otro sitio de WordPress","publisher":{"@id":"https:\/\/casaisabel.es\/#organization"},"potentialAction":[{"@type":"SearchAction","target":{"@type":"EntryPoint","urlTemplate":"https:\/\/casaisabel.es\/?s={search_term_string}"},"query-input":{"@type":"PropertyValueSpecification","valueRequired":true,"valueName":"search_term_string"}}],"inLanguage":"it-IT"},{"@type":"Organization","@id":"https:\/\/casaisabel.es\/#organization","name":"Casa Isabel","url":"https:\/\/casaisabel.es\/","logo":{"@type":"ImageObject","inLanguage":"it-IT","@id":"https:\/\/casaisabel.es\/#\/schema\/logo\/image\/","url":"https:\/\/casaisabel.es\/wp-content\/uploads\/2023\/09\/casaIsabel.svg","contentUrl":"https:\/\/casaisabel.es\/wp-content\/uploads\/2023\/09\/casaIsabel.svg","width":211,"height":49,"caption":"Casa Isabel"},"image":{"@id":"https:\/\/casaisabel.es\/#\/schema\/logo\/image\/"}},{"@type":"Person","@id":"https:\/\/casaisabel.es\/#\/schema\/person\/66308f25a39c9cb32c4e78cf8cfa36cf","name":"Admin","image":{"@type":"ImageObject","inLanguage":"it-IT","@id":"https:\/\/casaisabel.es\/#\/schema\/person\/image\/","url":"https:\/\/secure.gravatar.com\/avatar\/cfa1bef4e15c827fa091464736c1d269687e21ac8972ec35aec466b4aa06b9c8?s=96&d=mm&r=g","contentUrl":"https:\/\/secure.gravatar.com\/avatar\/cfa1bef4e15c827fa091464736c1d269687e21ac8972ec35aec466b4aa06b9c8?s=96&d=mm&r=g","caption":"Admin"},"url":"https:\/\/casaisabel.es\/it\/author\/admin-2\/"}]}},"_links":{"self":[{"href":"https:\/\/casaisabel.es\/it\/wp-json\/wp\/v2\/posts\/2450","targetHints":{"allow":["GET"]}}],"collection":[{"href":"https:\/\/casaisabel.es\/it\/wp-json\/wp\/v2\/posts"}],"about":[{"href":"https:\/\/casaisabel.es\/it\/wp-json\/wp\/v2\/types\/post"}],"author":[{"embeddable":true,"href":"https:\/\/casaisabel.es\/it\/wp-json\/wp\/v2\/users\/2"}],"replies":[{"embeddable":true,"href":"https:\/\/casaisabel.es\/it\/wp-json\/wp\/v2\/comments?post=2450"}],"version-history":[{"count":0,"href":"https:\/\/casaisabel.es\/it\/wp-json\/wp\/v2\/posts\/2450\/revisions"}],"wp:featuredmedia":[{"embeddable":true,"href":"https:\/\/casaisabel.es\/it\/wp-json\/wp\/v2\/media\/2451"}],"wp:attachment":[{"href":"https:\/\/casaisabel.es\/it\/wp-json\/wp\/v2\/media?parent=2450"}],"wp:term":[{"taxonomy":"category","embeddable":true,"href":"https:\/\/casaisabel.es\/it\/wp-json\/wp\/v2\/categories?post=2450"},{"taxonomy":"post_tag","embeddable":true,"href":"https:\/\/casaisabel.es\/it\/wp-json\/wp\/v2\/tags?post=2450"}],"curies":[{"name":"wp","href":"https:\/\/api.w.org\/{rel}","templated":true}]}}