{"id":1995,"date":"2025-12-17T00:05:03","date_gmt":"2025-12-17T00:05:03","guid":{"rendered":"https:\/\/casaisabel.es\/?p=1995---aeb07b13-33c1-4652-9f45-646869282b19"},"modified":"2025-12-17T00:05:03","modified_gmt":"2025-12-17T00:05:03","slug":"ricard-camarena-recibe-el-premio-del-arroz-de-valencia","status":"publish","type":"post","link":"https:\/\/casaisabel.es\/it\/ricard-camarena-recibe-el-premio-del-arroz-de-valencia\/","title":{"rendered":"Ricard Camarena recibe el premio del arroz de Valencia"},"content":{"rendered":"<p style=\"text-align: justify\"><strong>Viajar a Valencia y no disfrutar de una deliciosa paella en una <a href=\"http:\/\/www.lavanguardia.com\/local\/valencia\/20140907\/54415742780\/do-aroz-de-valencia-premia-ricard-camarena-por-difundir-la-cultura-del-arroz.html\" target=\"_blank\" rel=\"noopener noreferrer\">arrocer\u00eda<\/a> o un buen restaurante de la <a href=\"https:\/\/casaisabel.es\/it\/ristoranti-sulla-spiaggia-malvarrosa\/\" target=\"_blank\" rel=\"noopener noreferrer\">playa<\/a> de la Malvarrosa es como no haber ido. El arroz forma parte de la cultura gastron\u00f3mica de estas tierras<\/strong> y su preparaci\u00f3n es casi una religi\u00f3n para los cocineros profesionales y amateurs valencianos.<!--more--><\/p>\n<p style=\"text-align: justify\"><strong>Camarena es uno de los chefs m\u00e1s prestigiosos de la cocina valenciana<\/strong><\/p>\n<p style=\"text-align: justify\">Siguiendo esta filosof\u00eda, <strong>los responsables de la Denominaci\u00f3n de Origen Arroz de Valencia celebran cada a\u00f1o la Fiesta de la Siega del Arroz, dedicada a la promoci\u00f3n de este alimento<\/strong>. En la edici\u00f3n de este a\u00f1o, que se celebr\u00f3 el pasado mes, <strong>se concedi\u00f3 el t\u00edtulo de \u201c<a href=\"http:\/\/noticias.lainformacion.com\/arte-cultura-y-espectaculos\/artes-general\/la-do-arroz-de-valencia-nombrara-a-ricard-camarena-primer-segador-de-honor_HCLEOJIXhBhX55DTuaYc9\/\" target=\"_blank\" rel=\"noopener noreferrer\">Segador de Honor\u201d al conocido chef valenciano Ricard Camarena<\/a><\/strong>. As\u00ed, como motivo de su reconocimiento, los responsables del galard\u00f3n hicieron especial \u00e9nfasis en los m\u00e9ritos gastron\u00f3micos del cocinero y, sobre todo, en la difusi\u00f3n que hace el premiado de la cultura del arroz a trav\u00e9s de su cocina.<\/p>\n<p style=\"text-align: justify\">De hecho, <strong>Camarena es uno de los chefs que cuenta con m\u00e1s prestigio dentro de la cocina valenciana<\/strong>. Su t\u00e9cnica culinaria ha sido reconocida con una estrella Michel\u00edn y su prestigio se centra, en buena parte, en sus platos basados en el arroz.<\/p>\n<p style=\"text-align: justify\">Por eso, <strong>desde la Denominaci\u00f3n de Origen Arroz de Valencia se destaca textualmente que se trata de \u00abuna figura destacada por su aportaci\u00f3n, impulsada desde un punto de vista social, hist\u00f3rico, acad\u00e9mico, cultural o gastron\u00f3mico, a la difusi\u00f3n de la cultura del arroz\u00bb.\u00a0<\/strong>Otras actividades culturales y gastron\u00f3micas que formaron parte del certamen de este a\u00f1o fueron las sesiones de cocina de arroz impartidas por los cocineros Quique Barella y Vicente Rioja.<\/p>\n<p style=\"text-align: justify\">Estos talleres de cocina ten\u00edan como objetivo colaborar en la difusi\u00f3n entre el p\u00fablico asistente de recetas de arroces secos, caldosos y melosos, ya sean tradicionales o innovadoras. Adem\u00e1s, <strong>se acompa\u00f1aron con degustaciones de los platos de arroz m\u00e1s caracter\u00edsticos de <a href=\"https:\/\/casaisabel.es\/it\/\" target=\"_blank\" rel=\"noopener noreferrer\">Valencia<\/a>, todo un lujo para el paladar.<\/strong><\/p>\n<p style=\"text-align: justify\"><a href=\"https:\/\/www.flickr.com\/photos\/buscavientos\/9994020616\" target=\"_blank\" rel=\"noopener noreferrer\">Imagen.<\/a><\/p>","protected":false},"excerpt":{"rendered":"<p>Viajar a Valencia y no disfrutar de una deliciosa paella en una arrocer\u00eda o un buen restaurante de la playa de la Malvarrosa es como no haber ido. El arroz forma parte de la cultura gastron\u00f3mica de estas tierras y su preparaci\u00f3n es casi una religi\u00f3n para los cocineros profesionales y amateurs valencianos.<\/p>","protected":false},"author":2,"featured_media":1996,"comment_status":"closed","ping_status":"closed","sticky":false,"template":"","format":"standard","meta":{"site-sidebar-layout":"default","site-content-layout":"","ast-site-content-layout":"","site-content-style":"default","site-sidebar-style":"default","ast-global-header-display":"","ast-banner-title-visibility":"","ast-main-header-display":"","ast-hfb-above-header-display":"","ast-hfb-below-header-display":"","ast-hfb-mobile-header-display":"","site-post-title":"","ast-breadcrumbs-content":"","ast-featured-img":"","footer-sml-layout":"","theme-transparent-header-meta":"","adv-header-id-meta":"","stick-header-meta":"","header-above-stick-meta":"","header-main-stick-meta":"","header-below-stick-meta":"","astra-migrate-meta-layouts":"default","ast-page-background-enabled":"default","ast-page-background-meta":{"desktop":{"background-color":"var(--ast-global-color-4)","background-image":"","background-repeat":"repeat","background-position":"center center","background-size":"auto","background-attachment":"scroll","background-type":"","background-media":"","overlay-type":"","overlay-color":"","overlay-opacity":"","overlay-gradient":""},"tablet":{"background-color":"","background-image":"","background-repeat":"repeat","background-position":"center center","background-size":"auto","background-attachment":"scroll","background-type":"","background-media":"","overlay-type":"","overlay-color":"","overlay-opacity":"","overlay-gradient":""},"mobile":{"background-color":"","background-image":"","background-repeat":"repeat","background-position":"center center","background-size":"auto","background-attachment":"scroll","background-type":"","background-media":"","overlay-type":"","overlay-color":"","overlay-opacity":"","overlay-gradient":""}},"ast-content-background-meta":{"desktop":{"background-color":"var(--ast-global-color-5)","background-image":"","background-repeat":"repeat","background-position":"center center","background-size":"auto","background-attachment":"scroll","background-type":"","background-media":"","overlay-type":"","overlay-color":"","overlay-opacity":"","overlay-gradient":""},"tablet":{"background-color":"var(--ast-global-color-5)","background-image":"","background-repeat":"repeat","background-position":"center center","background-size":"auto","background-attachment":"scroll","background-type":"","background-media":"","overlay-type":"","overlay-color":"","overlay-opacity":"","overlay-gradient":""},"mobile":{"background-color":"var(--ast-global-color-5)","background-image":"","background-repeat":"repeat","background-position":"center center","background-size":"auto","background-attachment":"scroll","background-type":"","background-media":"","overlay-type":"","overlay-color":"","overlay-opacity":"","overlay-gradient":""}},"footnotes":""},"categories":[7],"tags":[],"class_list":["post-1995","post","type-post","status-publish","format-standard","has-post-thumbnail","hentry","category-actualidad-y-eventos"],"yoast_head":"<!-- This site is optimized with the Yoast SEO plugin v25.6 - https:\/\/yoast.com\/wordpress\/plugins\/seo\/ -->\n<title>Ricard Camarena recibe el premio del arroz de Valencia - Casa Isabel<\/title>\n<meta name=\"description\" content=\"Los responsables de la Denominaci\u00f3n de Origen Arroz de Valencia celebran cada a\u00f1o la Fiesta de la Siega del Arroz, dedicada a la promoci\u00f3n de este alimento.\" \/>\n<meta name=\"robots\" content=\"index, follow, max-snippet:-1, max-image-preview:large, max-video-preview:-1\" \/>\n<link rel=\"canonical\" href=\"https:\/\/casaisabel.es\/it\/ricard-camarena-recibe-el-premio-del-arroz-de-valencia\/\" \/>\n<meta property=\"og:locale\" content=\"it_IT\" \/>\n<meta property=\"og:type\" content=\"article\" \/>\n<meta property=\"og:title\" content=\"Ricard Camarena recibe el premio del arroz de Valencia - Casa Isabel\" \/>\n<meta property=\"og:description\" content=\"Los responsables de la Denominaci\u00f3n de Origen Arroz de Valencia celebran cada a\u00f1o la Fiesta de la Siega del Arroz, dedicada a la promoci\u00f3n de este alimento.\" \/>\n<meta property=\"og:url\" content=\"https:\/\/casaisabel.es\/it\/ricard-camarena-recibe-el-premio-del-arroz-de-valencia\/\" \/>\n<meta property=\"og:site_name\" content=\"Casa Isabel\" \/>\n<meta property=\"article:published_time\" content=\"2025-12-17T00:05:03+00:00\" \/>\n<meta property=\"og:image\" content=\"https:\/\/casaisabel.es\/wp-content\/uploads\/2014\/10\/ArrozCasaIsabel.png\" \/>\n\t<meta property=\"og:image:width\" content=\"640\" \/>\n\t<meta property=\"og:image:height\" content=\"268\" \/>\n\t<meta property=\"og:image:type\" content=\"image\/png\" \/>\n<meta name=\"author\" content=\"Admin\" \/>\n<meta name=\"twitter:card\" content=\"summary_large_image\" \/>\n<meta name=\"twitter:label1\" content=\"Written by\" \/>\n\t<meta name=\"twitter:data1\" content=\"Admin\" \/>\n\t<meta name=\"twitter:label2\" content=\"Est. reading time\" \/>\n\t<meta name=\"twitter:data2\" content=\"2 minutes\" \/>\n<script type=\"application\/ld+json\" class=\"yoast-schema-graph\">{\"@context\":\"https:\/\/schema.org\",\"@graph\":[{\"@type\":\"Article\",\"@id\":\"https:\/\/casaisabel.es\/ricard-camarena-recibe-el-premio-del-arroz-de-valencia\/#article\",\"isPartOf\":{\"@id\":\"https:\/\/casaisabel.es\/ricard-camarena-recibe-el-premio-del-arroz-de-valencia\/\"},\"author\":{\"name\":\"Admin\",\"@id\":\"https:\/\/casaisabel.es\/#\/schema\/person\/66308f25a39c9cb32c4e78cf8cfa36cf\"},\"headline\":\"Ricard Camarena recibe el premio del arroz de Valencia\",\"datePublished\":\"2025-12-17T00:05:03+00:00\",\"mainEntityOfPage\":{\"@id\":\"https:\/\/casaisabel.es\/ricard-camarena-recibe-el-premio-del-arroz-de-valencia\/\"},\"wordCount\":368,\"publisher\":{\"@id\":\"https:\/\/casaisabel.es\/#organization\"},\"image\":{\"@id\":\"https:\/\/casaisabel.es\/ricard-camarena-recibe-el-premio-del-arroz-de-valencia\/#primaryimage\"},\"thumbnailUrl\":\"https:\/\/casaisabel.es\/wp-content\/uploads\/2014\/10\/ArrozCasaIsabel.png\",\"articleSection\":[\"Actualidad y eventos\"],\"inLanguage\":\"it-IT\"},{\"@type\":\"WebPage\",\"@id\":\"https:\/\/casaisabel.es\/ricard-camarena-recibe-el-premio-del-arroz-de-valencia\/\",\"url\":\"https:\/\/casaisabel.es\/ricard-camarena-recibe-el-premio-del-arroz-de-valencia\/\",\"name\":\"Ricard Camarena recibe el premio del arroz de Valencia - Casa Isabel\",\"isPartOf\":{\"@id\":\"https:\/\/casaisabel.es\/#website\"},\"primaryImageOfPage\":{\"@id\":\"https:\/\/casaisabel.es\/ricard-camarena-recibe-el-premio-del-arroz-de-valencia\/#primaryimage\"},\"image\":{\"@id\":\"https:\/\/casaisabel.es\/ricard-camarena-recibe-el-premio-del-arroz-de-valencia\/#primaryimage\"},\"thumbnailUrl\":\"https:\/\/casaisabel.es\/wp-content\/uploads\/2014\/10\/ArrozCasaIsabel.png\",\"datePublished\":\"2025-12-17T00:05:03+00:00\",\"description\":\"Los responsables de la Denominaci\u00f3n de Origen Arroz de Valencia celebran cada a\u00f1o la Fiesta de la Siega del Arroz, dedicada a la promoci\u00f3n de este alimento.\",\"breadcrumb\":{\"@id\":\"https:\/\/casaisabel.es\/ricard-camarena-recibe-el-premio-del-arroz-de-valencia\/#breadcrumb\"},\"inLanguage\":\"it-IT\",\"potentialAction\":[{\"@type\":\"ReadAction\",\"target\":[\"https:\/\/casaisabel.es\/ricard-camarena-recibe-el-premio-del-arroz-de-valencia\/\"]}]},{\"@type\":\"ImageObject\",\"inLanguage\":\"it-IT\",\"@id\":\"https:\/\/casaisabel.es\/ricard-camarena-recibe-el-premio-del-arroz-de-valencia\/#primaryimage\",\"url\":\"https:\/\/casaisabel.es\/wp-content\/uploads\/2014\/10\/ArrozCasaIsabel.png\",\"contentUrl\":\"https:\/\/casaisabel.es\/wp-content\/uploads\/2014\/10\/ArrozCasaIsabel.png\",\"width\":640,\"height\":268},{\"@type\":\"BreadcrumbList\",\"@id\":\"https:\/\/casaisabel.es\/ricard-camarena-recibe-el-premio-del-arroz-de-valencia\/#breadcrumb\",\"itemListElement\":[{\"@type\":\"ListItem\",\"position\":1,\"name\":\"Portada\",\"item\":\"https:\/\/casaisabel.es\/\"},{\"@type\":\"ListItem\",\"position\":2,\"name\":\"Ricard Camarena recibe el premio del arroz de Valencia\"}]},{\"@type\":\"WebSite\",\"@id\":\"https:\/\/casaisabel.es\/#website\",\"url\":\"https:\/\/casaisabel.es\/\",\"name\":\"Casa Isabel\",\"description\":\"S\u00f3lo otro sitio de WordPress\",\"publisher\":{\"@id\":\"https:\/\/casaisabel.es\/#organization\"},\"potentialAction\":[{\"@type\":\"SearchAction\",\"target\":{\"@type\":\"EntryPoint\",\"urlTemplate\":\"https:\/\/casaisabel.es\/?s={search_term_string}\"},\"query-input\":{\"@type\":\"PropertyValueSpecification\",\"valueRequired\":true,\"valueName\":\"search_term_string\"}}],\"inLanguage\":\"it-IT\"},{\"@type\":\"Organization\",\"@id\":\"https:\/\/casaisabel.es\/#organization\",\"name\":\"Casa Isabel\",\"url\":\"https:\/\/casaisabel.es\/\",\"logo\":{\"@type\":\"ImageObject\",\"inLanguage\":\"it-IT\",\"@id\":\"https:\/\/casaisabel.es\/#\/schema\/logo\/image\/\",\"url\":\"https:\/\/casaisabel.es\/wp-content\/uploads\/2023\/09\/casaIsabel.svg\",\"contentUrl\":\"https:\/\/casaisabel.es\/wp-content\/uploads\/2023\/09\/casaIsabel.svg\",\"width\":211,\"height\":49,\"caption\":\"Casa Isabel\"},\"image\":{\"@id\":\"https:\/\/casaisabel.es\/#\/schema\/logo\/image\/\"}},{\"@type\":\"Person\",\"@id\":\"https:\/\/casaisabel.es\/#\/schema\/person\/66308f25a39c9cb32c4e78cf8cfa36cf\",\"name\":\"Admin\",\"image\":{\"@type\":\"ImageObject\",\"inLanguage\":\"it-IT\",\"@id\":\"https:\/\/casaisabel.es\/#\/schema\/person\/image\/\",\"url\":\"https:\/\/secure.gravatar.com\/avatar\/cfa1bef4e15c827fa091464736c1d269687e21ac8972ec35aec466b4aa06b9c8?s=96&d=mm&r=g\",\"contentUrl\":\"https:\/\/secure.gravatar.com\/avatar\/cfa1bef4e15c827fa091464736c1d269687e21ac8972ec35aec466b4aa06b9c8?s=96&d=mm&r=g\",\"caption\":\"Admin\"},\"url\":\"https:\/\/casaisabel.es\/it\/author\/admin-2\/\"}]}<\/script>\n<!-- \/ Yoast SEO plugin. -->","yoast_head_json":{"title":"Ricard Camarena recibe el premio del arroz de Valencia - Casa Isabel","description":"Los responsables de la Denominaci\u00f3n de Origen Arroz de Valencia celebran cada a\u00f1o la Fiesta de la Siega del Arroz, dedicada a la promoci\u00f3n de este alimento.","robots":{"index":"index","follow":"follow","max-snippet":"max-snippet:-1","max-image-preview":"max-image-preview:large","max-video-preview":"max-video-preview:-1"},"canonical":"https:\/\/casaisabel.es\/it\/ricard-camarena-recibe-el-premio-del-arroz-de-valencia\/","og_locale":"it_IT","og_type":"article","og_title":"Ricard Camarena recibe el premio del arroz de Valencia - Casa Isabel","og_description":"Los responsables de la Denominaci\u00f3n de Origen Arroz de Valencia celebran cada a\u00f1o la Fiesta de la Siega del Arroz, dedicada a la promoci\u00f3n de este alimento.","og_url":"https:\/\/casaisabel.es\/it\/ricard-camarena-recibe-el-premio-del-arroz-de-valencia\/","og_site_name":"Casa Isabel","article_published_time":"2025-12-17T00:05:03+00:00","og_image":[{"width":640,"height":268,"url":"https:\/\/casaisabel.es\/wp-content\/uploads\/2014\/10\/ArrozCasaIsabel.png","type":"image\/png"}],"author":"Admin","twitter_card":"summary_large_image","twitter_misc":{"Written by":"Admin","Est. reading time":"2 minutes"},"schema":{"@context":"https:\/\/schema.org","@graph":[{"@type":"Article","@id":"https:\/\/casaisabel.es\/ricard-camarena-recibe-el-premio-del-arroz-de-valencia\/#article","isPartOf":{"@id":"https:\/\/casaisabel.es\/ricard-camarena-recibe-el-premio-del-arroz-de-valencia\/"},"author":{"name":"Admin","@id":"https:\/\/casaisabel.es\/#\/schema\/person\/66308f25a39c9cb32c4e78cf8cfa36cf"},"headline":"Ricard Camarena recibe el premio del arroz de Valencia","datePublished":"2025-12-17T00:05:03+00:00","mainEntityOfPage":{"@id":"https:\/\/casaisabel.es\/ricard-camarena-recibe-el-premio-del-arroz-de-valencia\/"},"wordCount":368,"publisher":{"@id":"https:\/\/casaisabel.es\/#organization"},"image":{"@id":"https:\/\/casaisabel.es\/ricard-camarena-recibe-el-premio-del-arroz-de-valencia\/#primaryimage"},"thumbnailUrl":"https:\/\/casaisabel.es\/wp-content\/uploads\/2014\/10\/ArrozCasaIsabel.png","articleSection":["Actualidad y eventos"],"inLanguage":"it-IT"},{"@type":"WebPage","@id":"https:\/\/casaisabel.es\/ricard-camarena-recibe-el-premio-del-arroz-de-valencia\/","url":"https:\/\/casaisabel.es\/ricard-camarena-recibe-el-premio-del-arroz-de-valencia\/","name":"Ricard Camarena recibe el premio del arroz de Valencia - Casa Isabel","isPartOf":{"@id":"https:\/\/casaisabel.es\/#website"},"primaryImageOfPage":{"@id":"https:\/\/casaisabel.es\/ricard-camarena-recibe-el-premio-del-arroz-de-valencia\/#primaryimage"},"image":{"@id":"https:\/\/casaisabel.es\/ricard-camarena-recibe-el-premio-del-arroz-de-valencia\/#primaryimage"},"thumbnailUrl":"https:\/\/casaisabel.es\/wp-content\/uploads\/2014\/10\/ArrozCasaIsabel.png","datePublished":"2025-12-17T00:05:03+00:00","description":"Los responsables de la Denominaci\u00f3n de Origen Arroz de Valencia celebran cada a\u00f1o la Fiesta de la Siega del Arroz, dedicada a la promoci\u00f3n de este alimento.","breadcrumb":{"@id":"https:\/\/casaisabel.es\/ricard-camarena-recibe-el-premio-del-arroz-de-valencia\/#breadcrumb"},"inLanguage":"it-IT","potentialAction":[{"@type":"ReadAction","target":["https:\/\/casaisabel.es\/ricard-camarena-recibe-el-premio-del-arroz-de-valencia\/"]}]},{"@type":"ImageObject","inLanguage":"it-IT","@id":"https:\/\/casaisabel.es\/ricard-camarena-recibe-el-premio-del-arroz-de-valencia\/#primaryimage","url":"https:\/\/casaisabel.es\/wp-content\/uploads\/2014\/10\/ArrozCasaIsabel.png","contentUrl":"https:\/\/casaisabel.es\/wp-content\/uploads\/2014\/10\/ArrozCasaIsabel.png","width":640,"height":268},{"@type":"BreadcrumbList","@id":"https:\/\/casaisabel.es\/ricard-camarena-recibe-el-premio-del-arroz-de-valencia\/#breadcrumb","itemListElement":[{"@type":"ListItem","position":1,"name":"Portada","item":"https:\/\/casaisabel.es\/"},{"@type":"ListItem","position":2,"name":"Ricard Camarena recibe el premio del arroz de Valencia"}]},{"@type":"WebSite","@id":"https:\/\/casaisabel.es\/#website","url":"https:\/\/casaisabel.es\/","name":"Casa Isabel","description":"S\u00f3lo otro sitio de WordPress","publisher":{"@id":"https:\/\/casaisabel.es\/#organization"},"potentialAction":[{"@type":"SearchAction","target":{"@type":"EntryPoint","urlTemplate":"https:\/\/casaisabel.es\/?s={search_term_string}"},"query-input":{"@type":"PropertyValueSpecification","valueRequired":true,"valueName":"search_term_string"}}],"inLanguage":"it-IT"},{"@type":"Organization","@id":"https:\/\/casaisabel.es\/#organization","name":"Casa Isabel","url":"https:\/\/casaisabel.es\/","logo":{"@type":"ImageObject","inLanguage":"it-IT","@id":"https:\/\/casaisabel.es\/#\/schema\/logo\/image\/","url":"https:\/\/casaisabel.es\/wp-content\/uploads\/2023\/09\/casaIsabel.svg","contentUrl":"https:\/\/casaisabel.es\/wp-content\/uploads\/2023\/09\/casaIsabel.svg","width":211,"height":49,"caption":"Casa Isabel"},"image":{"@id":"https:\/\/casaisabel.es\/#\/schema\/logo\/image\/"}},{"@type":"Person","@id":"https:\/\/casaisabel.es\/#\/schema\/person\/66308f25a39c9cb32c4e78cf8cfa36cf","name":"Admin","image":{"@type":"ImageObject","inLanguage":"it-IT","@id":"https:\/\/casaisabel.es\/#\/schema\/person\/image\/","url":"https:\/\/secure.gravatar.com\/avatar\/cfa1bef4e15c827fa091464736c1d269687e21ac8972ec35aec466b4aa06b9c8?s=96&d=mm&r=g","contentUrl":"https:\/\/secure.gravatar.com\/avatar\/cfa1bef4e15c827fa091464736c1d269687e21ac8972ec35aec466b4aa06b9c8?s=96&d=mm&r=g","caption":"Admin"},"url":"https:\/\/casaisabel.es\/it\/author\/admin-2\/"}]}},"_links":{"self":[{"href":"https:\/\/casaisabel.es\/it\/wp-json\/wp\/v2\/posts\/1995","targetHints":{"allow":["GET"]}}],"collection":[{"href":"https:\/\/casaisabel.es\/it\/wp-json\/wp\/v2\/posts"}],"about":[{"href":"https:\/\/casaisabel.es\/it\/wp-json\/wp\/v2\/types\/post"}],"author":[{"embeddable":true,"href":"https:\/\/casaisabel.es\/it\/wp-json\/wp\/v2\/users\/2"}],"replies":[{"embeddable":true,"href":"https:\/\/casaisabel.es\/it\/wp-json\/wp\/v2\/comments?post=1995"}],"version-history":[{"count":0,"href":"https:\/\/casaisabel.es\/it\/wp-json\/wp\/v2\/posts\/1995\/revisions"}],"wp:featuredmedia":[{"embeddable":true,"href":"https:\/\/casaisabel.es\/it\/wp-json\/wp\/v2\/media\/1996"}],"wp:attachment":[{"href":"https:\/\/casaisabel.es\/it\/wp-json\/wp\/v2\/media?parent=1995"}],"wp:term":[{"taxonomy":"category","embeddable":true,"href":"https:\/\/casaisabel.es\/it\/wp-json\/wp\/v2\/categories?post=1995"},{"taxonomy":"post_tag","embeddable":true,"href":"https:\/\/casaisabel.es\/it\/wp-json\/wp\/v2\/tags?post=1995"}],"curies":[{"name":"wp","href":"https:\/\/api.w.org\/{rel}","templated":true}]}}