{"id":1910,"date":"2025-12-15T00:08:10","date_gmt":"2025-12-15T00:08:10","guid":{"rendered":"https:\/\/casaisabel.es\/?p=1910---c264fb99-9b55-45e4-9547-815695ed6cd6"},"modified":"2025-12-15T00:08:10","modified_gmt":"2025-12-15T00:08:10","slug":"arnadi-el-dulce-del-pasado-arabe-de-valencia","status":"publish","type":"post","link":"https:\/\/casaisabel.es\/it\/arnadi-el-dulce-del-pasado-arabe-de-valencia\/","title":{"rendered":"Arnad\u00ed, el dulce del pasado \u00e1rabe de Valencia"},"content":{"rendered":"<p style=\"text-align: justify\"><strong>El pasado \u00e1rabe de <a href=\"https:\/\/casaisabel.es\/it\/contacto\/\" target=\"_blank\" rel=\"noopener noreferrer\">Valencia<\/a> se hace notar en su rica gastronom\u00eda<\/strong>. Desde el arroz o el azafr\u00e1n, ingredientes imprescindibles de la paella introducidos por los \u00e1rabes durante el siglo VIII, hasta otros productos usados en la reposter\u00eda tradicional como la miel o las almendras. Precisamente este fruto seco es uno de los protagonistas de esta receta, <strong>el Arnad\u00ed, un dulce tradicional valenciano que se elabora durante la Cuaresma y Semana Santa, pero tan delicioso que es apto tambi\u00e9n para consumir en los d\u00edas de sol y <a href=\"http:\/\/www.gastronomiaycia.com\/2013\/04\/27\/arnadi-dulce-tradicional-valenciano\/\" target=\"_blank\" rel=\"noopener noreferrer\">playa<\/a> o en las tardes de oto\u00f1o<\/strong>.<!--more--><\/p>\n<p style=\"text-align: justify\"><strong>Un dulce delicioso, tradicional y muy nutritivo<\/strong><\/p>\n<p style=\"text-align: justify\">El Arnad\u00ed tradicional est\u00e1 <strong>hecho a base de calabaza y az\u00facar,<\/strong> aunque muchas variantes de la receta incorporan boniato. Y <strong>la preparaci\u00f3n es bien sencilla<\/strong>: se asa la calabaza, se pela y limpia y se mete en una bolsa de tela durante unas 24 horas, para que pierda la mayor cantidad de agua posible. Despu\u00e9s, se incorpora az\u00facar, harina de almendra, las yemas de varios huevos bien batidas, canela y ralladura de lim\u00f3n, hasta conseguir una masa homog\u00e9nea, que despu\u00e9s se cuece en un recipiente a fuego muy lento durante 20 minutos. Finalmente se pasa a un recipiente de arcilla, se adorna con almendras y pi\u00f1ones y se mete en el horno hasta que estos est\u00e9n doraditos.<\/p>\n<p style=\"text-align: justify\"><strong>El resultado es un <a href=\"http:\/\/www.rtve.es\/alacarta\/videos\/un-pais-para-comerselo\/pais-para-comerselo-recetas-arnadi\/2020705\/\" target=\"_blank\" rel=\"noopener noreferrer\">dulce delicioso, natural y muy nutritivo<\/a><\/strong>. La calabaza es un alimento adecuado para todo tipo de dietas (a pesar de su dulzura no aporta demasiadas calor\u00edas), es antiinflamatoria, diur\u00e9tica y <strong>beneficiosa para la vista y el coraz\u00f3n<\/strong>. El az\u00facar ayuda a controlar la tensi\u00f3n y el colesterol, por su bajo contenido en sodio y la almendra, por su parte, ayuda a prevenir la osteoporosis y la diabetes. Adem\u00e1s, es un dulce vers\u00e1til que <strong>combina con cualquier tipo de plato<\/strong>. El Arnad\u00ed, por ejemplo, <strong>pone el colof\u00f3n a una comida tradicional en alguna <a href=\"https:\/\/casaisabel.es\/it\/arroz-en-valencia\/\" target=\"_blank\" rel=\"noopener noreferrer\">arrocer\u00eda<\/a> o en alg\u00fan buen restaurante de la playa de la Malvarrosa, en Valencia<\/strong>.<\/p>\n<p style=\"text-align: justify\"><a href=\"https:\/\/www.flickr.com\/photos\/juantiagues\/6641323483\/in\/photolist-b7Sw6i-3TDBm-9HWDBR-8DvVyE-6cAk7H-4WqCgd-ZuncH-8DsR8a-aAQgKo-6JMy4J-8DvWA1-8DvX49-8DsMD2-8DvTs7-8DvSyE-aqCX5M-6dJT4E-7fJEmp-aKJJEp-jhbgQ1-jgqUwX-8PemUd-5cHWat-4MXvU7-ocUAmu-9yb8ET-jh9fxB-4HuUDP-fmhnWc-atcrqx-78QMPN-eK12f6-hMizGy-fPPcrF-aFmSn6-7be3Fe-aA6snr-eK13fF-2LxFwD-gWt4A5-9H1U3v-iGVyi1-oRHKm-cHGosj-hbUQw3-h9s46e-8aF6Y8-8Pb5he-9idF79-6P63Lk\" target=\"_blank\" rel=\"noopener noreferrer\">Imagen.<\/a><\/p>","protected":false},"excerpt":{"rendered":"<p>El pasado \u00e1rabe de Valencia se hace notar en su rica gastronom\u00eda. Desde el arroz o el azafr\u00e1n, ingredientes imprescindibles de la paella introducidos por los \u00e1rabes durante el siglo VIII, hasta otros productos usados en la reposter\u00eda tradicional como la miel o las almendras. Precisamente este fruto seco es uno de los protagonistas de [&hellip;]<\/p>","protected":false},"author":2,"featured_media":1914,"comment_status":"closed","ping_status":"closed","sticky":false,"template":"","format":"standard","meta":{"site-sidebar-layout":"default","site-content-layout":"","ast-site-content-layout":"","site-content-style":"default","site-sidebar-style":"default","ast-global-header-display":"","ast-banner-title-visibility":"","ast-main-header-display":"","ast-hfb-above-header-display":"","ast-hfb-below-header-display":"","ast-hfb-mobile-header-display":"","site-post-title":"","ast-breadcrumbs-content":"","ast-featured-img":"","footer-sml-layout":"","theme-transparent-header-meta":"","adv-header-id-meta":"","stick-header-meta":"","header-above-stick-meta":"","header-main-stick-meta":"","header-below-stick-meta":"","astra-migrate-meta-layouts":"default","ast-page-background-enabled":"default","ast-page-background-meta":{"desktop":{"background-color":"var(--ast-global-color-4)","background-image":"","background-repeat":"repeat","background-position":"center center","background-size":"auto","background-attachment":"scroll","background-type":"","background-media":"","overlay-type":"","overlay-color":"","overlay-opacity":"","overlay-gradient":""},"tablet":{"background-color":"","background-image":"","background-repeat":"repeat","background-position":"center center","background-size":"auto","background-attachment":"scroll","background-type":"","background-media":"","overlay-type":"","overlay-color":"","overlay-opacity":"","overlay-gradient":""},"mobile":{"background-color":"","background-image":"","background-repeat":"repeat","background-position":"center center","background-size":"auto","background-attachment":"scroll","background-type":"","background-media":"","overlay-type":"","overlay-color":"","overlay-opacity":"","overlay-gradient":""}},"ast-content-background-meta":{"desktop":{"background-color":"var(--ast-global-color-5)","background-image":"","background-repeat":"repeat","background-position":"center center","background-size":"auto","background-attachment":"scroll","background-type":"","background-media":"","overlay-type":"","overlay-color":"","overlay-opacity":"","overlay-gradient":""},"tablet":{"background-color":"var(--ast-global-color-5)","background-image":"","background-repeat":"repeat","background-position":"center center","background-size":"auto","background-attachment":"scroll","background-type":"","background-media":"","overlay-type":"","overlay-color":"","overlay-opacity":"","overlay-gradient":""},"mobile":{"background-color":"var(--ast-global-color-5)","background-image":"","background-repeat":"repeat","background-position":"center center","background-size":"auto","background-attachment":"scroll","background-type":"","background-media":"","overlay-type":"","overlay-color":"","overlay-opacity":"","overlay-gradient":""}},"footnotes":""},"categories":[3],"tags":[],"class_list":["post-1910","post","type-post","status-publish","format-standard","has-post-thumbnail","hentry","category-gastronomia"],"yoast_head":"<!-- This site is optimized with the Yoast SEO plugin v25.6 - https:\/\/yoast.com\/wordpress\/plugins\/seo\/ -->\n<title>Arnad\u00ed, el dulce del pasado \u00e1rabe de Valencia - Casa Isabel<\/title>\n<meta name=\"description\" content=\"El Arnad\u00ed es un dulce tradicional valenciano cuyos or\u00edgenes se remontan a la \u00e9poca \u00e1rabe. Hoy, cualquier excusa es buena para degustarlo.\" \/>\n<meta name=\"robots\" content=\"index, follow, max-snippet:-1, max-image-preview:large, max-video-preview:-1\" \/>\n<link rel=\"canonical\" href=\"https:\/\/casaisabel.es\/it\/arnadi-el-dulce-del-pasado-arabe-de-valencia\/\" \/>\n<meta property=\"og:locale\" content=\"it_IT\" \/>\n<meta property=\"og:type\" content=\"article\" \/>\n<meta property=\"og:title\" content=\"Arnad\u00ed, el dulce del pasado \u00e1rabe de Valencia - Casa Isabel\" \/>\n<meta property=\"og:description\" content=\"El Arnad\u00ed es un dulce tradicional valenciano cuyos or\u00edgenes se remontan a la \u00e9poca \u00e1rabe. Hoy, cualquier excusa es buena para degustarlo.\" \/>\n<meta property=\"og:url\" content=\"https:\/\/casaisabel.es\/it\/arnadi-el-dulce-del-pasado-arabe-de-valencia\/\" \/>\n<meta property=\"og:site_name\" content=\"Casa Isabel\" \/>\n<meta property=\"article:published_time\" content=\"2025-12-15T00:08:10+00:00\" \/>\n<meta property=\"og:image\" content=\"https:\/\/casaisabel.es\/wp-content\/uploads\/2014\/10\/Calabazas.jpg\" \/>\n\t<meta property=\"og:image:width\" content=\"636\" \/>\n\t<meta property=\"og:image:height\" content=\"259\" \/>\n\t<meta property=\"og:image:type\" content=\"image\/jpeg\" \/>\n<meta name=\"author\" content=\"Admin\" \/>\n<meta name=\"twitter:card\" content=\"summary_large_image\" \/>\n<meta name=\"twitter:label1\" content=\"Written by\" \/>\n\t<meta name=\"twitter:data1\" content=\"Admin\" \/>\n\t<meta name=\"twitter:label2\" content=\"Est. reading time\" \/>\n\t<meta name=\"twitter:data2\" content=\"2 minutes\" \/>\n<script type=\"application\/ld+json\" class=\"yoast-schema-graph\">{\"@context\":\"https:\/\/schema.org\",\"@graph\":[{\"@type\":\"Article\",\"@id\":\"https:\/\/casaisabel.es\/arnadi-el-dulce-del-pasado-arabe-de-valencia\/#article\",\"isPartOf\":{\"@id\":\"https:\/\/casaisabel.es\/arnadi-el-dulce-del-pasado-arabe-de-valencia\/\"},\"author\":{\"name\":\"Admin\",\"@id\":\"https:\/\/casaisabel.es\/#\/schema\/person\/66308f25a39c9cb32c4e78cf8cfa36cf\"},\"headline\":\"Arnad\u00ed, el dulce del pasado \u00e1rabe de Valencia\",\"datePublished\":\"2025-12-15T00:08:10+00:00\",\"mainEntityOfPage\":{\"@id\":\"https:\/\/casaisabel.es\/arnadi-el-dulce-del-pasado-arabe-de-valencia\/\"},\"wordCount\":360,\"publisher\":{\"@id\":\"https:\/\/casaisabel.es\/#organization\"},\"image\":{\"@id\":\"https:\/\/casaisabel.es\/arnadi-el-dulce-del-pasado-arabe-de-valencia\/#primaryimage\"},\"thumbnailUrl\":\"https:\/\/casaisabel.es\/wp-content\/uploads\/2014\/10\/Calabazas.jpg\",\"articleSection\":[\"Gastronom\u00eda\"],\"inLanguage\":\"it-IT\"},{\"@type\":\"WebPage\",\"@id\":\"https:\/\/casaisabel.es\/arnadi-el-dulce-del-pasado-arabe-de-valencia\/\",\"url\":\"https:\/\/casaisabel.es\/arnadi-el-dulce-del-pasado-arabe-de-valencia\/\",\"name\":\"Arnad\u00ed, el dulce del pasado \u00e1rabe de Valencia - Casa Isabel\",\"isPartOf\":{\"@id\":\"https:\/\/casaisabel.es\/#website\"},\"primaryImageOfPage\":{\"@id\":\"https:\/\/casaisabel.es\/arnadi-el-dulce-del-pasado-arabe-de-valencia\/#primaryimage\"},\"image\":{\"@id\":\"https:\/\/casaisabel.es\/arnadi-el-dulce-del-pasado-arabe-de-valencia\/#primaryimage\"},\"thumbnailUrl\":\"https:\/\/casaisabel.es\/wp-content\/uploads\/2014\/10\/Calabazas.jpg\",\"datePublished\":\"2025-12-15T00:08:10+00:00\",\"description\":\"El Arnad\u00ed es un dulce tradicional valenciano cuyos or\u00edgenes se remontan a la \u00e9poca \u00e1rabe. Hoy, cualquier excusa es buena para degustarlo.\",\"breadcrumb\":{\"@id\":\"https:\/\/casaisabel.es\/arnadi-el-dulce-del-pasado-arabe-de-valencia\/#breadcrumb\"},\"inLanguage\":\"it-IT\",\"potentialAction\":[{\"@type\":\"ReadAction\",\"target\":[\"https:\/\/casaisabel.es\/arnadi-el-dulce-del-pasado-arabe-de-valencia\/\"]}]},{\"@type\":\"ImageObject\",\"inLanguage\":\"it-IT\",\"@id\":\"https:\/\/casaisabel.es\/arnadi-el-dulce-del-pasado-arabe-de-valencia\/#primaryimage\",\"url\":\"https:\/\/casaisabel.es\/wp-content\/uploads\/2014\/10\/Calabazas.jpg\",\"contentUrl\":\"https:\/\/casaisabel.es\/wp-content\/uploads\/2014\/10\/Calabazas.jpg\",\"width\":636,\"height\":259},{\"@type\":\"BreadcrumbList\",\"@id\":\"https:\/\/casaisabel.es\/arnadi-el-dulce-del-pasado-arabe-de-valencia\/#breadcrumb\",\"itemListElement\":[{\"@type\":\"ListItem\",\"position\":1,\"name\":\"Portada\",\"item\":\"https:\/\/casaisabel.es\/\"},{\"@type\":\"ListItem\",\"position\":2,\"name\":\"Arnad\u00ed, el dulce del pasado \u00e1rabe de Valencia\"}]},{\"@type\":\"WebSite\",\"@id\":\"https:\/\/casaisabel.es\/#website\",\"url\":\"https:\/\/casaisabel.es\/\",\"name\":\"Casa Isabel\",\"description\":\"S\u00f3lo otro sitio de WordPress\",\"publisher\":{\"@id\":\"https:\/\/casaisabel.es\/#organization\"},\"potentialAction\":[{\"@type\":\"SearchAction\",\"target\":{\"@type\":\"EntryPoint\",\"urlTemplate\":\"https:\/\/casaisabel.es\/?s={search_term_string}\"},\"query-input\":{\"@type\":\"PropertyValueSpecification\",\"valueRequired\":true,\"valueName\":\"search_term_string\"}}],\"inLanguage\":\"it-IT\"},{\"@type\":\"Organization\",\"@id\":\"https:\/\/casaisabel.es\/#organization\",\"name\":\"Casa Isabel\",\"url\":\"https:\/\/casaisabel.es\/\",\"logo\":{\"@type\":\"ImageObject\",\"inLanguage\":\"it-IT\",\"@id\":\"https:\/\/casaisabel.es\/#\/schema\/logo\/image\/\",\"url\":\"https:\/\/casaisabel.es\/wp-content\/uploads\/2023\/09\/casaIsabel.svg\",\"contentUrl\":\"https:\/\/casaisabel.es\/wp-content\/uploads\/2023\/09\/casaIsabel.svg\",\"width\":211,\"height\":49,\"caption\":\"Casa Isabel\"},\"image\":{\"@id\":\"https:\/\/casaisabel.es\/#\/schema\/logo\/image\/\"}},{\"@type\":\"Person\",\"@id\":\"https:\/\/casaisabel.es\/#\/schema\/person\/66308f25a39c9cb32c4e78cf8cfa36cf\",\"name\":\"Admin\",\"image\":{\"@type\":\"ImageObject\",\"inLanguage\":\"it-IT\",\"@id\":\"https:\/\/casaisabel.es\/#\/schema\/person\/image\/\",\"url\":\"https:\/\/secure.gravatar.com\/avatar\/cfa1bef4e15c827fa091464736c1d269687e21ac8972ec35aec466b4aa06b9c8?s=96&d=mm&r=g\",\"contentUrl\":\"https:\/\/secure.gravatar.com\/avatar\/cfa1bef4e15c827fa091464736c1d269687e21ac8972ec35aec466b4aa06b9c8?s=96&d=mm&r=g\",\"caption\":\"Admin\"},\"url\":\"https:\/\/casaisabel.es\/it\/author\/admin-2\/\"}]}<\/script>\n<!-- \/ Yoast SEO plugin. -->","yoast_head_json":{"title":"Arnad\u00ed, el dulce del pasado \u00e1rabe de Valencia - Casa Isabel","description":"El Arnad\u00ed es un dulce tradicional valenciano cuyos or\u00edgenes se remontan a la \u00e9poca \u00e1rabe. Hoy, cualquier excusa es buena para degustarlo.","robots":{"index":"index","follow":"follow","max-snippet":"max-snippet:-1","max-image-preview":"max-image-preview:large","max-video-preview":"max-video-preview:-1"},"canonical":"https:\/\/casaisabel.es\/it\/arnadi-el-dulce-del-pasado-arabe-de-valencia\/","og_locale":"it_IT","og_type":"article","og_title":"Arnad\u00ed, el dulce del pasado \u00e1rabe de Valencia - Casa Isabel","og_description":"El Arnad\u00ed es un dulce tradicional valenciano cuyos or\u00edgenes se remontan a la \u00e9poca \u00e1rabe. Hoy, cualquier excusa es buena para degustarlo.","og_url":"https:\/\/casaisabel.es\/it\/arnadi-el-dulce-del-pasado-arabe-de-valencia\/","og_site_name":"Casa Isabel","article_published_time":"2025-12-15T00:08:10+00:00","og_image":[{"width":636,"height":259,"url":"https:\/\/casaisabel.es\/wp-content\/uploads\/2014\/10\/Calabazas.jpg","type":"image\/jpeg"}],"author":"Admin","twitter_card":"summary_large_image","twitter_misc":{"Written by":"Admin","Est. reading time":"2 minutes"},"schema":{"@context":"https:\/\/schema.org","@graph":[{"@type":"Article","@id":"https:\/\/casaisabel.es\/arnadi-el-dulce-del-pasado-arabe-de-valencia\/#article","isPartOf":{"@id":"https:\/\/casaisabel.es\/arnadi-el-dulce-del-pasado-arabe-de-valencia\/"},"author":{"name":"Admin","@id":"https:\/\/casaisabel.es\/#\/schema\/person\/66308f25a39c9cb32c4e78cf8cfa36cf"},"headline":"Arnad\u00ed, el dulce del pasado \u00e1rabe de Valencia","datePublished":"2025-12-15T00:08:10+00:00","mainEntityOfPage":{"@id":"https:\/\/casaisabel.es\/arnadi-el-dulce-del-pasado-arabe-de-valencia\/"},"wordCount":360,"publisher":{"@id":"https:\/\/casaisabel.es\/#organization"},"image":{"@id":"https:\/\/casaisabel.es\/arnadi-el-dulce-del-pasado-arabe-de-valencia\/#primaryimage"},"thumbnailUrl":"https:\/\/casaisabel.es\/wp-content\/uploads\/2014\/10\/Calabazas.jpg","articleSection":["Gastronom\u00eda"],"inLanguage":"it-IT"},{"@type":"WebPage","@id":"https:\/\/casaisabel.es\/arnadi-el-dulce-del-pasado-arabe-de-valencia\/","url":"https:\/\/casaisabel.es\/arnadi-el-dulce-del-pasado-arabe-de-valencia\/","name":"Arnad\u00ed, el dulce del pasado \u00e1rabe de Valencia - Casa Isabel","isPartOf":{"@id":"https:\/\/casaisabel.es\/#website"},"primaryImageOfPage":{"@id":"https:\/\/casaisabel.es\/arnadi-el-dulce-del-pasado-arabe-de-valencia\/#primaryimage"},"image":{"@id":"https:\/\/casaisabel.es\/arnadi-el-dulce-del-pasado-arabe-de-valencia\/#primaryimage"},"thumbnailUrl":"https:\/\/casaisabel.es\/wp-content\/uploads\/2014\/10\/Calabazas.jpg","datePublished":"2025-12-15T00:08:10+00:00","description":"El Arnad\u00ed es un dulce tradicional valenciano cuyos or\u00edgenes se remontan a la \u00e9poca \u00e1rabe. Hoy, cualquier excusa es buena para degustarlo.","breadcrumb":{"@id":"https:\/\/casaisabel.es\/arnadi-el-dulce-del-pasado-arabe-de-valencia\/#breadcrumb"},"inLanguage":"it-IT","potentialAction":[{"@type":"ReadAction","target":["https:\/\/casaisabel.es\/arnadi-el-dulce-del-pasado-arabe-de-valencia\/"]}]},{"@type":"ImageObject","inLanguage":"it-IT","@id":"https:\/\/casaisabel.es\/arnadi-el-dulce-del-pasado-arabe-de-valencia\/#primaryimage","url":"https:\/\/casaisabel.es\/wp-content\/uploads\/2014\/10\/Calabazas.jpg","contentUrl":"https:\/\/casaisabel.es\/wp-content\/uploads\/2014\/10\/Calabazas.jpg","width":636,"height":259},{"@type":"BreadcrumbList","@id":"https:\/\/casaisabel.es\/arnadi-el-dulce-del-pasado-arabe-de-valencia\/#breadcrumb","itemListElement":[{"@type":"ListItem","position":1,"name":"Portada","item":"https:\/\/casaisabel.es\/"},{"@type":"ListItem","position":2,"name":"Arnad\u00ed, el dulce del pasado \u00e1rabe de Valencia"}]},{"@type":"WebSite","@id":"https:\/\/casaisabel.es\/#website","url":"https:\/\/casaisabel.es\/","name":"Casa Isabel","description":"S\u00f3lo otro sitio de WordPress","publisher":{"@id":"https:\/\/casaisabel.es\/#organization"},"potentialAction":[{"@type":"SearchAction","target":{"@type":"EntryPoint","urlTemplate":"https:\/\/casaisabel.es\/?s={search_term_string}"},"query-input":{"@type":"PropertyValueSpecification","valueRequired":true,"valueName":"search_term_string"}}],"inLanguage":"it-IT"},{"@type":"Organization","@id":"https:\/\/casaisabel.es\/#organization","name":"Casa Isabel","url":"https:\/\/casaisabel.es\/","logo":{"@type":"ImageObject","inLanguage":"it-IT","@id":"https:\/\/casaisabel.es\/#\/schema\/logo\/image\/","url":"https:\/\/casaisabel.es\/wp-content\/uploads\/2023\/09\/casaIsabel.svg","contentUrl":"https:\/\/casaisabel.es\/wp-content\/uploads\/2023\/09\/casaIsabel.svg","width":211,"height":49,"caption":"Casa Isabel"},"image":{"@id":"https:\/\/casaisabel.es\/#\/schema\/logo\/image\/"}},{"@type":"Person","@id":"https:\/\/casaisabel.es\/#\/schema\/person\/66308f25a39c9cb32c4e78cf8cfa36cf","name":"Admin","image":{"@type":"ImageObject","inLanguage":"it-IT","@id":"https:\/\/casaisabel.es\/#\/schema\/person\/image\/","url":"https:\/\/secure.gravatar.com\/avatar\/cfa1bef4e15c827fa091464736c1d269687e21ac8972ec35aec466b4aa06b9c8?s=96&d=mm&r=g","contentUrl":"https:\/\/secure.gravatar.com\/avatar\/cfa1bef4e15c827fa091464736c1d269687e21ac8972ec35aec466b4aa06b9c8?s=96&d=mm&r=g","caption":"Admin"},"url":"https:\/\/casaisabel.es\/it\/author\/admin-2\/"}]}},"_links":{"self":[{"href":"https:\/\/casaisabel.es\/it\/wp-json\/wp\/v2\/posts\/1910","targetHints":{"allow":["GET"]}}],"collection":[{"href":"https:\/\/casaisabel.es\/it\/wp-json\/wp\/v2\/posts"}],"about":[{"href":"https:\/\/casaisabel.es\/it\/wp-json\/wp\/v2\/types\/post"}],"author":[{"embeddable":true,"href":"https:\/\/casaisabel.es\/it\/wp-json\/wp\/v2\/users\/2"}],"replies":[{"embeddable":true,"href":"https:\/\/casaisabel.es\/it\/wp-json\/wp\/v2\/comments?post=1910"}],"version-history":[{"count":0,"href":"https:\/\/casaisabel.es\/it\/wp-json\/wp\/v2\/posts\/1910\/revisions"}],"wp:featuredmedia":[{"embeddable":true,"href":"https:\/\/casaisabel.es\/it\/wp-json\/wp\/v2\/media\/1914"}],"wp:attachment":[{"href":"https:\/\/casaisabel.es\/it\/wp-json\/wp\/v2\/media?parent=1910"}],"wp:term":[{"taxonomy":"category","embeddable":true,"href":"https:\/\/casaisabel.es\/it\/wp-json\/wp\/v2\/categories?post=1910"},{"taxonomy":"post_tag","embeddable":true,"href":"https:\/\/casaisabel.es\/it\/wp-json\/wp\/v2\/tags?post=1910"}],"curies":[{"name":"wp","href":"https:\/\/api.w.org\/{rel}","templated":true}]}}