{"id":1864,"date":"2025-12-11T00:04:32","date_gmt":"2025-12-11T00:04:32","guid":{"rendered":"https:\/\/casaisabel.es\/?p=1864---c9e29702-d2c1-4ca0-832b-b2732b818514"},"modified":"2025-12-11T00:04:32","modified_gmt":"2025-12-11T00:04:32","slug":"la-lonja-de-seda-patrimonio-de-la-humanidad-de-valencia","status":"publish","type":"post","link":"https:\/\/casaisabel.es\/it\/la-lonja-de-seda-patrimonio-de-la-humanidad-de-valencia\/","title":{"rendered":"La Lonja de Seda, Patrimonio de la Humanidad de Valencia"},"content":{"rendered":"<p style=\"text-align: justify\"><strong>La <a href=\"https:\/\/casaisabel.es\/it\/ristoranti-sulla-spiaggia-malvarrosa\/\" target=\"_blank\" rel=\"noopener noreferrer\">playa<\/a> y la paella son lo m\u00e1s conocido de <a href=\"http:\/\/www.spain.info\/es\/que-quieres\/arte\/monumentos\/valencia\/lonja_de_la_seda.html\" target=\"_blank\" rel=\"noopener noreferrer\">Valencia<\/a><\/strong>, pero la ciudad tambi\u00e9n cuenta con un gran patrimonio monumental, como es la <strong>Lonja de la Seda<\/strong>. Este edificio es <strong>uno de los m\u00e1s preciados de la arquitectura g\u00f3tica civil europea<\/strong>. Fue construido en el siglo XV, bajo la direcci\u00f3n de Pere Compte, arquitecto de gran prestigio de la \u00e9poca. A su vez, cuenta con alg\u00fan elemento de estilo renacentista debido a que fue acabado por un disc\u00edpulo del maestro.<!--more--><\/p>\n<p style=\"text-align: justify\"><strong>M\u00e1s de 2.000 metros cuadrados de historia<\/strong><\/p>\n<p style=\"text-align: justify\">Tambi\u00e9n se la conoce como la Lonja de Mercaderes. <strong>La eclosi\u00f3n de la industria de la seda<\/strong>, entre los siglos XV y el XVIII, <strong>otorg\u00f3 al edificio su nombre posterior<\/strong>. Hoy d\u00eda constituye uno de los lugares m\u00e1s emblem\u00e1ticos de la ciudad de Valencia. <strong>La fachada rectangular, las majestuosas puertas y ventanales, los escudos se\u00f1oriales o la ins\u00f3lita colecci\u00f3n de esculturas y g\u00e1rgolas<\/strong> recuerdan la riqueza y el poder de una de los municipios mercantiles m\u00e1s importantes del Mediterr\u00e1neo durante el siglo XV.\u00a0Desde el primer momento, <a href=\"http:\/\/www.turisvalencia.es\/es\/sugerencia-vlc\/ruta-de-la-seda-en-valencia\" target=\"_blank\" rel=\"noopener noreferrer\">la Lonja se construy\u00f3 para el comercio de la seda<\/a>. En cambio, en el Consolat del Mar, en el edificio adyacente, se gestion\u00f3 el comercio mar\u00edtimo.<\/p>\n<p style=\"text-align: justify\">El recinto cuenta con diferentes partes: <strong>el Sal\u00f3n de las Columnas, el Patio de los Naranjos, el Torre\u00f3n y la Sala del Consulado del Mar<\/strong>. Se trata de <strong>un conjunto de m\u00e1s de 2.000 metros cuadrados<\/strong>, que transporta al visitante a descubrir el estilo del siglo XV y a conocer la historia comercial de la ciudad. Adem\u00e1s, los domingos se pueden contemplar exposiciones de monedas y sellos.<\/p>\n<p style=\"text-align: justify\">Despu\u00e9s de la visita al monumento declarado <strong>Patrimonio de la Humanidad por la Unesco<\/strong> en 1996, se puede aprovechar para <strong>recuperar fuerzas en una de las <a href=\"https:\/\/casaisabel.es\/it\/arroz-en-valencia\/\" target=\"_blank\" rel=\"noopener noreferrer\">arrocer\u00edas de la playa<\/a> o en un buen restaurante de la Malvarrosa<\/strong>.<\/p>\n<p style=\"text-align: justify\"><a href=\"https:\/\/www.flickr.com\/photos\/stijnnieuwendijk\/10298264025\" target=\"_blank\" rel=\"noopener noreferrer\">Imagen.<\/a><\/p>","protected":false},"excerpt":{"rendered":"<p>La playa y la paella son lo m\u00e1s conocido de Valencia, pero la ciudad tambi\u00e9n cuenta con un gran patrimonio monumental, como es la Lonja de la Seda. Este edificio es uno de los m\u00e1s preciados de la arquitectura g\u00f3tica civil europea. Fue construido en el siglo XV, bajo la direcci\u00f3n de Pere Compte, arquitecto [&hellip;]<\/p>","protected":false},"author":2,"featured_media":1865,"comment_status":"closed","ping_status":"closed","sticky":false,"template":"","format":"standard","meta":{"site-sidebar-layout":"default","site-content-layout":"","ast-site-content-layout":"","site-content-style":"default","site-sidebar-style":"default","ast-global-header-display":"","ast-banner-title-visibility":"","ast-main-header-display":"","ast-hfb-above-header-display":"","ast-hfb-below-header-display":"","ast-hfb-mobile-header-display":"","site-post-title":"","ast-breadcrumbs-content":"","ast-featured-img":"","footer-sml-layout":"","theme-transparent-header-meta":"","adv-header-id-meta":"","stick-header-meta":"","header-above-stick-meta":"","header-main-stick-meta":"","header-below-stick-meta":"","astra-migrate-meta-layouts":"default","ast-page-background-enabled":"default","ast-page-background-meta":{"desktop":{"background-color":"var(--ast-global-color-4)","background-image":"","background-repeat":"repeat","background-position":"center center","background-size":"auto","background-attachment":"scroll","background-type":"","background-media":"","overlay-type":"","overlay-color":"","overlay-opacity":"","overlay-gradient":""},"tablet":{"background-color":"","background-image":"","background-repeat":"repeat","background-position":"center center","background-size":"auto","background-attachment":"scroll","background-type":"","background-media":"","overlay-type":"","overlay-color":"","overlay-opacity":"","overlay-gradient":""},"mobile":{"background-color":"","background-image":"","background-repeat":"repeat","background-position":"center center","background-size":"auto","background-attachment":"scroll","background-type":"","background-media":"","overlay-type":"","overlay-color":"","overlay-opacity":"","overlay-gradient":""}},"ast-content-background-meta":{"desktop":{"background-color":"var(--ast-global-color-5)","background-image":"","background-repeat":"repeat","background-position":"center center","background-size":"auto","background-attachment":"scroll","background-type":"","background-media":"","overlay-type":"","overlay-color":"","overlay-opacity":"","overlay-gradient":""},"tablet":{"background-color":"var(--ast-global-color-5)","background-image":"","background-repeat":"repeat","background-position":"center center","background-size":"auto","background-attachment":"scroll","background-type":"","background-media":"","overlay-type":"","overlay-color":"","overlay-opacity":"","overlay-gradient":""},"mobile":{"background-color":"var(--ast-global-color-5)","background-image":"","background-repeat":"repeat","background-position":"center center","background-size":"auto","background-attachment":"scroll","background-type":"","background-media":"","overlay-type":"","overlay-color":"","overlay-opacity":"","overlay-gradient":""}},"footnotes":""},"categories":[9],"tags":[],"class_list":["post-1864","post","type-post","status-publish","format-standard","has-post-thumbnail","hentry","category-lugares-emblematicos-de-valencia"],"yoast_head":"<!-- This site is optimized with the Yoast SEO plugin v25.6 - https:\/\/yoast.com\/wordpress\/plugins\/seo\/ -->\n<title>La Lonja de Seda, Patrimonio de la Humanidad de Valencia - Casa Isabel<\/title>\n<meta name=\"description\" content=\"La Lonja de Seda es uno de los monumentos m\u00e1s emblem\u00e1ticos de Valencia. Antes o despu\u00e9s de visitarla no te olvides de comer una buena paella en Casa Isabel.\" \/>\n<meta name=\"robots\" content=\"index, follow, max-snippet:-1, max-image-preview:large, max-video-preview:-1\" \/>\n<link rel=\"canonical\" href=\"https:\/\/casaisabel.es\/it\/la-lonja-de-seda-patrimonio-de-la-humanidad-de-valencia\/\" \/>\n<meta property=\"og:locale\" content=\"it_IT\" \/>\n<meta property=\"og:type\" content=\"article\" \/>\n<meta property=\"og:title\" content=\"La Lonja de Seda, Patrimonio de la Humanidad de Valencia - Casa Isabel\" \/>\n<meta property=\"og:description\" content=\"La Lonja de Seda es uno de los monumentos m\u00e1s emblem\u00e1ticos de Valencia. Antes o despu\u00e9s de visitarla no te olvides de comer una buena paella en Casa Isabel.\" \/>\n<meta property=\"og:url\" content=\"https:\/\/casaisabel.es\/it\/la-lonja-de-seda-patrimonio-de-la-humanidad-de-valencia\/\" \/>\n<meta property=\"og:site_name\" content=\"Casa Isabel\" \/>\n<meta property=\"article:published_time\" content=\"2025-12-11T00:04:32+00:00\" \/>\n<meta property=\"og:image\" content=\"https:\/\/casaisabel.es\/wp-content\/uploads\/2014\/09\/10298264025_0acae0ff4c_z-e1411990386595.jpg\" \/>\n\t<meta property=\"og:image:width\" content=\"630\" \/>\n\t<meta property=\"og:image:height\" content=\"257\" \/>\n\t<meta property=\"og:image:type\" content=\"image\/jpeg\" \/>\n<meta name=\"author\" content=\"Admin\" \/>\n<meta name=\"twitter:card\" content=\"summary_large_image\" \/>\n<meta name=\"twitter:label1\" content=\"Written by\" \/>\n\t<meta name=\"twitter:data1\" content=\"Admin\" \/>\n\t<meta name=\"twitter:label2\" content=\"Est. reading time\" \/>\n\t<meta name=\"twitter:data2\" content=\"2 minutes\" \/>\n<script type=\"application\/ld+json\" class=\"yoast-schema-graph\">{\"@context\":\"https:\/\/schema.org\",\"@graph\":[{\"@type\":\"Article\",\"@id\":\"https:\/\/casaisabel.es\/la-lonja-de-seda-patrimonio-de-la-humanidad-de-valencia\/#article\",\"isPartOf\":{\"@id\":\"https:\/\/casaisabel.es\/la-lonja-de-seda-patrimonio-de-la-humanidad-de-valencia\/\"},\"author\":{\"name\":\"Admin\",\"@id\":\"https:\/\/casaisabel.es\/#\/schema\/person\/66308f25a39c9cb32c4e78cf8cfa36cf\"},\"headline\":\"La Lonja de Seda, Patrimonio de la Humanidad de Valencia\",\"datePublished\":\"2025-12-11T00:04:32+00:00\",\"mainEntityOfPage\":{\"@id\":\"https:\/\/casaisabel.es\/la-lonja-de-seda-patrimonio-de-la-humanidad-de-valencia\/\"},\"wordCount\":340,\"publisher\":{\"@id\":\"https:\/\/casaisabel.es\/#organization\"},\"image\":{\"@id\":\"https:\/\/casaisabel.es\/la-lonja-de-seda-patrimonio-de-la-humanidad-de-valencia\/#primaryimage\"},\"thumbnailUrl\":\"https:\/\/casaisabel.es\/wp-content\/uploads\/2014\/09\/10298264025_0acae0ff4c_z-e1411990386595.jpg\",\"articleSection\":[\"Lugares emblem\u00e1ticos de Valencia\"],\"inLanguage\":\"it-IT\"},{\"@type\":\"WebPage\",\"@id\":\"https:\/\/casaisabel.es\/la-lonja-de-seda-patrimonio-de-la-humanidad-de-valencia\/\",\"url\":\"https:\/\/casaisabel.es\/la-lonja-de-seda-patrimonio-de-la-humanidad-de-valencia\/\",\"name\":\"La Lonja de Seda, Patrimonio de la Humanidad de Valencia - Casa Isabel\",\"isPartOf\":{\"@id\":\"https:\/\/casaisabel.es\/#website\"},\"primaryImageOfPage\":{\"@id\":\"https:\/\/casaisabel.es\/la-lonja-de-seda-patrimonio-de-la-humanidad-de-valencia\/#primaryimage\"},\"image\":{\"@id\":\"https:\/\/casaisabel.es\/la-lonja-de-seda-patrimonio-de-la-humanidad-de-valencia\/#primaryimage\"},\"thumbnailUrl\":\"https:\/\/casaisabel.es\/wp-content\/uploads\/2014\/09\/10298264025_0acae0ff4c_z-e1411990386595.jpg\",\"datePublished\":\"2025-12-11T00:04:32+00:00\",\"description\":\"La Lonja de Seda es uno de los monumentos m\u00e1s emblem\u00e1ticos de Valencia. Antes o despu\u00e9s de visitarla no te olvides de comer una buena paella en Casa Isabel.\",\"breadcrumb\":{\"@id\":\"https:\/\/casaisabel.es\/la-lonja-de-seda-patrimonio-de-la-humanidad-de-valencia\/#breadcrumb\"},\"inLanguage\":\"it-IT\",\"potentialAction\":[{\"@type\":\"ReadAction\",\"target\":[\"https:\/\/casaisabel.es\/la-lonja-de-seda-patrimonio-de-la-humanidad-de-valencia\/\"]}]},{\"@type\":\"ImageObject\",\"inLanguage\":\"it-IT\",\"@id\":\"https:\/\/casaisabel.es\/la-lonja-de-seda-patrimonio-de-la-humanidad-de-valencia\/#primaryimage\",\"url\":\"https:\/\/casaisabel.es\/wp-content\/uploads\/2014\/09\/10298264025_0acae0ff4c_z-e1411990386595.jpg\",\"contentUrl\":\"https:\/\/casaisabel.es\/wp-content\/uploads\/2014\/09\/10298264025_0acae0ff4c_z-e1411990386595.jpg\",\"width\":630,\"height\":257},{\"@type\":\"BreadcrumbList\",\"@id\":\"https:\/\/casaisabel.es\/la-lonja-de-seda-patrimonio-de-la-humanidad-de-valencia\/#breadcrumb\",\"itemListElement\":[{\"@type\":\"ListItem\",\"position\":1,\"name\":\"Portada\",\"item\":\"https:\/\/casaisabel.es\/\"},{\"@type\":\"ListItem\",\"position\":2,\"name\":\"La Lonja de Seda, Patrimonio de la Humanidad de Valencia\"}]},{\"@type\":\"WebSite\",\"@id\":\"https:\/\/casaisabel.es\/#website\",\"url\":\"https:\/\/casaisabel.es\/\",\"name\":\"Casa Isabel\",\"description\":\"S\u00f3lo otro sitio de WordPress\",\"publisher\":{\"@id\":\"https:\/\/casaisabel.es\/#organization\"},\"potentialAction\":[{\"@type\":\"SearchAction\",\"target\":{\"@type\":\"EntryPoint\",\"urlTemplate\":\"https:\/\/casaisabel.es\/?s={search_term_string}\"},\"query-input\":{\"@type\":\"PropertyValueSpecification\",\"valueRequired\":true,\"valueName\":\"search_term_string\"}}],\"inLanguage\":\"it-IT\"},{\"@type\":\"Organization\",\"@id\":\"https:\/\/casaisabel.es\/#organization\",\"name\":\"Casa Isabel\",\"url\":\"https:\/\/casaisabel.es\/\",\"logo\":{\"@type\":\"ImageObject\",\"inLanguage\":\"it-IT\",\"@id\":\"https:\/\/casaisabel.es\/#\/schema\/logo\/image\/\",\"url\":\"https:\/\/casaisabel.es\/wp-content\/uploads\/2023\/09\/casaIsabel.svg\",\"contentUrl\":\"https:\/\/casaisabel.es\/wp-content\/uploads\/2023\/09\/casaIsabel.svg\",\"width\":211,\"height\":49,\"caption\":\"Casa Isabel\"},\"image\":{\"@id\":\"https:\/\/casaisabel.es\/#\/schema\/logo\/image\/\"}},{\"@type\":\"Person\",\"@id\":\"https:\/\/casaisabel.es\/#\/schema\/person\/66308f25a39c9cb32c4e78cf8cfa36cf\",\"name\":\"Admin\",\"image\":{\"@type\":\"ImageObject\",\"inLanguage\":\"it-IT\",\"@id\":\"https:\/\/casaisabel.es\/#\/schema\/person\/image\/\",\"url\":\"https:\/\/secure.gravatar.com\/avatar\/cfa1bef4e15c827fa091464736c1d269687e21ac8972ec35aec466b4aa06b9c8?s=96&d=mm&r=g\",\"contentUrl\":\"https:\/\/secure.gravatar.com\/avatar\/cfa1bef4e15c827fa091464736c1d269687e21ac8972ec35aec466b4aa06b9c8?s=96&d=mm&r=g\",\"caption\":\"Admin\"},\"url\":\"https:\/\/casaisabel.es\/it\/author\/admin-2\/\"}]}<\/script>\n<!-- \/ Yoast SEO plugin. -->","yoast_head_json":{"title":"La Lonja de Seda, Patrimonio de la Humanidad de Valencia - Casa Isabel","description":"La Lonja de Seda es uno de los monumentos m\u00e1s emblem\u00e1ticos de Valencia. Antes o despu\u00e9s de visitarla no te olvides de comer una buena paella en Casa Isabel.","robots":{"index":"index","follow":"follow","max-snippet":"max-snippet:-1","max-image-preview":"max-image-preview:large","max-video-preview":"max-video-preview:-1"},"canonical":"https:\/\/casaisabel.es\/it\/la-lonja-de-seda-patrimonio-de-la-humanidad-de-valencia\/","og_locale":"it_IT","og_type":"article","og_title":"La Lonja de Seda, Patrimonio de la Humanidad de Valencia - Casa Isabel","og_description":"La Lonja de Seda es uno de los monumentos m\u00e1s emblem\u00e1ticos de Valencia. Antes o despu\u00e9s de visitarla no te olvides de comer una buena paella en Casa Isabel.","og_url":"https:\/\/casaisabel.es\/it\/la-lonja-de-seda-patrimonio-de-la-humanidad-de-valencia\/","og_site_name":"Casa Isabel","article_published_time":"2025-12-11T00:04:32+00:00","og_image":[{"width":630,"height":257,"url":"https:\/\/casaisabel.es\/wp-content\/uploads\/2014\/09\/10298264025_0acae0ff4c_z-e1411990386595.jpg","type":"image\/jpeg"}],"author":"Admin","twitter_card":"summary_large_image","twitter_misc":{"Written by":"Admin","Est. reading time":"2 minutes"},"schema":{"@context":"https:\/\/schema.org","@graph":[{"@type":"Article","@id":"https:\/\/casaisabel.es\/la-lonja-de-seda-patrimonio-de-la-humanidad-de-valencia\/#article","isPartOf":{"@id":"https:\/\/casaisabel.es\/la-lonja-de-seda-patrimonio-de-la-humanidad-de-valencia\/"},"author":{"name":"Admin","@id":"https:\/\/casaisabel.es\/#\/schema\/person\/66308f25a39c9cb32c4e78cf8cfa36cf"},"headline":"La Lonja de Seda, Patrimonio de la Humanidad de Valencia","datePublished":"2025-12-11T00:04:32+00:00","mainEntityOfPage":{"@id":"https:\/\/casaisabel.es\/la-lonja-de-seda-patrimonio-de-la-humanidad-de-valencia\/"},"wordCount":340,"publisher":{"@id":"https:\/\/casaisabel.es\/#organization"},"image":{"@id":"https:\/\/casaisabel.es\/la-lonja-de-seda-patrimonio-de-la-humanidad-de-valencia\/#primaryimage"},"thumbnailUrl":"https:\/\/casaisabel.es\/wp-content\/uploads\/2014\/09\/10298264025_0acae0ff4c_z-e1411990386595.jpg","articleSection":["Lugares emblem\u00e1ticos de Valencia"],"inLanguage":"it-IT"},{"@type":"WebPage","@id":"https:\/\/casaisabel.es\/la-lonja-de-seda-patrimonio-de-la-humanidad-de-valencia\/","url":"https:\/\/casaisabel.es\/la-lonja-de-seda-patrimonio-de-la-humanidad-de-valencia\/","name":"La Lonja de Seda, Patrimonio de la Humanidad de Valencia - Casa Isabel","isPartOf":{"@id":"https:\/\/casaisabel.es\/#website"},"primaryImageOfPage":{"@id":"https:\/\/casaisabel.es\/la-lonja-de-seda-patrimonio-de-la-humanidad-de-valencia\/#primaryimage"},"image":{"@id":"https:\/\/casaisabel.es\/la-lonja-de-seda-patrimonio-de-la-humanidad-de-valencia\/#primaryimage"},"thumbnailUrl":"https:\/\/casaisabel.es\/wp-content\/uploads\/2014\/09\/10298264025_0acae0ff4c_z-e1411990386595.jpg","datePublished":"2025-12-11T00:04:32+00:00","description":"La Lonja de Seda es uno de los monumentos m\u00e1s emblem\u00e1ticos de Valencia. Antes o despu\u00e9s de visitarla no te olvides de comer una buena paella en Casa Isabel.","breadcrumb":{"@id":"https:\/\/casaisabel.es\/la-lonja-de-seda-patrimonio-de-la-humanidad-de-valencia\/#breadcrumb"},"inLanguage":"it-IT","potentialAction":[{"@type":"ReadAction","target":["https:\/\/casaisabel.es\/la-lonja-de-seda-patrimonio-de-la-humanidad-de-valencia\/"]}]},{"@type":"ImageObject","inLanguage":"it-IT","@id":"https:\/\/casaisabel.es\/la-lonja-de-seda-patrimonio-de-la-humanidad-de-valencia\/#primaryimage","url":"https:\/\/casaisabel.es\/wp-content\/uploads\/2014\/09\/10298264025_0acae0ff4c_z-e1411990386595.jpg","contentUrl":"https:\/\/casaisabel.es\/wp-content\/uploads\/2014\/09\/10298264025_0acae0ff4c_z-e1411990386595.jpg","width":630,"height":257},{"@type":"BreadcrumbList","@id":"https:\/\/casaisabel.es\/la-lonja-de-seda-patrimonio-de-la-humanidad-de-valencia\/#breadcrumb","itemListElement":[{"@type":"ListItem","position":1,"name":"Portada","item":"https:\/\/casaisabel.es\/"},{"@type":"ListItem","position":2,"name":"La Lonja de Seda, Patrimonio de la Humanidad de Valencia"}]},{"@type":"WebSite","@id":"https:\/\/casaisabel.es\/#website","url":"https:\/\/casaisabel.es\/","name":"Casa Isabel","description":"S\u00f3lo otro sitio de WordPress","publisher":{"@id":"https:\/\/casaisabel.es\/#organization"},"potentialAction":[{"@type":"SearchAction","target":{"@type":"EntryPoint","urlTemplate":"https:\/\/casaisabel.es\/?s={search_term_string}"},"query-input":{"@type":"PropertyValueSpecification","valueRequired":true,"valueName":"search_term_string"}}],"inLanguage":"it-IT"},{"@type":"Organization","@id":"https:\/\/casaisabel.es\/#organization","name":"Casa Isabel","url":"https:\/\/casaisabel.es\/","logo":{"@type":"ImageObject","inLanguage":"it-IT","@id":"https:\/\/casaisabel.es\/#\/schema\/logo\/image\/","url":"https:\/\/casaisabel.es\/wp-content\/uploads\/2023\/09\/casaIsabel.svg","contentUrl":"https:\/\/casaisabel.es\/wp-content\/uploads\/2023\/09\/casaIsabel.svg","width":211,"height":49,"caption":"Casa Isabel"},"image":{"@id":"https:\/\/casaisabel.es\/#\/schema\/logo\/image\/"}},{"@type":"Person","@id":"https:\/\/casaisabel.es\/#\/schema\/person\/66308f25a39c9cb32c4e78cf8cfa36cf","name":"Admin","image":{"@type":"ImageObject","inLanguage":"it-IT","@id":"https:\/\/casaisabel.es\/#\/schema\/person\/image\/","url":"https:\/\/secure.gravatar.com\/avatar\/cfa1bef4e15c827fa091464736c1d269687e21ac8972ec35aec466b4aa06b9c8?s=96&d=mm&r=g","contentUrl":"https:\/\/secure.gravatar.com\/avatar\/cfa1bef4e15c827fa091464736c1d269687e21ac8972ec35aec466b4aa06b9c8?s=96&d=mm&r=g","caption":"Admin"},"url":"https:\/\/casaisabel.es\/it\/author\/admin-2\/"}]}},"_links":{"self":[{"href":"https:\/\/casaisabel.es\/it\/wp-json\/wp\/v2\/posts\/1864","targetHints":{"allow":["GET"]}}],"collection":[{"href":"https:\/\/casaisabel.es\/it\/wp-json\/wp\/v2\/posts"}],"about":[{"href":"https:\/\/casaisabel.es\/it\/wp-json\/wp\/v2\/types\/post"}],"author":[{"embeddable":true,"href":"https:\/\/casaisabel.es\/it\/wp-json\/wp\/v2\/users\/2"}],"replies":[{"embeddable":true,"href":"https:\/\/casaisabel.es\/it\/wp-json\/wp\/v2\/comments?post=1864"}],"version-history":[{"count":0,"href":"https:\/\/casaisabel.es\/it\/wp-json\/wp\/v2\/posts\/1864\/revisions"}],"wp:featuredmedia":[{"embeddable":true,"href":"https:\/\/casaisabel.es\/it\/wp-json\/wp\/v2\/media\/1865"}],"wp:attachment":[{"href":"https:\/\/casaisabel.es\/it\/wp-json\/wp\/v2\/media?parent=1864"}],"wp:term":[{"taxonomy":"category","embeddable":true,"href":"https:\/\/casaisabel.es\/it\/wp-json\/wp\/v2\/categories?post=1864"},{"taxonomy":"post_tag","embeddable":true,"href":"https:\/\/casaisabel.es\/it\/wp-json\/wp\/v2\/tags?post=1864"}],"curies":[{"name":"wp","href":"https:\/\/api.w.org\/{rel}","templated":true}]}}