{"id":3955,"date":"2025-10-15T00:07:38","date_gmt":"2025-10-15T00:07:38","guid":{"rendered":"https:\/\/casaisabel.es\/?p=3955---5bd9416b-0953-468a-b4e8-70e9b1e0fa51"},"modified":"2025-10-15T00:07:38","modified_gmt":"2025-10-15T00:07:38","slug":"quien-invento-la-paella","status":"publish","type":"post","link":"https:\/\/casaisabel.es\/fr\/quien-invento-la-paella\/","title":{"rendered":"Qui a invent\u00e9 la casserole?"},"content":{"rendered":"<p>Arroz, verdura y carne. Parece f\u00e1cil, pero <strong>no lo es<\/strong>. Degustar una paella a la altura \u00fanicamente es posible en la ciudad de Val\u00e8ncia, donde sus ciudadanos conocen a la perfecci\u00f3n la t\u00e9cnica y la receta de este plato internacional. Se trata de un plato que <strong>combina perfectamente <\/strong>con vino, refresco y tapas. \u00bfQui\u00e9n invent\u00f3 este magn\u00edfico plato que tantos domingos nos ha acompa\u00f1ado en familia o con amigos? Aqu\u00ed desvelamos su identidad.<\/p>\n<h2><strong>Una de las pasiones del ser humano es la alimentaci\u00f3n<\/strong><\/h2>\n<p>La comida se postula como una de las pasiones m\u00e1s importantes para las personas.\u00a0 Sin embargo, no todos tienen la curiosidad de saber cu\u00e1l es la historia de los alimentos que ingieren. Debes saber, que la dieta Mediterr\u00e1nea es <strong>la m\u00e1s completa<\/strong> de todas. En ella, se consumen hasta 19 litros de aceite (61% de oliva), 46 kilos de pan, 57 kilos de carne y 26 de pescado por persona y a\u00f1o. Todos los alimentos tienen un pasado y resulta muy interesante<strong> conocer cu\u00e1l es su origen<\/strong>.<\/p>\n<h2><strong>La paella valenciana<\/strong><\/h2>\n<p>Se trata del plato valenciano por excelencia del que <strong>no se tienen datos anteriores al siglo XVIII<\/strong>. Se le denomina paella por el hecho de que se realiza en este tipo de recipiente. De este modo, el plato termina adquiriendo el nombre debido al utensilio con el que se elabora. Desde su origen, los elementos utilizados para poder hacer la paella, fueron el aceite, el arroz y la paella. Debido a que se postula como un plato de origen rural,<strong> fueron los campesinos<\/strong> quienes la inventaron, ya que ten\u00edan la costumbre de agregar al arroz las verduras que sol\u00edan cosechar en sus huertos. Posteriormente, se a\u00f1adi\u00f3 la carne de los animales que se criaban en los corrales, como son los pollos y conejos. Por otro lado, a orillas de la Albufera, fueron <strong>m\u00e1s innovadores<\/strong> y agregaron a los elementos anteriormente mariscos.<\/p>\n<p>Ahora que conoces de d\u00f3nde proviene este plato tan especial, es el momento de que lo celebres <strong>degustando<\/strong> una paella aut\u00e9nticamente valenciana en Casa isabel, donde la calidad y el buen hacer, son un sello de nuestro restaurante.    \t<\/p>","protected":false},"excerpt":{"rendered":"<p>Arroz, verdura y carne. Parece f\u00e1cil, pero no lo es. Degustar una paella a la altura \u00fanicamente es posible en la ciudad de Val\u00e8ncia, donde sus ciudadanos conocen a la perfecci\u00f3n la t\u00e9cnica y la receta de este plato internacional. Se trata de un plato que combina perfectamente con vino, refresco y tapas. \u00bfQui\u00e9n invent\u00f3 [&hellip;]<\/p>","protected":false},"author":2,"featured_media":4628,"comment_status":"closed","ping_status":"closed","sticky":false,"template":"","format":"standard","meta":{"site-sidebar-layout":"default","site-content-layout":"","ast-site-content-layout":"","site-content-style":"default","site-sidebar-style":"default","ast-global-header-display":"","ast-banner-title-visibility":"","ast-main-header-display":"","ast-hfb-above-header-display":"","ast-hfb-below-header-display":"","ast-hfb-mobile-header-display":"","site-post-title":"","ast-breadcrumbs-content":"","ast-featured-img":"","footer-sml-layout":"","theme-transparent-header-meta":"","adv-header-id-meta":"","stick-header-meta":"","header-above-stick-meta":"","header-main-stick-meta":"","header-below-stick-meta":"","astra-migrate-meta-layouts":"default","ast-page-background-enabled":"default","ast-page-background-meta":{"desktop":{"background-color":"var(--ast-global-color-4)","background-image":"","background-repeat":"repeat","background-position":"center center","background-size":"auto","background-attachment":"scroll","background-type":"","background-media":"","overlay-type":"","overlay-color":"","overlay-opacity":"","overlay-gradient":""},"tablet":{"background-color":"","background-image":"","background-repeat":"repeat","background-position":"center center","background-size":"auto","background-attachment":"scroll","background-type":"","background-media":"","overlay-type":"","overlay-color":"","overlay-opacity":"","overlay-gradient":""},"mobile":{"background-color":"","background-image":"","background-repeat":"repeat","background-position":"center center","background-size":"auto","background-attachment":"scroll","background-type":"","background-media":"","overlay-type":"","overlay-color":"","overlay-opacity":"","overlay-gradient":""}},"ast-content-background-meta":{"desktop":{"background-color":"var(--ast-global-color-5)","background-image":"","background-repeat":"repeat","background-position":"center center","background-size":"auto","background-attachment":"scroll","background-type":"","background-media":"","overlay-type":"","overlay-color":"","overlay-opacity":"","overlay-gradient":""},"tablet":{"background-color":"var(--ast-global-color-5)","background-image":"","background-repeat":"repeat","background-position":"center center","background-size":"auto","background-attachment":"scroll","background-type":"","background-media":"","overlay-type":"","overlay-color":"","overlay-opacity":"","overlay-gradient":""},"mobile":{"background-color":"var(--ast-global-color-5)","background-image":"","background-repeat":"repeat","background-position":"center center","background-size":"auto","background-attachment":"scroll","background-type":"","background-media":"","overlay-type":"","overlay-color":"","overlay-opacity":"","overlay-gradient":""}},"footnotes":""},"categories":[2],"tags":[],"class_list":["post-3955","post","type-post","status-publish","format-standard","has-post-thumbnail","hentry","category-sin-categoria"],"yoast_head":"<!-- This site is optimized with the Yoast SEO plugin v25.6 - https:\/\/yoast.com\/wordpress\/plugins\/seo\/ -->\n<title>\u00bfQui\u00e9n invent\u00f3 la paella? \u00a1Desc\u00fabrelo! - Casa Isabel<\/title>\n<meta name=\"description\" content=\"\u00bfDe d\u00f3nde viene este delicioso plato? \u00bfQui\u00e9n fue la persona encargada de hacerlo por primera vez? Desc\u00fabrelo.\" \/>\n<meta name=\"robots\" content=\"index, follow, max-snippet:-1, max-image-preview:large, max-video-preview:-1\" \/>\n<link rel=\"canonical\" href=\"https:\/\/casaisabel.es\/fr\/quien-invento-la-paella\/\" \/>\n<meta property=\"og:locale\" content=\"fr_FR\" \/>\n<meta property=\"og:type\" content=\"article\" \/>\n<meta property=\"og:title\" content=\"\u00bfQui\u00e9n invent\u00f3 la paella? \u00a1Desc\u00fabrelo! - Casa Isabel\" \/>\n<meta property=\"og:description\" content=\"\u00bfDe d\u00f3nde viene este delicioso plato? \u00bfQui\u00e9n fue la persona encargada de hacerlo por primera vez? Desc\u00fabrelo.\" \/>\n<meta property=\"og:url\" content=\"https:\/\/casaisabel.es\/fr\/quien-invento-la-paella\/\" \/>\n<meta property=\"og:site_name\" content=\"Casa Isabel\" \/>\n<meta property=\"article:published_time\" content=\"2025-10-15T00:07:38+00:00\" \/>\n<meta property=\"og:image\" content=\"https:\/\/casaisabel.es\/wp-content\/uploads\/2020\/05\/POLLOWAY-scaled-1.jpg\" \/>\n\t<meta property=\"og:image:width\" content=\"2560\" \/>\n\t<meta property=\"og:image:height\" content=\"2012\" \/>\n\t<meta property=\"og:image:type\" content=\"image\/jpeg\" \/>\n<meta name=\"author\" content=\"Admin\" \/>\n<meta name=\"twitter:card\" content=\"summary_large_image\" \/>\n<meta name=\"twitter:label1\" content=\"\u00c9crit par\" \/>\n\t<meta name=\"twitter:data1\" content=\"Admin\" \/>\n\t<meta name=\"twitter:label2\" content=\"Dur\u00e9e de lecture estim\u00e9e\" \/>\n\t<meta name=\"twitter:data2\" content=\"2 minutes\" \/>\n<script type=\"application\/ld+json\" class=\"yoast-schema-graph\">{\"@context\":\"https:\/\/schema.org\",\"@graph\":[{\"@type\":\"Article\",\"@id\":\"https:\/\/casaisabel.es\/quien-invento-la-paella\/#article\",\"isPartOf\":{\"@id\":\"https:\/\/casaisabel.es\/quien-invento-la-paella\/\"},\"author\":{\"name\":\"Admin\",\"@id\":\"https:\/\/casaisabel.es\/#\/schema\/person\/66308f25a39c9cb32c4e78cf8cfa36cf\"},\"headline\":\"\u00bfQui\u00e9n invent\u00f3 la paella?\",\"datePublished\":\"2025-10-15T00:07:38+00:00\",\"mainEntityOfPage\":{\"@id\":\"https:\/\/casaisabel.es\/quien-invento-la-paella\/\"},\"wordCount\":372,\"publisher\":{\"@id\":\"https:\/\/casaisabel.es\/#organization\"},\"image\":{\"@id\":\"https:\/\/casaisabel.es\/quien-invento-la-paella\/#primaryimage\"},\"thumbnailUrl\":\"https:\/\/casaisabel.es\/wp-content\/uploads\/2020\/05\/POLLOWAY-scaled-1.jpg\",\"articleSection\":[\"Sin categor\u00eda\"],\"inLanguage\":\"fr-FR\"},{\"@type\":\"WebPage\",\"@id\":\"https:\/\/casaisabel.es\/quien-invento-la-paella\/\",\"url\":\"https:\/\/casaisabel.es\/quien-invento-la-paella\/\",\"name\":\"\u00bfQui\u00e9n invent\u00f3 la paella? \u00a1Desc\u00fabrelo! - Casa Isabel\",\"isPartOf\":{\"@id\":\"https:\/\/casaisabel.es\/#website\"},\"primaryImageOfPage\":{\"@id\":\"https:\/\/casaisabel.es\/quien-invento-la-paella\/#primaryimage\"},\"image\":{\"@id\":\"https:\/\/casaisabel.es\/quien-invento-la-paella\/#primaryimage\"},\"thumbnailUrl\":\"https:\/\/casaisabel.es\/wp-content\/uploads\/2020\/05\/POLLOWAY-scaled-1.jpg\",\"datePublished\":\"2025-10-15T00:07:38+00:00\",\"description\":\"\u00bfDe d\u00f3nde viene este delicioso plato? \u00bfQui\u00e9n fue la persona encargada de hacerlo por primera vez? Desc\u00fabrelo.\",\"breadcrumb\":{\"@id\":\"https:\/\/casaisabel.es\/quien-invento-la-paella\/#breadcrumb\"},\"inLanguage\":\"fr-FR\",\"potentialAction\":[{\"@type\":\"ReadAction\",\"target\":[\"https:\/\/casaisabel.es\/quien-invento-la-paella\/\"]}]},{\"@type\":\"ImageObject\",\"inLanguage\":\"fr-FR\",\"@id\":\"https:\/\/casaisabel.es\/quien-invento-la-paella\/#primaryimage\",\"url\":\"https:\/\/casaisabel.es\/wp-content\/uploads\/2020\/05\/POLLOWAY-scaled-1.jpg\",\"contentUrl\":\"https:\/\/casaisabel.es\/wp-content\/uploads\/2020\/05\/POLLOWAY-scaled-1.jpg\",\"width\":2560,\"height\":2012},{\"@type\":\"BreadcrumbList\",\"@id\":\"https:\/\/casaisabel.es\/quien-invento-la-paella\/#breadcrumb\",\"itemListElement\":[{\"@type\":\"ListItem\",\"position\":1,\"name\":\"Portada\",\"item\":\"https:\/\/casaisabel.es\/\"},{\"@type\":\"ListItem\",\"position\":2,\"name\":\"\u00bfQui\u00e9n invent\u00f3 la paella?\"}]},{\"@type\":\"WebSite\",\"@id\":\"https:\/\/casaisabel.es\/#website\",\"url\":\"https:\/\/casaisabel.es\/\",\"name\":\"Casa Isabel\",\"description\":\"S\u00f3lo otro sitio de WordPress\",\"publisher\":{\"@id\":\"https:\/\/casaisabel.es\/#organization\"},\"potentialAction\":[{\"@type\":\"SearchAction\",\"target\":{\"@type\":\"EntryPoint\",\"urlTemplate\":\"https:\/\/casaisabel.es\/?s={search_term_string}\"},\"query-input\":{\"@type\":\"PropertyValueSpecification\",\"valueRequired\":true,\"valueName\":\"search_term_string\"}}],\"inLanguage\":\"fr-FR\"},{\"@type\":\"Organization\",\"@id\":\"https:\/\/casaisabel.es\/#organization\",\"name\":\"Casa Isabel\",\"url\":\"https:\/\/casaisabel.es\/\",\"logo\":{\"@type\":\"ImageObject\",\"inLanguage\":\"fr-FR\",\"@id\":\"https:\/\/casaisabel.es\/#\/schema\/logo\/image\/\",\"url\":\"https:\/\/casaisabel.es\/wp-content\/uploads\/2023\/09\/casaIsabel.svg\",\"contentUrl\":\"https:\/\/casaisabel.es\/wp-content\/uploads\/2023\/09\/casaIsabel.svg\",\"width\":211,\"height\":49,\"caption\":\"Casa Isabel\"},\"image\":{\"@id\":\"https:\/\/casaisabel.es\/#\/schema\/logo\/image\/\"}},{\"@type\":\"Person\",\"@id\":\"https:\/\/casaisabel.es\/#\/schema\/person\/66308f25a39c9cb32c4e78cf8cfa36cf\",\"name\":\"Admin\",\"image\":{\"@type\":\"ImageObject\",\"inLanguage\":\"fr-FR\",\"@id\":\"https:\/\/casaisabel.es\/#\/schema\/person\/image\/\",\"url\":\"https:\/\/secure.gravatar.com\/avatar\/cfa1bef4e15c827fa091464736c1d269687e21ac8972ec35aec466b4aa06b9c8?s=96&d=mm&r=g\",\"contentUrl\":\"https:\/\/secure.gravatar.com\/avatar\/cfa1bef4e15c827fa091464736c1d269687e21ac8972ec35aec466b4aa06b9c8?s=96&d=mm&r=g\",\"caption\":\"Admin\"},\"url\":\"https:\/\/casaisabel.es\/fr\/author\/admin-2\/\"}]}<\/script>\n<!-- \/ Yoast SEO plugin. -->","yoast_head_json":{"title":"Qui a invent\u00e9 la casserole? Laissez-le savoir! - Casa Isabel","description":"D&#039;o\u00f9 vient ce d\u00e9licieux plat? Qui \u00e9tait la personne en charge de le faire pour la premi\u00e8re fois? D\u00e9couvrez d\u00e8s maintenant.","robots":{"index":"index","follow":"follow","max-snippet":"max-snippet:-1","max-image-preview":"max-image-preview:large","max-video-preview":"max-video-preview:-1"},"canonical":"https:\/\/casaisabel.es\/fr\/quien-invento-la-paella\/","og_locale":"fr_FR","og_type":"article","og_title":"\u00bfQui\u00e9n invent\u00f3 la paella? \u00a1Desc\u00fabrelo! - Casa Isabel","og_description":"\u00bfDe d\u00f3nde viene este delicioso plato? \u00bfQui\u00e9n fue la persona encargada de hacerlo por primera vez? Desc\u00fabrelo.","og_url":"https:\/\/casaisabel.es\/fr\/quien-invento-la-paella\/","og_site_name":"Casa Isabel","article_published_time":"2025-10-15T00:07:38+00:00","og_image":[{"width":2560,"height":2012,"url":"https:\/\/casaisabel.es\/wp-content\/uploads\/2020\/05\/POLLOWAY-scaled-1.jpg","type":"image\/jpeg"}],"author":"Admin","twitter_card":"summary_large_image","twitter_misc":{"\u00c9crit par":"Admin","Dur\u00e9e de lecture estim\u00e9e":"2 minutes"},"schema":{"@context":"https:\/\/schema.org","@graph":[{"@type":"Article","@id":"https:\/\/casaisabel.es\/quien-invento-la-paella\/#article","isPartOf":{"@id":"https:\/\/casaisabel.es\/quien-invento-la-paella\/"},"author":{"name":"Admin","@id":"https:\/\/casaisabel.es\/#\/schema\/person\/66308f25a39c9cb32c4e78cf8cfa36cf"},"headline":"\u00bfQui\u00e9n invent\u00f3 la paella?","datePublished":"2025-10-15T00:07:38+00:00","mainEntityOfPage":{"@id":"https:\/\/casaisabel.es\/quien-invento-la-paella\/"},"wordCount":372,"publisher":{"@id":"https:\/\/casaisabel.es\/#organization"},"image":{"@id":"https:\/\/casaisabel.es\/quien-invento-la-paella\/#primaryimage"},"thumbnailUrl":"https:\/\/casaisabel.es\/wp-content\/uploads\/2020\/05\/POLLOWAY-scaled-1.jpg","articleSection":["Sin categor\u00eda"],"inLanguage":"fr-FR"},{"@type":"WebPage","@id":"https:\/\/casaisabel.es\/quien-invento-la-paella\/","url":"https:\/\/casaisabel.es\/quien-invento-la-paella\/","name":"Qui a invent\u00e9 la casserole? Laissez-le savoir! - Casa Isabel","isPartOf":{"@id":"https:\/\/casaisabel.es\/#website"},"primaryImageOfPage":{"@id":"https:\/\/casaisabel.es\/quien-invento-la-paella\/#primaryimage"},"image":{"@id":"https:\/\/casaisabel.es\/quien-invento-la-paella\/#primaryimage"},"thumbnailUrl":"https:\/\/casaisabel.es\/wp-content\/uploads\/2020\/05\/POLLOWAY-scaled-1.jpg","datePublished":"2025-10-15T00:07:38+00:00","description":"D&#039;o\u00f9 vient ce d\u00e9licieux plat? Qui \u00e9tait la personne en charge de le faire pour la premi\u00e8re fois? D\u00e9couvrez d\u00e8s maintenant.","breadcrumb":{"@id":"https:\/\/casaisabel.es\/quien-invento-la-paella\/#breadcrumb"},"inLanguage":"fr-FR","potentialAction":[{"@type":"ReadAction","target":["https:\/\/casaisabel.es\/quien-invento-la-paella\/"]}]},{"@type":"ImageObject","inLanguage":"fr-FR","@id":"https:\/\/casaisabel.es\/quien-invento-la-paella\/#primaryimage","url":"https:\/\/casaisabel.es\/wp-content\/uploads\/2020\/05\/POLLOWAY-scaled-1.jpg","contentUrl":"https:\/\/casaisabel.es\/wp-content\/uploads\/2020\/05\/POLLOWAY-scaled-1.jpg","width":2560,"height":2012},{"@type":"BreadcrumbList","@id":"https:\/\/casaisabel.es\/quien-invento-la-paella\/#breadcrumb","itemListElement":[{"@type":"ListItem","position":1,"name":"Portada","item":"https:\/\/casaisabel.es\/"},{"@type":"ListItem","position":2,"name":"\u00bfQui\u00e9n invent\u00f3 la paella?"}]},{"@type":"WebSite","@id":"https:\/\/casaisabel.es\/#website","url":"https:\/\/casaisabel.es\/","name":"Casa Isabel","description":"S\u00f3lo otro sitio de WordPress","publisher":{"@id":"https:\/\/casaisabel.es\/#organization"},"potentialAction":[{"@type":"SearchAction","target":{"@type":"EntryPoint","urlTemplate":"https:\/\/casaisabel.es\/?s={search_term_string}"},"query-input":{"@type":"PropertyValueSpecification","valueRequired":true,"valueName":"search_term_string"}}],"inLanguage":"fr-FR"},{"@type":"Organization","@id":"https:\/\/casaisabel.es\/#organization","name":"Casa Isabel","url":"https:\/\/casaisabel.es\/","logo":{"@type":"ImageObject","inLanguage":"fr-FR","@id":"https:\/\/casaisabel.es\/#\/schema\/logo\/image\/","url":"https:\/\/casaisabel.es\/wp-content\/uploads\/2023\/09\/casaIsabel.svg","contentUrl":"https:\/\/casaisabel.es\/wp-content\/uploads\/2023\/09\/casaIsabel.svg","width":211,"height":49,"caption":"Casa Isabel"},"image":{"@id":"https:\/\/casaisabel.es\/#\/schema\/logo\/image\/"}},{"@type":"Person","@id":"https:\/\/casaisabel.es\/#\/schema\/person\/66308f25a39c9cb32c4e78cf8cfa36cf","name":"Admin","image":{"@type":"ImageObject","inLanguage":"fr-FR","@id":"https:\/\/casaisabel.es\/#\/schema\/person\/image\/","url":"https:\/\/secure.gravatar.com\/avatar\/cfa1bef4e15c827fa091464736c1d269687e21ac8972ec35aec466b4aa06b9c8?s=96&d=mm&r=g","contentUrl":"https:\/\/secure.gravatar.com\/avatar\/cfa1bef4e15c827fa091464736c1d269687e21ac8972ec35aec466b4aa06b9c8?s=96&d=mm&r=g","caption":"Admin"},"url":"https:\/\/casaisabel.es\/fr\/author\/admin-2\/"}]}},"_links":{"self":[{"href":"https:\/\/casaisabel.es\/fr\/wp-json\/wp\/v2\/posts\/3955","targetHints":{"allow":["GET"]}}],"collection":[{"href":"https:\/\/casaisabel.es\/fr\/wp-json\/wp\/v2\/posts"}],"about":[{"href":"https:\/\/casaisabel.es\/fr\/wp-json\/wp\/v2\/types\/post"}],"author":[{"embeddable":true,"href":"https:\/\/casaisabel.es\/fr\/wp-json\/wp\/v2\/users\/2"}],"replies":[{"embeddable":true,"href":"https:\/\/casaisabel.es\/fr\/wp-json\/wp\/v2\/comments?post=3955"}],"version-history":[{"count":0,"href":"https:\/\/casaisabel.es\/fr\/wp-json\/wp\/v2\/posts\/3955\/revisions"}],"wp:featuredmedia":[{"embeddable":true,"href":"https:\/\/casaisabel.es\/fr\/wp-json\/wp\/v2\/media\/4628"}],"wp:attachment":[{"href":"https:\/\/casaisabel.es\/fr\/wp-json\/wp\/v2\/media?parent=3955"}],"wp:term":[{"taxonomy":"category","embeddable":true,"href":"https:\/\/casaisabel.es\/fr\/wp-json\/wp\/v2\/categories?post=3955"},{"taxonomy":"post_tag","embeddable":true,"href":"https:\/\/casaisabel.es\/fr\/wp-json\/wp\/v2\/tags?post=3955"}],"curies":[{"name":"wp","href":"https:\/\/api.w.org\/{rel}","templated":true}]}}