{"id":3539,"date":"2025-09-17T00:15:17","date_gmt":"2025-09-17T00:15:17","guid":{"rendered":"https:\/\/casaisabel.es\/?p=3539---e7edd631-9c62-45b3-826a-17829cf23ea8"},"modified":"2025-09-17T00:15:17","modified_gmt":"2025-09-17T00:15:17","slug":"fallas-de-seccion-especial-2016","status":"publish","type":"post","link":"https:\/\/casaisabel.es\/fr\/fallas-de-seccion-especial-2016\/","title":{"rendered":"Gu\u00eda para disfrutar de las Fallas de secci\u00f3n especial 2016"},"content":{"rendered":"<p style=\"text-align: justify;\">Valencia no es solo playa. Se acercan las Fallas, la fiesta m\u00e1s emblem\u00e1tica de la ciudad y sus comarcas cercanas, y queremos invitarte a que disfrutes, <strong>como un valenciano m\u00e1s<\/strong>, del ambiente de jolgorio que vamos a vivir. \u00a0<!--more--><\/p>\n<p style=\"text-align: justify;\">Ac\u00e9rcate a las comisiones falleras y <strong>forma parte de la fiesta<\/strong>. Puedes ver las fallas, tirar petardos, bailar en las verbenas y, adem\u00e1s, complementar todas estas actividades con una paella, entre amigos, en una arrocer\u00eda o\u00a0restaurante de la Malvarrosa, una\u00a0afamada\u00a0playa de\u00a0la ciudad.<\/p>\n<p style=\"text-align: justify;\">Te estamos hablando de\u00a0una fiesta espectacular. Si quieres ver las fallas m\u00e1s\u00a0monumentales y trabajadas\u00a0(es decir, las que se juegan los premios que otorga la Junta Central Fallera), no te puedes perder las de la <strong>Secci\u00f3n Especial<\/strong> de 2016.<\/p>\n<p style=\"text-align: justify;\">Estas fallas se distinguen de las del resto de comisiones por su tradici\u00f3n o por invertir una gran cantidad de dinero en <strong>los monumentos y la decoraci\u00f3n de las calles<\/strong>. Para saberlo todo,\u00a0te recomendamos que no te pierdas esta\u00a0<a href=\"http:\/\/www.fallasdeespecial.com\/\">gu\u00eda<\/a>.<\/p>\n<p style=\"text-align: justify;\">Toma nota de algunas de las Fallas que puedes visitar: <strong>Convento Jerusal\u00e9n,\u00a0El Pilar,<em>\u00a0<\/em>Monestir de Poblet, Cuba-Literato Azor\u00edn y Avenida Malvarrosa.\u00a0<\/strong>Los nombres corresponden a las calles y los barrios en los que se plantan. La mayor\u00eda de ellas son c\u00e9ntricas y no te resultar\u00e1 muy dif\u00edcil encontrarlas, pero, por si acaso, aqu\u00ed tienes un<a href=\"http:\/\/www.vivirvalencia.com\/fallas-valencia\/mapa-fallas\"> mapa<\/a> muy \u00fatil para estas fiestas. Si quieres aprovechar el buen tiempo y acercarte a la playa, entonces la mejor opci\u00f3n es visitar la Falla de la Avenida Malvarrosa.<\/p>\n<p style=\"text-align: justify;\">No obstante, hay m\u00e1s eventos, aparte de la <em>plant\u00e0<\/em>\u00a0y<em> crem\u00e0 <\/em>de estas fallas, que te llamar\u00e1n la atenci\u00f3n. Por ejemplo, no te vayas de Valencia sin pasarte\u00a0por <strong>la verbena de Blanqueries <\/strong>o ver\u00a0<strong>las luces de Cuba-Literato Azor\u00edn<\/strong>.<\/p>\n<p style=\"text-align: justify;\">Seguro que <strong>necesitar\u00e1s volver<\/strong> a<strong>\u00a0<\/strong>Valencia el a\u00f1o que viene.<\/p>\n<p style=\"text-align: justify;\"><a href=\"https:\/\/commons.wikimedia.org\/wiki\/File:Falla_Convento_Jerusal%C3%A9n_2008.jpg\" target=\"_blank\" rel=\"noopener\">Imagen<\/a><\/p>","protected":false},"excerpt":{"rendered":"<p>Valencia no es solo playa. Se acercan las Fallas, la fiesta m\u00e1s emblem\u00e1tica de la ciudad y sus comarcas cercanas, y queremos invitarte a que disfrutes, como un valenciano m\u00e1s, del ambiente de jolgorio que vamos a vivir. \u00a0<\/p>","protected":false},"author":2,"featured_media":3547,"comment_status":"closed","ping_status":"closed","sticky":false,"template":"","format":"standard","meta":{"site-sidebar-layout":"default","site-content-layout":"","ast-site-content-layout":"","site-content-style":"default","site-sidebar-style":"default","ast-global-header-display":"","ast-banner-title-visibility":"","ast-main-header-display":"","ast-hfb-above-header-display":"","ast-hfb-below-header-display":"","ast-hfb-mobile-header-display":"","site-post-title":"","ast-breadcrumbs-content":"","ast-featured-img":"","footer-sml-layout":"","theme-transparent-header-meta":"","adv-header-id-meta":"","stick-header-meta":"","header-above-stick-meta":"","header-main-stick-meta":"","header-below-stick-meta":"","astra-migrate-meta-layouts":"default","ast-page-background-enabled":"default","ast-page-background-meta":{"desktop":{"background-color":"var(--ast-global-color-4)","background-image":"","background-repeat":"repeat","background-position":"center center","background-size":"auto","background-attachment":"scroll","background-type":"","background-media":"","overlay-type":"","overlay-color":"","overlay-opacity":"","overlay-gradient":""},"tablet":{"background-color":"","background-image":"","background-repeat":"repeat","background-position":"center center","background-size":"auto","background-attachment":"scroll","background-type":"","background-media":"","overlay-type":"","overlay-color":"","overlay-opacity":"","overlay-gradient":""},"mobile":{"background-color":"","background-image":"","background-repeat":"repeat","background-position":"center center","background-size":"auto","background-attachment":"scroll","background-type":"","background-media":"","overlay-type":"","overlay-color":"","overlay-opacity":"","overlay-gradient":""}},"ast-content-background-meta":{"desktop":{"background-color":"var(--ast-global-color-5)","background-image":"","background-repeat":"repeat","background-position":"center center","background-size":"auto","background-attachment":"scroll","background-type":"","background-media":"","overlay-type":"","overlay-color":"","overlay-opacity":"","overlay-gradient":""},"tablet":{"background-color":"var(--ast-global-color-5)","background-image":"","background-repeat":"repeat","background-position":"center center","background-size":"auto","background-attachment":"scroll","background-type":"","background-media":"","overlay-type":"","overlay-color":"","overlay-opacity":"","overlay-gradient":""},"mobile":{"background-color":"var(--ast-global-color-5)","background-image":"","background-repeat":"repeat","background-position":"center center","background-size":"auto","background-attachment":"scroll","background-type":"","background-media":"","overlay-type":"","overlay-color":"","overlay-opacity":"","overlay-gradient":""}},"footnotes":""},"categories":[7,13],"tags":[119,44,172,173,64],"class_list":["post-3539","post","type-post","status-publish","format-standard","has-post-thumbnail","hentry","category-actualidad-y-eventos","category-festividades-valencianas","tag-actualidad-valencia","tag-cultura-valencia","tag-fallas-seccion-especial","tag-fiestas-valencia","tag-turismo-valencia"],"yoast_head":"<!-- This site is optimized with the Yoast SEO plugin v25.6 - https:\/\/yoast.com\/wordpress\/plugins\/seo\/ -->\n<title>Gu\u00eda para disfrutar de las Fallas de secci\u00f3n especial 2016<\/title>\n<meta name=\"description\" content=\"Si quieres ver las fallas m\u00e1s monumentales y trabajadas, las que compiten por ganar el premio, no te puedes perder las de la Secci\u00f3n Especial de 2016.\" \/>\n<meta name=\"robots\" content=\"index, follow, max-snippet:-1, max-image-preview:large, max-video-preview:-1\" \/>\n<link rel=\"canonical\" href=\"https:\/\/casaisabel.es\/fr\/fallas-de-seccion-especial-2016\/\" \/>\n<meta property=\"og:locale\" content=\"fr_FR\" \/>\n<meta property=\"og:type\" content=\"article\" \/>\n<meta property=\"og:title\" content=\"Gu\u00eda para disfrutar de las Fallas de secci\u00f3n especial 2016\" \/>\n<meta property=\"og:description\" content=\"Si quieres ver las fallas m\u00e1s monumentales y trabajadas, las que compiten por ganar el premio, no te puedes perder las de la Secci\u00f3n Especial de 2016.\" \/>\n<meta property=\"og:url\" content=\"https:\/\/casaisabel.es\/fr\/fallas-de-seccion-especial-2016\/\" \/>\n<meta property=\"og:site_name\" content=\"Casa Isabel\" \/>\n<meta property=\"article:published_time\" content=\"2025-09-17T00:15:17+00:00\" \/>\n<meta property=\"og:image\" content=\"https:\/\/casaisabel.es\/wp-content\/uploads\/2016\/03\/Casa-Isabel-fallas-seccion-especial.jpg\" \/>\n\t<meta property=\"og:image:width\" content=\"1900\" \/>\n\t<meta property=\"og:image:height\" content=\"756\" \/>\n\t<meta property=\"og:image:type\" content=\"image\/jpeg\" \/>\n<meta name=\"author\" content=\"Admin\" \/>\n<meta name=\"twitter:card\" content=\"summary_large_image\" \/>\n<meta name=\"twitter:label1\" content=\"\u00c9crit par\" \/>\n\t<meta name=\"twitter:data1\" content=\"Admin\" \/>\n\t<meta name=\"twitter:label2\" content=\"Dur\u00e9e de lecture estim\u00e9e\" \/>\n\t<meta name=\"twitter:data2\" content=\"2 minutes\" \/>\n<script type=\"application\/ld+json\" class=\"yoast-schema-graph\">{\"@context\":\"https:\/\/schema.org\",\"@graph\":[{\"@type\":\"Article\",\"@id\":\"https:\/\/casaisabel.es\/fallas-de-seccion-especial-2016\/#article\",\"isPartOf\":{\"@id\":\"https:\/\/casaisabel.es\/fallas-de-seccion-especial-2016\/\"},\"author\":{\"name\":\"Admin\",\"@id\":\"https:\/\/casaisabel.es\/#\/schema\/person\/66308f25a39c9cb32c4e78cf8cfa36cf\"},\"headline\":\"Gu\u00eda para disfrutar de las Fallas de secci\u00f3n especial 2016\",\"datePublished\":\"2025-09-17T00:15:17+00:00\",\"mainEntityOfPage\":{\"@id\":\"https:\/\/casaisabel.es\/fallas-de-seccion-especial-2016\/\"},\"wordCount\":335,\"publisher\":{\"@id\":\"https:\/\/casaisabel.es\/#organization\"},\"image\":{\"@id\":\"https:\/\/casaisabel.es\/fallas-de-seccion-especial-2016\/#primaryimage\"},\"thumbnailUrl\":\"https:\/\/casaisabel.es\/wp-content\/uploads\/2016\/03\/Casa-Isabel-fallas-seccion-especial.jpg\",\"keywords\":[\"actualidad valencia\",\"cultura valencia\",\"fallas secci\u00f3n especial\",\"fiestas valencia\",\"turismo valencia\"],\"articleSection\":[\"Actualidad y eventos\",\"Festividades valencianas\"],\"inLanguage\":\"fr-FR\"},{\"@type\":\"WebPage\",\"@id\":\"https:\/\/casaisabel.es\/fallas-de-seccion-especial-2016\/\",\"url\":\"https:\/\/casaisabel.es\/fallas-de-seccion-especial-2016\/\",\"name\":\"Gu\u00eda para disfrutar de las Fallas de secci\u00f3n especial 2016\",\"isPartOf\":{\"@id\":\"https:\/\/casaisabel.es\/#website\"},\"primaryImageOfPage\":{\"@id\":\"https:\/\/casaisabel.es\/fallas-de-seccion-especial-2016\/#primaryimage\"},\"image\":{\"@id\":\"https:\/\/casaisabel.es\/fallas-de-seccion-especial-2016\/#primaryimage\"},\"thumbnailUrl\":\"https:\/\/casaisabel.es\/wp-content\/uploads\/2016\/03\/Casa-Isabel-fallas-seccion-especial.jpg\",\"datePublished\":\"2025-09-17T00:15:17+00:00\",\"description\":\"Si quieres ver las fallas m\u00e1s monumentales y trabajadas, las que compiten por ganar el premio, no te puedes perder las de la Secci\u00f3n Especial de 2016.\",\"breadcrumb\":{\"@id\":\"https:\/\/casaisabel.es\/fallas-de-seccion-especial-2016\/#breadcrumb\"},\"inLanguage\":\"fr-FR\",\"potentialAction\":[{\"@type\":\"ReadAction\",\"target\":[\"https:\/\/casaisabel.es\/fallas-de-seccion-especial-2016\/\"]}]},{\"@type\":\"ImageObject\",\"inLanguage\":\"fr-FR\",\"@id\":\"https:\/\/casaisabel.es\/fallas-de-seccion-especial-2016\/#primaryimage\",\"url\":\"https:\/\/casaisabel.es\/wp-content\/uploads\/2016\/03\/Casa-Isabel-fallas-seccion-especial.jpg\",\"contentUrl\":\"https:\/\/casaisabel.es\/wp-content\/uploads\/2016\/03\/Casa-Isabel-fallas-seccion-especial.jpg\",\"width\":1900,\"height\":756,\"caption\":\"Casa Isabel-fallas secci\u00f3n especial\"},{\"@type\":\"BreadcrumbList\",\"@id\":\"https:\/\/casaisabel.es\/fallas-de-seccion-especial-2016\/#breadcrumb\",\"itemListElement\":[{\"@type\":\"ListItem\",\"position\":1,\"name\":\"Portada\",\"item\":\"https:\/\/casaisabel.es\/\"},{\"@type\":\"ListItem\",\"position\":2,\"name\":\"Gu\u00eda para disfrutar de las Fallas de secci\u00f3n especial 2016\"}]},{\"@type\":\"WebSite\",\"@id\":\"https:\/\/casaisabel.es\/#website\",\"url\":\"https:\/\/casaisabel.es\/\",\"name\":\"Casa Isabel\",\"description\":\"S\u00f3lo otro sitio de WordPress\",\"publisher\":{\"@id\":\"https:\/\/casaisabel.es\/#organization\"},\"potentialAction\":[{\"@type\":\"SearchAction\",\"target\":{\"@type\":\"EntryPoint\",\"urlTemplate\":\"https:\/\/casaisabel.es\/?s={search_term_string}\"},\"query-input\":{\"@type\":\"PropertyValueSpecification\",\"valueRequired\":true,\"valueName\":\"search_term_string\"}}],\"inLanguage\":\"fr-FR\"},{\"@type\":\"Organization\",\"@id\":\"https:\/\/casaisabel.es\/#organization\",\"name\":\"Casa Isabel\",\"url\":\"https:\/\/casaisabel.es\/\",\"logo\":{\"@type\":\"ImageObject\",\"inLanguage\":\"fr-FR\",\"@id\":\"https:\/\/casaisabel.es\/#\/schema\/logo\/image\/\",\"url\":\"https:\/\/casaisabel.es\/wp-content\/uploads\/2023\/09\/casaIsabel.svg\",\"contentUrl\":\"https:\/\/casaisabel.es\/wp-content\/uploads\/2023\/09\/casaIsabel.svg\",\"width\":211,\"height\":49,\"caption\":\"Casa Isabel\"},\"image\":{\"@id\":\"https:\/\/casaisabel.es\/#\/schema\/logo\/image\/\"}},{\"@type\":\"Person\",\"@id\":\"https:\/\/casaisabel.es\/#\/schema\/person\/66308f25a39c9cb32c4e78cf8cfa36cf\",\"name\":\"Admin\",\"image\":{\"@type\":\"ImageObject\",\"inLanguage\":\"fr-FR\",\"@id\":\"https:\/\/casaisabel.es\/#\/schema\/person\/image\/\",\"url\":\"https:\/\/secure.gravatar.com\/avatar\/cfa1bef4e15c827fa091464736c1d269687e21ac8972ec35aec466b4aa06b9c8?s=96&d=mm&r=g\",\"contentUrl\":\"https:\/\/secure.gravatar.com\/avatar\/cfa1bef4e15c827fa091464736c1d269687e21ac8972ec35aec466b4aa06b9c8?s=96&d=mm&r=g\",\"caption\":\"Admin\"},\"url\":\"https:\/\/casaisabel.es\/fr\/author\/admin-2\/\"}]}<\/script>\n<!-- \/ Yoast SEO plugin. -->","yoast_head_json":{"title":"Gu\u00eda para disfrutar de las Fallas de secci\u00f3n especial 2016","description":"Si quieres ver las fallas m\u00e1s monumentales y trabajadas, las que compiten por ganar el premio, no te puedes perder las de la Secci\u00f3n Especial de 2016.","robots":{"index":"index","follow":"follow","max-snippet":"max-snippet:-1","max-image-preview":"max-image-preview:large","max-video-preview":"max-video-preview:-1"},"canonical":"https:\/\/casaisabel.es\/fr\/fallas-de-seccion-especial-2016\/","og_locale":"fr_FR","og_type":"article","og_title":"Gu\u00eda para disfrutar de las Fallas de secci\u00f3n especial 2016","og_description":"Si quieres ver las fallas m\u00e1s monumentales y trabajadas, las que compiten por ganar el premio, no te puedes perder las de la Secci\u00f3n Especial de 2016.","og_url":"https:\/\/casaisabel.es\/fr\/fallas-de-seccion-especial-2016\/","og_site_name":"Casa Isabel","article_published_time":"2025-09-17T00:15:17+00:00","og_image":[{"width":1900,"height":756,"url":"https:\/\/casaisabel.es\/wp-content\/uploads\/2016\/03\/Casa-Isabel-fallas-seccion-especial.jpg","type":"image\/jpeg"}],"author":"Admin","twitter_card":"summary_large_image","twitter_misc":{"\u00c9crit par":"Admin","Dur\u00e9e de lecture estim\u00e9e":"2 minutes"},"schema":{"@context":"https:\/\/schema.org","@graph":[{"@type":"Article","@id":"https:\/\/casaisabel.es\/fallas-de-seccion-especial-2016\/#article","isPartOf":{"@id":"https:\/\/casaisabel.es\/fallas-de-seccion-especial-2016\/"},"author":{"name":"Admin","@id":"https:\/\/casaisabel.es\/#\/schema\/person\/66308f25a39c9cb32c4e78cf8cfa36cf"},"headline":"Gu\u00eda para disfrutar de las Fallas de secci\u00f3n especial 2016","datePublished":"2025-09-17T00:15:17+00:00","mainEntityOfPage":{"@id":"https:\/\/casaisabel.es\/fallas-de-seccion-especial-2016\/"},"wordCount":335,"publisher":{"@id":"https:\/\/casaisabel.es\/#organization"},"image":{"@id":"https:\/\/casaisabel.es\/fallas-de-seccion-especial-2016\/#primaryimage"},"thumbnailUrl":"https:\/\/casaisabel.es\/wp-content\/uploads\/2016\/03\/Casa-Isabel-fallas-seccion-especial.jpg","keywords":["actualidad valencia","cultura valencia","fallas secci\u00f3n especial","fiestas valencia","turismo valencia"],"articleSection":["Actualidad y eventos","Festividades valencianas"],"inLanguage":"fr-FR"},{"@type":"WebPage","@id":"https:\/\/casaisabel.es\/fallas-de-seccion-especial-2016\/","url":"https:\/\/casaisabel.es\/fallas-de-seccion-especial-2016\/","name":"Gu\u00eda para disfrutar de las Fallas de secci\u00f3n especial 2016","isPartOf":{"@id":"https:\/\/casaisabel.es\/#website"},"primaryImageOfPage":{"@id":"https:\/\/casaisabel.es\/fallas-de-seccion-especial-2016\/#primaryimage"},"image":{"@id":"https:\/\/casaisabel.es\/fallas-de-seccion-especial-2016\/#primaryimage"},"thumbnailUrl":"https:\/\/casaisabel.es\/wp-content\/uploads\/2016\/03\/Casa-Isabel-fallas-seccion-especial.jpg","datePublished":"2025-09-17T00:15:17+00:00","description":"Si quieres ver las fallas m\u00e1s monumentales y trabajadas, las que compiten por ganar el premio, no te puedes perder las de la Secci\u00f3n Especial de 2016.","breadcrumb":{"@id":"https:\/\/casaisabel.es\/fallas-de-seccion-especial-2016\/#breadcrumb"},"inLanguage":"fr-FR","potentialAction":[{"@type":"ReadAction","target":["https:\/\/casaisabel.es\/fallas-de-seccion-especial-2016\/"]}]},{"@type":"ImageObject","inLanguage":"fr-FR","@id":"https:\/\/casaisabel.es\/fallas-de-seccion-especial-2016\/#primaryimage","url":"https:\/\/casaisabel.es\/wp-content\/uploads\/2016\/03\/Casa-Isabel-fallas-seccion-especial.jpg","contentUrl":"https:\/\/casaisabel.es\/wp-content\/uploads\/2016\/03\/Casa-Isabel-fallas-seccion-especial.jpg","width":1900,"height":756,"caption":"Casa Isabel-fallas secci\u00f3n especial"},{"@type":"BreadcrumbList","@id":"https:\/\/casaisabel.es\/fallas-de-seccion-especial-2016\/#breadcrumb","itemListElement":[{"@type":"ListItem","position":1,"name":"Portada","item":"https:\/\/casaisabel.es\/"},{"@type":"ListItem","position":2,"name":"Gu\u00eda para disfrutar de las Fallas de secci\u00f3n especial 2016"}]},{"@type":"WebSite","@id":"https:\/\/casaisabel.es\/#website","url":"https:\/\/casaisabel.es\/","name":"Casa Isabel","description":"S\u00f3lo otro sitio de WordPress","publisher":{"@id":"https:\/\/casaisabel.es\/#organization"},"potentialAction":[{"@type":"SearchAction","target":{"@type":"EntryPoint","urlTemplate":"https:\/\/casaisabel.es\/?s={search_term_string}"},"query-input":{"@type":"PropertyValueSpecification","valueRequired":true,"valueName":"search_term_string"}}],"inLanguage":"fr-FR"},{"@type":"Organization","@id":"https:\/\/casaisabel.es\/#organization","name":"Casa Isabel","url":"https:\/\/casaisabel.es\/","logo":{"@type":"ImageObject","inLanguage":"fr-FR","@id":"https:\/\/casaisabel.es\/#\/schema\/logo\/image\/","url":"https:\/\/casaisabel.es\/wp-content\/uploads\/2023\/09\/casaIsabel.svg","contentUrl":"https:\/\/casaisabel.es\/wp-content\/uploads\/2023\/09\/casaIsabel.svg","width":211,"height":49,"caption":"Casa Isabel"},"image":{"@id":"https:\/\/casaisabel.es\/#\/schema\/logo\/image\/"}},{"@type":"Person","@id":"https:\/\/casaisabel.es\/#\/schema\/person\/66308f25a39c9cb32c4e78cf8cfa36cf","name":"Admin","image":{"@type":"ImageObject","inLanguage":"fr-FR","@id":"https:\/\/casaisabel.es\/#\/schema\/person\/image\/","url":"https:\/\/secure.gravatar.com\/avatar\/cfa1bef4e15c827fa091464736c1d269687e21ac8972ec35aec466b4aa06b9c8?s=96&d=mm&r=g","contentUrl":"https:\/\/secure.gravatar.com\/avatar\/cfa1bef4e15c827fa091464736c1d269687e21ac8972ec35aec466b4aa06b9c8?s=96&d=mm&r=g","caption":"Admin"},"url":"https:\/\/casaisabel.es\/fr\/author\/admin-2\/"}]}},"_links":{"self":[{"href":"https:\/\/casaisabel.es\/fr\/wp-json\/wp\/v2\/posts\/3539","targetHints":{"allow":["GET"]}}],"collection":[{"href":"https:\/\/casaisabel.es\/fr\/wp-json\/wp\/v2\/posts"}],"about":[{"href":"https:\/\/casaisabel.es\/fr\/wp-json\/wp\/v2\/types\/post"}],"author":[{"embeddable":true,"href":"https:\/\/casaisabel.es\/fr\/wp-json\/wp\/v2\/users\/2"}],"replies":[{"embeddable":true,"href":"https:\/\/casaisabel.es\/fr\/wp-json\/wp\/v2\/comments?post=3539"}],"version-history":[{"count":0,"href":"https:\/\/casaisabel.es\/fr\/wp-json\/wp\/v2\/posts\/3539\/revisions"}],"wp:featuredmedia":[{"embeddable":true,"href":"https:\/\/casaisabel.es\/fr\/wp-json\/wp\/v2\/media\/3547"}],"wp:attachment":[{"href":"https:\/\/casaisabel.es\/fr\/wp-json\/wp\/v2\/media?parent=3539"}],"wp:term":[{"taxonomy":"category","embeddable":true,"href":"https:\/\/casaisabel.es\/fr\/wp-json\/wp\/v2\/categories?post=3539"},{"taxonomy":"post_tag","embeddable":true,"href":"https:\/\/casaisabel.es\/fr\/wp-json\/wp\/v2\/tags?post=3539"}],"curies":[{"name":"wp","href":"https:\/\/api.w.org\/{rel}","templated":true}]}}