{"id":3437,"date":"2025-09-08T00:13:51","date_gmt":"2025-09-08T00:13:51","guid":{"rendered":"https:\/\/casaisabel.es\/?p=3437---1bfbeda7-b78e-4a56-a225-9e4188d6a5c5"},"modified":"2025-09-08T00:13:51","modified_gmt":"2025-09-08T00:13:51","slug":"valencia-una-ciudad-de-cine","status":"publish","type":"post","link":"https:\/\/casaisabel.es\/fr\/valencia-una-ciudad-de-cine\/","title":{"rendered":"Valencia, una ciudad de cine"},"content":{"rendered":"<p style=\"text-align: justify;\">Valencia ha estado <strong>presente en el cine<\/strong> pr\u00e1cticamente desde que este se hizo popular en Espa\u00f1a. Se sabe que la pel\u00edcula <em>Doloret<\/em> (1923) fue la primera rodada \u00edntegramente en la ciudad y sus alrededores. \u00a1Casi un siglo! Desde entonces son muchas las <a href=\"http:\/\/www.lovevalencia.com\/valencia-escenario-de-rodaje.html\">producciones <\/a>que han tenido en Valencia y la comunidad un <strong>escenario de lujo<\/strong>, tanto como localizaci\u00f3n expresa como para ambientar pel\u00edculas que transcurren en otros lugares. Seguro que has visto unas cuantas.<!--more--><\/p>\n<p style=\"text-align: justify;\">Muchos <strong>grandes t\u00edtulos<\/strong> del cine espa\u00f1ol han sido rodados, total o parcialmente, en Valencia. Por ejemplo, la <strong>Albufera <\/strong>ambient\u00f3 <em>Ca\u00f1as y barro<\/em> (1954). Y la ciudad fue plat\u00f3 para <em>El Lute, camina o revienta <\/em>(1987) o la divertid\u00edsima pel\u00edcula de Luis Garc\u00eda Berlanga <em>Todos a la c\u00e1rcel <\/em>(1993), que transcurr\u00eda dentro de la c\u00e1rcel modelo de Valencia con un elenco de grandes actores del panorama espa\u00f1ol, y donde los presos exig\u00edan \u201cM\u00e1s paella y menos libertad\u201d como si estuvieran en una arrocer\u00eda o tomando el sol en la terraza de un restaurante en la Malvarrosa.<\/p>\n<p style=\"text-align: justify;\">Ese mismo es el tel\u00f3n de fondo para una historia sentimental y de crecimiento adolescente, <em>Tranv\u00eda a la Malvarrosa<\/em> (1997). M\u00e1s cercana nos queda <em>La gran aventura de Mortadelo y Filem\u00f3n <\/em>(2003), que situ\u00f3 al edificio de la 13 R\u00fae del Percebe en el <strong>barrio del Carmen<\/strong>, y <em>La mala educaci\u00f3n<\/em> (2004) de Almod\u00f3var, que grab\u00f3 por <strong>Ruzafa <\/strong>y el <strong>barrio de Benimaclet<\/strong>.<\/p>\n<p style=\"text-align: justify;\">Pero no solo el cine nacional ha pasado por Valencia. Charlton Heston rod\u00f3 la famosa \u00faltima escena de <em>El Cid Campeador<\/em> (1961) cabalgando, ya cad\u00e1ver, por la playa de <strong>Pe\u00f1\u00edscola<\/strong>. Y ya recientemente, George Clooney se pase\u00f3 por Valencia para rodar en la <strong>Ciudad de las Ciencias<\/strong> <em>Tomorrowland <\/em>(2015), una gran superproducci\u00f3n de Hollywood.<\/p>\n<p style=\"text-align: justify;\">La preciosa arquitectura, el entorno natural y la bell\u00edsima <strong>luz mediterr\u00e1ne<\/strong>a convierten a Valencia en un lugar id\u00f3neo para rodar. \u00a1El plat\u00f3 est\u00e1 en la calle!<\/p>\n<p style=\"text-align: justify;\"><a href=\"https:\/\/www.flickr.com\/photos\/42912005@N07\/3972893084\/\" rel=\"nofollow\">Imagen<\/a><\/p>","protected":false},"excerpt":{"rendered":"<p>Valencia ha estado presente en el cine pr\u00e1cticamente desde que este se hizo popular en Espa\u00f1a. Se sabe que la pel\u00edcula Doloret (1923) fue la primera rodada \u00edntegramente en la ciudad y sus alrededores. \u00a1Casi un siglo! Desde entonces son muchas las producciones que han tenido en Valencia y la comunidad un escenario de lujo, [&hellip;]<\/p>","protected":false},"author":2,"featured_media":3490,"comment_status":"closed","ping_status":"closed","sticky":false,"template":"","format":"standard","meta":{"site-sidebar-layout":"default","site-content-layout":"","ast-site-content-layout":"","site-content-style":"default","site-sidebar-style":"default","ast-global-header-display":"","ast-banner-title-visibility":"","ast-main-header-display":"","ast-hfb-above-header-display":"","ast-hfb-below-header-display":"","ast-hfb-mobile-header-display":"","site-post-title":"","ast-breadcrumbs-content":"","ast-featured-img":"","footer-sml-layout":"","theme-transparent-header-meta":"","adv-header-id-meta":"","stick-header-meta":"","header-above-stick-meta":"","header-main-stick-meta":"","header-below-stick-meta":"","astra-migrate-meta-layouts":"default","ast-page-background-enabled":"default","ast-page-background-meta":{"desktop":{"background-color":"var(--ast-global-color-4)","background-image":"","background-repeat":"repeat","background-position":"center center","background-size":"auto","background-attachment":"scroll","background-type":"","background-media":"","overlay-type":"","overlay-color":"","overlay-opacity":"","overlay-gradient":""},"tablet":{"background-color":"","background-image":"","background-repeat":"repeat","background-position":"center center","background-size":"auto","background-attachment":"scroll","background-type":"","background-media":"","overlay-type":"","overlay-color":"","overlay-opacity":"","overlay-gradient":""},"mobile":{"background-color":"","background-image":"","background-repeat":"repeat","background-position":"center center","background-size":"auto","background-attachment":"scroll","background-type":"","background-media":"","overlay-type":"","overlay-color":"","overlay-opacity":"","overlay-gradient":""}},"ast-content-background-meta":{"desktop":{"background-color":"var(--ast-global-color-5)","background-image":"","background-repeat":"repeat","background-position":"center center","background-size":"auto","background-attachment":"scroll","background-type":"","background-media":"","overlay-type":"","overlay-color":"","overlay-opacity":"","overlay-gradient":""},"tablet":{"background-color":"var(--ast-global-color-5)","background-image":"","background-repeat":"repeat","background-position":"center center","background-size":"auto","background-attachment":"scroll","background-type":"","background-media":"","overlay-type":"","overlay-color":"","overlay-opacity":"","overlay-gradient":""},"mobile":{"background-color":"var(--ast-global-color-5)","background-image":"","background-repeat":"repeat","background-position":"center center","background-size":"auto","background-attachment":"scroll","background-type":"","background-media":"","overlay-type":"","overlay-color":"","overlay-opacity":"","overlay-gradient":""}},"footnotes":""},"categories":[9,12],"tags":[64,146,147],"class_list":["post-3437","post","type-post","status-publish","format-standard","has-post-thumbnail","hentry","category-lugares-emblematicos-de-valencia","category-valencia-cultura","tag-turismo-valencia","tag-valencia-cine","tag-valencia-peliculas"],"yoast_head":"<!-- This site is optimized with the Yoast SEO plugin v25.6 - https:\/\/yoast.com\/wordpress\/plugins\/seo\/ -->\n<title>Valencia, una ciudad de cine<\/title>\n<meta name=\"description\" content=\"Valencia ha estado presente en el cine pr\u00e1cticamente desde que este se hizo popular en Espa\u00f1a.\" \/>\n<meta name=\"robots\" content=\"index, follow, max-snippet:-1, max-image-preview:large, max-video-preview:-1\" \/>\n<link rel=\"canonical\" href=\"https:\/\/casaisabel.es\/fr\/valencia-una-ciudad-de-cine\/\" \/>\n<meta property=\"og:locale\" content=\"fr_FR\" \/>\n<meta property=\"og:type\" content=\"article\" \/>\n<meta property=\"og:title\" content=\"Valencia, una ciudad de cine\" \/>\n<meta property=\"og:description\" content=\"Valencia ha estado presente en el cine pr\u00e1cticamente desde que este se hizo popular en Espa\u00f1a.\" \/>\n<meta property=\"og:url\" content=\"https:\/\/casaisabel.es\/fr\/valencia-una-ciudad-de-cine\/\" \/>\n<meta property=\"og:site_name\" content=\"Casa Isabel\" \/>\n<meta property=\"article:published_time\" content=\"2025-09-08T00:13:51+00:00\" \/>\n<meta property=\"og:image\" content=\"https:\/\/casaisabel.es\/wp-content\/uploads\/2016\/02\/Casa-Isabel-Valencia-cine.jpg\" \/>\n\t<meta property=\"og:image:width\" content=\"1900\" \/>\n\t<meta property=\"og:image:height\" content=\"756\" \/>\n\t<meta property=\"og:image:type\" content=\"image\/jpeg\" \/>\n<meta name=\"author\" content=\"Admin\" \/>\n<meta name=\"twitter:card\" content=\"summary_large_image\" \/>\n<meta name=\"twitter:label1\" content=\"\u00c9crit par\" \/>\n\t<meta name=\"twitter:data1\" content=\"Admin\" \/>\n\t<meta name=\"twitter:label2\" content=\"Dur\u00e9e de lecture estim\u00e9e\" \/>\n\t<meta name=\"twitter:data2\" content=\"2 minutes\" \/>\n<script type=\"application\/ld+json\" class=\"yoast-schema-graph\">{\"@context\":\"https:\/\/schema.org\",\"@graph\":[{\"@type\":\"Article\",\"@id\":\"https:\/\/casaisabel.es\/valencia-una-ciudad-de-cine\/#article\",\"isPartOf\":{\"@id\":\"https:\/\/casaisabel.es\/valencia-una-ciudad-de-cine\/\"},\"author\":{\"name\":\"Admin\",\"@id\":\"https:\/\/casaisabel.es\/#\/schema\/person\/66308f25a39c9cb32c4e78cf8cfa36cf\"},\"headline\":\"Valencia, una ciudad de cine\",\"datePublished\":\"2025-09-08T00:13:51+00:00\",\"mainEntityOfPage\":{\"@id\":\"https:\/\/casaisabel.es\/valencia-una-ciudad-de-cine\/\"},\"wordCount\":339,\"publisher\":{\"@id\":\"https:\/\/casaisabel.es\/#organization\"},\"image\":{\"@id\":\"https:\/\/casaisabel.es\/valencia-una-ciudad-de-cine\/#primaryimage\"},\"thumbnailUrl\":\"https:\/\/casaisabel.es\/wp-content\/uploads\/2016\/02\/Casa-Isabel-Valencia-cine.jpg\",\"keywords\":[\"turismo valencia\",\"valencia cine\",\"valencia pel\u00edculas\"],\"articleSection\":[\"Lugares emblem\u00e1ticos de Valencia\",\"Valencia cultura\"],\"inLanguage\":\"fr-FR\"},{\"@type\":\"WebPage\",\"@id\":\"https:\/\/casaisabel.es\/valencia-una-ciudad-de-cine\/\",\"url\":\"https:\/\/casaisabel.es\/valencia-una-ciudad-de-cine\/\",\"name\":\"Valencia, una ciudad de cine\",\"isPartOf\":{\"@id\":\"https:\/\/casaisabel.es\/#website\"},\"primaryImageOfPage\":{\"@id\":\"https:\/\/casaisabel.es\/valencia-una-ciudad-de-cine\/#primaryimage\"},\"image\":{\"@id\":\"https:\/\/casaisabel.es\/valencia-una-ciudad-de-cine\/#primaryimage\"},\"thumbnailUrl\":\"https:\/\/casaisabel.es\/wp-content\/uploads\/2016\/02\/Casa-Isabel-Valencia-cine.jpg\",\"datePublished\":\"2025-09-08T00:13:51+00:00\",\"description\":\"Valencia ha estado presente en el cine pr\u00e1cticamente desde que este se hizo popular en Espa\u00f1a.\",\"breadcrumb\":{\"@id\":\"https:\/\/casaisabel.es\/valencia-una-ciudad-de-cine\/#breadcrumb\"},\"inLanguage\":\"fr-FR\",\"potentialAction\":[{\"@type\":\"ReadAction\",\"target\":[\"https:\/\/casaisabel.es\/valencia-una-ciudad-de-cine\/\"]}]},{\"@type\":\"ImageObject\",\"inLanguage\":\"fr-FR\",\"@id\":\"https:\/\/casaisabel.es\/valencia-una-ciudad-de-cine\/#primaryimage\",\"url\":\"https:\/\/casaisabel.es\/wp-content\/uploads\/2016\/02\/Casa-Isabel-Valencia-cine.jpg\",\"contentUrl\":\"https:\/\/casaisabel.es\/wp-content\/uploads\/2016\/02\/Casa-Isabel-Valencia-cine.jpg\",\"width\":1900,\"height\":756,\"caption\":\"Casa Isabel-Valencia cine\"},{\"@type\":\"BreadcrumbList\",\"@id\":\"https:\/\/casaisabel.es\/valencia-una-ciudad-de-cine\/#breadcrumb\",\"itemListElement\":[{\"@type\":\"ListItem\",\"position\":1,\"name\":\"Portada\",\"item\":\"https:\/\/casaisabel.es\/\"},{\"@type\":\"ListItem\",\"position\":2,\"name\":\"Valencia, una ciudad de cine\"}]},{\"@type\":\"WebSite\",\"@id\":\"https:\/\/casaisabel.es\/#website\",\"url\":\"https:\/\/casaisabel.es\/\",\"name\":\"Casa Isabel\",\"description\":\"S\u00f3lo otro sitio de WordPress\",\"publisher\":{\"@id\":\"https:\/\/casaisabel.es\/#organization\"},\"potentialAction\":[{\"@type\":\"SearchAction\",\"target\":{\"@type\":\"EntryPoint\",\"urlTemplate\":\"https:\/\/casaisabel.es\/?s={search_term_string}\"},\"query-input\":{\"@type\":\"PropertyValueSpecification\",\"valueRequired\":true,\"valueName\":\"search_term_string\"}}],\"inLanguage\":\"fr-FR\"},{\"@type\":\"Organization\",\"@id\":\"https:\/\/casaisabel.es\/#organization\",\"name\":\"Casa Isabel\",\"url\":\"https:\/\/casaisabel.es\/\",\"logo\":{\"@type\":\"ImageObject\",\"inLanguage\":\"fr-FR\",\"@id\":\"https:\/\/casaisabel.es\/#\/schema\/logo\/image\/\",\"url\":\"https:\/\/casaisabel.es\/wp-content\/uploads\/2023\/09\/casaIsabel.svg\",\"contentUrl\":\"https:\/\/casaisabel.es\/wp-content\/uploads\/2023\/09\/casaIsabel.svg\",\"width\":211,\"height\":49,\"caption\":\"Casa Isabel\"},\"image\":{\"@id\":\"https:\/\/casaisabel.es\/#\/schema\/logo\/image\/\"}},{\"@type\":\"Person\",\"@id\":\"https:\/\/casaisabel.es\/#\/schema\/person\/66308f25a39c9cb32c4e78cf8cfa36cf\",\"name\":\"Admin\",\"image\":{\"@type\":\"ImageObject\",\"inLanguage\":\"fr-FR\",\"@id\":\"https:\/\/casaisabel.es\/#\/schema\/person\/image\/\",\"url\":\"https:\/\/secure.gravatar.com\/avatar\/cfa1bef4e15c827fa091464736c1d269687e21ac8972ec35aec466b4aa06b9c8?s=96&d=mm&r=g\",\"contentUrl\":\"https:\/\/secure.gravatar.com\/avatar\/cfa1bef4e15c827fa091464736c1d269687e21ac8972ec35aec466b4aa06b9c8?s=96&d=mm&r=g\",\"caption\":\"Admin\"},\"url\":\"https:\/\/casaisabel.es\/fr\/author\/admin-2\/\"}]}<\/script>\n<!-- \/ Yoast SEO plugin. -->","yoast_head_json":{"title":"Valencia, una ciudad de cine","description":"Valencia ha estado presente en el cine pr\u00e1cticamente desde que este se hizo popular en Espa\u00f1a.","robots":{"index":"index","follow":"follow","max-snippet":"max-snippet:-1","max-image-preview":"max-image-preview:large","max-video-preview":"max-video-preview:-1"},"canonical":"https:\/\/casaisabel.es\/fr\/valencia-una-ciudad-de-cine\/","og_locale":"fr_FR","og_type":"article","og_title":"Valencia, una ciudad de cine","og_description":"Valencia ha estado presente en el cine pr\u00e1cticamente desde que este se hizo popular en Espa\u00f1a.","og_url":"https:\/\/casaisabel.es\/fr\/valencia-una-ciudad-de-cine\/","og_site_name":"Casa Isabel","article_published_time":"2025-09-08T00:13:51+00:00","og_image":[{"width":1900,"height":756,"url":"https:\/\/casaisabel.es\/wp-content\/uploads\/2016\/02\/Casa-Isabel-Valencia-cine.jpg","type":"image\/jpeg"}],"author":"Admin","twitter_card":"summary_large_image","twitter_misc":{"\u00c9crit par":"Admin","Dur\u00e9e de lecture estim\u00e9e":"2 minutes"},"schema":{"@context":"https:\/\/schema.org","@graph":[{"@type":"Article","@id":"https:\/\/casaisabel.es\/valencia-una-ciudad-de-cine\/#article","isPartOf":{"@id":"https:\/\/casaisabel.es\/valencia-una-ciudad-de-cine\/"},"author":{"name":"Admin","@id":"https:\/\/casaisabel.es\/#\/schema\/person\/66308f25a39c9cb32c4e78cf8cfa36cf"},"headline":"Valencia, una ciudad de cine","datePublished":"2025-09-08T00:13:51+00:00","mainEntityOfPage":{"@id":"https:\/\/casaisabel.es\/valencia-una-ciudad-de-cine\/"},"wordCount":339,"publisher":{"@id":"https:\/\/casaisabel.es\/#organization"},"image":{"@id":"https:\/\/casaisabel.es\/valencia-una-ciudad-de-cine\/#primaryimage"},"thumbnailUrl":"https:\/\/casaisabel.es\/wp-content\/uploads\/2016\/02\/Casa-Isabel-Valencia-cine.jpg","keywords":["turismo valencia","valencia cine","valencia pel\u00edculas"],"articleSection":["Lugares emblem\u00e1ticos de Valencia","Valencia cultura"],"inLanguage":"fr-FR"},{"@type":"WebPage","@id":"https:\/\/casaisabel.es\/valencia-una-ciudad-de-cine\/","url":"https:\/\/casaisabel.es\/valencia-una-ciudad-de-cine\/","name":"Valencia, una ciudad de cine","isPartOf":{"@id":"https:\/\/casaisabel.es\/#website"},"primaryImageOfPage":{"@id":"https:\/\/casaisabel.es\/valencia-una-ciudad-de-cine\/#primaryimage"},"image":{"@id":"https:\/\/casaisabel.es\/valencia-una-ciudad-de-cine\/#primaryimage"},"thumbnailUrl":"https:\/\/casaisabel.es\/wp-content\/uploads\/2016\/02\/Casa-Isabel-Valencia-cine.jpg","datePublished":"2025-09-08T00:13:51+00:00","description":"Valencia ha estado presente en el cine pr\u00e1cticamente desde que este se hizo popular en Espa\u00f1a.","breadcrumb":{"@id":"https:\/\/casaisabel.es\/valencia-una-ciudad-de-cine\/#breadcrumb"},"inLanguage":"fr-FR","potentialAction":[{"@type":"ReadAction","target":["https:\/\/casaisabel.es\/valencia-una-ciudad-de-cine\/"]}]},{"@type":"ImageObject","inLanguage":"fr-FR","@id":"https:\/\/casaisabel.es\/valencia-una-ciudad-de-cine\/#primaryimage","url":"https:\/\/casaisabel.es\/wp-content\/uploads\/2016\/02\/Casa-Isabel-Valencia-cine.jpg","contentUrl":"https:\/\/casaisabel.es\/wp-content\/uploads\/2016\/02\/Casa-Isabel-Valencia-cine.jpg","width":1900,"height":756,"caption":"Casa Isabel-Valencia cine"},{"@type":"BreadcrumbList","@id":"https:\/\/casaisabel.es\/valencia-una-ciudad-de-cine\/#breadcrumb","itemListElement":[{"@type":"ListItem","position":1,"name":"Portada","item":"https:\/\/casaisabel.es\/"},{"@type":"ListItem","position":2,"name":"Valencia, una ciudad de cine"}]},{"@type":"WebSite","@id":"https:\/\/casaisabel.es\/#website","url":"https:\/\/casaisabel.es\/","name":"Casa Isabel","description":"S\u00f3lo otro sitio de WordPress","publisher":{"@id":"https:\/\/casaisabel.es\/#organization"},"potentialAction":[{"@type":"SearchAction","target":{"@type":"EntryPoint","urlTemplate":"https:\/\/casaisabel.es\/?s={search_term_string}"},"query-input":{"@type":"PropertyValueSpecification","valueRequired":true,"valueName":"search_term_string"}}],"inLanguage":"fr-FR"},{"@type":"Organization","@id":"https:\/\/casaisabel.es\/#organization","name":"Casa Isabel","url":"https:\/\/casaisabel.es\/","logo":{"@type":"ImageObject","inLanguage":"fr-FR","@id":"https:\/\/casaisabel.es\/#\/schema\/logo\/image\/","url":"https:\/\/casaisabel.es\/wp-content\/uploads\/2023\/09\/casaIsabel.svg","contentUrl":"https:\/\/casaisabel.es\/wp-content\/uploads\/2023\/09\/casaIsabel.svg","width":211,"height":49,"caption":"Casa Isabel"},"image":{"@id":"https:\/\/casaisabel.es\/#\/schema\/logo\/image\/"}},{"@type":"Person","@id":"https:\/\/casaisabel.es\/#\/schema\/person\/66308f25a39c9cb32c4e78cf8cfa36cf","name":"Admin","image":{"@type":"ImageObject","inLanguage":"fr-FR","@id":"https:\/\/casaisabel.es\/#\/schema\/person\/image\/","url":"https:\/\/secure.gravatar.com\/avatar\/cfa1bef4e15c827fa091464736c1d269687e21ac8972ec35aec466b4aa06b9c8?s=96&d=mm&r=g","contentUrl":"https:\/\/secure.gravatar.com\/avatar\/cfa1bef4e15c827fa091464736c1d269687e21ac8972ec35aec466b4aa06b9c8?s=96&d=mm&r=g","caption":"Admin"},"url":"https:\/\/casaisabel.es\/fr\/author\/admin-2\/"}]}},"_links":{"self":[{"href":"https:\/\/casaisabel.es\/fr\/wp-json\/wp\/v2\/posts\/3437","targetHints":{"allow":["GET"]}}],"collection":[{"href":"https:\/\/casaisabel.es\/fr\/wp-json\/wp\/v2\/posts"}],"about":[{"href":"https:\/\/casaisabel.es\/fr\/wp-json\/wp\/v2\/types\/post"}],"author":[{"embeddable":true,"href":"https:\/\/casaisabel.es\/fr\/wp-json\/wp\/v2\/users\/2"}],"replies":[{"embeddable":true,"href":"https:\/\/casaisabel.es\/fr\/wp-json\/wp\/v2\/comments?post=3437"}],"version-history":[{"count":0,"href":"https:\/\/casaisabel.es\/fr\/wp-json\/wp\/v2\/posts\/3437\/revisions"}],"wp:featuredmedia":[{"embeddable":true,"href":"https:\/\/casaisabel.es\/fr\/wp-json\/wp\/v2\/media\/3490"}],"wp:attachment":[{"href":"https:\/\/casaisabel.es\/fr\/wp-json\/wp\/v2\/media?parent=3437"}],"wp:term":[{"taxonomy":"category","embeddable":true,"href":"https:\/\/casaisabel.es\/fr\/wp-json\/wp\/v2\/categories?post=3437"},{"taxonomy":"post_tag","embeddable":true,"href":"https:\/\/casaisabel.es\/fr\/wp-json\/wp\/v2\/tags?post=3437"}],"curies":[{"name":"wp","href":"https:\/\/api.w.org\/{rel}","templated":true}]}}