{"id":3435,"date":"2025-09-07T00:09:16","date_gmt":"2025-09-07T00:09:16","guid":{"rendered":"https:\/\/casaisabel.es\/?p=3435---43681e1f-47ac-4912-94fd-a1079dc04bbe"},"modified":"2025-09-07T00:09:16","modified_gmt":"2025-09-07T00:09:16","slug":"la-exposicion-del-ninot-de-valencia-cambia-de-ubicacion","status":"publish","type":"post","link":"https:\/\/casaisabel.es\/fr\/la-exposicion-del-ninot-de-valencia-cambia-de-ubicacion\/","title":{"rendered":"La exposici\u00f3n del Ninot  de Valencia cambia de ubicaci\u00f3n"},"content":{"rendered":"<p style=\"text-align: justify;\">La cuenta atr\u00e1s para las Fallas ha empezado. Valencia se prepara para su fiesta grande, que este a\u00f1o ser\u00e1 multitudinaria ya que el 19 de marzo es s\u00e1bado y cae justo antes de Semana Santa. Si vas a las Fallas, adem\u00e1s de disfrutar de una paella en un buen restaurante de la malvarrosa (y ba\u00f1arte en la playa al salir de la arrocer\u00eda si el tiempo acompa\u00f1a),<strong> no te pierdas la exposici\u00f3n del Ninot, que este a\u00f1o se traslada al Museo Pr\u00edncipe Felipe<\/strong>.<!--more--><\/p>\n<p style=\"text-align: justify;\">Los ninots son los mu\u00f1ecos que la noche del 19 de marzo arden en honor a San Jos\u00e9. Cada falla expone el suyo y <strong>los visitantes eligen al mejor, que se convierte en <em>Ninot Indultat<\/em><\/strong> -o <em>Ninot Indultat<\/em> Infantil en las fallas de los peque\u00f1os- y evita la quema. Los \u00faltimos a\u00f1os la Exposici\u00f3n del <em>Ninot<\/em> se celebraba en Nuevo Centro, pero <a href=\"http:\/\/www.lovevalencia.com\/evento\/exposicion-del-ninot\">en 2016 se ha trasladado<\/a> a la Sala Arquer\u00edas del Museo de las Ciencias Pr\u00edncipe Felipe.<\/p>\n<p style=\"text-align: justify;\">Con el cambio se pretende darle m\u00e1s relevancia, ya que est\u00e1 en la planta baja del Museo, uno de los edificios m\u00e1s visitados de Valencia. Adem\u00e1s, est\u00e1 <strong>junto al Museo Fallero<\/strong>, por lo que la oferta fallera es m\u00e1s completa. El museo cuenta con una sala de conferencias donde tambi\u00e9n se har\u00e1n charlas o actividades relacionadas con el apasionante mundo de las fallas.<\/p>\n<p style=\"text-align: justify;\">Si quieres ir a la Exposici\u00f3n del <em>Ninot i Ninot Infantil<\/em> 2016 debes saber que abre sus puertas el 5 de febrero a partir de las 20:00 en un acto que, como no pod\u00eda ser de otra manera, estar\u00e1 acompa\u00f1ado de un espect\u00e1culo pirot\u00e9cnico. La entrada vale 3 \u20ac, aunque ni\u00f1os, jubilados y socios de la Ciudad de las Artes y las Ciencias solo pagan 1,50 \u20ac. La exposici\u00f3n<strong> estar\u00e1 abierta hasta el 15 de marzo y m\u00e1s de 700 ninots pasar\u00e1n por ella<\/strong>. \u00bfCu\u00e1l se salvar\u00e1 del fuego?<\/p>\n<p style=\"text-align: justify;\"><a href=\"https:\/\/www.flickr.com\/photos\/bonus1up\/8508158850\/\" rel=\"nofollow\">Imagen<\/a><\/p>","protected":false},"excerpt":{"rendered":"<p>La cuenta atr\u00e1s para las Fallas ha empezado. Valencia se prepara para su fiesta grande, que este a\u00f1o ser\u00e1 multitudinaria ya que el 19 de marzo es s\u00e1bado y cae justo antes de Semana Santa. Si vas a las Fallas, adem\u00e1s de disfrutar de una paella en un buen restaurante de la malvarrosa (y ba\u00f1arte [&hellip;]<\/p>","protected":false},"author":2,"featured_media":3475,"comment_status":"closed","ping_status":"closed","sticky":false,"template":"","format":"standard","meta":{"site-sidebar-layout":"default","site-content-layout":"","ast-site-content-layout":"","site-content-style":"default","site-sidebar-style":"default","ast-global-header-display":"","ast-banner-title-visibility":"","ast-main-header-display":"","ast-hfb-above-header-display":"","ast-hfb-below-header-display":"","ast-hfb-mobile-header-display":"","site-post-title":"","ast-breadcrumbs-content":"","ast-featured-img":"","footer-sml-layout":"","theme-transparent-header-meta":"","adv-header-id-meta":"","stick-header-meta":"","header-above-stick-meta":"","header-main-stick-meta":"","header-below-stick-meta":"","astra-migrate-meta-layouts":"default","ast-page-background-enabled":"default","ast-page-background-meta":{"desktop":{"background-color":"var(--ast-global-color-4)","background-image":"","background-repeat":"repeat","background-position":"center center","background-size":"auto","background-attachment":"scroll","background-type":"","background-media":"","overlay-type":"","overlay-color":"","overlay-opacity":"","overlay-gradient":""},"tablet":{"background-color":"","background-image":"","background-repeat":"repeat","background-position":"center center","background-size":"auto","background-attachment":"scroll","background-type":"","background-media":"","overlay-type":"","overlay-color":"","overlay-opacity":"","overlay-gradient":""},"mobile":{"background-color":"","background-image":"","background-repeat":"repeat","background-position":"center center","background-size":"auto","background-attachment":"scroll","background-type":"","background-media":"","overlay-type":"","overlay-color":"","overlay-opacity":"","overlay-gradient":""}},"ast-content-background-meta":{"desktop":{"background-color":"var(--ast-global-color-5)","background-image":"","background-repeat":"repeat","background-position":"center center","background-size":"auto","background-attachment":"scroll","background-type":"","background-media":"","overlay-type":"","overlay-color":"","overlay-opacity":"","overlay-gradient":""},"tablet":{"background-color":"var(--ast-global-color-5)","background-image":"","background-repeat":"repeat","background-position":"center center","background-size":"auto","background-attachment":"scroll","background-type":"","background-media":"","overlay-type":"","overlay-color":"","overlay-opacity":"","overlay-gradient":""},"mobile":{"background-color":"var(--ast-global-color-5)","background-image":"","background-repeat":"repeat","background-position":"center center","background-size":"auto","background-attachment":"scroll","background-type":"","background-media":"","overlay-type":"","overlay-color":"","overlay-opacity":"","overlay-gradient":""}},"footnotes":""},"categories":[7],"tags":[119,44,145,64],"class_list":["post-3435","post","type-post","status-publish","format-standard","has-post-thumbnail","hentry","category-actualidad-y-eventos","tag-actualidad-valencia","tag-cultura-valencia","tag-exposicion-ninot","tag-turismo-valencia"],"yoast_head":"<!-- This site is optimized with the Yoast SEO plugin v25.6 - https:\/\/yoast.com\/wordpress\/plugins\/seo\/ -->\n<title>La exposici\u00f3n del Ninot de Valencia cambia de ubicaci\u00f3n<\/title>\n<meta name=\"description\" content=\"Los ninots son los mu\u00f1ecos que la noche del 19 de marzo arden en honor a San Jos\u00e9. Cada falla expone el suyo.\" \/>\n<meta name=\"robots\" content=\"index, follow, max-snippet:-1, max-image-preview:large, max-video-preview:-1\" \/>\n<link rel=\"canonical\" href=\"https:\/\/casaisabel.es\/fr\/la-exposicion-del-ninot-de-valencia-cambia-de-ubicacion\/\" \/>\n<meta property=\"og:locale\" content=\"fr_FR\" \/>\n<meta property=\"og:type\" content=\"article\" \/>\n<meta property=\"og:title\" content=\"La exposici\u00f3n del Ninot de Valencia cambia de ubicaci\u00f3n\" \/>\n<meta property=\"og:description\" content=\"Los ninots son los mu\u00f1ecos que la noche del 19 de marzo arden en honor a San Jos\u00e9. Cada falla expone el suyo.\" \/>\n<meta property=\"og:url\" content=\"https:\/\/casaisabel.es\/fr\/la-exposicion-del-ninot-de-valencia-cambia-de-ubicacion\/\" \/>\n<meta property=\"og:site_name\" content=\"Casa Isabel\" \/>\n<meta property=\"article:published_time\" content=\"2025-09-07T00:09:16+00:00\" \/>\n<meta property=\"og:image\" content=\"https:\/\/casaisabel.es\/wp-content\/uploads\/2016\/01\/Casa-Isabel-expo-ninot.jpg\" \/>\n\t<meta property=\"og:image:width\" content=\"1900\" \/>\n\t<meta property=\"og:image:height\" content=\"756\" \/>\n\t<meta property=\"og:image:type\" content=\"image\/jpeg\" \/>\n<meta name=\"author\" content=\"Admin\" \/>\n<meta name=\"twitter:card\" content=\"summary_large_image\" \/>\n<meta name=\"twitter:label1\" content=\"\u00c9crit par\" \/>\n\t<meta name=\"twitter:data1\" content=\"Admin\" \/>\n\t<meta name=\"twitter:label2\" content=\"Dur\u00e9e de lecture estim\u00e9e\" \/>\n\t<meta name=\"twitter:data2\" content=\"2 minutes\" \/>\n<script type=\"application\/ld+json\" class=\"yoast-schema-graph\">{\"@context\":\"https:\/\/schema.org\",\"@graph\":[{\"@type\":\"Article\",\"@id\":\"https:\/\/casaisabel.es\/la-exposicion-del-ninot-de-valencia-cambia-de-ubicacion\/#article\",\"isPartOf\":{\"@id\":\"https:\/\/casaisabel.es\/la-exposicion-del-ninot-de-valencia-cambia-de-ubicacion\/\"},\"author\":{\"name\":\"Admin\",\"@id\":\"https:\/\/casaisabel.es\/#\/schema\/person\/66308f25a39c9cb32c4e78cf8cfa36cf\"},\"headline\":\"La exposici\u00f3n del Ninot de Valencia cambia de ubicaci\u00f3n\",\"datePublished\":\"2025-09-07T00:09:16+00:00\",\"mainEntityOfPage\":{\"@id\":\"https:\/\/casaisabel.es\/la-exposicion-del-ninot-de-valencia-cambia-de-ubicacion\/\"},\"wordCount\":345,\"publisher\":{\"@id\":\"https:\/\/casaisabel.es\/#organization\"},\"image\":{\"@id\":\"https:\/\/casaisabel.es\/la-exposicion-del-ninot-de-valencia-cambia-de-ubicacion\/#primaryimage\"},\"thumbnailUrl\":\"https:\/\/casaisabel.es\/wp-content\/uploads\/2016\/01\/Casa-Isabel-expo-ninot.jpg\",\"keywords\":[\"actualidad valencia\",\"cultura valencia\",\"exposici\u00f3n ninot\",\"turismo valencia\"],\"articleSection\":[\"Actualidad y eventos\"],\"inLanguage\":\"fr-FR\"},{\"@type\":\"WebPage\",\"@id\":\"https:\/\/casaisabel.es\/la-exposicion-del-ninot-de-valencia-cambia-de-ubicacion\/\",\"url\":\"https:\/\/casaisabel.es\/la-exposicion-del-ninot-de-valencia-cambia-de-ubicacion\/\",\"name\":\"La exposici\u00f3n del Ninot de Valencia cambia de ubicaci\u00f3n\",\"isPartOf\":{\"@id\":\"https:\/\/casaisabel.es\/#website\"},\"primaryImageOfPage\":{\"@id\":\"https:\/\/casaisabel.es\/la-exposicion-del-ninot-de-valencia-cambia-de-ubicacion\/#primaryimage\"},\"image\":{\"@id\":\"https:\/\/casaisabel.es\/la-exposicion-del-ninot-de-valencia-cambia-de-ubicacion\/#primaryimage\"},\"thumbnailUrl\":\"https:\/\/casaisabel.es\/wp-content\/uploads\/2016\/01\/Casa-Isabel-expo-ninot.jpg\",\"datePublished\":\"2025-09-07T00:09:16+00:00\",\"description\":\"Los ninots son los mu\u00f1ecos que la noche del 19 de marzo arden en honor a San Jos\u00e9. Cada falla expone el suyo.\",\"breadcrumb\":{\"@id\":\"https:\/\/casaisabel.es\/la-exposicion-del-ninot-de-valencia-cambia-de-ubicacion\/#breadcrumb\"},\"inLanguage\":\"fr-FR\",\"potentialAction\":[{\"@type\":\"ReadAction\",\"target\":[\"https:\/\/casaisabel.es\/la-exposicion-del-ninot-de-valencia-cambia-de-ubicacion\/\"]}]},{\"@type\":\"ImageObject\",\"inLanguage\":\"fr-FR\",\"@id\":\"https:\/\/casaisabel.es\/la-exposicion-del-ninot-de-valencia-cambia-de-ubicacion\/#primaryimage\",\"url\":\"https:\/\/casaisabel.es\/wp-content\/uploads\/2016\/01\/Casa-Isabel-expo-ninot.jpg\",\"contentUrl\":\"https:\/\/casaisabel.es\/wp-content\/uploads\/2016\/01\/Casa-Isabel-expo-ninot.jpg\",\"width\":1900,\"height\":756,\"caption\":\"Casa Isabel-expo ninot\"},{\"@type\":\"BreadcrumbList\",\"@id\":\"https:\/\/casaisabel.es\/la-exposicion-del-ninot-de-valencia-cambia-de-ubicacion\/#breadcrumb\",\"itemListElement\":[{\"@type\":\"ListItem\",\"position\":1,\"name\":\"Portada\",\"item\":\"https:\/\/casaisabel.es\/\"},{\"@type\":\"ListItem\",\"position\":2,\"name\":\"La exposici\u00f3n del Ninot de Valencia cambia de ubicaci\u00f3n\"}]},{\"@type\":\"WebSite\",\"@id\":\"https:\/\/casaisabel.es\/#website\",\"url\":\"https:\/\/casaisabel.es\/\",\"name\":\"Casa Isabel\",\"description\":\"S\u00f3lo otro sitio de WordPress\",\"publisher\":{\"@id\":\"https:\/\/casaisabel.es\/#organization\"},\"potentialAction\":[{\"@type\":\"SearchAction\",\"target\":{\"@type\":\"EntryPoint\",\"urlTemplate\":\"https:\/\/casaisabel.es\/?s={search_term_string}\"},\"query-input\":{\"@type\":\"PropertyValueSpecification\",\"valueRequired\":true,\"valueName\":\"search_term_string\"}}],\"inLanguage\":\"fr-FR\"},{\"@type\":\"Organization\",\"@id\":\"https:\/\/casaisabel.es\/#organization\",\"name\":\"Casa Isabel\",\"url\":\"https:\/\/casaisabel.es\/\",\"logo\":{\"@type\":\"ImageObject\",\"inLanguage\":\"fr-FR\",\"@id\":\"https:\/\/casaisabel.es\/#\/schema\/logo\/image\/\",\"url\":\"https:\/\/casaisabel.es\/wp-content\/uploads\/2023\/09\/casaIsabel.svg\",\"contentUrl\":\"https:\/\/casaisabel.es\/wp-content\/uploads\/2023\/09\/casaIsabel.svg\",\"width\":211,\"height\":49,\"caption\":\"Casa Isabel\"},\"image\":{\"@id\":\"https:\/\/casaisabel.es\/#\/schema\/logo\/image\/\"}},{\"@type\":\"Person\",\"@id\":\"https:\/\/casaisabel.es\/#\/schema\/person\/66308f25a39c9cb32c4e78cf8cfa36cf\",\"name\":\"Admin\",\"image\":{\"@type\":\"ImageObject\",\"inLanguage\":\"fr-FR\",\"@id\":\"https:\/\/casaisabel.es\/#\/schema\/person\/image\/\",\"url\":\"https:\/\/secure.gravatar.com\/avatar\/cfa1bef4e15c827fa091464736c1d269687e21ac8972ec35aec466b4aa06b9c8?s=96&d=mm&r=g\",\"contentUrl\":\"https:\/\/secure.gravatar.com\/avatar\/cfa1bef4e15c827fa091464736c1d269687e21ac8972ec35aec466b4aa06b9c8?s=96&d=mm&r=g\",\"caption\":\"Admin\"},\"url\":\"https:\/\/casaisabel.es\/fr\/author\/admin-2\/\"}]}<\/script>\n<!-- \/ Yoast SEO plugin. -->","yoast_head_json":{"title":"La exposici\u00f3n del Ninot de Valencia cambia de ubicaci\u00f3n","description":"Los ninots son los mu\u00f1ecos que la noche del 19 de marzo arden en honor a San Jos\u00e9. Cada falla expone el suyo.","robots":{"index":"index","follow":"follow","max-snippet":"max-snippet:-1","max-image-preview":"max-image-preview:large","max-video-preview":"max-video-preview:-1"},"canonical":"https:\/\/casaisabel.es\/fr\/la-exposicion-del-ninot-de-valencia-cambia-de-ubicacion\/","og_locale":"fr_FR","og_type":"article","og_title":"La exposici\u00f3n del Ninot de Valencia cambia de ubicaci\u00f3n","og_description":"Los ninots son los mu\u00f1ecos que la noche del 19 de marzo arden en honor a San Jos\u00e9. Cada falla expone el suyo.","og_url":"https:\/\/casaisabel.es\/fr\/la-exposicion-del-ninot-de-valencia-cambia-de-ubicacion\/","og_site_name":"Casa Isabel","article_published_time":"2025-09-07T00:09:16+00:00","og_image":[{"width":1900,"height":756,"url":"https:\/\/casaisabel.es\/wp-content\/uploads\/2016\/01\/Casa-Isabel-expo-ninot.jpg","type":"image\/jpeg"}],"author":"Admin","twitter_card":"summary_large_image","twitter_misc":{"\u00c9crit par":"Admin","Dur\u00e9e de lecture estim\u00e9e":"2 minutes"},"schema":{"@context":"https:\/\/schema.org","@graph":[{"@type":"Article","@id":"https:\/\/casaisabel.es\/la-exposicion-del-ninot-de-valencia-cambia-de-ubicacion\/#article","isPartOf":{"@id":"https:\/\/casaisabel.es\/la-exposicion-del-ninot-de-valencia-cambia-de-ubicacion\/"},"author":{"name":"Admin","@id":"https:\/\/casaisabel.es\/#\/schema\/person\/66308f25a39c9cb32c4e78cf8cfa36cf"},"headline":"La exposici\u00f3n del Ninot de Valencia cambia de ubicaci\u00f3n","datePublished":"2025-09-07T00:09:16+00:00","mainEntityOfPage":{"@id":"https:\/\/casaisabel.es\/la-exposicion-del-ninot-de-valencia-cambia-de-ubicacion\/"},"wordCount":345,"publisher":{"@id":"https:\/\/casaisabel.es\/#organization"},"image":{"@id":"https:\/\/casaisabel.es\/la-exposicion-del-ninot-de-valencia-cambia-de-ubicacion\/#primaryimage"},"thumbnailUrl":"https:\/\/casaisabel.es\/wp-content\/uploads\/2016\/01\/Casa-Isabel-expo-ninot.jpg","keywords":["actualidad valencia","cultura valencia","exposici\u00f3n ninot","turismo valencia"],"articleSection":["Actualidad y eventos"],"inLanguage":"fr-FR"},{"@type":"WebPage","@id":"https:\/\/casaisabel.es\/la-exposicion-del-ninot-de-valencia-cambia-de-ubicacion\/","url":"https:\/\/casaisabel.es\/la-exposicion-del-ninot-de-valencia-cambia-de-ubicacion\/","name":"La exposici\u00f3n del Ninot de Valencia cambia de ubicaci\u00f3n","isPartOf":{"@id":"https:\/\/casaisabel.es\/#website"},"primaryImageOfPage":{"@id":"https:\/\/casaisabel.es\/la-exposicion-del-ninot-de-valencia-cambia-de-ubicacion\/#primaryimage"},"image":{"@id":"https:\/\/casaisabel.es\/la-exposicion-del-ninot-de-valencia-cambia-de-ubicacion\/#primaryimage"},"thumbnailUrl":"https:\/\/casaisabel.es\/wp-content\/uploads\/2016\/01\/Casa-Isabel-expo-ninot.jpg","datePublished":"2025-09-07T00:09:16+00:00","description":"Los ninots son los mu\u00f1ecos que la noche del 19 de marzo arden en honor a San Jos\u00e9. Cada falla expone el suyo.","breadcrumb":{"@id":"https:\/\/casaisabel.es\/la-exposicion-del-ninot-de-valencia-cambia-de-ubicacion\/#breadcrumb"},"inLanguage":"fr-FR","potentialAction":[{"@type":"ReadAction","target":["https:\/\/casaisabel.es\/la-exposicion-del-ninot-de-valencia-cambia-de-ubicacion\/"]}]},{"@type":"ImageObject","inLanguage":"fr-FR","@id":"https:\/\/casaisabel.es\/la-exposicion-del-ninot-de-valencia-cambia-de-ubicacion\/#primaryimage","url":"https:\/\/casaisabel.es\/wp-content\/uploads\/2016\/01\/Casa-Isabel-expo-ninot.jpg","contentUrl":"https:\/\/casaisabel.es\/wp-content\/uploads\/2016\/01\/Casa-Isabel-expo-ninot.jpg","width":1900,"height":756,"caption":"Casa Isabel-expo ninot"},{"@type":"BreadcrumbList","@id":"https:\/\/casaisabel.es\/la-exposicion-del-ninot-de-valencia-cambia-de-ubicacion\/#breadcrumb","itemListElement":[{"@type":"ListItem","position":1,"name":"Portada","item":"https:\/\/casaisabel.es\/"},{"@type":"ListItem","position":2,"name":"La exposici\u00f3n del Ninot de Valencia cambia de ubicaci\u00f3n"}]},{"@type":"WebSite","@id":"https:\/\/casaisabel.es\/#website","url":"https:\/\/casaisabel.es\/","name":"Casa Isabel","description":"S\u00f3lo otro sitio de WordPress","publisher":{"@id":"https:\/\/casaisabel.es\/#organization"},"potentialAction":[{"@type":"SearchAction","target":{"@type":"EntryPoint","urlTemplate":"https:\/\/casaisabel.es\/?s={search_term_string}"},"query-input":{"@type":"PropertyValueSpecification","valueRequired":true,"valueName":"search_term_string"}}],"inLanguage":"fr-FR"},{"@type":"Organization","@id":"https:\/\/casaisabel.es\/#organization","name":"Casa Isabel","url":"https:\/\/casaisabel.es\/","logo":{"@type":"ImageObject","inLanguage":"fr-FR","@id":"https:\/\/casaisabel.es\/#\/schema\/logo\/image\/","url":"https:\/\/casaisabel.es\/wp-content\/uploads\/2023\/09\/casaIsabel.svg","contentUrl":"https:\/\/casaisabel.es\/wp-content\/uploads\/2023\/09\/casaIsabel.svg","width":211,"height":49,"caption":"Casa Isabel"},"image":{"@id":"https:\/\/casaisabel.es\/#\/schema\/logo\/image\/"}},{"@type":"Person","@id":"https:\/\/casaisabel.es\/#\/schema\/person\/66308f25a39c9cb32c4e78cf8cfa36cf","name":"Admin","image":{"@type":"ImageObject","inLanguage":"fr-FR","@id":"https:\/\/casaisabel.es\/#\/schema\/person\/image\/","url":"https:\/\/secure.gravatar.com\/avatar\/cfa1bef4e15c827fa091464736c1d269687e21ac8972ec35aec466b4aa06b9c8?s=96&d=mm&r=g","contentUrl":"https:\/\/secure.gravatar.com\/avatar\/cfa1bef4e15c827fa091464736c1d269687e21ac8972ec35aec466b4aa06b9c8?s=96&d=mm&r=g","caption":"Admin"},"url":"https:\/\/casaisabel.es\/fr\/author\/admin-2\/"}]}},"_links":{"self":[{"href":"https:\/\/casaisabel.es\/fr\/wp-json\/wp\/v2\/posts\/3435","targetHints":{"allow":["GET"]}}],"collection":[{"href":"https:\/\/casaisabel.es\/fr\/wp-json\/wp\/v2\/posts"}],"about":[{"href":"https:\/\/casaisabel.es\/fr\/wp-json\/wp\/v2\/types\/post"}],"author":[{"embeddable":true,"href":"https:\/\/casaisabel.es\/fr\/wp-json\/wp\/v2\/users\/2"}],"replies":[{"embeddable":true,"href":"https:\/\/casaisabel.es\/fr\/wp-json\/wp\/v2\/comments?post=3435"}],"version-history":[{"count":0,"href":"https:\/\/casaisabel.es\/fr\/wp-json\/wp\/v2\/posts\/3435\/revisions"}],"wp:featuredmedia":[{"embeddable":true,"href":"https:\/\/casaisabel.es\/fr\/wp-json\/wp\/v2\/media\/3475"}],"wp:attachment":[{"href":"https:\/\/casaisabel.es\/fr\/wp-json\/wp\/v2\/media?parent=3435"}],"wp:term":[{"taxonomy":"category","embeddable":true,"href":"https:\/\/casaisabel.es\/fr\/wp-json\/wp\/v2\/categories?post=3435"},{"taxonomy":"post_tag","embeddable":true,"href":"https:\/\/casaisabel.es\/fr\/wp-json\/wp\/v2\/tags?post=3435"}],"curies":[{"name":"wp","href":"https:\/\/api.w.org\/{rel}","templated":true}]}}