{"id":3431,"date":"2025-09-07T00:08:47","date_gmt":"2025-09-07T00:08:47","guid":{"rendered":"https:\/\/casaisabel.es\/?p=3431---47fc57ef-ab8b-4be0-9482-46822785e66f"},"modified":"2025-09-07T00:08:47","modified_gmt":"2025-09-07T00:08:47","slug":"no-te-pierdas-la-celebracion-del-ano-nuevo-chino-en-valencia","status":"publish","type":"post","link":"https:\/\/casaisabel.es\/fr\/no-te-pierdas-la-celebracion-del-ano-nuevo-chino-en-valencia\/","title":{"rendered":"\u00a1No te pierdas la celebraci\u00f3n del a\u00f1o nuevo chino en Valencia!"},"content":{"rendered":"<p style=\"text-align: justify;\">El d\u00eda 8\u00a0de febrero Valencia se pondr\u00e1 de gala para ser testigo de un acontecimiento que cada vez est\u00e1 siendo m\u00e1s popular: nos referimos a la celebraci\u00f3n del <a href=\"http:\/\/www.lovevalencia.com\/evento\/ano-nuevo-chino-2016-en-valencia\"><strong>a\u00f1o nuevo chino<\/strong><\/a>. Valencia entera se prepara para una <a href=\"https:\/\/www.youtube.com\/watch?v=NT0bP40cQpk\">cabalgata<\/a> llena de <strong>dragones<\/strong> de todos los colores, escoltados siempre por grandes artistas que durante horas bailar\u00e1n y realizar\u00e1n artes marciales con sus llamativos y caracter\u00edsticos trajes orientales.<!--more--><\/p>\n<p style=\"text-align: justify;\">La cabalgata, organizada por el Instituto Confucio de la Universidad de Valencia, tendr\u00e1 lugar el 6 de febrero a las 18.30 junto a la Estaci\u00f3n del Norte (Calles Pelayo y Convento Jerusal\u00e9n). Adem\u00e1s, tambi\u00e9n habr\u00e1\u00a0<a href=\"http:\/\/i1.wp.com\/valenciabonita.es\/wp-content\/uploads\/2016\/02\/Captura-de-pantalla-2016-02-02-17.25.36.png\">charlas y actividades<\/a> que acompa\u00f1aron esta gran celebraci\u00f3n.<\/p>\n<p style=\"text-align: justify;\">Pero\u2026 \u00bfen qu\u00e9 consiste verdaderamente este acontecimiento? El a\u00f1o nuevo chino es la festividad m\u00e1s importante de esta cultura, siendo todo un referente dentro de las fiestas tradicionales chinas. Tambi\u00e9n se conoce como <strong>el Festival de Primavera.<\/strong><\/p>\n<p style=\"text-align: justify;\">En este a\u00f1o se celebra el 8 de febrero. Y decimos este a\u00f1o porque no tiene un d\u00eda fijo. Entonces\u2026 \u00bfc\u00f3mo se sabe cu\u00e1ndo debe celebrarse? La fecha se determina a partir de <a href=\"http:\/\/www.uv.es\/uvweb\/instituto-confucio-uv\/es\/actividades-\/ano-nuevo-chino\/ano-nuevo-chino-instituto-1285924294632.html\">un calendario lunisolar<\/a>, de manera que el a\u00f1o comienza el d\u00eda de la luna nueva m\u00e1s pr\u00f3ximo al d\u00eda equidistante entre el solsticio de invierno y el equinoccio de primavera, hecho que normalmente viene a ser entre los d\u00edas 25 de enero y 14 de febrero.<\/p>\n<p style=\"text-align: justify;\">As\u00ed pues, el pr\u00f3ximo 8 de febrero daremos la bienvenida al a\u00f1o 4714 seg\u00fan este calendario y durante los pr\u00f3ximos doce meses estaremos viviendo en el <strong>a\u00f1o del mono de fuego<\/strong>. Por nuestra parte, lo que tenemos claro es que si algo tenemos en com\u00fan con la cultura china es <strong>nuestro amor por el arroz<\/strong>, as\u00ed que os recomendamos que para completar esta celebraci\u00f3n os deleit\u00e9is con una paella en una buena arrocer\u00eda o un buen restaurante por la Malvarrosa.<\/p>\n<p style=\"text-align: justify;\"><a href=\"https:\/\/www.flickr.com\/photos\/esparta\/2263111390\/\" rel=\"nofollow\">Imagen<\/a><\/p>","protected":false},"excerpt":{"rendered":"<p>El d\u00eda 8\u00a0de febrero Valencia se pondr\u00e1 de gala para ser testigo de un acontecimiento que cada vez est\u00e1 siendo m\u00e1s popular: nos referimos a la celebraci\u00f3n del a\u00f1o nuevo chino. Valencia entera se prepara para una cabalgata llena de dragones de todos los colores, escoltados siempre por grandes artistas que durante horas bailar\u00e1n y [&hellip;]<\/p>","protected":false},"author":2,"featured_media":3460,"comment_status":"closed","ping_status":"closed","sticky":false,"template":"","format":"standard","meta":{"site-sidebar-layout":"default","site-content-layout":"","ast-site-content-layout":"","site-content-style":"default","site-sidebar-style":"default","ast-global-header-display":"","ast-banner-title-visibility":"","ast-main-header-display":"","ast-hfb-above-header-display":"","ast-hfb-below-header-display":"","ast-hfb-mobile-header-display":"","site-post-title":"","ast-breadcrumbs-content":"","ast-featured-img":"","footer-sml-layout":"","theme-transparent-header-meta":"","adv-header-id-meta":"","stick-header-meta":"","header-above-stick-meta":"","header-main-stick-meta":"","header-below-stick-meta":"","astra-migrate-meta-layouts":"default","ast-page-background-enabled":"default","ast-page-background-meta":{"desktop":{"background-color":"var(--ast-global-color-4)","background-image":"","background-repeat":"repeat","background-position":"center center","background-size":"auto","background-attachment":"scroll","background-type":"","background-media":"","overlay-type":"","overlay-color":"","overlay-opacity":"","overlay-gradient":""},"tablet":{"background-color":"","background-image":"","background-repeat":"repeat","background-position":"center center","background-size":"auto","background-attachment":"scroll","background-type":"","background-media":"","overlay-type":"","overlay-color":"","overlay-opacity":"","overlay-gradient":""},"mobile":{"background-color":"","background-image":"","background-repeat":"repeat","background-position":"center center","background-size":"auto","background-attachment":"scroll","background-type":"","background-media":"","overlay-type":"","overlay-color":"","overlay-opacity":"","overlay-gradient":""}},"ast-content-background-meta":{"desktop":{"background-color":"var(--ast-global-color-5)","background-image":"","background-repeat":"repeat","background-position":"center center","background-size":"auto","background-attachment":"scroll","background-type":"","background-media":"","overlay-type":"","overlay-color":"","overlay-opacity":"","overlay-gradient":""},"tablet":{"background-color":"var(--ast-global-color-5)","background-image":"","background-repeat":"repeat","background-position":"center center","background-size":"auto","background-attachment":"scroll","background-type":"","background-media":"","overlay-type":"","overlay-color":"","overlay-opacity":"","overlay-gradient":""},"mobile":{"background-color":"var(--ast-global-color-5)","background-image":"","background-repeat":"repeat","background-position":"center center","background-size":"auto","background-attachment":"scroll","background-type":"","background-media":"","overlay-type":"","overlay-color":"","overlay-opacity":"","overlay-gradient":""}},"footnotes":""},"categories":[7],"tags":[119,141,142,143],"class_list":["post-3431","post","type-post","status-publish","format-standard","has-post-thumbnail","hentry","category-actualidad-y-eventos","tag-actualidad-valencia","tag-ano-nuevo-chino","tag-chino-valencia","tag-evento-valencia"],"yoast_head":"<!-- This site is optimized with the Yoast SEO plugin v25.6 - https:\/\/yoast.com\/wordpress\/plugins\/seo\/ -->\n<title>\u00a1No te pierdas la celebraci\u00f3n del a\u00f1o nuevo chino en Valencia!<\/title>\n<meta name=\"description\" content=\"El d\u00eda 8 de febrero Valencia se pondr\u00e1 de gala para ser testigo de la celebraci\u00f3n del a\u00f1o nuevo chino.\" \/>\n<meta name=\"robots\" content=\"index, follow, max-snippet:-1, max-image-preview:large, max-video-preview:-1\" \/>\n<link rel=\"canonical\" href=\"https:\/\/casaisabel.es\/fr\/no-te-pierdas-la-celebracion-del-ano-nuevo-chino-en-valencia\/\" \/>\n<meta property=\"og:locale\" content=\"fr_FR\" \/>\n<meta property=\"og:type\" content=\"article\" \/>\n<meta property=\"og:title\" content=\"\u00a1No te pierdas la celebraci\u00f3n del a\u00f1o nuevo chino en Valencia!\" \/>\n<meta property=\"og:description\" content=\"El d\u00eda 8 de febrero Valencia se pondr\u00e1 de gala para ser testigo de la celebraci\u00f3n del a\u00f1o nuevo chino.\" \/>\n<meta property=\"og:url\" content=\"https:\/\/casaisabel.es\/fr\/no-te-pierdas-la-celebracion-del-ano-nuevo-chino-en-valencia\/\" \/>\n<meta property=\"og:site_name\" content=\"Casa Isabel\" \/>\n<meta property=\"article:published_time\" content=\"2025-09-07T00:08:47+00:00\" \/>\n<meta property=\"og:image\" content=\"https:\/\/casaisabel.es\/wp-content\/uploads\/2016\/02\/Casa-Isabel-ano-nuevo-chino.jpg\" \/>\n\t<meta property=\"og:image:width\" content=\"1900\" \/>\n\t<meta property=\"og:image:height\" content=\"756\" \/>\n\t<meta property=\"og:image:type\" content=\"image\/jpeg\" \/>\n<meta name=\"author\" content=\"Admin\" \/>\n<meta name=\"twitter:card\" content=\"summary_large_image\" \/>\n<meta name=\"twitter:label1\" content=\"\u00c9crit par\" \/>\n\t<meta name=\"twitter:data1\" content=\"Admin\" \/>\n\t<meta name=\"twitter:label2\" content=\"Dur\u00e9e de lecture estim\u00e9e\" \/>\n\t<meta name=\"twitter:data2\" content=\"2 minutes\" \/>\n<script type=\"application\/ld+json\" class=\"yoast-schema-graph\">{\"@context\":\"https:\/\/schema.org\",\"@graph\":[{\"@type\":\"Article\",\"@id\":\"https:\/\/casaisabel.es\/no-te-pierdas-la-celebracion-del-ano-nuevo-chino-en-valencia\/#article\",\"isPartOf\":{\"@id\":\"https:\/\/casaisabel.es\/no-te-pierdas-la-celebracion-del-ano-nuevo-chino-en-valencia\/\"},\"author\":{\"name\":\"Admin\",\"@id\":\"https:\/\/casaisabel.es\/#\/schema\/person\/66308f25a39c9cb32c4e78cf8cfa36cf\"},\"headline\":\"\u00a1No te pierdas la celebraci\u00f3n del a\u00f1o nuevo chino en Valencia!\",\"datePublished\":\"2025-09-07T00:08:47+00:00\",\"mainEntityOfPage\":{\"@id\":\"https:\/\/casaisabel.es\/no-te-pierdas-la-celebracion-del-ano-nuevo-chino-en-valencia\/\"},\"wordCount\":347,\"publisher\":{\"@id\":\"https:\/\/casaisabel.es\/#organization\"},\"image\":{\"@id\":\"https:\/\/casaisabel.es\/no-te-pierdas-la-celebracion-del-ano-nuevo-chino-en-valencia\/#primaryimage\"},\"thumbnailUrl\":\"https:\/\/casaisabel.es\/wp-content\/uploads\/2016\/02\/Casa-Isabel-ano-nuevo-chino.jpg\",\"keywords\":[\"actualidad valencia\",\"a\u00f1o nuevo chino\",\"chino valencia\",\"evento valencia\"],\"articleSection\":[\"Actualidad y eventos\"],\"inLanguage\":\"fr-FR\"},{\"@type\":\"WebPage\",\"@id\":\"https:\/\/casaisabel.es\/no-te-pierdas-la-celebracion-del-ano-nuevo-chino-en-valencia\/\",\"url\":\"https:\/\/casaisabel.es\/no-te-pierdas-la-celebracion-del-ano-nuevo-chino-en-valencia\/\",\"name\":\"\u00a1No te pierdas la celebraci\u00f3n del a\u00f1o nuevo chino en Valencia!\",\"isPartOf\":{\"@id\":\"https:\/\/casaisabel.es\/#website\"},\"primaryImageOfPage\":{\"@id\":\"https:\/\/casaisabel.es\/no-te-pierdas-la-celebracion-del-ano-nuevo-chino-en-valencia\/#primaryimage\"},\"image\":{\"@id\":\"https:\/\/casaisabel.es\/no-te-pierdas-la-celebracion-del-ano-nuevo-chino-en-valencia\/#primaryimage\"},\"thumbnailUrl\":\"https:\/\/casaisabel.es\/wp-content\/uploads\/2016\/02\/Casa-Isabel-ano-nuevo-chino.jpg\",\"datePublished\":\"2025-09-07T00:08:47+00:00\",\"description\":\"El d\u00eda 8 de febrero Valencia se pondr\u00e1 de gala para ser testigo de la celebraci\u00f3n del a\u00f1o nuevo chino.\",\"breadcrumb\":{\"@id\":\"https:\/\/casaisabel.es\/no-te-pierdas-la-celebracion-del-ano-nuevo-chino-en-valencia\/#breadcrumb\"},\"inLanguage\":\"fr-FR\",\"potentialAction\":[{\"@type\":\"ReadAction\",\"target\":[\"https:\/\/casaisabel.es\/no-te-pierdas-la-celebracion-del-ano-nuevo-chino-en-valencia\/\"]}]},{\"@type\":\"ImageObject\",\"inLanguage\":\"fr-FR\",\"@id\":\"https:\/\/casaisabel.es\/no-te-pierdas-la-celebracion-del-ano-nuevo-chino-en-valencia\/#primaryimage\",\"url\":\"https:\/\/casaisabel.es\/wp-content\/uploads\/2016\/02\/Casa-Isabel-ano-nuevo-chino.jpg\",\"contentUrl\":\"https:\/\/casaisabel.es\/wp-content\/uploads\/2016\/02\/Casa-Isabel-ano-nuevo-chino.jpg\",\"width\":1900,\"height\":756,\"caption\":\"Casa Isabel-a\u00f1o nuevo chino\"},{\"@type\":\"BreadcrumbList\",\"@id\":\"https:\/\/casaisabel.es\/no-te-pierdas-la-celebracion-del-ano-nuevo-chino-en-valencia\/#breadcrumb\",\"itemListElement\":[{\"@type\":\"ListItem\",\"position\":1,\"name\":\"Portada\",\"item\":\"https:\/\/casaisabel.es\/\"},{\"@type\":\"ListItem\",\"position\":2,\"name\":\"\u00a1No te pierdas la celebraci\u00f3n del a\u00f1o nuevo chino en Valencia!\"}]},{\"@type\":\"WebSite\",\"@id\":\"https:\/\/casaisabel.es\/#website\",\"url\":\"https:\/\/casaisabel.es\/\",\"name\":\"Casa Isabel\",\"description\":\"S\u00f3lo otro sitio de WordPress\",\"publisher\":{\"@id\":\"https:\/\/casaisabel.es\/#organization\"},\"potentialAction\":[{\"@type\":\"SearchAction\",\"target\":{\"@type\":\"EntryPoint\",\"urlTemplate\":\"https:\/\/casaisabel.es\/?s={search_term_string}\"},\"query-input\":{\"@type\":\"PropertyValueSpecification\",\"valueRequired\":true,\"valueName\":\"search_term_string\"}}],\"inLanguage\":\"fr-FR\"},{\"@type\":\"Organization\",\"@id\":\"https:\/\/casaisabel.es\/#organization\",\"name\":\"Casa Isabel\",\"url\":\"https:\/\/casaisabel.es\/\",\"logo\":{\"@type\":\"ImageObject\",\"inLanguage\":\"fr-FR\",\"@id\":\"https:\/\/casaisabel.es\/#\/schema\/logo\/image\/\",\"url\":\"https:\/\/casaisabel.es\/wp-content\/uploads\/2023\/09\/casaIsabel.svg\",\"contentUrl\":\"https:\/\/casaisabel.es\/wp-content\/uploads\/2023\/09\/casaIsabel.svg\",\"width\":211,\"height\":49,\"caption\":\"Casa Isabel\"},\"image\":{\"@id\":\"https:\/\/casaisabel.es\/#\/schema\/logo\/image\/\"}},{\"@type\":\"Person\",\"@id\":\"https:\/\/casaisabel.es\/#\/schema\/person\/66308f25a39c9cb32c4e78cf8cfa36cf\",\"name\":\"Admin\",\"image\":{\"@type\":\"ImageObject\",\"inLanguage\":\"fr-FR\",\"@id\":\"https:\/\/casaisabel.es\/#\/schema\/person\/image\/\",\"url\":\"https:\/\/secure.gravatar.com\/avatar\/cfa1bef4e15c827fa091464736c1d269687e21ac8972ec35aec466b4aa06b9c8?s=96&d=mm&r=g\",\"contentUrl\":\"https:\/\/secure.gravatar.com\/avatar\/cfa1bef4e15c827fa091464736c1d269687e21ac8972ec35aec466b4aa06b9c8?s=96&d=mm&r=g\",\"caption\":\"Admin\"},\"url\":\"https:\/\/casaisabel.es\/fr\/author\/admin-2\/\"}]}<\/script>\n<!-- \/ Yoast SEO plugin. -->","yoast_head_json":{"title":"\u00a1No te pierdas la celebraci\u00f3n del a\u00f1o nuevo chino en Valencia!","description":"El d\u00eda 8 de febrero Valencia se pondr\u00e1 de gala para ser testigo de la celebraci\u00f3n del a\u00f1o nuevo chino.","robots":{"index":"index","follow":"follow","max-snippet":"max-snippet:-1","max-image-preview":"max-image-preview:large","max-video-preview":"max-video-preview:-1"},"canonical":"https:\/\/casaisabel.es\/fr\/no-te-pierdas-la-celebracion-del-ano-nuevo-chino-en-valencia\/","og_locale":"fr_FR","og_type":"article","og_title":"\u00a1No te pierdas la celebraci\u00f3n del a\u00f1o nuevo chino en Valencia!","og_description":"El d\u00eda 8 de febrero Valencia se pondr\u00e1 de gala para ser testigo de la celebraci\u00f3n del a\u00f1o nuevo chino.","og_url":"https:\/\/casaisabel.es\/fr\/no-te-pierdas-la-celebracion-del-ano-nuevo-chino-en-valencia\/","og_site_name":"Casa Isabel","article_published_time":"2025-09-07T00:08:47+00:00","og_image":[{"width":1900,"height":756,"url":"https:\/\/casaisabel.es\/wp-content\/uploads\/2016\/02\/Casa-Isabel-ano-nuevo-chino.jpg","type":"image\/jpeg"}],"author":"Admin","twitter_card":"summary_large_image","twitter_misc":{"\u00c9crit par":"Admin","Dur\u00e9e de lecture estim\u00e9e":"2 minutes"},"schema":{"@context":"https:\/\/schema.org","@graph":[{"@type":"Article","@id":"https:\/\/casaisabel.es\/no-te-pierdas-la-celebracion-del-ano-nuevo-chino-en-valencia\/#article","isPartOf":{"@id":"https:\/\/casaisabel.es\/no-te-pierdas-la-celebracion-del-ano-nuevo-chino-en-valencia\/"},"author":{"name":"Admin","@id":"https:\/\/casaisabel.es\/#\/schema\/person\/66308f25a39c9cb32c4e78cf8cfa36cf"},"headline":"\u00a1No te pierdas la celebraci\u00f3n del a\u00f1o nuevo chino en Valencia!","datePublished":"2025-09-07T00:08:47+00:00","mainEntityOfPage":{"@id":"https:\/\/casaisabel.es\/no-te-pierdas-la-celebracion-del-ano-nuevo-chino-en-valencia\/"},"wordCount":347,"publisher":{"@id":"https:\/\/casaisabel.es\/#organization"},"image":{"@id":"https:\/\/casaisabel.es\/no-te-pierdas-la-celebracion-del-ano-nuevo-chino-en-valencia\/#primaryimage"},"thumbnailUrl":"https:\/\/casaisabel.es\/wp-content\/uploads\/2016\/02\/Casa-Isabel-ano-nuevo-chino.jpg","keywords":["actualidad valencia","a\u00f1o nuevo chino","chino valencia","evento valencia"],"articleSection":["Actualidad y eventos"],"inLanguage":"fr-FR"},{"@type":"WebPage","@id":"https:\/\/casaisabel.es\/no-te-pierdas-la-celebracion-del-ano-nuevo-chino-en-valencia\/","url":"https:\/\/casaisabel.es\/no-te-pierdas-la-celebracion-del-ano-nuevo-chino-en-valencia\/","name":"\u00a1No te pierdas la celebraci\u00f3n del a\u00f1o nuevo chino en Valencia!","isPartOf":{"@id":"https:\/\/casaisabel.es\/#website"},"primaryImageOfPage":{"@id":"https:\/\/casaisabel.es\/no-te-pierdas-la-celebracion-del-ano-nuevo-chino-en-valencia\/#primaryimage"},"image":{"@id":"https:\/\/casaisabel.es\/no-te-pierdas-la-celebracion-del-ano-nuevo-chino-en-valencia\/#primaryimage"},"thumbnailUrl":"https:\/\/casaisabel.es\/wp-content\/uploads\/2016\/02\/Casa-Isabel-ano-nuevo-chino.jpg","datePublished":"2025-09-07T00:08:47+00:00","description":"El d\u00eda 8 de febrero Valencia se pondr\u00e1 de gala para ser testigo de la celebraci\u00f3n del a\u00f1o nuevo chino.","breadcrumb":{"@id":"https:\/\/casaisabel.es\/no-te-pierdas-la-celebracion-del-ano-nuevo-chino-en-valencia\/#breadcrumb"},"inLanguage":"fr-FR","potentialAction":[{"@type":"ReadAction","target":["https:\/\/casaisabel.es\/no-te-pierdas-la-celebracion-del-ano-nuevo-chino-en-valencia\/"]}]},{"@type":"ImageObject","inLanguage":"fr-FR","@id":"https:\/\/casaisabel.es\/no-te-pierdas-la-celebracion-del-ano-nuevo-chino-en-valencia\/#primaryimage","url":"https:\/\/casaisabel.es\/wp-content\/uploads\/2016\/02\/Casa-Isabel-ano-nuevo-chino.jpg","contentUrl":"https:\/\/casaisabel.es\/wp-content\/uploads\/2016\/02\/Casa-Isabel-ano-nuevo-chino.jpg","width":1900,"height":756,"caption":"Casa Isabel-a\u00f1o nuevo chino"},{"@type":"BreadcrumbList","@id":"https:\/\/casaisabel.es\/no-te-pierdas-la-celebracion-del-ano-nuevo-chino-en-valencia\/#breadcrumb","itemListElement":[{"@type":"ListItem","position":1,"name":"Portada","item":"https:\/\/casaisabel.es\/"},{"@type":"ListItem","position":2,"name":"\u00a1No te pierdas la celebraci\u00f3n del a\u00f1o nuevo chino en Valencia!"}]},{"@type":"WebSite","@id":"https:\/\/casaisabel.es\/#website","url":"https:\/\/casaisabel.es\/","name":"Casa Isabel","description":"S\u00f3lo otro sitio de WordPress","publisher":{"@id":"https:\/\/casaisabel.es\/#organization"},"potentialAction":[{"@type":"SearchAction","target":{"@type":"EntryPoint","urlTemplate":"https:\/\/casaisabel.es\/?s={search_term_string}"},"query-input":{"@type":"PropertyValueSpecification","valueRequired":true,"valueName":"search_term_string"}}],"inLanguage":"fr-FR"},{"@type":"Organization","@id":"https:\/\/casaisabel.es\/#organization","name":"Casa Isabel","url":"https:\/\/casaisabel.es\/","logo":{"@type":"ImageObject","inLanguage":"fr-FR","@id":"https:\/\/casaisabel.es\/#\/schema\/logo\/image\/","url":"https:\/\/casaisabel.es\/wp-content\/uploads\/2023\/09\/casaIsabel.svg","contentUrl":"https:\/\/casaisabel.es\/wp-content\/uploads\/2023\/09\/casaIsabel.svg","width":211,"height":49,"caption":"Casa Isabel"},"image":{"@id":"https:\/\/casaisabel.es\/#\/schema\/logo\/image\/"}},{"@type":"Person","@id":"https:\/\/casaisabel.es\/#\/schema\/person\/66308f25a39c9cb32c4e78cf8cfa36cf","name":"Admin","image":{"@type":"ImageObject","inLanguage":"fr-FR","@id":"https:\/\/casaisabel.es\/#\/schema\/person\/image\/","url":"https:\/\/secure.gravatar.com\/avatar\/cfa1bef4e15c827fa091464736c1d269687e21ac8972ec35aec466b4aa06b9c8?s=96&d=mm&r=g","contentUrl":"https:\/\/secure.gravatar.com\/avatar\/cfa1bef4e15c827fa091464736c1d269687e21ac8972ec35aec466b4aa06b9c8?s=96&d=mm&r=g","caption":"Admin"},"url":"https:\/\/casaisabel.es\/fr\/author\/admin-2\/"}]}},"_links":{"self":[{"href":"https:\/\/casaisabel.es\/fr\/wp-json\/wp\/v2\/posts\/3431","targetHints":{"allow":["GET"]}}],"collection":[{"href":"https:\/\/casaisabel.es\/fr\/wp-json\/wp\/v2\/posts"}],"about":[{"href":"https:\/\/casaisabel.es\/fr\/wp-json\/wp\/v2\/types\/post"}],"author":[{"embeddable":true,"href":"https:\/\/casaisabel.es\/fr\/wp-json\/wp\/v2\/users\/2"}],"replies":[{"embeddable":true,"href":"https:\/\/casaisabel.es\/fr\/wp-json\/wp\/v2\/comments?post=3431"}],"version-history":[{"count":0,"href":"https:\/\/casaisabel.es\/fr\/wp-json\/wp\/v2\/posts\/3431\/revisions"}],"wp:featuredmedia":[{"embeddable":true,"href":"https:\/\/casaisabel.es\/fr\/wp-json\/wp\/v2\/media\/3460"}],"wp:attachment":[{"href":"https:\/\/casaisabel.es\/fr\/wp-json\/wp\/v2\/media?parent=3431"}],"wp:term":[{"taxonomy":"category","embeddable":true,"href":"https:\/\/casaisabel.es\/fr\/wp-json\/wp\/v2\/categories?post=3431"},{"taxonomy":"post_tag","embeddable":true,"href":"https:\/\/casaisabel.es\/fr\/wp-json\/wp\/v2\/tags?post=3431"}],"curies":[{"name":"wp","href":"https:\/\/api.w.org\/{rel}","templated":true}]}}