{"id":2092,"date":"2025-12-22T00:07:49","date_gmt":"2025-12-22T00:07:49","guid":{"rendered":"https:\/\/casaisabel.es\/?p=2092---04e03529-b45a-4ee4-a52e-7838f34479b4"},"modified":"2025-12-22T00:07:49","modified_gmt":"2025-12-22T00:07:49","slug":"edificio-la-nau-historia-viva-de-valencia","status":"publish","type":"post","link":"https:\/\/casaisabel.es\/fr\/edificio-la-nau-historia-viva-de-valencia\/","title":{"rendered":"Edificio La Nau, historia viva de Valencia"},"content":{"rendered":"<p style=\"text-align: justify\"><strong>La ciudad de <a href=\"https:\/\/casaisabel.es\/fr\/contacto\/\" target=\"_blank\" rel=\"noopener noreferrer\">Valencia<\/a> ofrece al visitante la posibilidad de disfrutar de sol y playa, pero tambi\u00e9n de una oferta cultural y art\u00edstica de una calidad excepcional<\/strong>: la Lonja de La Seda, la Ciudad de las Artes y las Ciencias o <strong>La Nau<\/strong> son algunos ejemplos. Esta \u00faltima es la actual sede de la Universidad de Valencia, una de las universidades m\u00e1s importantes y antiguas de Espa\u00f1a.<!--more--><\/p>\n<p style=\"text-align: justify\"><strong>Ha obtenido numerosos galardones como el premio Abillity Awards<\/strong><\/p>\n<p style=\"text-align: justify\">Este edificio, que <strong>naci\u00f3 en 1499 con una vocaci\u00f3n docente e investigadora<\/strong>, albergaba desde su inicio disciplinas tan variadas como la Teolog\u00eda, Artes, Filosof\u00eda, Medicina y Derecho, y se convirti\u00f3 <strong>en un referente acad\u00e9mico y cultural<\/strong>. Su origen se deriva del inter\u00e9s del Concejo de la Ciudad por unificar todas las ense\u00f1anzas superiores. <a href=\"http:\/\/www.uv.es\/cultura\/c\/edificilanau\/edificilanaucast.htm\" target=\"_blank\" rel=\"noopener noreferrer\"><strong>Valencia<\/strong><\/a> se erig\u00eda como la ciudad m\u00e1s poblada de la Corona de Arag\u00f3n pero <strong>carec\u00eda de universidad<\/strong>, por lo que la Nau consigui\u00f3 unificar e igualar sus estudios con los impartidos en universidades tan prestigiosas como Salamanca o Bolonia.<\/p>\n<p style=\"text-align: justify\">Actualmente, este edificio hist\u00f3rico destaca por muchos motivos. Cuenta, entre otros, con el Jard\u00edn Bot\u00e1nico, el Palacio de Cerver\u00f3, su impresionante biblioteca, los 18 Institutos Universitarios de Investigaci\u00f3n o multitud de exposiciones cient\u00edfico-m\u00e9dicas y literarias. Por este motivo, ha obtenido <strong>numerosos galardones<\/strong> como el premio Abillity Awards como mejor organizaci\u00f3n del sector p\u00fablico espa\u00f1ol, los premios CERMI o el premio UNESCO por su observatorio de inserci\u00f3n laboral.<\/p>\n<p style=\"text-align: justify\">La Comunidad Valenciana es, por tanto, <strong>un importante centro de investigaci\u00f3n y desarrollo cient\u00edfico gracias a centros como la <a href=\"http:\/\/es.wikipedia.org\/wiki\/Universidad_de_Valencia\" target=\"_blank\" rel=\"noopener noreferrer\">Nau<\/a><\/strong>. Adem\u00e1s, cuenta con una inmensa riqueza natural como la Albufera y gastron\u00f3mica con platos universales como la <a href=\"https:\/\/casaisabel.es\/fr\/arroz-en-valencia\/\" target=\"_blank\" rel=\"noopener noreferrer\">paella<\/a>, que se puede saborear en cualquier arrocer\u00eda o restaurante de la Malvarrosa.<\/p>\n<p style=\"text-align: justify\"><a href=\"https:\/\/www.flickr.com\/photos\/emper\/2763504002\" target=\"_blank\" rel=\"noopener noreferrer\">Imagen.<\/a><\/p>","protected":false},"excerpt":{"rendered":"<p>La ciudad de Valencia ofrece al visitante la posibilidad de disfrutar de sol y playa, pero tambi\u00e9n de una oferta cultural y art\u00edstica de una calidad excepcional: la Lonja de La Seda, la Ciudad de las Artes y las Ciencias o La Nau son algunos ejemplos. Esta \u00faltima es la actual sede de la Universidad [&hellip;]<\/p>","protected":false},"author":2,"featured_media":2100,"comment_status":"closed","ping_status":"closed","sticky":false,"template":"","format":"standard","meta":{"site-sidebar-layout":"default","site-content-layout":"","ast-site-content-layout":"","site-content-style":"default","site-sidebar-style":"default","ast-global-header-display":"","ast-banner-title-visibility":"","ast-main-header-display":"","ast-hfb-above-header-display":"","ast-hfb-below-header-display":"","ast-hfb-mobile-header-display":"","site-post-title":"","ast-breadcrumbs-content":"","ast-featured-img":"","footer-sml-layout":"","theme-transparent-header-meta":"","adv-header-id-meta":"","stick-header-meta":"","header-above-stick-meta":"","header-main-stick-meta":"","header-below-stick-meta":"","astra-migrate-meta-layouts":"default","ast-page-background-enabled":"default","ast-page-background-meta":{"desktop":{"background-color":"var(--ast-global-color-4)","background-image":"","background-repeat":"repeat","background-position":"center center","background-size":"auto","background-attachment":"scroll","background-type":"","background-media":"","overlay-type":"","overlay-color":"","overlay-opacity":"","overlay-gradient":""},"tablet":{"background-color":"","background-image":"","background-repeat":"repeat","background-position":"center center","background-size":"auto","background-attachment":"scroll","background-type":"","background-media":"","overlay-type":"","overlay-color":"","overlay-opacity":"","overlay-gradient":""},"mobile":{"background-color":"","background-image":"","background-repeat":"repeat","background-position":"center center","background-size":"auto","background-attachment":"scroll","background-type":"","background-media":"","overlay-type":"","overlay-color":"","overlay-opacity":"","overlay-gradient":""}},"ast-content-background-meta":{"desktop":{"background-color":"var(--ast-global-color-5)","background-image":"","background-repeat":"repeat","background-position":"center center","background-size":"auto","background-attachment":"scroll","background-type":"","background-media":"","overlay-type":"","overlay-color":"","overlay-opacity":"","overlay-gradient":""},"tablet":{"background-color":"var(--ast-global-color-5)","background-image":"","background-repeat":"repeat","background-position":"center center","background-size":"auto","background-attachment":"scroll","background-type":"","background-media":"","overlay-type":"","overlay-color":"","overlay-opacity":"","overlay-gradient":""},"mobile":{"background-color":"var(--ast-global-color-5)","background-image":"","background-repeat":"repeat","background-position":"center center","background-size":"auto","background-attachment":"scroll","background-type":"","background-media":"","overlay-type":"","overlay-color":"","overlay-opacity":"","overlay-gradient":""}},"footnotes":""},"categories":[9],"tags":[],"class_list":["post-2092","post","type-post","status-publish","format-standard","has-post-thumbnail","hentry","category-lugares-emblematicos-de-valencia"],"yoast_head":"<!-- This site is optimized with the Yoast SEO plugin v25.6 - https:\/\/yoast.com\/wordpress\/plugins\/seo\/ -->\n<title>Edificio La Nau, historia viva de Valencia - Casa Isabel<\/title>\n<meta name=\"description\" content=\"Naci\u00f3 en 1499 con una vocaci\u00f3n docente e investigadora y desde entonces es un referente acad\u00e9mico y cultural que hoy d\u00eda sigue teniendo actividad.\" \/>\n<meta name=\"robots\" content=\"index, follow, max-snippet:-1, max-image-preview:large, max-video-preview:-1\" \/>\n<link rel=\"canonical\" href=\"https:\/\/casaisabel.es\/fr\/edificio-la-nau-historia-viva-de-valencia\/\" \/>\n<meta property=\"og:locale\" content=\"fr_FR\" \/>\n<meta property=\"og:type\" content=\"article\" \/>\n<meta property=\"og:title\" content=\"Edificio La Nau, historia viva de Valencia - Casa Isabel\" \/>\n<meta property=\"og:description\" content=\"Naci\u00f3 en 1499 con una vocaci\u00f3n docente e investigadora y desde entonces es un referente acad\u00e9mico y cultural que hoy d\u00eda sigue teniendo actividad.\" \/>\n<meta property=\"og:url\" content=\"https:\/\/casaisabel.es\/fr\/edificio-la-nau-historia-viva-de-valencia\/\" \/>\n<meta property=\"og:site_name\" content=\"Casa Isabel\" \/>\n<meta property=\"article:published_time\" content=\"2025-12-22T00:07:49+00:00\" \/>\n<meta property=\"og:image\" content=\"https:\/\/casaisabel.es\/wp-content\/uploads\/2014\/11\/LaNauValencia.png\" \/>\n\t<meta property=\"og:image:width\" content=\"640\" \/>\n\t<meta property=\"og:image:height\" content=\"294\" \/>\n\t<meta property=\"og:image:type\" content=\"image\/png\" \/>\n<meta name=\"author\" content=\"Admin\" \/>\n<meta name=\"twitter:card\" content=\"summary_large_image\" \/>\n<meta name=\"twitter:label1\" content=\"\u00c9crit par\" \/>\n\t<meta name=\"twitter:data1\" content=\"Admin\" \/>\n\t<meta name=\"twitter:label2\" content=\"Dur\u00e9e de lecture estim\u00e9e\" \/>\n\t<meta name=\"twitter:data2\" content=\"2 minutes\" \/>\n<script type=\"application\/ld+json\" class=\"yoast-schema-graph\">{\"@context\":\"https:\/\/schema.org\",\"@graph\":[{\"@type\":\"Article\",\"@id\":\"https:\/\/casaisabel.es\/edificio-la-nau-historia-viva-de-valencia\/#article\",\"isPartOf\":{\"@id\":\"https:\/\/casaisabel.es\/edificio-la-nau-historia-viva-de-valencia\/\"},\"author\":{\"name\":\"Admin\",\"@id\":\"https:\/\/casaisabel.es\/#\/schema\/person\/66308f25a39c9cb32c4e78cf8cfa36cf\"},\"headline\":\"Edificio La Nau, historia viva de Valencia\",\"datePublished\":\"2025-12-22T00:07:49+00:00\",\"mainEntityOfPage\":{\"@id\":\"https:\/\/casaisabel.es\/edificio-la-nau-historia-viva-de-valencia\/\"},\"wordCount\":320,\"publisher\":{\"@id\":\"https:\/\/casaisabel.es\/#organization\"},\"image\":{\"@id\":\"https:\/\/casaisabel.es\/edificio-la-nau-historia-viva-de-valencia\/#primaryimage\"},\"thumbnailUrl\":\"https:\/\/casaisabel.es\/wp-content\/uploads\/2014\/11\/LaNauValencia.png\",\"articleSection\":[\"Lugares emblem\u00e1ticos de Valencia\"],\"inLanguage\":\"fr-FR\"},{\"@type\":\"WebPage\",\"@id\":\"https:\/\/casaisabel.es\/edificio-la-nau-historia-viva-de-valencia\/\",\"url\":\"https:\/\/casaisabel.es\/edificio-la-nau-historia-viva-de-valencia\/\",\"name\":\"Edificio La Nau, historia viva de Valencia - Casa Isabel\",\"isPartOf\":{\"@id\":\"https:\/\/casaisabel.es\/#website\"},\"primaryImageOfPage\":{\"@id\":\"https:\/\/casaisabel.es\/edificio-la-nau-historia-viva-de-valencia\/#primaryimage\"},\"image\":{\"@id\":\"https:\/\/casaisabel.es\/edificio-la-nau-historia-viva-de-valencia\/#primaryimage\"},\"thumbnailUrl\":\"https:\/\/casaisabel.es\/wp-content\/uploads\/2014\/11\/LaNauValencia.png\",\"datePublished\":\"2025-12-22T00:07:49+00:00\",\"description\":\"Naci\u00f3 en 1499 con una vocaci\u00f3n docente e investigadora y desde entonces es un referente acad\u00e9mico y cultural que hoy d\u00eda sigue teniendo actividad.\",\"breadcrumb\":{\"@id\":\"https:\/\/casaisabel.es\/edificio-la-nau-historia-viva-de-valencia\/#breadcrumb\"},\"inLanguage\":\"fr-FR\",\"potentialAction\":[{\"@type\":\"ReadAction\",\"target\":[\"https:\/\/casaisabel.es\/edificio-la-nau-historia-viva-de-valencia\/\"]}]},{\"@type\":\"ImageObject\",\"inLanguage\":\"fr-FR\",\"@id\":\"https:\/\/casaisabel.es\/edificio-la-nau-historia-viva-de-valencia\/#primaryimage\",\"url\":\"https:\/\/casaisabel.es\/wp-content\/uploads\/2014\/11\/LaNauValencia.png\",\"contentUrl\":\"https:\/\/casaisabel.es\/wp-content\/uploads\/2014\/11\/LaNauValencia.png\",\"width\":640,\"height\":294},{\"@type\":\"BreadcrumbList\",\"@id\":\"https:\/\/casaisabel.es\/edificio-la-nau-historia-viva-de-valencia\/#breadcrumb\",\"itemListElement\":[{\"@type\":\"ListItem\",\"position\":1,\"name\":\"Portada\",\"item\":\"https:\/\/casaisabel.es\/\"},{\"@type\":\"ListItem\",\"position\":2,\"name\":\"Edificio La Nau, historia viva de Valencia\"}]},{\"@type\":\"WebSite\",\"@id\":\"https:\/\/casaisabel.es\/#website\",\"url\":\"https:\/\/casaisabel.es\/\",\"name\":\"Casa Isabel\",\"description\":\"S\u00f3lo otro sitio de WordPress\",\"publisher\":{\"@id\":\"https:\/\/casaisabel.es\/#organization\"},\"potentialAction\":[{\"@type\":\"SearchAction\",\"target\":{\"@type\":\"EntryPoint\",\"urlTemplate\":\"https:\/\/casaisabel.es\/?s={search_term_string}\"},\"query-input\":{\"@type\":\"PropertyValueSpecification\",\"valueRequired\":true,\"valueName\":\"search_term_string\"}}],\"inLanguage\":\"fr-FR\"},{\"@type\":\"Organization\",\"@id\":\"https:\/\/casaisabel.es\/#organization\",\"name\":\"Casa Isabel\",\"url\":\"https:\/\/casaisabel.es\/\",\"logo\":{\"@type\":\"ImageObject\",\"inLanguage\":\"fr-FR\",\"@id\":\"https:\/\/casaisabel.es\/#\/schema\/logo\/image\/\",\"url\":\"https:\/\/casaisabel.es\/wp-content\/uploads\/2023\/09\/casaIsabel.svg\",\"contentUrl\":\"https:\/\/casaisabel.es\/wp-content\/uploads\/2023\/09\/casaIsabel.svg\",\"width\":211,\"height\":49,\"caption\":\"Casa Isabel\"},\"image\":{\"@id\":\"https:\/\/casaisabel.es\/#\/schema\/logo\/image\/\"}},{\"@type\":\"Person\",\"@id\":\"https:\/\/casaisabel.es\/#\/schema\/person\/66308f25a39c9cb32c4e78cf8cfa36cf\",\"name\":\"Admin\",\"image\":{\"@type\":\"ImageObject\",\"inLanguage\":\"fr-FR\",\"@id\":\"https:\/\/casaisabel.es\/#\/schema\/person\/image\/\",\"url\":\"https:\/\/secure.gravatar.com\/avatar\/cfa1bef4e15c827fa091464736c1d269687e21ac8972ec35aec466b4aa06b9c8?s=96&d=mm&r=g\",\"contentUrl\":\"https:\/\/secure.gravatar.com\/avatar\/cfa1bef4e15c827fa091464736c1d269687e21ac8972ec35aec466b4aa06b9c8?s=96&d=mm&r=g\",\"caption\":\"Admin\"},\"url\":\"https:\/\/casaisabel.es\/fr\/author\/admin-2\/\"}]}<\/script>\n<!-- \/ Yoast SEO plugin. -->","yoast_head_json":{"title":"Edificio La Nau, historia viva de Valencia - Casa Isabel","description":"Naci\u00f3 en 1499 con una vocaci\u00f3n docente e investigadora y desde entonces es un referente acad\u00e9mico y cultural que hoy d\u00eda sigue teniendo actividad.","robots":{"index":"index","follow":"follow","max-snippet":"max-snippet:-1","max-image-preview":"max-image-preview:large","max-video-preview":"max-video-preview:-1"},"canonical":"https:\/\/casaisabel.es\/fr\/edificio-la-nau-historia-viva-de-valencia\/","og_locale":"fr_FR","og_type":"article","og_title":"Edificio La Nau, historia viva de Valencia - Casa Isabel","og_description":"Naci\u00f3 en 1499 con una vocaci\u00f3n docente e investigadora y desde entonces es un referente acad\u00e9mico y cultural que hoy d\u00eda sigue teniendo actividad.","og_url":"https:\/\/casaisabel.es\/fr\/edificio-la-nau-historia-viva-de-valencia\/","og_site_name":"Casa Isabel","article_published_time":"2025-12-22T00:07:49+00:00","og_image":[{"width":640,"height":294,"url":"https:\/\/casaisabel.es\/wp-content\/uploads\/2014\/11\/LaNauValencia.png","type":"image\/png"}],"author":"Admin","twitter_card":"summary_large_image","twitter_misc":{"\u00c9crit par":"Admin","Dur\u00e9e de lecture estim\u00e9e":"2 minutes"},"schema":{"@context":"https:\/\/schema.org","@graph":[{"@type":"Article","@id":"https:\/\/casaisabel.es\/edificio-la-nau-historia-viva-de-valencia\/#article","isPartOf":{"@id":"https:\/\/casaisabel.es\/edificio-la-nau-historia-viva-de-valencia\/"},"author":{"name":"Admin","@id":"https:\/\/casaisabel.es\/#\/schema\/person\/66308f25a39c9cb32c4e78cf8cfa36cf"},"headline":"Edificio La Nau, historia viva de Valencia","datePublished":"2025-12-22T00:07:49+00:00","mainEntityOfPage":{"@id":"https:\/\/casaisabel.es\/edificio-la-nau-historia-viva-de-valencia\/"},"wordCount":320,"publisher":{"@id":"https:\/\/casaisabel.es\/#organization"},"image":{"@id":"https:\/\/casaisabel.es\/edificio-la-nau-historia-viva-de-valencia\/#primaryimage"},"thumbnailUrl":"https:\/\/casaisabel.es\/wp-content\/uploads\/2014\/11\/LaNauValencia.png","articleSection":["Lugares emblem\u00e1ticos de Valencia"],"inLanguage":"fr-FR"},{"@type":"WebPage","@id":"https:\/\/casaisabel.es\/edificio-la-nau-historia-viva-de-valencia\/","url":"https:\/\/casaisabel.es\/edificio-la-nau-historia-viva-de-valencia\/","name":"Edificio La Nau, historia viva de Valencia - Casa Isabel","isPartOf":{"@id":"https:\/\/casaisabel.es\/#website"},"primaryImageOfPage":{"@id":"https:\/\/casaisabel.es\/edificio-la-nau-historia-viva-de-valencia\/#primaryimage"},"image":{"@id":"https:\/\/casaisabel.es\/edificio-la-nau-historia-viva-de-valencia\/#primaryimage"},"thumbnailUrl":"https:\/\/casaisabel.es\/wp-content\/uploads\/2014\/11\/LaNauValencia.png","datePublished":"2025-12-22T00:07:49+00:00","description":"Naci\u00f3 en 1499 con una vocaci\u00f3n docente e investigadora y desde entonces es un referente acad\u00e9mico y cultural que hoy d\u00eda sigue teniendo actividad.","breadcrumb":{"@id":"https:\/\/casaisabel.es\/edificio-la-nau-historia-viva-de-valencia\/#breadcrumb"},"inLanguage":"fr-FR","potentialAction":[{"@type":"ReadAction","target":["https:\/\/casaisabel.es\/edificio-la-nau-historia-viva-de-valencia\/"]}]},{"@type":"ImageObject","inLanguage":"fr-FR","@id":"https:\/\/casaisabel.es\/edificio-la-nau-historia-viva-de-valencia\/#primaryimage","url":"https:\/\/casaisabel.es\/wp-content\/uploads\/2014\/11\/LaNauValencia.png","contentUrl":"https:\/\/casaisabel.es\/wp-content\/uploads\/2014\/11\/LaNauValencia.png","width":640,"height":294},{"@type":"BreadcrumbList","@id":"https:\/\/casaisabel.es\/edificio-la-nau-historia-viva-de-valencia\/#breadcrumb","itemListElement":[{"@type":"ListItem","position":1,"name":"Portada","item":"https:\/\/casaisabel.es\/"},{"@type":"ListItem","position":2,"name":"Edificio La Nau, historia viva de Valencia"}]},{"@type":"WebSite","@id":"https:\/\/casaisabel.es\/#website","url":"https:\/\/casaisabel.es\/","name":"Casa Isabel","description":"S\u00f3lo otro sitio de WordPress","publisher":{"@id":"https:\/\/casaisabel.es\/#organization"},"potentialAction":[{"@type":"SearchAction","target":{"@type":"EntryPoint","urlTemplate":"https:\/\/casaisabel.es\/?s={search_term_string}"},"query-input":{"@type":"PropertyValueSpecification","valueRequired":true,"valueName":"search_term_string"}}],"inLanguage":"fr-FR"},{"@type":"Organization","@id":"https:\/\/casaisabel.es\/#organization","name":"Casa Isabel","url":"https:\/\/casaisabel.es\/","logo":{"@type":"ImageObject","inLanguage":"fr-FR","@id":"https:\/\/casaisabel.es\/#\/schema\/logo\/image\/","url":"https:\/\/casaisabel.es\/wp-content\/uploads\/2023\/09\/casaIsabel.svg","contentUrl":"https:\/\/casaisabel.es\/wp-content\/uploads\/2023\/09\/casaIsabel.svg","width":211,"height":49,"caption":"Casa Isabel"},"image":{"@id":"https:\/\/casaisabel.es\/#\/schema\/logo\/image\/"}},{"@type":"Person","@id":"https:\/\/casaisabel.es\/#\/schema\/person\/66308f25a39c9cb32c4e78cf8cfa36cf","name":"Admin","image":{"@type":"ImageObject","inLanguage":"fr-FR","@id":"https:\/\/casaisabel.es\/#\/schema\/person\/image\/","url":"https:\/\/secure.gravatar.com\/avatar\/cfa1bef4e15c827fa091464736c1d269687e21ac8972ec35aec466b4aa06b9c8?s=96&d=mm&r=g","contentUrl":"https:\/\/secure.gravatar.com\/avatar\/cfa1bef4e15c827fa091464736c1d269687e21ac8972ec35aec466b4aa06b9c8?s=96&d=mm&r=g","caption":"Admin"},"url":"https:\/\/casaisabel.es\/fr\/author\/admin-2\/"}]}},"_links":{"self":[{"href":"https:\/\/casaisabel.es\/fr\/wp-json\/wp\/v2\/posts\/2092","targetHints":{"allow":["GET"]}}],"collection":[{"href":"https:\/\/casaisabel.es\/fr\/wp-json\/wp\/v2\/posts"}],"about":[{"href":"https:\/\/casaisabel.es\/fr\/wp-json\/wp\/v2\/types\/post"}],"author":[{"embeddable":true,"href":"https:\/\/casaisabel.es\/fr\/wp-json\/wp\/v2\/users\/2"}],"replies":[{"embeddable":true,"href":"https:\/\/casaisabel.es\/fr\/wp-json\/wp\/v2\/comments?post=2092"}],"version-history":[{"count":0,"href":"https:\/\/casaisabel.es\/fr\/wp-json\/wp\/v2\/posts\/2092\/revisions"}],"wp:featuredmedia":[{"embeddable":true,"href":"https:\/\/casaisabel.es\/fr\/wp-json\/wp\/v2\/media\/2100"}],"wp:attachment":[{"href":"https:\/\/casaisabel.es\/fr\/wp-json\/wp\/v2\/media?parent=2092"}],"wp:term":[{"taxonomy":"category","embeddable":true,"href":"https:\/\/casaisabel.es\/fr\/wp-json\/wp\/v2\/categories?post=2092"},{"taxonomy":"post_tag","embeddable":true,"href":"https:\/\/casaisabel.es\/fr\/wp-json\/wp\/v2\/tags?post=2092"}],"curies":[{"name":"wp","href":"https:\/\/api.w.org\/{rel}","templated":true}]}}