{"id":2061,"date":"2025-12-21T00:04:06","date_gmt":"2025-12-21T00:04:06","guid":{"rendered":"https:\/\/casaisabel.es\/?p=2061---db8adc6a-bdab-47f5-aea3-efdba3a30697"},"modified":"2025-12-21T00:04:06","modified_gmt":"2025-12-21T00:04:06","slug":"el-gp-del-ricardo-tormo-de-cheste-el-motor-vuelve-a-rugir-en-valencia","status":"publish","type":"post","link":"https:\/\/casaisabel.es\/fr\/el-gp-del-ricardo-tormo-de-cheste-el-motor-vuelve-a-rugir-en-valencia\/","title":{"rendered":"El GP del Ricardo Tormo de Cheste: el motor vuelve a rugir en Valencia"},"content":{"rendered":"<p style=\"text-align: justify\"><strong>\u00bfQui\u00e9n ha dicho que en Valencia \u00fanicamente se puede disfrutar de la <a href=\"https:\/\/casaisabel.es\/fr\/restaurants-plage-malvarrosa\/\" target=\"_blank\" rel=\"noopener noreferrer\">playa<\/a> y la paella?<\/strong> Aunque en cualquier <a href=\"https:\/\/casaisabel.es\/fr\/arroz-en-valencia\/\" target=\"_blank\" rel=\"noopener noreferrer\">arrocer\u00eda<\/a> o en un buen restaurante de la playa de la Malvarrosa el visitante tiene la oportunidad de disfrutar de la mejor gastronom\u00eda valenciana, <strong>estas tierras ofrecen muchas m\u00e1s posibilidades de diversi\u00f3n<\/strong>. Una buena muestra de ello es el GP de motociclismo que se celebrar\u00e1 en noviembre en el circuito de Cheste.<!--more--><\/p>\n<p style=\"text-align: justify\"><strong>Reunir\u00e1 en Cheste a Freddie Spencer y Marc M\u00e1rquez<\/strong><\/p>\n<p style=\"text-align: justify\">El Circuit Ricardo Tormo <strong>ser\u00e1 el escenario del <a href=\"http:\/\/www.ahoravalencia.es\/gp-ricardo-tormo-cheste\/136968\" target=\"_blank\" rel=\"noopener noreferrer\">Gran Premio Generali de la Comunitat Valenciana<\/a>, que se celebrar\u00e1 los d\u00edas 7, 8 y 9 de noviembre<\/strong>. Los aficionados a la Moto GP tienen ante s\u00ed una cita inolvidable que promete grandes emociones. De hecho, su v\u00eddeo promocional ya es una buena muestra de ello.<\/p>\n<p style=\"text-align: justify\">Esta edici\u00f3n del GP de la Comunitat Valenciana <strong>reunir\u00e1 en Cheste a los mejores pilotos de dos ruedas, sobre todo al legendario Freddie Spencer y al ya nuevo Campe\u00f3n del Mundo Marc M\u00e1rquez<\/strong>, que se coron\u00f3 hace pocos d\u00edas como el mejor de la categor\u00eda. Sin duda, su duelo ser\u00e1 una de las grandes atracciones de la jornada.<\/p>\n<p style=\"text-align: justify\">El v\u00eddeo promocional de este premio ya es uno de los grandes \u00e9xitos del momento, ya que presenta el supuesto \u2018pique\u2019 entre el ex piloto de 500cc Freddie Spencer y M\u00e1rquez, que lo ha relevado en el honor de ser el piloto m\u00e1s joven en proclamarse Campe\u00f3n del Mundo.<\/p>\n<p style=\"text-align: justify\"><strong>El Gran Premi de la Comunitat Valenciana es una cita muy especial para los amantes del motociclismo<\/strong>, ya que es el \u00faltimo del a\u00f1o. Por eso, sus organizadores preparan <strong>peque\u00f1as sorpresas para su p\u00fablico<\/strong>, como una invasi\u00f3n controlada de pista para que el p\u00fablico de la Tribuna de Boxes presencie la ceremonia de podio de MotoGP desde la recta de meta, o la organizaci\u00f3n de un pit walk en el que los visitantes podr\u00e1n ver c\u00f3mo trabajan los mec\u00e1nicos y algunos pilotos el d\u00eda antes de los entrenamientos.<\/p>\n<p style=\"text-align: justify\"><a href=\"https:\/\/www.flickr.com\/photos\/jlgosalbez\/282653272\" target=\"_blank\" rel=\"noopener noreferrer\">\u00a0Imagen.<\/a><\/p>","protected":false},"excerpt":{"rendered":"<p>\u00bfQui\u00e9n ha dicho que en Valencia \u00fanicamente se puede disfrutar de la playa y la paella? Aunque en cualquier arrocer\u00eda o en un buen restaurante de la playa de la Malvarrosa el visitante tiene la oportunidad de disfrutar de la mejor gastronom\u00eda valenciana, estas tierras ofrecen muchas m\u00e1s posibilidades de diversi\u00f3n. Una buena muestra de [&hellip;]<\/p>","protected":false},"author":2,"featured_media":2063,"comment_status":"closed","ping_status":"closed","sticky":false,"template":"","format":"standard","meta":{"site-sidebar-layout":"default","site-content-layout":"","ast-site-content-layout":"","site-content-style":"default","site-sidebar-style":"default","ast-global-header-display":"","ast-banner-title-visibility":"","ast-main-header-display":"","ast-hfb-above-header-display":"","ast-hfb-below-header-display":"","ast-hfb-mobile-header-display":"","site-post-title":"","ast-breadcrumbs-content":"","ast-featured-img":"","footer-sml-layout":"","theme-transparent-header-meta":"","adv-header-id-meta":"","stick-header-meta":"","header-above-stick-meta":"","header-main-stick-meta":"","header-below-stick-meta":"","astra-migrate-meta-layouts":"default","ast-page-background-enabled":"default","ast-page-background-meta":{"desktop":{"background-color":"var(--ast-global-color-4)","background-image":"","background-repeat":"repeat","background-position":"center center","background-size":"auto","background-attachment":"scroll","background-type":"","background-media":"","overlay-type":"","overlay-color":"","overlay-opacity":"","overlay-gradient":""},"tablet":{"background-color":"","background-image":"","background-repeat":"repeat","background-position":"center center","background-size":"auto","background-attachment":"scroll","background-type":"","background-media":"","overlay-type":"","overlay-color":"","overlay-opacity":"","overlay-gradient":""},"mobile":{"background-color":"","background-image":"","background-repeat":"repeat","background-position":"center center","background-size":"auto","background-attachment":"scroll","background-type":"","background-media":"","overlay-type":"","overlay-color":"","overlay-opacity":"","overlay-gradient":""}},"ast-content-background-meta":{"desktop":{"background-color":"var(--ast-global-color-5)","background-image":"","background-repeat":"repeat","background-position":"center center","background-size":"auto","background-attachment":"scroll","background-type":"","background-media":"","overlay-type":"","overlay-color":"","overlay-opacity":"","overlay-gradient":""},"tablet":{"background-color":"var(--ast-global-color-5)","background-image":"","background-repeat":"repeat","background-position":"center center","background-size":"auto","background-attachment":"scroll","background-type":"","background-media":"","overlay-type":"","overlay-color":"","overlay-opacity":"","overlay-gradient":""},"mobile":{"background-color":"var(--ast-global-color-5)","background-image":"","background-repeat":"repeat","background-position":"center center","background-size":"auto","background-attachment":"scroll","background-type":"","background-media":"","overlay-type":"","overlay-color":"","overlay-opacity":"","overlay-gradient":""}},"footnotes":""},"categories":[7],"tags":[],"class_list":["post-2061","post","type-post","status-publish","format-standard","has-post-thumbnail","hentry","category-actualidad-y-eventos"],"yoast_head":"<!-- This site is optimized with the Yoast SEO plugin v25.6 - https:\/\/yoast.com\/wordpress\/plugins\/seo\/ -->\n<title>El motor vuelve a rugir en Valencia<\/title>\n<meta name=\"description\" content=\"El Circuit Ricardo Tormo de Cheste ser\u00e1 el escenario del Gran Premio Generali de la Comunitat Valenciana, que se celebrar\u00e1 los d\u00edas 7, 8 y 9 de noviembre.\" \/>\n<meta name=\"robots\" content=\"index, follow, max-snippet:-1, max-image-preview:large, max-video-preview:-1\" \/>\n<link rel=\"canonical\" href=\"https:\/\/casaisabel.es\/fr\/el-gp-del-ricardo-tormo-de-cheste-el-motor-vuelve-a-rugir-en-valencia\/\" \/>\n<meta property=\"og:locale\" content=\"fr_FR\" \/>\n<meta property=\"og:type\" content=\"article\" \/>\n<meta property=\"og:title\" content=\"El motor vuelve a rugir en Valencia\" \/>\n<meta property=\"og:description\" content=\"El Circuit Ricardo Tormo de Cheste ser\u00e1 el escenario del Gran Premio Generali de la Comunitat Valenciana, que se celebrar\u00e1 los d\u00edas 7, 8 y 9 de noviembre.\" \/>\n<meta property=\"og:url\" content=\"https:\/\/casaisabel.es\/fr\/el-gp-del-ricardo-tormo-de-cheste-el-motor-vuelve-a-rugir-en-valencia\/\" \/>\n<meta property=\"og:site_name\" content=\"Casa Isabel\" \/>\n<meta property=\"article:published_time\" content=\"2025-12-21T00:04:06+00:00\" \/>\n<meta property=\"og:image\" content=\"https:\/\/casaisabel.es\/wp-content\/uploads\/2014\/11\/CircuitoRicardoTormoCheste.png\" \/>\n\t<meta property=\"og:image:width\" content=\"632\" \/>\n\t<meta property=\"og:image:height\" content=\"252\" \/>\n\t<meta property=\"og:image:type\" content=\"image\/png\" \/>\n<meta name=\"author\" content=\"Admin\" \/>\n<meta name=\"twitter:card\" content=\"summary_large_image\" \/>\n<meta name=\"twitter:label1\" content=\"\u00c9crit par\" \/>\n\t<meta name=\"twitter:data1\" content=\"Admin\" \/>\n\t<meta name=\"twitter:label2\" content=\"Dur\u00e9e de lecture estim\u00e9e\" \/>\n\t<meta name=\"twitter:data2\" content=\"2 minutes\" \/>\n<script type=\"application\/ld+json\" class=\"yoast-schema-graph\">{\"@context\":\"https:\/\/schema.org\",\"@graph\":[{\"@type\":\"Article\",\"@id\":\"https:\/\/casaisabel.es\/el-gp-del-ricardo-tormo-de-cheste-el-motor-vuelve-a-rugir-en-valencia\/#article\",\"isPartOf\":{\"@id\":\"https:\/\/casaisabel.es\/el-gp-del-ricardo-tormo-de-cheste-el-motor-vuelve-a-rugir-en-valencia\/\"},\"author\":{\"name\":\"Admin\",\"@id\":\"https:\/\/casaisabel.es\/#\/schema\/person\/66308f25a39c9cb32c4e78cf8cfa36cf\"},\"headline\":\"El GP del Ricardo Tormo de Cheste: el motor vuelve a rugir en Valencia\",\"datePublished\":\"2025-12-21T00:04:06+00:00\",\"mainEntityOfPage\":{\"@id\":\"https:\/\/casaisabel.es\/el-gp-del-ricardo-tormo-de-cheste-el-motor-vuelve-a-rugir-en-valencia\/\"},\"wordCount\":368,\"publisher\":{\"@id\":\"https:\/\/casaisabel.es\/#organization\"},\"image\":{\"@id\":\"https:\/\/casaisabel.es\/el-gp-del-ricardo-tormo-de-cheste-el-motor-vuelve-a-rugir-en-valencia\/#primaryimage\"},\"thumbnailUrl\":\"https:\/\/casaisabel.es\/wp-content\/uploads\/2014\/11\/CircuitoRicardoTormoCheste.png\",\"articleSection\":[\"Actualidad y eventos\"],\"inLanguage\":\"fr-FR\"},{\"@type\":\"WebPage\",\"@id\":\"https:\/\/casaisabel.es\/el-gp-del-ricardo-tormo-de-cheste-el-motor-vuelve-a-rugir-en-valencia\/\",\"url\":\"https:\/\/casaisabel.es\/el-gp-del-ricardo-tormo-de-cheste-el-motor-vuelve-a-rugir-en-valencia\/\",\"name\":\"El motor vuelve a rugir en Valencia\",\"isPartOf\":{\"@id\":\"https:\/\/casaisabel.es\/#website\"},\"primaryImageOfPage\":{\"@id\":\"https:\/\/casaisabel.es\/el-gp-del-ricardo-tormo-de-cheste-el-motor-vuelve-a-rugir-en-valencia\/#primaryimage\"},\"image\":{\"@id\":\"https:\/\/casaisabel.es\/el-gp-del-ricardo-tormo-de-cheste-el-motor-vuelve-a-rugir-en-valencia\/#primaryimage\"},\"thumbnailUrl\":\"https:\/\/casaisabel.es\/wp-content\/uploads\/2014\/11\/CircuitoRicardoTormoCheste.png\",\"datePublished\":\"2025-12-21T00:04:06+00:00\",\"description\":\"El Circuit Ricardo Tormo de Cheste ser\u00e1 el escenario del Gran Premio Generali de la Comunitat Valenciana, que se celebrar\u00e1 los d\u00edas 7, 8 y 9 de noviembre.\",\"breadcrumb\":{\"@id\":\"https:\/\/casaisabel.es\/el-gp-del-ricardo-tormo-de-cheste-el-motor-vuelve-a-rugir-en-valencia\/#breadcrumb\"},\"inLanguage\":\"fr-FR\",\"potentialAction\":[{\"@type\":\"ReadAction\",\"target\":[\"https:\/\/casaisabel.es\/el-gp-del-ricardo-tormo-de-cheste-el-motor-vuelve-a-rugir-en-valencia\/\"]}]},{\"@type\":\"ImageObject\",\"inLanguage\":\"fr-FR\",\"@id\":\"https:\/\/casaisabel.es\/el-gp-del-ricardo-tormo-de-cheste-el-motor-vuelve-a-rugir-en-valencia\/#primaryimage\",\"url\":\"https:\/\/casaisabel.es\/wp-content\/uploads\/2014\/11\/CircuitoRicardoTormoCheste.png\",\"contentUrl\":\"https:\/\/casaisabel.es\/wp-content\/uploads\/2014\/11\/CircuitoRicardoTormoCheste.png\",\"width\":632,\"height\":252},{\"@type\":\"BreadcrumbList\",\"@id\":\"https:\/\/casaisabel.es\/el-gp-del-ricardo-tormo-de-cheste-el-motor-vuelve-a-rugir-en-valencia\/#breadcrumb\",\"itemListElement\":[{\"@type\":\"ListItem\",\"position\":1,\"name\":\"Portada\",\"item\":\"https:\/\/casaisabel.es\/\"},{\"@type\":\"ListItem\",\"position\":2,\"name\":\"El GP del Ricardo Tormo de Cheste: el motor vuelve a rugir en Valencia\"}]},{\"@type\":\"WebSite\",\"@id\":\"https:\/\/casaisabel.es\/#website\",\"url\":\"https:\/\/casaisabel.es\/\",\"name\":\"Casa Isabel\",\"description\":\"S\u00f3lo otro sitio de WordPress\",\"publisher\":{\"@id\":\"https:\/\/casaisabel.es\/#organization\"},\"potentialAction\":[{\"@type\":\"SearchAction\",\"target\":{\"@type\":\"EntryPoint\",\"urlTemplate\":\"https:\/\/casaisabel.es\/?s={search_term_string}\"},\"query-input\":{\"@type\":\"PropertyValueSpecification\",\"valueRequired\":true,\"valueName\":\"search_term_string\"}}],\"inLanguage\":\"fr-FR\"},{\"@type\":\"Organization\",\"@id\":\"https:\/\/casaisabel.es\/#organization\",\"name\":\"Casa Isabel\",\"url\":\"https:\/\/casaisabel.es\/\",\"logo\":{\"@type\":\"ImageObject\",\"inLanguage\":\"fr-FR\",\"@id\":\"https:\/\/casaisabel.es\/#\/schema\/logo\/image\/\",\"url\":\"https:\/\/casaisabel.es\/wp-content\/uploads\/2023\/09\/casaIsabel.svg\",\"contentUrl\":\"https:\/\/casaisabel.es\/wp-content\/uploads\/2023\/09\/casaIsabel.svg\",\"width\":211,\"height\":49,\"caption\":\"Casa Isabel\"},\"image\":{\"@id\":\"https:\/\/casaisabel.es\/#\/schema\/logo\/image\/\"}},{\"@type\":\"Person\",\"@id\":\"https:\/\/casaisabel.es\/#\/schema\/person\/66308f25a39c9cb32c4e78cf8cfa36cf\",\"name\":\"Admin\",\"image\":{\"@type\":\"ImageObject\",\"inLanguage\":\"fr-FR\",\"@id\":\"https:\/\/casaisabel.es\/#\/schema\/person\/image\/\",\"url\":\"https:\/\/secure.gravatar.com\/avatar\/cfa1bef4e15c827fa091464736c1d269687e21ac8972ec35aec466b4aa06b9c8?s=96&d=mm&r=g\",\"contentUrl\":\"https:\/\/secure.gravatar.com\/avatar\/cfa1bef4e15c827fa091464736c1d269687e21ac8972ec35aec466b4aa06b9c8?s=96&d=mm&r=g\",\"caption\":\"Admin\"},\"url\":\"https:\/\/casaisabel.es\/fr\/author\/admin-2\/\"}]}<\/script>\n<!-- \/ Yoast SEO plugin. -->","yoast_head_json":{"title":"El motor vuelve a rugir en Valencia","description":"El Circuit Ricardo Tormo de Cheste ser\u00e1 el escenario del Gran Premio Generali de la Comunitat Valenciana, que se celebrar\u00e1 los d\u00edas 7, 8 y 9 de noviembre.","robots":{"index":"index","follow":"follow","max-snippet":"max-snippet:-1","max-image-preview":"max-image-preview:large","max-video-preview":"max-video-preview:-1"},"canonical":"https:\/\/casaisabel.es\/fr\/el-gp-del-ricardo-tormo-de-cheste-el-motor-vuelve-a-rugir-en-valencia\/","og_locale":"fr_FR","og_type":"article","og_title":"El motor vuelve a rugir en Valencia","og_description":"El Circuit Ricardo Tormo de Cheste ser\u00e1 el escenario del Gran Premio Generali de la Comunitat Valenciana, que se celebrar\u00e1 los d\u00edas 7, 8 y 9 de noviembre.","og_url":"https:\/\/casaisabel.es\/fr\/el-gp-del-ricardo-tormo-de-cheste-el-motor-vuelve-a-rugir-en-valencia\/","og_site_name":"Casa Isabel","article_published_time":"2025-12-21T00:04:06+00:00","og_image":[{"width":632,"height":252,"url":"https:\/\/casaisabel.es\/wp-content\/uploads\/2014\/11\/CircuitoRicardoTormoCheste.png","type":"image\/png"}],"author":"Admin","twitter_card":"summary_large_image","twitter_misc":{"\u00c9crit par":"Admin","Dur\u00e9e de lecture estim\u00e9e":"2 minutes"},"schema":{"@context":"https:\/\/schema.org","@graph":[{"@type":"Article","@id":"https:\/\/casaisabel.es\/el-gp-del-ricardo-tormo-de-cheste-el-motor-vuelve-a-rugir-en-valencia\/#article","isPartOf":{"@id":"https:\/\/casaisabel.es\/el-gp-del-ricardo-tormo-de-cheste-el-motor-vuelve-a-rugir-en-valencia\/"},"author":{"name":"Admin","@id":"https:\/\/casaisabel.es\/#\/schema\/person\/66308f25a39c9cb32c4e78cf8cfa36cf"},"headline":"El GP del Ricardo Tormo de Cheste: el motor vuelve a rugir en Valencia","datePublished":"2025-12-21T00:04:06+00:00","mainEntityOfPage":{"@id":"https:\/\/casaisabel.es\/el-gp-del-ricardo-tormo-de-cheste-el-motor-vuelve-a-rugir-en-valencia\/"},"wordCount":368,"publisher":{"@id":"https:\/\/casaisabel.es\/#organization"},"image":{"@id":"https:\/\/casaisabel.es\/el-gp-del-ricardo-tormo-de-cheste-el-motor-vuelve-a-rugir-en-valencia\/#primaryimage"},"thumbnailUrl":"https:\/\/casaisabel.es\/wp-content\/uploads\/2014\/11\/CircuitoRicardoTormoCheste.png","articleSection":["Actualidad y eventos"],"inLanguage":"fr-FR"},{"@type":"WebPage","@id":"https:\/\/casaisabel.es\/el-gp-del-ricardo-tormo-de-cheste-el-motor-vuelve-a-rugir-en-valencia\/","url":"https:\/\/casaisabel.es\/el-gp-del-ricardo-tormo-de-cheste-el-motor-vuelve-a-rugir-en-valencia\/","name":"El motor vuelve a rugir en Valencia","isPartOf":{"@id":"https:\/\/casaisabel.es\/#website"},"primaryImageOfPage":{"@id":"https:\/\/casaisabel.es\/el-gp-del-ricardo-tormo-de-cheste-el-motor-vuelve-a-rugir-en-valencia\/#primaryimage"},"image":{"@id":"https:\/\/casaisabel.es\/el-gp-del-ricardo-tormo-de-cheste-el-motor-vuelve-a-rugir-en-valencia\/#primaryimage"},"thumbnailUrl":"https:\/\/casaisabel.es\/wp-content\/uploads\/2014\/11\/CircuitoRicardoTormoCheste.png","datePublished":"2025-12-21T00:04:06+00:00","description":"El Circuit Ricardo Tormo de Cheste ser\u00e1 el escenario del Gran Premio Generali de la Comunitat Valenciana, que se celebrar\u00e1 los d\u00edas 7, 8 y 9 de noviembre.","breadcrumb":{"@id":"https:\/\/casaisabel.es\/el-gp-del-ricardo-tormo-de-cheste-el-motor-vuelve-a-rugir-en-valencia\/#breadcrumb"},"inLanguage":"fr-FR","potentialAction":[{"@type":"ReadAction","target":["https:\/\/casaisabel.es\/el-gp-del-ricardo-tormo-de-cheste-el-motor-vuelve-a-rugir-en-valencia\/"]}]},{"@type":"ImageObject","inLanguage":"fr-FR","@id":"https:\/\/casaisabel.es\/el-gp-del-ricardo-tormo-de-cheste-el-motor-vuelve-a-rugir-en-valencia\/#primaryimage","url":"https:\/\/casaisabel.es\/wp-content\/uploads\/2014\/11\/CircuitoRicardoTormoCheste.png","contentUrl":"https:\/\/casaisabel.es\/wp-content\/uploads\/2014\/11\/CircuitoRicardoTormoCheste.png","width":632,"height":252},{"@type":"BreadcrumbList","@id":"https:\/\/casaisabel.es\/el-gp-del-ricardo-tormo-de-cheste-el-motor-vuelve-a-rugir-en-valencia\/#breadcrumb","itemListElement":[{"@type":"ListItem","position":1,"name":"Portada","item":"https:\/\/casaisabel.es\/"},{"@type":"ListItem","position":2,"name":"El GP del Ricardo Tormo de Cheste: el motor vuelve a rugir en Valencia"}]},{"@type":"WebSite","@id":"https:\/\/casaisabel.es\/#website","url":"https:\/\/casaisabel.es\/","name":"Casa Isabel","description":"S\u00f3lo otro sitio de WordPress","publisher":{"@id":"https:\/\/casaisabel.es\/#organization"},"potentialAction":[{"@type":"SearchAction","target":{"@type":"EntryPoint","urlTemplate":"https:\/\/casaisabel.es\/?s={search_term_string}"},"query-input":{"@type":"PropertyValueSpecification","valueRequired":true,"valueName":"search_term_string"}}],"inLanguage":"fr-FR"},{"@type":"Organization","@id":"https:\/\/casaisabel.es\/#organization","name":"Casa Isabel","url":"https:\/\/casaisabel.es\/","logo":{"@type":"ImageObject","inLanguage":"fr-FR","@id":"https:\/\/casaisabel.es\/#\/schema\/logo\/image\/","url":"https:\/\/casaisabel.es\/wp-content\/uploads\/2023\/09\/casaIsabel.svg","contentUrl":"https:\/\/casaisabel.es\/wp-content\/uploads\/2023\/09\/casaIsabel.svg","width":211,"height":49,"caption":"Casa Isabel"},"image":{"@id":"https:\/\/casaisabel.es\/#\/schema\/logo\/image\/"}},{"@type":"Person","@id":"https:\/\/casaisabel.es\/#\/schema\/person\/66308f25a39c9cb32c4e78cf8cfa36cf","name":"Admin","image":{"@type":"ImageObject","inLanguage":"fr-FR","@id":"https:\/\/casaisabel.es\/#\/schema\/person\/image\/","url":"https:\/\/secure.gravatar.com\/avatar\/cfa1bef4e15c827fa091464736c1d269687e21ac8972ec35aec466b4aa06b9c8?s=96&d=mm&r=g","contentUrl":"https:\/\/secure.gravatar.com\/avatar\/cfa1bef4e15c827fa091464736c1d269687e21ac8972ec35aec466b4aa06b9c8?s=96&d=mm&r=g","caption":"Admin"},"url":"https:\/\/casaisabel.es\/fr\/author\/admin-2\/"}]}},"_links":{"self":[{"href":"https:\/\/casaisabel.es\/fr\/wp-json\/wp\/v2\/posts\/2061","targetHints":{"allow":["GET"]}}],"collection":[{"href":"https:\/\/casaisabel.es\/fr\/wp-json\/wp\/v2\/posts"}],"about":[{"href":"https:\/\/casaisabel.es\/fr\/wp-json\/wp\/v2\/types\/post"}],"author":[{"embeddable":true,"href":"https:\/\/casaisabel.es\/fr\/wp-json\/wp\/v2\/users\/2"}],"replies":[{"embeddable":true,"href":"https:\/\/casaisabel.es\/fr\/wp-json\/wp\/v2\/comments?post=2061"}],"version-history":[{"count":0,"href":"https:\/\/casaisabel.es\/fr\/wp-json\/wp\/v2\/posts\/2061\/revisions"}],"wp:featuredmedia":[{"embeddable":true,"href":"https:\/\/casaisabel.es\/fr\/wp-json\/wp\/v2\/media\/2063"}],"wp:attachment":[{"href":"https:\/\/casaisabel.es\/fr\/wp-json\/wp\/v2\/media?parent=2061"}],"wp:term":[{"taxonomy":"category","embeddable":true,"href":"https:\/\/casaisabel.es\/fr\/wp-json\/wp\/v2\/categories?post=2061"},{"taxonomy":"post_tag","embeddable":true,"href":"https:\/\/casaisabel.es\/fr\/wp-json\/wp\/v2\/tags?post=2061"}],"curies":[{"name":"wp","href":"https:\/\/api.w.org\/{rel}","templated":true}]}}