{"id":2011,"date":"2025-12-27T00:06:06","date_gmt":"2025-12-27T00:06:06","guid":{"rendered":"https:\/\/casaisabel.es\/?p=2011---7a3eecec-fbf5-425d-8461-af5283db357e"},"modified":"2025-12-27T00:06:06","modified_gmt":"2025-12-27T00:06:06","slug":"el-almudin-todo-un-referente-en-la-ciudad-de-valencia","status":"publish","type":"post","link":"https:\/\/casaisabel.es\/fr\/el-almudin-todo-un-referente-en-la-ciudad-de-valencia\/","title":{"rendered":"El Almud\u00edn, todo un referente en la ciudad de Valencia"},"content":{"rendered":"<p style=\"text-align: justify\"> <strong>El edificio Almud\u00edn de <a href=\"http:\/\/www.valencia.es\/ayuntamiento\/cultura.nsf\/vDocumentosTituloAux\/Almud%C3%ADn?opendocument\" target=\"_blank\" rel=\"noopener noreferrer\">Valencia<\/a> es, en la actualidad, un referente cultural de la localidad gracias a su intensa labor expositiva como museo<\/strong>. De hecho, en el a\u00f1o 1969 fue declarado monumento nacional. Tras haber sido utilizado durante mucho tiempo como almac\u00e9n, desde el a\u00f1o 1908 hasta el a\u00f1o 1991 fue sede del Museo Paleontol\u00f3gico. Despu\u00e9s sufri\u00f3 un par\u00f3n hasta 1996, momento en el que se aprovech\u00f3 para su completa restauraci\u00f3n hasta convertirse en lo que es hoy: <strong>un organismo dependiente del Ayuntamiento que alberga exposiciones temporales, de las que se disfruta como la <a href=\"https:\/\/casaisabel.es\/fr\/restaurants-plage-malvarrosa\/\" target=\"_blank\" rel=\"noopener noreferrer\">playa<\/a><\/strong> misma.<!--more--><\/span><\/p>\n<p style=\"text-align: justify\"><strong>Por el Almud\u00edn han pasado Eduardo Chillida y Yoko Ono<\/strong><\/p>\n<p style=\"text-align: justify\">Aparte de por sus valiosas exhibiciones, e<strong>l edifico brilla con luz propia por sus pinturas al temple de los siglos XVII y XVIII<\/strong>. Aunque sus or\u00edgenes se remontan a mucho tiempo atr\u00e1s, en concreto, a plena Edad Media. Est\u00e1 elevado sobre un antiguo alc\u00e1zar musulm\u00e1n que en un principio se utilizaba como silo. Durante el XV y el XVI se fue ampliando y se le a\u00f1adi\u00f3 el porche. En el siglo XVII se aprovech\u00f3 para cubrir el antiguo patio interior, de modo que el edificio termin\u00f3 por adoptar la forma basilical actual. Precisamente, <strong>en este interior se encuentran sus famosas pinturas murales de escenas costumbristas y religiosas<\/strong>.<\/p>\n<p style=\"text-align: justify\">Por todo lo anterior, <strong>el Almud\u00edn es una de las visitas obligadas para cualquier turista<\/strong>. Basta recordar los nombres de algunos de los artistas que han expuesto en sus salas: <strong>Eduardo Chillida, Yoko Ono o Salvador Dal\u00ed.<\/strong> Las tem\u00e1ticas etnogr\u00e1ficas o hist\u00f3ricas constituyen otra de las constantes de sus programadores culturales. As\u00ed, el Antiguo Egipto, los tuaregs, la Albufera o la Gran Riada han pasado por sus salas.<\/p>\n<p style=\"text-align: justify\">Despu\u00e9s de haber disfrutado de un intenso d\u00eda viendo de primera mano este museo, la Ciudad de las Artes y las Ciencias o el Miguelete de la catedral tambi\u00e9n resulta esencial pararse a reponer fuerzas en alguna <a href=\"https:\/\/casaisabel.es\/fr\/arroz-en-valencia\/\" target=\"_blank\" rel=\"noopener noreferrer\">arrocer\u00eda<\/a> o en un buen restaurante de la playa de la Malvarrosa, en <a href=\"http:\/\/es.wikipedia.org\/wiki\/Almud%C3%ADn_de_Valencia\" target=\"_blank\" rel=\"noopener noreferrer\">Valencia<\/a>.<\/p>\n<p style=\"text-align: justify\"><a href=\"http:\/\/commons.wikimedia.org\/wiki\/File:Pintures_murals_a_l%27Almod%C3%AD_de_Val%C3%A8ncia.JPG\" target=\"_blank\" rel=\"noopener noreferrer\">Imagen.<\/a><\/p>","protected":false},"excerpt":{"rendered":"<p>El edificio Almud\u00edn de Valencia es, en la actualidad, un referente cultural de la localidad gracias a su intensa labor expositiva como museo. De hecho, en el a\u00f1o 1969 fue declarado monumento nacional. Tras haber sido utilizado durante mucho tiempo como almac\u00e9n, desde el a\u00f1o 1908 hasta el a\u00f1o 1991 fue sede del Museo Paleontol\u00f3gico. [&hellip;]<\/p>","protected":false},"author":2,"featured_media":2013,"comment_status":"closed","ping_status":"closed","sticky":false,"template":"","format":"standard","meta":{"site-sidebar-layout":"default","site-content-layout":"","ast-site-content-layout":"","site-content-style":"default","site-sidebar-style":"default","ast-global-header-display":"","ast-banner-title-visibility":"","ast-main-header-display":"","ast-hfb-above-header-display":"","ast-hfb-below-header-display":"","ast-hfb-mobile-header-display":"","site-post-title":"","ast-breadcrumbs-content":"","ast-featured-img":"","footer-sml-layout":"","theme-transparent-header-meta":"","adv-header-id-meta":"","stick-header-meta":"","header-above-stick-meta":"","header-main-stick-meta":"","header-below-stick-meta":"","astra-migrate-meta-layouts":"default","ast-page-background-enabled":"default","ast-page-background-meta":{"desktop":{"background-color":"var(--ast-global-color-4)","background-image":"","background-repeat":"repeat","background-position":"center center","background-size":"auto","background-attachment":"scroll","background-type":"","background-media":"","overlay-type":"","overlay-color":"","overlay-opacity":"","overlay-gradient":""},"tablet":{"background-color":"","background-image":"","background-repeat":"repeat","background-position":"center center","background-size":"auto","background-attachment":"scroll","background-type":"","background-media":"","overlay-type":"","overlay-color":"","overlay-opacity":"","overlay-gradient":""},"mobile":{"background-color":"","background-image":"","background-repeat":"repeat","background-position":"center center","background-size":"auto","background-attachment":"scroll","background-type":"","background-media":"","overlay-type":"","overlay-color":"","overlay-opacity":"","overlay-gradient":""}},"ast-content-background-meta":{"desktop":{"background-color":"var(--ast-global-color-5)","background-image":"","background-repeat":"repeat","background-position":"center center","background-size":"auto","background-attachment":"scroll","background-type":"","background-media":"","overlay-type":"","overlay-color":"","overlay-opacity":"","overlay-gradient":""},"tablet":{"background-color":"var(--ast-global-color-5)","background-image":"","background-repeat":"repeat","background-position":"center center","background-size":"auto","background-attachment":"scroll","background-type":"","background-media":"","overlay-type":"","overlay-color":"","overlay-opacity":"","overlay-gradient":""},"mobile":{"background-color":"var(--ast-global-color-5)","background-image":"","background-repeat":"repeat","background-position":"center center","background-size":"auto","background-attachment":"scroll","background-type":"","background-media":"","overlay-type":"","overlay-color":"","overlay-opacity":"","overlay-gradient":""}},"footnotes":""},"categories":[9],"tags":[],"class_list":["post-2011","post","type-post","status-publish","format-standard","has-post-thumbnail","hentry","category-lugares-emblematicos-de-valencia"],"yoast_head":"<!-- This site is optimized with the Yoast SEO plugin v25.6 - https:\/\/yoast.com\/wordpress\/plugins\/seo\/ -->\n<title>El Almud\u00edn, todo un referente en la ciudad de Valencia - Casa Isabel<\/title>\n<meta name=\"description\" content=\"El Almud\u00edn es un referente cultural de la localidad gracias a su intensa labor expositiva como museo. Con\u00f3celo despu\u00e9s de saborear una paella en Casa Isabel\" \/>\n<meta name=\"robots\" content=\"index, follow, max-snippet:-1, max-image-preview:large, max-video-preview:-1\" \/>\n<link rel=\"canonical\" href=\"https:\/\/casaisabel.es\/fr\/el-almudin-todo-un-referente-en-la-ciudad-de-valencia\/\" \/>\n<meta property=\"og:locale\" content=\"fr_FR\" \/>\n<meta property=\"og:type\" content=\"article\" \/>\n<meta property=\"og:title\" content=\"El Almud\u00edn, todo un referente en la ciudad de Valencia - Casa Isabel\" \/>\n<meta property=\"og:description\" content=\"El Almud\u00edn es un referente cultural de la localidad gracias a su intensa labor expositiva como museo. Con\u00f3celo despu\u00e9s de saborear una paella en Casa Isabel\" \/>\n<meta property=\"og:url\" content=\"https:\/\/casaisabel.es\/fr\/el-almudin-todo-un-referente-en-la-ciudad-de-valencia\/\" \/>\n<meta property=\"og:site_name\" content=\"Casa Isabel\" \/>\n<meta property=\"article:published_time\" content=\"2025-12-27T00:06:06+00:00\" \/>\n<meta property=\"og:image\" content=\"https:\/\/casaisabel.es\/wp-content\/uploads\/2014\/10\/AlmudinValencia.png\" \/>\n\t<meta property=\"og:image:width\" content=\"788\" \/>\n\t<meta property=\"og:image:height\" content=\"298\" \/>\n\t<meta property=\"og:image:type\" content=\"image\/png\" \/>\n<meta name=\"author\" content=\"Admin\" \/>\n<meta name=\"twitter:card\" content=\"summary_large_image\" \/>\n<meta name=\"twitter:label1\" content=\"\u00c9crit par\" \/>\n\t<meta name=\"twitter:data1\" content=\"Admin\" \/>\n\t<meta name=\"twitter:label2\" content=\"Dur\u00e9e de lecture estim\u00e9e\" \/>\n\t<meta name=\"twitter:data2\" content=\"2 minutes\" \/>\n<script type=\"application\/ld+json\" class=\"yoast-schema-graph\">{\"@context\":\"https:\/\/schema.org\",\"@graph\":[{\"@type\":\"Article\",\"@id\":\"https:\/\/casaisabel.es\/el-almudin-todo-un-referente-en-la-ciudad-de-valencia\/#article\",\"isPartOf\":{\"@id\":\"https:\/\/casaisabel.es\/el-almudin-todo-un-referente-en-la-ciudad-de-valencia\/\"},\"author\":{\"name\":\"Admin\",\"@id\":\"https:\/\/casaisabel.es\/#\/schema\/person\/66308f25a39c9cb32c4e78cf8cfa36cf\"},\"headline\":\"El Almud\u00edn, todo un referente en la ciudad de Valencia\",\"datePublished\":\"2025-12-27T00:06:06+00:00\",\"mainEntityOfPage\":{\"@id\":\"https:\/\/casaisabel.es\/el-almudin-todo-un-referente-en-la-ciudad-de-valencia\/\"},\"wordCount\":363,\"publisher\":{\"@id\":\"https:\/\/casaisabel.es\/#organization\"},\"image\":{\"@id\":\"https:\/\/casaisabel.es\/el-almudin-todo-un-referente-en-la-ciudad-de-valencia\/#primaryimage\"},\"thumbnailUrl\":\"https:\/\/casaisabel.es\/wp-content\/uploads\/2014\/10\/AlmudinValencia.png\",\"articleSection\":[\"Lugares emblem\u00e1ticos de Valencia\"],\"inLanguage\":\"fr-FR\"},{\"@type\":\"WebPage\",\"@id\":\"https:\/\/casaisabel.es\/el-almudin-todo-un-referente-en-la-ciudad-de-valencia\/\",\"url\":\"https:\/\/casaisabel.es\/el-almudin-todo-un-referente-en-la-ciudad-de-valencia\/\",\"name\":\"El Almud\u00edn, todo un referente en la ciudad de Valencia - Casa Isabel\",\"isPartOf\":{\"@id\":\"https:\/\/casaisabel.es\/#website\"},\"primaryImageOfPage\":{\"@id\":\"https:\/\/casaisabel.es\/el-almudin-todo-un-referente-en-la-ciudad-de-valencia\/#primaryimage\"},\"image\":{\"@id\":\"https:\/\/casaisabel.es\/el-almudin-todo-un-referente-en-la-ciudad-de-valencia\/#primaryimage\"},\"thumbnailUrl\":\"https:\/\/casaisabel.es\/wp-content\/uploads\/2014\/10\/AlmudinValencia.png\",\"datePublished\":\"2025-12-27T00:06:06+00:00\",\"description\":\"El Almud\u00edn es un referente cultural de la localidad gracias a su intensa labor expositiva como museo. Con\u00f3celo despu\u00e9s de saborear una paella en Casa Isabel\",\"breadcrumb\":{\"@id\":\"https:\/\/casaisabel.es\/el-almudin-todo-un-referente-en-la-ciudad-de-valencia\/#breadcrumb\"},\"inLanguage\":\"fr-FR\",\"potentialAction\":[{\"@type\":\"ReadAction\",\"target\":[\"https:\/\/casaisabel.es\/el-almudin-todo-un-referente-en-la-ciudad-de-valencia\/\"]}]},{\"@type\":\"ImageObject\",\"inLanguage\":\"fr-FR\",\"@id\":\"https:\/\/casaisabel.es\/el-almudin-todo-un-referente-en-la-ciudad-de-valencia\/#primaryimage\",\"url\":\"https:\/\/casaisabel.es\/wp-content\/uploads\/2014\/10\/AlmudinValencia.png\",\"contentUrl\":\"https:\/\/casaisabel.es\/wp-content\/uploads\/2014\/10\/AlmudinValencia.png\",\"width\":788,\"height\":298},{\"@type\":\"BreadcrumbList\",\"@id\":\"https:\/\/casaisabel.es\/el-almudin-todo-un-referente-en-la-ciudad-de-valencia\/#breadcrumb\",\"itemListElement\":[{\"@type\":\"ListItem\",\"position\":1,\"name\":\"Portada\",\"item\":\"https:\/\/casaisabel.es\/\"},{\"@type\":\"ListItem\",\"position\":2,\"name\":\"El Almud\u00edn, todo un referente en la ciudad de Valencia\"}]},{\"@type\":\"WebSite\",\"@id\":\"https:\/\/casaisabel.es\/#website\",\"url\":\"https:\/\/casaisabel.es\/\",\"name\":\"Casa Isabel\",\"description\":\"S\u00f3lo otro sitio de WordPress\",\"publisher\":{\"@id\":\"https:\/\/casaisabel.es\/#organization\"},\"potentialAction\":[{\"@type\":\"SearchAction\",\"target\":{\"@type\":\"EntryPoint\",\"urlTemplate\":\"https:\/\/casaisabel.es\/?s={search_term_string}\"},\"query-input\":{\"@type\":\"PropertyValueSpecification\",\"valueRequired\":true,\"valueName\":\"search_term_string\"}}],\"inLanguage\":\"fr-FR\"},{\"@type\":\"Organization\",\"@id\":\"https:\/\/casaisabel.es\/#organization\",\"name\":\"Casa Isabel\",\"url\":\"https:\/\/casaisabel.es\/\",\"logo\":{\"@type\":\"ImageObject\",\"inLanguage\":\"fr-FR\",\"@id\":\"https:\/\/casaisabel.es\/#\/schema\/logo\/image\/\",\"url\":\"https:\/\/casaisabel.es\/wp-content\/uploads\/2023\/09\/casaIsabel.svg\",\"contentUrl\":\"https:\/\/casaisabel.es\/wp-content\/uploads\/2023\/09\/casaIsabel.svg\",\"width\":211,\"height\":49,\"caption\":\"Casa Isabel\"},\"image\":{\"@id\":\"https:\/\/casaisabel.es\/#\/schema\/logo\/image\/\"}},{\"@type\":\"Person\",\"@id\":\"https:\/\/casaisabel.es\/#\/schema\/person\/66308f25a39c9cb32c4e78cf8cfa36cf\",\"name\":\"Admin\",\"image\":{\"@type\":\"ImageObject\",\"inLanguage\":\"fr-FR\",\"@id\":\"https:\/\/casaisabel.es\/#\/schema\/person\/image\/\",\"url\":\"https:\/\/secure.gravatar.com\/avatar\/cfa1bef4e15c827fa091464736c1d269687e21ac8972ec35aec466b4aa06b9c8?s=96&d=mm&r=g\",\"contentUrl\":\"https:\/\/secure.gravatar.com\/avatar\/cfa1bef4e15c827fa091464736c1d269687e21ac8972ec35aec466b4aa06b9c8?s=96&d=mm&r=g\",\"caption\":\"Admin\"},\"url\":\"https:\/\/casaisabel.es\/fr\/author\/admin-2\/\"}]}<\/script>\n<!-- \/ Yoast SEO plugin. -->","yoast_head_json":{"title":"El Almud\u00edn, todo un referente en la ciudad de Valencia - Casa Isabel","description":"El Almud\u00edn es un referente cultural de la localidad gracias a su intensa labor expositiva como museo. Con\u00f3celo despu\u00e9s de saborear una paella en Casa Isabel","robots":{"index":"index","follow":"follow","max-snippet":"max-snippet:-1","max-image-preview":"max-image-preview:large","max-video-preview":"max-video-preview:-1"},"canonical":"https:\/\/casaisabel.es\/fr\/el-almudin-todo-un-referente-en-la-ciudad-de-valencia\/","og_locale":"fr_FR","og_type":"article","og_title":"El Almud\u00edn, todo un referente en la ciudad de Valencia - Casa Isabel","og_description":"El Almud\u00edn es un referente cultural de la localidad gracias a su intensa labor expositiva como museo. Con\u00f3celo despu\u00e9s de saborear una paella en Casa Isabel","og_url":"https:\/\/casaisabel.es\/fr\/el-almudin-todo-un-referente-en-la-ciudad-de-valencia\/","og_site_name":"Casa Isabel","article_published_time":"2025-12-27T00:06:06+00:00","og_image":[{"width":788,"height":298,"url":"https:\/\/casaisabel.es\/wp-content\/uploads\/2014\/10\/AlmudinValencia.png","type":"image\/png"}],"author":"Admin","twitter_card":"summary_large_image","twitter_misc":{"\u00c9crit par":"Admin","Dur\u00e9e de lecture estim\u00e9e":"2 minutes"},"schema":{"@context":"https:\/\/schema.org","@graph":[{"@type":"Article","@id":"https:\/\/casaisabel.es\/el-almudin-todo-un-referente-en-la-ciudad-de-valencia\/#article","isPartOf":{"@id":"https:\/\/casaisabel.es\/el-almudin-todo-un-referente-en-la-ciudad-de-valencia\/"},"author":{"name":"Admin","@id":"https:\/\/casaisabel.es\/#\/schema\/person\/66308f25a39c9cb32c4e78cf8cfa36cf"},"headline":"El Almud\u00edn, todo un referente en la ciudad de Valencia","datePublished":"2025-12-27T00:06:06+00:00","mainEntityOfPage":{"@id":"https:\/\/casaisabel.es\/el-almudin-todo-un-referente-en-la-ciudad-de-valencia\/"},"wordCount":363,"publisher":{"@id":"https:\/\/casaisabel.es\/#organization"},"image":{"@id":"https:\/\/casaisabel.es\/el-almudin-todo-un-referente-en-la-ciudad-de-valencia\/#primaryimage"},"thumbnailUrl":"https:\/\/casaisabel.es\/wp-content\/uploads\/2014\/10\/AlmudinValencia.png","articleSection":["Lugares emblem\u00e1ticos de Valencia"],"inLanguage":"fr-FR"},{"@type":"WebPage","@id":"https:\/\/casaisabel.es\/el-almudin-todo-un-referente-en-la-ciudad-de-valencia\/","url":"https:\/\/casaisabel.es\/el-almudin-todo-un-referente-en-la-ciudad-de-valencia\/","name":"El Almud\u00edn, todo un referente en la ciudad de Valencia - Casa Isabel","isPartOf":{"@id":"https:\/\/casaisabel.es\/#website"},"primaryImageOfPage":{"@id":"https:\/\/casaisabel.es\/el-almudin-todo-un-referente-en-la-ciudad-de-valencia\/#primaryimage"},"image":{"@id":"https:\/\/casaisabel.es\/el-almudin-todo-un-referente-en-la-ciudad-de-valencia\/#primaryimage"},"thumbnailUrl":"https:\/\/casaisabel.es\/wp-content\/uploads\/2014\/10\/AlmudinValencia.png","datePublished":"2025-12-27T00:06:06+00:00","description":"El Almud\u00edn es un referente cultural de la localidad gracias a su intensa labor expositiva como museo. Con\u00f3celo despu\u00e9s de saborear una paella en Casa Isabel","breadcrumb":{"@id":"https:\/\/casaisabel.es\/el-almudin-todo-un-referente-en-la-ciudad-de-valencia\/#breadcrumb"},"inLanguage":"fr-FR","potentialAction":[{"@type":"ReadAction","target":["https:\/\/casaisabel.es\/el-almudin-todo-un-referente-en-la-ciudad-de-valencia\/"]}]},{"@type":"ImageObject","inLanguage":"fr-FR","@id":"https:\/\/casaisabel.es\/el-almudin-todo-un-referente-en-la-ciudad-de-valencia\/#primaryimage","url":"https:\/\/casaisabel.es\/wp-content\/uploads\/2014\/10\/AlmudinValencia.png","contentUrl":"https:\/\/casaisabel.es\/wp-content\/uploads\/2014\/10\/AlmudinValencia.png","width":788,"height":298},{"@type":"BreadcrumbList","@id":"https:\/\/casaisabel.es\/el-almudin-todo-un-referente-en-la-ciudad-de-valencia\/#breadcrumb","itemListElement":[{"@type":"ListItem","position":1,"name":"Portada","item":"https:\/\/casaisabel.es\/"},{"@type":"ListItem","position":2,"name":"El Almud\u00edn, todo un referente en la ciudad de Valencia"}]},{"@type":"WebSite","@id":"https:\/\/casaisabel.es\/#website","url":"https:\/\/casaisabel.es\/","name":"Casa Isabel","description":"S\u00f3lo otro sitio de WordPress","publisher":{"@id":"https:\/\/casaisabel.es\/#organization"},"potentialAction":[{"@type":"SearchAction","target":{"@type":"EntryPoint","urlTemplate":"https:\/\/casaisabel.es\/?s={search_term_string}"},"query-input":{"@type":"PropertyValueSpecification","valueRequired":true,"valueName":"search_term_string"}}],"inLanguage":"fr-FR"},{"@type":"Organization","@id":"https:\/\/casaisabel.es\/#organization","name":"Casa Isabel","url":"https:\/\/casaisabel.es\/","logo":{"@type":"ImageObject","inLanguage":"fr-FR","@id":"https:\/\/casaisabel.es\/#\/schema\/logo\/image\/","url":"https:\/\/casaisabel.es\/wp-content\/uploads\/2023\/09\/casaIsabel.svg","contentUrl":"https:\/\/casaisabel.es\/wp-content\/uploads\/2023\/09\/casaIsabel.svg","width":211,"height":49,"caption":"Casa Isabel"},"image":{"@id":"https:\/\/casaisabel.es\/#\/schema\/logo\/image\/"}},{"@type":"Person","@id":"https:\/\/casaisabel.es\/#\/schema\/person\/66308f25a39c9cb32c4e78cf8cfa36cf","name":"Admin","image":{"@type":"ImageObject","inLanguage":"fr-FR","@id":"https:\/\/casaisabel.es\/#\/schema\/person\/image\/","url":"https:\/\/secure.gravatar.com\/avatar\/cfa1bef4e15c827fa091464736c1d269687e21ac8972ec35aec466b4aa06b9c8?s=96&d=mm&r=g","contentUrl":"https:\/\/secure.gravatar.com\/avatar\/cfa1bef4e15c827fa091464736c1d269687e21ac8972ec35aec466b4aa06b9c8?s=96&d=mm&r=g","caption":"Admin"},"url":"https:\/\/casaisabel.es\/fr\/author\/admin-2\/"}]}},"_links":{"self":[{"href":"https:\/\/casaisabel.es\/fr\/wp-json\/wp\/v2\/posts\/2011","targetHints":{"allow":["GET"]}}],"collection":[{"href":"https:\/\/casaisabel.es\/fr\/wp-json\/wp\/v2\/posts"}],"about":[{"href":"https:\/\/casaisabel.es\/fr\/wp-json\/wp\/v2\/types\/post"}],"author":[{"embeddable":true,"href":"https:\/\/casaisabel.es\/fr\/wp-json\/wp\/v2\/users\/2"}],"replies":[{"embeddable":true,"href":"https:\/\/casaisabel.es\/fr\/wp-json\/wp\/v2\/comments?post=2011"}],"version-history":[{"count":0,"href":"https:\/\/casaisabel.es\/fr\/wp-json\/wp\/v2\/posts\/2011\/revisions"}],"wp:featuredmedia":[{"embeddable":true,"href":"https:\/\/casaisabel.es\/fr\/wp-json\/wp\/v2\/media\/2013"}],"wp:attachment":[{"href":"https:\/\/casaisabel.es\/fr\/wp-json\/wp\/v2\/media?parent=2011"}],"wp:term":[{"taxonomy":"category","embeddable":true,"href":"https:\/\/casaisabel.es\/fr\/wp-json\/wp\/v2\/categories?post=2011"},{"taxonomy":"post_tag","embeddable":true,"href":"https:\/\/casaisabel.es\/fr\/wp-json\/wp\/v2\/tags?post=2011"}],"curies":[{"name":"wp","href":"https:\/\/api.w.org\/{rel}","templated":true}]}}