{"id":1939,"date":"2025-12-10T00:09:19","date_gmt":"2025-12-10T00:09:19","guid":{"rendered":"https:\/\/casaisabel.es\/?p=1939---5fc89cfe-0ddf-43a6-bf0c-1833a4fda1e0"},"modified":"2025-12-10T00:09:19","modified_gmt":"2025-12-10T00:09:19","slug":"torres-de-quart-una-emblematica-entrada-a-la-ciudad-de-valencia","status":"publish","type":"post","link":"https:\/\/casaisabel.es\/fr\/torres-de-quart-una-emblematica-entrada-a-la-ciudad-de-valencia\/","title":{"rendered":"Torres de Quart, una emblem\u00e1tica entrada a la ciudad de Valencia"},"content":{"rendered":"<p><strong>La riqueza de una tierra como <a href=\"https:\/\/casaisabel.es\/fr\/\" target=\"_blank\" rel=\"noopener noreferrer\">Valencia<\/a><\/strong> no reside solo <strong>en los productos de la huerta y del mar, su playa o sus populares fiestas<\/strong>. Tambi\u00e9n se encuentra <strong>en su patrimonio art\u00edstico y cultural<\/strong>, as\u00ed como en muchos lugares significativos que encierran miles de a\u00f1os de historia.<!--more--><\/p>\n<p style=\"text-align: justify\"><strong>Las Torres de Quart, Monumento Hist\u00f3rico Art\u00edstico Nacional<\/strong><\/p>\n<p style=\"text-align: justify\"><strong>Las <a href=\"http:\/\/es.wikipedia.org\/wiki\/Torres_de_Cuart\" target=\"_blank\" rel=\"noopener noreferrer\">Torres de Quart<\/a><\/strong>, junto con las Torres de Serranos, <strong>son el vestigio m\u00e1s representativo de la muralla medieval de Valencia<\/strong>, cuya funci\u00f3n era defensiva. Antiguamente eran conocidas como Portal de la Cal, porque toda sustancia alcalina que entraba en Valencia lo hac\u00eda por esa puerta. Era el camino hacia el interior, la puerta hacia Castilla, cuya ruta pasaba por la poblaci\u00f3n de Quart de Poblet, de ah\u00ed su nombre.<\/p>\n<p style=\"text-align: justify\">Las obras de construcci\u00f3n se realizaron, entre los a\u00f1os 1441 y 1460, por Francesc Baldomar, Pere Compte y Pere Bonfill. <strong>De estilo g\u00f3tico, est\u00e1n inspiradas en las torres del castillo de Castel Nouvo de la ciudad italiana de N\u00e1poles<\/strong>. En 1931 fueron declaradas Monumento Hist\u00f3rico Art\u00edstico Nacional.<\/p>\n<p style=\"text-align: justify\">Estas construcciones amuralladas han sido testigo de la Guerra de la Independencia, la de Sucesi\u00f3n y la Guerra Civil Espa\u00f1ola. <strong>Todav\u00eda se pueden observar en sus gruesos muros las huellas de los impactos provocados por los ca\u00f1onazos de diversos combates<\/strong>.<\/p>\n<p style=\"text-align: justify\">Desde su creaci\u00f3n, <strong>han sido sometidas a diversos procesos de restauraci\u00f3n, mientras que la ciudad crec\u00eda a su alrededor<\/strong>. A mediados del siglo XX se reconstruy\u00f3 una l\u00ednea de almenas y, a partir de la \u00faltima d\u00e9cada, algunas aves ex\u00f3ticas empezaron a nidificar en los orificios de la fachada exterior ocasionados por la artiller\u00eda. En 2007 se realiz\u00f3 una limpieza total del conjunto y se abri\u00f3 a las visitas tur\u00edsticas.<\/p>\n<p style=\"text-align: justify\">Tras recorrer buena parte de la Valencia m\u00e1s emblem\u00e1tica, <strong>llega el momento de sentarse en un \u00a0buen restaurante de la <a href=\"http:\/\/www.museosymonumentosvalencia.com\/monumentos\/torres-de-quart\/\" target=\"_blank\" rel=\"noopener noreferrer\">playa<\/a> de la Malvarrosa, en Valencia, o en una <a href=\"https:\/\/casaisabel.es\/fr\/arroz-en-valencia\/\" target=\"_blank\" rel=\"noopener noreferrer\">arrocer\u00eda<\/a> a degustar una paella o probar otros platos t\u00edpicos de la tierra<\/strong>.<\/p>\n<p style=\"text-align: justify\"><a href=\"https:\/\/www.flickr.com\/photos\/carquinyol\/2376579105\" target=\"_blank\" rel=\"noopener noreferrer\">Imagen.<\/a><\/p>","protected":false},"excerpt":{"rendered":"<p>La riqueza de una tierra como Valencia no reside solo en los productos de la huerta y del mar, su playa o sus populares fiestas. Tambi\u00e9n se encuentra en su patrimonio art\u00edstico y cultural, as\u00ed como en muchos lugares significativos que encierran miles de a\u00f1os de historia.<\/p>","protected":false},"author":2,"featured_media":1944,"comment_status":"closed","ping_status":"closed","sticky":false,"template":"","format":"standard","meta":{"site-sidebar-layout":"default","site-content-layout":"","ast-site-content-layout":"","site-content-style":"default","site-sidebar-style":"default","ast-global-header-display":"","ast-banner-title-visibility":"","ast-main-header-display":"","ast-hfb-above-header-display":"","ast-hfb-below-header-display":"","ast-hfb-mobile-header-display":"","site-post-title":"","ast-breadcrumbs-content":"","ast-featured-img":"","footer-sml-layout":"","theme-transparent-header-meta":"","adv-header-id-meta":"","stick-header-meta":"","header-above-stick-meta":"","header-main-stick-meta":"","header-below-stick-meta":"","astra-migrate-meta-layouts":"default","ast-page-background-enabled":"default","ast-page-background-meta":{"desktop":{"background-color":"var(--ast-global-color-4)","background-image":"","background-repeat":"repeat","background-position":"center center","background-size":"auto","background-attachment":"scroll","background-type":"","background-media":"","overlay-type":"","overlay-color":"","overlay-opacity":"","overlay-gradient":""},"tablet":{"background-color":"","background-image":"","background-repeat":"repeat","background-position":"center center","background-size":"auto","background-attachment":"scroll","background-type":"","background-media":"","overlay-type":"","overlay-color":"","overlay-opacity":"","overlay-gradient":""},"mobile":{"background-color":"","background-image":"","background-repeat":"repeat","background-position":"center center","background-size":"auto","background-attachment":"scroll","background-type":"","background-media":"","overlay-type":"","overlay-color":"","overlay-opacity":"","overlay-gradient":""}},"ast-content-background-meta":{"desktop":{"background-color":"var(--ast-global-color-5)","background-image":"","background-repeat":"repeat","background-position":"center center","background-size":"auto","background-attachment":"scroll","background-type":"","background-media":"","overlay-type":"","overlay-color":"","overlay-opacity":"","overlay-gradient":""},"tablet":{"background-color":"var(--ast-global-color-5)","background-image":"","background-repeat":"repeat","background-position":"center center","background-size":"auto","background-attachment":"scroll","background-type":"","background-media":"","overlay-type":"","overlay-color":"","overlay-opacity":"","overlay-gradient":""},"mobile":{"background-color":"var(--ast-global-color-5)","background-image":"","background-repeat":"repeat","background-position":"center center","background-size":"auto","background-attachment":"scroll","background-type":"","background-media":"","overlay-type":"","overlay-color":"","overlay-opacity":"","overlay-gradient":""}},"footnotes":""},"categories":[9],"tags":[],"class_list":["post-1939","post","type-post","status-publish","format-standard","has-post-thumbnail","hentry","category-lugares-emblematicos-de-valencia"],"yoast_head":"<!-- This site is optimized with the Yoast SEO plugin v25.6 - https:\/\/yoast.com\/wordpress\/plugins\/seo\/ -->\n<title>Torres de Quart, una emblem\u00e1tica entrada a la ciudad de Valencia - Casa Isabel<\/title>\n<meta name=\"description\" content=\"Las Torres de Quart son el vestigio m\u00e1s representativo de la muralla medieval de Valencia. Con\u00f3celas y acompa\u00f1a tu visita a la ciudad con una buena paella.\" \/>\n<meta name=\"robots\" content=\"index, follow, max-snippet:-1, max-image-preview:large, max-video-preview:-1\" \/>\n<link rel=\"canonical\" href=\"https:\/\/casaisabel.es\/fr\/torres-de-quart-una-emblematica-entrada-a-la-ciudad-de-valencia\/\" \/>\n<meta property=\"og:locale\" content=\"fr_FR\" \/>\n<meta property=\"og:type\" content=\"article\" \/>\n<meta property=\"og:title\" content=\"Torres de Quart, una emblem\u00e1tica entrada a la ciudad de Valencia - Casa Isabel\" \/>\n<meta property=\"og:description\" content=\"Las Torres de Quart son el vestigio m\u00e1s representativo de la muralla medieval de Valencia. Con\u00f3celas y acompa\u00f1a tu visita a la ciudad con una buena paella.\" \/>\n<meta property=\"og:url\" content=\"https:\/\/casaisabel.es\/fr\/torres-de-quart-una-emblematica-entrada-a-la-ciudad-de-valencia\/\" \/>\n<meta property=\"og:site_name\" content=\"Casa Isabel\" \/>\n<meta property=\"article:published_time\" content=\"2025-12-10T00:09:19+00:00\" \/>\n<meta property=\"og:image\" content=\"https:\/\/casaisabel.es\/wp-content\/uploads\/2014\/10\/TorresQuart.png\" \/>\n\t<meta property=\"og:image:width\" content=\"637\" \/>\n\t<meta property=\"og:image:height\" content=\"223\" \/>\n\t<meta property=\"og:image:type\" content=\"image\/png\" \/>\n<meta name=\"author\" content=\"Admin\" \/>\n<meta name=\"twitter:card\" content=\"summary_large_image\" \/>\n<meta name=\"twitter:label1\" content=\"\u00c9crit par\" \/>\n\t<meta name=\"twitter:data1\" content=\"Admin\" \/>\n\t<meta name=\"twitter:label2\" content=\"Dur\u00e9e de lecture estim\u00e9e\" \/>\n\t<meta name=\"twitter:data2\" content=\"2 minutes\" \/>\n<script type=\"application\/ld+json\" class=\"yoast-schema-graph\">{\"@context\":\"https:\/\/schema.org\",\"@graph\":[{\"@type\":\"Article\",\"@id\":\"https:\/\/casaisabel.es\/torres-de-quart-una-emblematica-entrada-a-la-ciudad-de-valencia\/#article\",\"isPartOf\":{\"@id\":\"https:\/\/casaisabel.es\/torres-de-quart-una-emblematica-entrada-a-la-ciudad-de-valencia\/\"},\"author\":{\"name\":\"Admin\",\"@id\":\"https:\/\/casaisabel.es\/#\/schema\/person\/66308f25a39c9cb32c4e78cf8cfa36cf\"},\"headline\":\"Torres de Quart, una emblem\u00e1tica entrada a la ciudad de Valencia\",\"datePublished\":\"2025-12-10T00:09:19+00:00\",\"mainEntityOfPage\":{\"@id\":\"https:\/\/casaisabel.es\/torres-de-quart-una-emblematica-entrada-a-la-ciudad-de-valencia\/\"},\"wordCount\":365,\"publisher\":{\"@id\":\"https:\/\/casaisabel.es\/#organization\"},\"image\":{\"@id\":\"https:\/\/casaisabel.es\/torres-de-quart-una-emblematica-entrada-a-la-ciudad-de-valencia\/#primaryimage\"},\"thumbnailUrl\":\"https:\/\/casaisabel.es\/wp-content\/uploads\/2014\/10\/TorresQuart.png\",\"articleSection\":[\"Lugares emblem\u00e1ticos de Valencia\"],\"inLanguage\":\"fr-FR\"},{\"@type\":\"WebPage\",\"@id\":\"https:\/\/casaisabel.es\/torres-de-quart-una-emblematica-entrada-a-la-ciudad-de-valencia\/\",\"url\":\"https:\/\/casaisabel.es\/torres-de-quart-una-emblematica-entrada-a-la-ciudad-de-valencia\/\",\"name\":\"Torres de Quart, una emblem\u00e1tica entrada a la ciudad de Valencia - Casa Isabel\",\"isPartOf\":{\"@id\":\"https:\/\/casaisabel.es\/#website\"},\"primaryImageOfPage\":{\"@id\":\"https:\/\/casaisabel.es\/torres-de-quart-una-emblematica-entrada-a-la-ciudad-de-valencia\/#primaryimage\"},\"image\":{\"@id\":\"https:\/\/casaisabel.es\/torres-de-quart-una-emblematica-entrada-a-la-ciudad-de-valencia\/#primaryimage\"},\"thumbnailUrl\":\"https:\/\/casaisabel.es\/wp-content\/uploads\/2014\/10\/TorresQuart.png\",\"datePublished\":\"2025-12-10T00:09:19+00:00\",\"description\":\"Las Torres de Quart son el vestigio m\u00e1s representativo de la muralla medieval de Valencia. Con\u00f3celas y acompa\u00f1a tu visita a la ciudad con una buena paella.\",\"breadcrumb\":{\"@id\":\"https:\/\/casaisabel.es\/torres-de-quart-una-emblematica-entrada-a-la-ciudad-de-valencia\/#breadcrumb\"},\"inLanguage\":\"fr-FR\",\"potentialAction\":[{\"@type\":\"ReadAction\",\"target\":[\"https:\/\/casaisabel.es\/torres-de-quart-una-emblematica-entrada-a-la-ciudad-de-valencia\/\"]}]},{\"@type\":\"ImageObject\",\"inLanguage\":\"fr-FR\",\"@id\":\"https:\/\/casaisabel.es\/torres-de-quart-una-emblematica-entrada-a-la-ciudad-de-valencia\/#primaryimage\",\"url\":\"https:\/\/casaisabel.es\/wp-content\/uploads\/2014\/10\/TorresQuart.png\",\"contentUrl\":\"https:\/\/casaisabel.es\/wp-content\/uploads\/2014\/10\/TorresQuart.png\",\"width\":637,\"height\":223},{\"@type\":\"BreadcrumbList\",\"@id\":\"https:\/\/casaisabel.es\/torres-de-quart-una-emblematica-entrada-a-la-ciudad-de-valencia\/#breadcrumb\",\"itemListElement\":[{\"@type\":\"ListItem\",\"position\":1,\"name\":\"Portada\",\"item\":\"https:\/\/casaisabel.es\/\"},{\"@type\":\"ListItem\",\"position\":2,\"name\":\"Torres de Quart, una emblem\u00e1tica entrada a la ciudad de Valencia\"}]},{\"@type\":\"WebSite\",\"@id\":\"https:\/\/casaisabel.es\/#website\",\"url\":\"https:\/\/casaisabel.es\/\",\"name\":\"Casa Isabel\",\"description\":\"S\u00f3lo otro sitio de WordPress\",\"publisher\":{\"@id\":\"https:\/\/casaisabel.es\/#organization\"},\"potentialAction\":[{\"@type\":\"SearchAction\",\"target\":{\"@type\":\"EntryPoint\",\"urlTemplate\":\"https:\/\/casaisabel.es\/?s={search_term_string}\"},\"query-input\":{\"@type\":\"PropertyValueSpecification\",\"valueRequired\":true,\"valueName\":\"search_term_string\"}}],\"inLanguage\":\"fr-FR\"},{\"@type\":\"Organization\",\"@id\":\"https:\/\/casaisabel.es\/#organization\",\"name\":\"Casa Isabel\",\"url\":\"https:\/\/casaisabel.es\/\",\"logo\":{\"@type\":\"ImageObject\",\"inLanguage\":\"fr-FR\",\"@id\":\"https:\/\/casaisabel.es\/#\/schema\/logo\/image\/\",\"url\":\"https:\/\/casaisabel.es\/wp-content\/uploads\/2023\/09\/casaIsabel.svg\",\"contentUrl\":\"https:\/\/casaisabel.es\/wp-content\/uploads\/2023\/09\/casaIsabel.svg\",\"width\":211,\"height\":49,\"caption\":\"Casa Isabel\"},\"image\":{\"@id\":\"https:\/\/casaisabel.es\/#\/schema\/logo\/image\/\"}},{\"@type\":\"Person\",\"@id\":\"https:\/\/casaisabel.es\/#\/schema\/person\/66308f25a39c9cb32c4e78cf8cfa36cf\",\"name\":\"Admin\",\"image\":{\"@type\":\"ImageObject\",\"inLanguage\":\"fr-FR\",\"@id\":\"https:\/\/casaisabel.es\/#\/schema\/person\/image\/\",\"url\":\"https:\/\/secure.gravatar.com\/avatar\/cfa1bef4e15c827fa091464736c1d269687e21ac8972ec35aec466b4aa06b9c8?s=96&d=mm&r=g\",\"contentUrl\":\"https:\/\/secure.gravatar.com\/avatar\/cfa1bef4e15c827fa091464736c1d269687e21ac8972ec35aec466b4aa06b9c8?s=96&d=mm&r=g\",\"caption\":\"Admin\"},\"url\":\"https:\/\/casaisabel.es\/fr\/author\/admin-2\/\"}]}<\/script>\n<!-- \/ Yoast SEO plugin. -->","yoast_head_json":{"title":"Torres de Quart, una emblem\u00e1tica entrada a la ciudad de Valencia - Casa Isabel","description":"Las Torres de Quart son el vestigio m\u00e1s representativo de la muralla medieval de Valencia. Con\u00f3celas y acompa\u00f1a tu visita a la ciudad con una buena paella.","robots":{"index":"index","follow":"follow","max-snippet":"max-snippet:-1","max-image-preview":"max-image-preview:large","max-video-preview":"max-video-preview:-1"},"canonical":"https:\/\/casaisabel.es\/fr\/torres-de-quart-una-emblematica-entrada-a-la-ciudad-de-valencia\/","og_locale":"fr_FR","og_type":"article","og_title":"Torres de Quart, una emblem\u00e1tica entrada a la ciudad de Valencia - Casa Isabel","og_description":"Las Torres de Quart son el vestigio m\u00e1s representativo de la muralla medieval de Valencia. Con\u00f3celas y acompa\u00f1a tu visita a la ciudad con una buena paella.","og_url":"https:\/\/casaisabel.es\/fr\/torres-de-quart-una-emblematica-entrada-a-la-ciudad-de-valencia\/","og_site_name":"Casa Isabel","article_published_time":"2025-12-10T00:09:19+00:00","og_image":[{"width":637,"height":223,"url":"https:\/\/casaisabel.es\/wp-content\/uploads\/2014\/10\/TorresQuart.png","type":"image\/png"}],"author":"Admin","twitter_card":"summary_large_image","twitter_misc":{"\u00c9crit par":"Admin","Dur\u00e9e de lecture estim\u00e9e":"2 minutes"},"schema":{"@context":"https:\/\/schema.org","@graph":[{"@type":"Article","@id":"https:\/\/casaisabel.es\/torres-de-quart-una-emblematica-entrada-a-la-ciudad-de-valencia\/#article","isPartOf":{"@id":"https:\/\/casaisabel.es\/torres-de-quart-una-emblematica-entrada-a-la-ciudad-de-valencia\/"},"author":{"name":"Admin","@id":"https:\/\/casaisabel.es\/#\/schema\/person\/66308f25a39c9cb32c4e78cf8cfa36cf"},"headline":"Torres de Quart, una emblem\u00e1tica entrada a la ciudad de Valencia","datePublished":"2025-12-10T00:09:19+00:00","mainEntityOfPage":{"@id":"https:\/\/casaisabel.es\/torres-de-quart-una-emblematica-entrada-a-la-ciudad-de-valencia\/"},"wordCount":365,"publisher":{"@id":"https:\/\/casaisabel.es\/#organization"},"image":{"@id":"https:\/\/casaisabel.es\/torres-de-quart-una-emblematica-entrada-a-la-ciudad-de-valencia\/#primaryimage"},"thumbnailUrl":"https:\/\/casaisabel.es\/wp-content\/uploads\/2014\/10\/TorresQuart.png","articleSection":["Lugares emblem\u00e1ticos de Valencia"],"inLanguage":"fr-FR"},{"@type":"WebPage","@id":"https:\/\/casaisabel.es\/torres-de-quart-una-emblematica-entrada-a-la-ciudad-de-valencia\/","url":"https:\/\/casaisabel.es\/torres-de-quart-una-emblematica-entrada-a-la-ciudad-de-valencia\/","name":"Torres de Quart, una emblem\u00e1tica entrada a la ciudad de Valencia - Casa Isabel","isPartOf":{"@id":"https:\/\/casaisabel.es\/#website"},"primaryImageOfPage":{"@id":"https:\/\/casaisabel.es\/torres-de-quart-una-emblematica-entrada-a-la-ciudad-de-valencia\/#primaryimage"},"image":{"@id":"https:\/\/casaisabel.es\/torres-de-quart-una-emblematica-entrada-a-la-ciudad-de-valencia\/#primaryimage"},"thumbnailUrl":"https:\/\/casaisabel.es\/wp-content\/uploads\/2014\/10\/TorresQuart.png","datePublished":"2025-12-10T00:09:19+00:00","description":"Las Torres de Quart son el vestigio m\u00e1s representativo de la muralla medieval de Valencia. Con\u00f3celas y acompa\u00f1a tu visita a la ciudad con una buena paella.","breadcrumb":{"@id":"https:\/\/casaisabel.es\/torres-de-quart-una-emblematica-entrada-a-la-ciudad-de-valencia\/#breadcrumb"},"inLanguage":"fr-FR","potentialAction":[{"@type":"ReadAction","target":["https:\/\/casaisabel.es\/torres-de-quart-una-emblematica-entrada-a-la-ciudad-de-valencia\/"]}]},{"@type":"ImageObject","inLanguage":"fr-FR","@id":"https:\/\/casaisabel.es\/torres-de-quart-una-emblematica-entrada-a-la-ciudad-de-valencia\/#primaryimage","url":"https:\/\/casaisabel.es\/wp-content\/uploads\/2014\/10\/TorresQuart.png","contentUrl":"https:\/\/casaisabel.es\/wp-content\/uploads\/2014\/10\/TorresQuart.png","width":637,"height":223},{"@type":"BreadcrumbList","@id":"https:\/\/casaisabel.es\/torres-de-quart-una-emblematica-entrada-a-la-ciudad-de-valencia\/#breadcrumb","itemListElement":[{"@type":"ListItem","position":1,"name":"Portada","item":"https:\/\/casaisabel.es\/"},{"@type":"ListItem","position":2,"name":"Torres de Quart, una emblem\u00e1tica entrada a la ciudad de Valencia"}]},{"@type":"WebSite","@id":"https:\/\/casaisabel.es\/#website","url":"https:\/\/casaisabel.es\/","name":"Casa Isabel","description":"S\u00f3lo otro sitio de WordPress","publisher":{"@id":"https:\/\/casaisabel.es\/#organization"},"potentialAction":[{"@type":"SearchAction","target":{"@type":"EntryPoint","urlTemplate":"https:\/\/casaisabel.es\/?s={search_term_string}"},"query-input":{"@type":"PropertyValueSpecification","valueRequired":true,"valueName":"search_term_string"}}],"inLanguage":"fr-FR"},{"@type":"Organization","@id":"https:\/\/casaisabel.es\/#organization","name":"Casa Isabel","url":"https:\/\/casaisabel.es\/","logo":{"@type":"ImageObject","inLanguage":"fr-FR","@id":"https:\/\/casaisabel.es\/#\/schema\/logo\/image\/","url":"https:\/\/casaisabel.es\/wp-content\/uploads\/2023\/09\/casaIsabel.svg","contentUrl":"https:\/\/casaisabel.es\/wp-content\/uploads\/2023\/09\/casaIsabel.svg","width":211,"height":49,"caption":"Casa Isabel"},"image":{"@id":"https:\/\/casaisabel.es\/#\/schema\/logo\/image\/"}},{"@type":"Person","@id":"https:\/\/casaisabel.es\/#\/schema\/person\/66308f25a39c9cb32c4e78cf8cfa36cf","name":"Admin","image":{"@type":"ImageObject","inLanguage":"fr-FR","@id":"https:\/\/casaisabel.es\/#\/schema\/person\/image\/","url":"https:\/\/secure.gravatar.com\/avatar\/cfa1bef4e15c827fa091464736c1d269687e21ac8972ec35aec466b4aa06b9c8?s=96&d=mm&r=g","contentUrl":"https:\/\/secure.gravatar.com\/avatar\/cfa1bef4e15c827fa091464736c1d269687e21ac8972ec35aec466b4aa06b9c8?s=96&d=mm&r=g","caption":"Admin"},"url":"https:\/\/casaisabel.es\/fr\/author\/admin-2\/"}]}},"_links":{"self":[{"href":"https:\/\/casaisabel.es\/fr\/wp-json\/wp\/v2\/posts\/1939","targetHints":{"allow":["GET"]}}],"collection":[{"href":"https:\/\/casaisabel.es\/fr\/wp-json\/wp\/v2\/posts"}],"about":[{"href":"https:\/\/casaisabel.es\/fr\/wp-json\/wp\/v2\/types\/post"}],"author":[{"embeddable":true,"href":"https:\/\/casaisabel.es\/fr\/wp-json\/wp\/v2\/users\/2"}],"replies":[{"embeddable":true,"href":"https:\/\/casaisabel.es\/fr\/wp-json\/wp\/v2\/comments?post=1939"}],"version-history":[{"count":0,"href":"https:\/\/casaisabel.es\/fr\/wp-json\/wp\/v2\/posts\/1939\/revisions"}],"wp:featuredmedia":[{"embeddable":true,"href":"https:\/\/casaisabel.es\/fr\/wp-json\/wp\/v2\/media\/1944"}],"wp:attachment":[{"href":"https:\/\/casaisabel.es\/fr\/wp-json\/wp\/v2\/media?parent=1939"}],"wp:term":[{"taxonomy":"category","embeddable":true,"href":"https:\/\/casaisabel.es\/fr\/wp-json\/wp\/v2\/categories?post=1939"},{"taxonomy":"post_tag","embeddable":true,"href":"https:\/\/casaisabel.es\/fr\/wp-json\/wp\/v2\/tags?post=1939"}],"curies":[{"name":"wp","href":"https:\/\/api.w.org\/{rel}","templated":true}]}}