{"id":1822,"date":"2025-12-14T00:06:54","date_gmt":"2025-12-14T00:06:54","guid":{"rendered":"https:\/\/casaisabel.es\/?p=1822---b1e7fbc7-add0-4d23-affc-150fcff9357f"},"modified":"2025-12-14T00:06:54","modified_gmt":"2025-12-14T00:06:54","slug":"la-pilota-valenciana-proclamada-bien-de-interes-cultural","status":"publish","type":"post","link":"https:\/\/casaisabel.es\/fr\/la-pilota-valenciana-proclamada-bien-de-interes-cultural\/","title":{"rendered":"La pilota valenciana proclamada Bien de Inter\u00e9s Cultural"},"content":{"rendered":"<p style=\"text-align: justify\">\nDesde el pasado 5 de septiembre, la pilota valenciana es <a href=\"http:\/\/www.lovevalencia.com\/la-pilota-valenciana-declarada-bien-de-interes-cultural.html\" target=\"_blank\" rel=\"noopener noreferrer\">Bien de Inter\u00e9s Cultural<\/a> de la Comunitat Valenciana. Se trata del <strong>primer deporte<\/strong> que consigue esta distinci\u00f3n, que le concede la mayor protecci\u00f3n prevista en la Ley de Patrimonio Cultural. Se reconoce, as\u00ed, el valor de este juego tradicional como se\u00f1a de identidad del pueblo valenciano.<!--more--><\/p>\n<p style=\"text-align: justify\">Y es que asistir a una de las m\u00e1s de 2.000 partidas de pilota que, se calcula, se juegan cada d\u00eda, es <strong>reencontrarse<\/strong> con una tradici\u00f3n que enlaza directamente con el pasado de los valencianos. Una partida de pilota puede ser tambi\u00e9n un excelente plan tur\u00edstico, despu\u00e9s de pasear por la playa o de comerse una estupenda paella en alguna arrocer\u00eda o en alg\u00fan buen restaurante de la playa de la Malvarrosa.<\/p>\n<p style=\"text-align: justify\">Los or\u00edgenes de la pelota como deporte se <strong>remontan<\/strong> a la Antigua Grecia. Fue el Imperio Romano quien lo introdujo en la Pen\u00ednsula Ib\u00e9rica, aunque los primeros documentos que hacen referencia a su pr\u00e1ctica en la Corona de Arag\u00f3n <strong>datan<\/strong> del a\u00f1o 1305. Durante d\u00e9cadas fue el deporte m\u00e1s popular entre la nobleza de la Corona, hasta la prohibici\u00f3n, hacia finales del siglo XIV, de su pr\u00e1ctica en las calles.<\/p>\n<p style=\"text-align: justify\">En el Reino de Valencia, donde ya se sol\u00eda jugar en interiores, en los trinquets, su \u00e9xito no mengu\u00f3. De hecho, la pilota valenciana fue un deporte muy <strong>practicado<\/strong> hasta mediados del siglo XX, cuando la popularizaci\u00f3n de los llamados \u201cdeportes de masas\u201d (en especial el f\u00fatbol), la expansi\u00f3n urban\u00edstica (y el consecuente derribo de trinquets) y la progresiva castellanizaci\u00f3n de la sociedad pusieron en serio peligro su continuidad. Pero, a partir de los a\u00f1os 70, con el proceso auton\u00f3mico, se ha originado un aut\u00e9ntico resurgir que se extiende hasta nuestros d\u00edas. Hoy, en toda la Comunitat Valenciana hay m\u00e1s de 3.700 pilotaris federados y alrededor de 130 instalaciones en las que se practican sus diferentes modalidades.<\/p>\n<p style=\"text-align: justify\"><a href=\"https:\/\/www.flickr.com\/photos\/frediesport\/8574181695\/in\/photolist-e4EVuT-e4LvU3-e4LvJu-e4EV1H-e4Lvmu-e4EUBx-e4LuZW-e4EU2B-e4LuoW-e4ETE8-e4ETtV-e4LtSq-e4ET56-e4Ltsj-e4Lthy-e4ESyt-e4Lt2Y-e4ESii-e4ESai-e4ERTP-e4ERFK-e4ERvB-e4Ls1y-e4ER6c-e2L6t5-e2ErKZ-e2L6nN-e2L6km-e2Eqvt-e2L55S-e2Erwt-e2Ersr-e2Erm4-e2L5Yw-e2Erf6-e2Erbx-e2Er8g-e2Er4T-e2Er1t-e2L5Eo-e2L5C9-e2L5zf-e2EqRB-e2L5uf-e2EqLX-e2L5pA-e2L5mL-e2L5jo-e2EqAH-e2EqxZ\" target=\"_blank\" rel=\"noopener noreferrer\">Imagen<\/a><\/p>","protected":false},"excerpt":{"rendered":"<p>Desde el pasado 5 de septiembre, la pilota valenciana es Bien de Inter\u00e9s Cultural de la Comunitat Valenciana. Se trata del primer deporte que consigue esta distinci\u00f3n, que le concede la mayor protecci\u00f3n prevista en la Ley de Patrimonio Cultural. Se reconoce, as\u00ed, el valor de este juego tradicional como se\u00f1a de identidad del pueblo [&hellip;]<\/p>","protected":false},"author":2,"featured_media":1823,"comment_status":"closed","ping_status":"closed","sticky":false,"template":"","format":"standard","meta":{"site-sidebar-layout":"default","site-content-layout":"","ast-site-content-layout":"","site-content-style":"default","site-sidebar-style":"default","ast-global-header-display":"","ast-banner-title-visibility":"","ast-main-header-display":"","ast-hfb-above-header-display":"","ast-hfb-below-header-display":"","ast-hfb-mobile-header-display":"","site-post-title":"","ast-breadcrumbs-content":"","ast-featured-img":"","footer-sml-layout":"","theme-transparent-header-meta":"","adv-header-id-meta":"","stick-header-meta":"","header-above-stick-meta":"","header-main-stick-meta":"","header-below-stick-meta":"","astra-migrate-meta-layouts":"default","ast-page-background-enabled":"default","ast-page-background-meta":{"desktop":{"background-color":"var(--ast-global-color-4)","background-image":"","background-repeat":"repeat","background-position":"center center","background-size":"auto","background-attachment":"scroll","background-type":"","background-media":"","overlay-type":"","overlay-color":"","overlay-opacity":"","overlay-gradient":""},"tablet":{"background-color":"","background-image":"","background-repeat":"repeat","background-position":"center center","background-size":"auto","background-attachment":"scroll","background-type":"","background-media":"","overlay-type":"","overlay-color":"","overlay-opacity":"","overlay-gradient":""},"mobile":{"background-color":"","background-image":"","background-repeat":"repeat","background-position":"center center","background-size":"auto","background-attachment":"scroll","background-type":"","background-media":"","overlay-type":"","overlay-color":"","overlay-opacity":"","overlay-gradient":""}},"ast-content-background-meta":{"desktop":{"background-color":"var(--ast-global-color-5)","background-image":"","background-repeat":"repeat","background-position":"center center","background-size":"auto","background-attachment":"scroll","background-type":"","background-media":"","overlay-type":"","overlay-color":"","overlay-opacity":"","overlay-gradient":""},"tablet":{"background-color":"var(--ast-global-color-5)","background-image":"","background-repeat":"repeat","background-position":"center center","background-size":"auto","background-attachment":"scroll","background-type":"","background-media":"","overlay-type":"","overlay-color":"","overlay-opacity":"","overlay-gradient":""},"mobile":{"background-color":"var(--ast-global-color-5)","background-image":"","background-repeat":"repeat","background-position":"center center","background-size":"auto","background-attachment":"scroll","background-type":"","background-media":"","overlay-type":"","overlay-color":"","overlay-opacity":"","overlay-gradient":""}},"footnotes":""},"categories":[12],"tags":[],"class_list":["post-1822","post","type-post","status-publish","format-standard","has-post-thumbnail","hentry","category-valencia-cultura"],"yoast_head":"<!-- This site is optimized with the Yoast SEO plugin v25.6 - https:\/\/yoast.com\/wordpress\/plugins\/seo\/ -->\n<title>La pilota valenciana proclamada Bien de Inter\u00e9s Cultural<\/title>\n<meta name=\"description\" content=\"CASA ISABEL. Restaurante en Valencia. Disfruta de una exquisita comida mediterr\u00e1nea en la costa de la ciudad de uno de los mejores restaurantes de Valencia\" \/>\n<meta name=\"robots\" content=\"index, follow, max-snippet:-1, max-image-preview:large, max-video-preview:-1\" \/>\n<link rel=\"canonical\" href=\"https:\/\/casaisabel.es\/fr\/la-pilota-valenciana-proclamada-bien-de-interes-cultural\/\" \/>\n<meta property=\"og:locale\" content=\"fr_FR\" \/>\n<meta property=\"og:type\" content=\"article\" \/>\n<meta property=\"og:title\" content=\"La pilota valenciana proclamada Bien de Inter\u00e9s Cultural\" \/>\n<meta property=\"og:description\" content=\"CASA ISABEL. Restaurante en Valencia. Disfruta de una exquisita comida mediterr\u00e1nea en la costa de la ciudad de uno de los mejores restaurantes de Valencia\" \/>\n<meta property=\"og:url\" content=\"https:\/\/casaisabel.es\/fr\/la-pilota-valenciana-proclamada-bien-de-interes-cultural\/\" \/>\n<meta property=\"og:site_name\" content=\"Casa Isabel\" \/>\n<meta property=\"article:published_time\" content=\"2025-12-14T00:06:54+00:00\" \/>\n<meta property=\"og:image\" content=\"https:\/\/casaisabel.es\/wp-content\/uploads\/2014\/09\/gdfgdfg-fdgdfg_0-1.png\" \/>\n\t<meta property=\"og:image:width\" content=\"640\" \/>\n\t<meta property=\"og:image:height\" content=\"257\" \/>\n\t<meta property=\"og:image:type\" content=\"image\/png\" \/>\n<meta name=\"author\" content=\"Admin\" \/>\n<meta name=\"twitter:card\" content=\"summary_large_image\" \/>\n<meta name=\"twitter:label1\" content=\"\u00c9crit par\" \/>\n\t<meta name=\"twitter:data1\" content=\"Admin\" \/>\n\t<meta name=\"twitter:label2\" content=\"Dur\u00e9e de lecture estim\u00e9e\" \/>\n\t<meta name=\"twitter:data2\" content=\"2 minutes\" \/>\n<script type=\"application\/ld+json\" class=\"yoast-schema-graph\">{\"@context\":\"https:\/\/schema.org\",\"@graph\":[{\"@type\":\"Article\",\"@id\":\"https:\/\/casaisabel.es\/la-pilota-valenciana-proclamada-bien-de-interes-cultural\/#article\",\"isPartOf\":{\"@id\":\"https:\/\/casaisabel.es\/la-pilota-valenciana-proclamada-bien-de-interes-cultural\/\"},\"author\":{\"name\":\"Admin\",\"@id\":\"https:\/\/casaisabel.es\/#\/schema\/person\/66308f25a39c9cb32c4e78cf8cfa36cf\"},\"headline\":\"La pilota valenciana proclamada Bien de Inter\u00e9s Cultural\",\"datePublished\":\"2025-12-14T00:06:54+00:00\",\"mainEntityOfPage\":{\"@id\":\"https:\/\/casaisabel.es\/la-pilota-valenciana-proclamada-bien-de-interes-cultural\/\"},\"wordCount\":352,\"publisher\":{\"@id\":\"https:\/\/casaisabel.es\/#organization\"},\"image\":{\"@id\":\"https:\/\/casaisabel.es\/la-pilota-valenciana-proclamada-bien-de-interes-cultural\/#primaryimage\"},\"thumbnailUrl\":\"https:\/\/casaisabel.es\/wp-content\/uploads\/2014\/09\/gdfgdfg-fdgdfg_0-1.png\",\"articleSection\":[\"Valencia cultura\"],\"inLanguage\":\"fr-FR\"},{\"@type\":\"WebPage\",\"@id\":\"https:\/\/casaisabel.es\/la-pilota-valenciana-proclamada-bien-de-interes-cultural\/\",\"url\":\"https:\/\/casaisabel.es\/la-pilota-valenciana-proclamada-bien-de-interes-cultural\/\",\"name\":\"La pilota valenciana proclamada Bien de Inter\u00e9s Cultural\",\"isPartOf\":{\"@id\":\"https:\/\/casaisabel.es\/#website\"},\"primaryImageOfPage\":{\"@id\":\"https:\/\/casaisabel.es\/la-pilota-valenciana-proclamada-bien-de-interes-cultural\/#primaryimage\"},\"image\":{\"@id\":\"https:\/\/casaisabel.es\/la-pilota-valenciana-proclamada-bien-de-interes-cultural\/#primaryimage\"},\"thumbnailUrl\":\"https:\/\/casaisabel.es\/wp-content\/uploads\/2014\/09\/gdfgdfg-fdgdfg_0-1.png\",\"datePublished\":\"2025-12-14T00:06:54+00:00\",\"description\":\"CASA ISABEL. Restaurante en Valencia. Disfruta de una exquisita comida mediterr\u00e1nea en la costa de la ciudad de uno de los mejores restaurantes de Valencia\",\"breadcrumb\":{\"@id\":\"https:\/\/casaisabel.es\/la-pilota-valenciana-proclamada-bien-de-interes-cultural\/#breadcrumb\"},\"inLanguage\":\"fr-FR\",\"potentialAction\":[{\"@type\":\"ReadAction\",\"target\":[\"https:\/\/casaisabel.es\/la-pilota-valenciana-proclamada-bien-de-interes-cultural\/\"]}]},{\"@type\":\"ImageObject\",\"inLanguage\":\"fr-FR\",\"@id\":\"https:\/\/casaisabel.es\/la-pilota-valenciana-proclamada-bien-de-interes-cultural\/#primaryimage\",\"url\":\"https:\/\/casaisabel.es\/wp-content\/uploads\/2014\/09\/gdfgdfg-fdgdfg_0-1.png\",\"contentUrl\":\"https:\/\/casaisabel.es\/wp-content\/uploads\/2014\/09\/gdfgdfg-fdgdfg_0-1.png\",\"width\":640,\"height\":257},{\"@type\":\"BreadcrumbList\",\"@id\":\"https:\/\/casaisabel.es\/la-pilota-valenciana-proclamada-bien-de-interes-cultural\/#breadcrumb\",\"itemListElement\":[{\"@type\":\"ListItem\",\"position\":1,\"name\":\"Portada\",\"item\":\"https:\/\/casaisabel.es\/\"},{\"@type\":\"ListItem\",\"position\":2,\"name\":\"La pilota valenciana proclamada Bien de Inter\u00e9s Cultural\"}]},{\"@type\":\"WebSite\",\"@id\":\"https:\/\/casaisabel.es\/#website\",\"url\":\"https:\/\/casaisabel.es\/\",\"name\":\"Casa Isabel\",\"description\":\"S\u00f3lo otro sitio de WordPress\",\"publisher\":{\"@id\":\"https:\/\/casaisabel.es\/#organization\"},\"potentialAction\":[{\"@type\":\"SearchAction\",\"target\":{\"@type\":\"EntryPoint\",\"urlTemplate\":\"https:\/\/casaisabel.es\/?s={search_term_string}\"},\"query-input\":{\"@type\":\"PropertyValueSpecification\",\"valueRequired\":true,\"valueName\":\"search_term_string\"}}],\"inLanguage\":\"fr-FR\"},{\"@type\":\"Organization\",\"@id\":\"https:\/\/casaisabel.es\/#organization\",\"name\":\"Casa Isabel\",\"url\":\"https:\/\/casaisabel.es\/\",\"logo\":{\"@type\":\"ImageObject\",\"inLanguage\":\"fr-FR\",\"@id\":\"https:\/\/casaisabel.es\/#\/schema\/logo\/image\/\",\"url\":\"https:\/\/casaisabel.es\/wp-content\/uploads\/2023\/09\/casaIsabel.svg\",\"contentUrl\":\"https:\/\/casaisabel.es\/wp-content\/uploads\/2023\/09\/casaIsabel.svg\",\"width\":211,\"height\":49,\"caption\":\"Casa Isabel\"},\"image\":{\"@id\":\"https:\/\/casaisabel.es\/#\/schema\/logo\/image\/\"}},{\"@type\":\"Person\",\"@id\":\"https:\/\/casaisabel.es\/#\/schema\/person\/66308f25a39c9cb32c4e78cf8cfa36cf\",\"name\":\"Admin\",\"image\":{\"@type\":\"ImageObject\",\"inLanguage\":\"fr-FR\",\"@id\":\"https:\/\/casaisabel.es\/#\/schema\/person\/image\/\",\"url\":\"https:\/\/secure.gravatar.com\/avatar\/cfa1bef4e15c827fa091464736c1d269687e21ac8972ec35aec466b4aa06b9c8?s=96&d=mm&r=g\",\"contentUrl\":\"https:\/\/secure.gravatar.com\/avatar\/cfa1bef4e15c827fa091464736c1d269687e21ac8972ec35aec466b4aa06b9c8?s=96&d=mm&r=g\",\"caption\":\"Admin\"},\"url\":\"https:\/\/casaisabel.es\/fr\/author\/admin-2\/\"}]}<\/script>\n<!-- \/ Yoast SEO plugin. -->","yoast_head_json":{"title":"La pilota valenciana proclamada Bien de Inter\u00e9s Cultural","description":"CASA ISABEL. Restaurante en Valencia. Disfruta de una exquisita comida mediterr\u00e1nea en la costa de la ciudad de uno de los mejores restaurantes de Valencia","robots":{"index":"index","follow":"follow","max-snippet":"max-snippet:-1","max-image-preview":"max-image-preview:large","max-video-preview":"max-video-preview:-1"},"canonical":"https:\/\/casaisabel.es\/fr\/la-pilota-valenciana-proclamada-bien-de-interes-cultural\/","og_locale":"fr_FR","og_type":"article","og_title":"La pilota valenciana proclamada Bien de Inter\u00e9s Cultural","og_description":"CASA ISABEL. Restaurante en Valencia. Disfruta de una exquisita comida mediterr\u00e1nea en la costa de la ciudad de uno de los mejores restaurantes de Valencia","og_url":"https:\/\/casaisabel.es\/fr\/la-pilota-valenciana-proclamada-bien-de-interes-cultural\/","og_site_name":"Casa Isabel","article_published_time":"2025-12-14T00:06:54+00:00","og_image":[{"width":640,"height":257,"url":"https:\/\/casaisabel.es\/wp-content\/uploads\/2014\/09\/gdfgdfg-fdgdfg_0-1.png","type":"image\/png"}],"author":"Admin","twitter_card":"summary_large_image","twitter_misc":{"\u00c9crit par":"Admin","Dur\u00e9e de lecture estim\u00e9e":"2 minutes"},"schema":{"@context":"https:\/\/schema.org","@graph":[{"@type":"Article","@id":"https:\/\/casaisabel.es\/la-pilota-valenciana-proclamada-bien-de-interes-cultural\/#article","isPartOf":{"@id":"https:\/\/casaisabel.es\/la-pilota-valenciana-proclamada-bien-de-interes-cultural\/"},"author":{"name":"Admin","@id":"https:\/\/casaisabel.es\/#\/schema\/person\/66308f25a39c9cb32c4e78cf8cfa36cf"},"headline":"La pilota valenciana proclamada Bien de Inter\u00e9s Cultural","datePublished":"2025-12-14T00:06:54+00:00","mainEntityOfPage":{"@id":"https:\/\/casaisabel.es\/la-pilota-valenciana-proclamada-bien-de-interes-cultural\/"},"wordCount":352,"publisher":{"@id":"https:\/\/casaisabel.es\/#organization"},"image":{"@id":"https:\/\/casaisabel.es\/la-pilota-valenciana-proclamada-bien-de-interes-cultural\/#primaryimage"},"thumbnailUrl":"https:\/\/casaisabel.es\/wp-content\/uploads\/2014\/09\/gdfgdfg-fdgdfg_0-1.png","articleSection":["Valencia cultura"],"inLanguage":"fr-FR"},{"@type":"WebPage","@id":"https:\/\/casaisabel.es\/la-pilota-valenciana-proclamada-bien-de-interes-cultural\/","url":"https:\/\/casaisabel.es\/la-pilota-valenciana-proclamada-bien-de-interes-cultural\/","name":"La pilota valenciana proclamada Bien de Inter\u00e9s Cultural","isPartOf":{"@id":"https:\/\/casaisabel.es\/#website"},"primaryImageOfPage":{"@id":"https:\/\/casaisabel.es\/la-pilota-valenciana-proclamada-bien-de-interes-cultural\/#primaryimage"},"image":{"@id":"https:\/\/casaisabel.es\/la-pilota-valenciana-proclamada-bien-de-interes-cultural\/#primaryimage"},"thumbnailUrl":"https:\/\/casaisabel.es\/wp-content\/uploads\/2014\/09\/gdfgdfg-fdgdfg_0-1.png","datePublished":"2025-12-14T00:06:54+00:00","description":"CASA ISABEL. Restaurante en Valencia. Disfruta de una exquisita comida mediterr\u00e1nea en la costa de la ciudad de uno de los mejores restaurantes de Valencia","breadcrumb":{"@id":"https:\/\/casaisabel.es\/la-pilota-valenciana-proclamada-bien-de-interes-cultural\/#breadcrumb"},"inLanguage":"fr-FR","potentialAction":[{"@type":"ReadAction","target":["https:\/\/casaisabel.es\/la-pilota-valenciana-proclamada-bien-de-interes-cultural\/"]}]},{"@type":"ImageObject","inLanguage":"fr-FR","@id":"https:\/\/casaisabel.es\/la-pilota-valenciana-proclamada-bien-de-interes-cultural\/#primaryimage","url":"https:\/\/casaisabel.es\/wp-content\/uploads\/2014\/09\/gdfgdfg-fdgdfg_0-1.png","contentUrl":"https:\/\/casaisabel.es\/wp-content\/uploads\/2014\/09\/gdfgdfg-fdgdfg_0-1.png","width":640,"height":257},{"@type":"BreadcrumbList","@id":"https:\/\/casaisabel.es\/la-pilota-valenciana-proclamada-bien-de-interes-cultural\/#breadcrumb","itemListElement":[{"@type":"ListItem","position":1,"name":"Portada","item":"https:\/\/casaisabel.es\/"},{"@type":"ListItem","position":2,"name":"La pilota valenciana proclamada Bien de Inter\u00e9s Cultural"}]},{"@type":"WebSite","@id":"https:\/\/casaisabel.es\/#website","url":"https:\/\/casaisabel.es\/","name":"Casa Isabel","description":"S\u00f3lo otro sitio de WordPress","publisher":{"@id":"https:\/\/casaisabel.es\/#organization"},"potentialAction":[{"@type":"SearchAction","target":{"@type":"EntryPoint","urlTemplate":"https:\/\/casaisabel.es\/?s={search_term_string}"},"query-input":{"@type":"PropertyValueSpecification","valueRequired":true,"valueName":"search_term_string"}}],"inLanguage":"fr-FR"},{"@type":"Organization","@id":"https:\/\/casaisabel.es\/#organization","name":"Casa Isabel","url":"https:\/\/casaisabel.es\/","logo":{"@type":"ImageObject","inLanguage":"fr-FR","@id":"https:\/\/casaisabel.es\/#\/schema\/logo\/image\/","url":"https:\/\/casaisabel.es\/wp-content\/uploads\/2023\/09\/casaIsabel.svg","contentUrl":"https:\/\/casaisabel.es\/wp-content\/uploads\/2023\/09\/casaIsabel.svg","width":211,"height":49,"caption":"Casa Isabel"},"image":{"@id":"https:\/\/casaisabel.es\/#\/schema\/logo\/image\/"}},{"@type":"Person","@id":"https:\/\/casaisabel.es\/#\/schema\/person\/66308f25a39c9cb32c4e78cf8cfa36cf","name":"Admin","image":{"@type":"ImageObject","inLanguage":"fr-FR","@id":"https:\/\/casaisabel.es\/#\/schema\/person\/image\/","url":"https:\/\/secure.gravatar.com\/avatar\/cfa1bef4e15c827fa091464736c1d269687e21ac8972ec35aec466b4aa06b9c8?s=96&d=mm&r=g","contentUrl":"https:\/\/secure.gravatar.com\/avatar\/cfa1bef4e15c827fa091464736c1d269687e21ac8972ec35aec466b4aa06b9c8?s=96&d=mm&r=g","caption":"Admin"},"url":"https:\/\/casaisabel.es\/fr\/author\/admin-2\/"}]}},"_links":{"self":[{"href":"https:\/\/casaisabel.es\/fr\/wp-json\/wp\/v2\/posts\/1822","targetHints":{"allow":["GET"]}}],"collection":[{"href":"https:\/\/casaisabel.es\/fr\/wp-json\/wp\/v2\/posts"}],"about":[{"href":"https:\/\/casaisabel.es\/fr\/wp-json\/wp\/v2\/types\/post"}],"author":[{"embeddable":true,"href":"https:\/\/casaisabel.es\/fr\/wp-json\/wp\/v2\/users\/2"}],"replies":[{"embeddable":true,"href":"https:\/\/casaisabel.es\/fr\/wp-json\/wp\/v2\/comments?post=1822"}],"version-history":[{"count":0,"href":"https:\/\/casaisabel.es\/fr\/wp-json\/wp\/v2\/posts\/1822\/revisions"}],"wp:featuredmedia":[{"embeddable":true,"href":"https:\/\/casaisabel.es\/fr\/wp-json\/wp\/v2\/media\/1823"}],"wp:attachment":[{"href":"https:\/\/casaisabel.es\/fr\/wp-json\/wp\/v2\/media?parent=1822"}],"wp:term":[{"taxonomy":"category","embeddable":true,"href":"https:\/\/casaisabel.es\/fr\/wp-json\/wp\/v2\/categories?post=1822"},{"taxonomy":"post_tag","embeddable":true,"href":"https:\/\/casaisabel.es\/fr\/wp-json\/wp\/v2\/tags?post=1822"}],"curies":[{"name":"wp","href":"https:\/\/api.w.org\/{rel}","templated":true}]}}