{"id":1700,"date":"2025-11-29T00:06:36","date_gmt":"2025-11-29T00:06:36","guid":{"rendered":"https:\/\/casaisabel.es\/?p=1700---31f1ab7c-b51e-47ba-b82f-c3a2046377b7"},"modified":"2025-11-29T00:06:36","modified_gmt":"2025-11-29T00:06:36","slug":"gastronomia-de-valencia-all-i-pebre-de-anguila","status":"publish","type":"post","link":"https:\/\/casaisabel.es\/fr\/gastronomia-de-valencia-all-i-pebre-de-anguila\/","title":{"rendered":"Gastronom\u00eda de Valencia: all i pebre de anguila"},"content":{"rendered":"<p style=\"text-align: justify\">Uno de los platos m\u00e1s emblem\u00e1ticos de Valencia, que se degusta a pie de playa en cualquier buena arrocer\u00eda, es el all i pebre de <a href=\"http:\/\/alimentos.org.es\/anguila\" target=\"_blank\" rel=\"noopener noreferrer\">anguila<\/a>.\u00a0Todo buen restaurante de la playa de la Malvarrosa en Valencia o en los alrededores de la Albufera cuenta, entre sus especialidades, con este plato <strong>sencillo pero de gran sabor<\/strong>, adem\u00e1s de la exquisita paella valenciana.<!--more--><\/p>\n<p style=\"text-align: justify\">La anguila nos acompa\u00f1a desde la antig\u00fcedad y, a pesar de que se conocen diecisiete especies en todo el planeta, su biolog\u00eda sigue siendo un misterio. Nace en el mar, remonta los r\u00edos y al cabo de unos a\u00f1os vuelve nuevamente al mar a desovar. Un ciclo vital que se repite desde la Era Terciaria.<\/p>\n<p style=\"text-align: justify\">Adem\u00e1s de su sabor, se trata de un pescado con <strong>alto valor nutritivo<\/strong> y con propiedades curativas gracias a su aporte en grasas insaturadas ricas en Omega 3 y beneficiosas para la salud, que ayudan a rebajar el colesterol y a liberar las arterias de los dep\u00f3sitos grasos que las endurecen. La anguila es rica en hierro, magnesio y prote\u00ednas de calidad.<\/p>\n<p style=\"text-align: justify\">Contiene:<\/p>\n<p style=\"text-align: justify\">Vitamina A que protege la vista.<br \/>\nVitaminas del grupo B que regulan el sistema nervioso.<br \/>\nVitamina D que favorece el crecimiento y fortalece los huesos.<br \/>\nVitamina E antioxidante que ayuda a luchar contra los radicales libres y el envejecimiento celular.<\/p>\n<p style=\"text-align: justify\">Ingredientes del all i pebre de anguila:<\/p>\n<p style=\"text-align: justify\">Este plato pertenece a la cocina de los guisos o suquets de pescado, tan reputados en toda la cuenca mediterr\u00e1nea valenciana. <strong>Los principales ingredientes<\/strong>, adem\u00e1s de la anguila que se corta en grandes trozos, son: patatas troceadas, ajos, piment\u00f3n (llamado pebre roig), guindillas, aceite de oliva y agua.<\/p>\n<p style=\"text-align: justify\">El sabor exquisito de la anguila se ve realzado en este guiso de pescadores, que las arrocer\u00edas de la Malvarrosa cocinan con esmero a fuego lento para deleite de sus numerosos clientes.<\/p>\n<p style=\"text-align: justify\"><a href=\"https:\/\/www.flickr.com\/photos\/dasoaz\/5507211604\/in\/photolist-fNfr8A-8S3Qw5-8RZJVa-8RZJZM-8ZtojA-8Ztpv9-a5hAou-87k3jz-cGsndW-9oDU9d-7e3TAB-4JMgYU-5cXBNw-89Sdg6-89Vtcb-oHwg-nY4FBq-8ZtoQG-8ZqmkM-89gpNX-83oHD2-F35Mb-aUkKnH-92ctHX-64awUm-dbcKGF-9k4fhE-bPvD1T-sduqH-e3mE8K-aDDXkF-8Ugtj3-dhZ7PQ-5o9ej8-e3WwSh-e3Wz1b-eBvwxR-9g8SHL-6W2Q8X-4Vd5dQ-bG7Bzn-bku21H-bku1iD-eEs3rB-bK3oWV-pxMUL-6cJ18b-7rsuHz-o7AoPA-ducHwP\" target=\"_blank\" rel=\"noopener noreferrer\">Imagen<\/a><\/p>","protected":false},"excerpt":{"rendered":"<p>Uno de los platos m\u00e1s emblem\u00e1ticos de Valencia, que se degusta a pie de playa en cualquier buena arrocer\u00eda, es el all i pebre de anguila.\u00a0Todo buen restaurante de la playa de la Malvarrosa en Valencia o en los alrededores de la Albufera cuenta, entre sus especialidades, con este plato sencillo pero de gran sabor, [&hellip;]<\/p>","protected":false},"author":2,"featured_media":1701,"comment_status":"closed","ping_status":"closed","sticky":false,"template":"","format":"standard","meta":{"site-sidebar-layout":"default","site-content-layout":"","ast-site-content-layout":"","site-content-style":"default","site-sidebar-style":"default","ast-global-header-display":"","ast-banner-title-visibility":"","ast-main-header-display":"","ast-hfb-above-header-display":"","ast-hfb-below-header-display":"","ast-hfb-mobile-header-display":"","site-post-title":"","ast-breadcrumbs-content":"","ast-featured-img":"","footer-sml-layout":"","theme-transparent-header-meta":"","adv-header-id-meta":"","stick-header-meta":"","header-above-stick-meta":"","header-main-stick-meta":"","header-below-stick-meta":"","astra-migrate-meta-layouts":"default","ast-page-background-enabled":"default","ast-page-background-meta":{"desktop":{"background-color":"var(--ast-global-color-4)","background-image":"","background-repeat":"repeat","background-position":"center center","background-size":"auto","background-attachment":"scroll","background-type":"","background-media":"","overlay-type":"","overlay-color":"","overlay-opacity":"","overlay-gradient":""},"tablet":{"background-color":"","background-image":"","background-repeat":"repeat","background-position":"center center","background-size":"auto","background-attachment":"scroll","background-type":"","background-media":"","overlay-type":"","overlay-color":"","overlay-opacity":"","overlay-gradient":""},"mobile":{"background-color":"","background-image":"","background-repeat":"repeat","background-position":"center center","background-size":"auto","background-attachment":"scroll","background-type":"","background-media":"","overlay-type":"","overlay-color":"","overlay-opacity":"","overlay-gradient":""}},"ast-content-background-meta":{"desktop":{"background-color":"var(--ast-global-color-5)","background-image":"","background-repeat":"repeat","background-position":"center center","background-size":"auto","background-attachment":"scroll","background-type":"","background-media":"","overlay-type":"","overlay-color":"","overlay-opacity":"","overlay-gradient":""},"tablet":{"background-color":"var(--ast-global-color-5)","background-image":"","background-repeat":"repeat","background-position":"center center","background-size":"auto","background-attachment":"scroll","background-type":"","background-media":"","overlay-type":"","overlay-color":"","overlay-opacity":"","overlay-gradient":""},"mobile":{"background-color":"var(--ast-global-color-5)","background-image":"","background-repeat":"repeat","background-position":"center center","background-size":"auto","background-attachment":"scroll","background-type":"","background-media":"","overlay-type":"","overlay-color":"","overlay-opacity":"","overlay-gradient":""}},"footnotes":""},"categories":[2],"tags":[],"class_list":["post-1700","post","type-post","status-publish","format-standard","has-post-thumbnail","hentry","category-sin-categoria"],"yoast_head":"<!-- This site is optimized with the Yoast SEO plugin v25.6 - https:\/\/yoast.com\/wordpress\/plugins\/seo\/ -->\n<title>Gastronom\u00eda de Valencia: all i pebre de anguila<\/title>\n<meta name=\"description\" content=\"CASA ISABEL. Restaurante en Valencia. Disfruta de una exquisita comida mediterr\u00e1nea en la costa de la ciudad de uno de los mejores restaurantes de Valencia\" \/>\n<meta name=\"robots\" content=\"index, follow, max-snippet:-1, max-image-preview:large, max-video-preview:-1\" \/>\n<link rel=\"canonical\" href=\"https:\/\/casaisabel.es\/fr\/gastronomia-de-valencia-all-i-pebre-de-anguila\/\" \/>\n<meta property=\"og:locale\" content=\"fr_FR\" \/>\n<meta property=\"og:type\" content=\"article\" \/>\n<meta property=\"og:title\" content=\"Gastronom\u00eda de Valencia: all i pebre de anguila\" \/>\n<meta property=\"og:description\" content=\"CASA ISABEL. Restaurante en Valencia. Disfruta de una exquisita comida mediterr\u00e1nea en la costa de la ciudad de uno de los mejores restaurantes de Valencia\" \/>\n<meta property=\"og:url\" content=\"https:\/\/casaisabel.es\/fr\/gastronomia-de-valencia-all-i-pebre-de-anguila\/\" \/>\n<meta property=\"og:site_name\" content=\"Casa Isabel\" \/>\n<meta property=\"article:published_time\" content=\"2025-11-29T00:06:36+00:00\" \/>\n<meta property=\"og:image\" content=\"https:\/\/casaisabel.es\/wp-content\/uploads\/2014\/09\/Sin-sdfsdfsdf_0.png\" \/>\n\t<meta property=\"og:image:width\" content=\"639\" \/>\n\t<meta property=\"og:image:height\" content=\"258\" \/>\n\t<meta property=\"og:image:type\" content=\"image\/png\" \/>\n<meta name=\"author\" content=\"Admin\" \/>\n<meta name=\"twitter:card\" content=\"summary_large_image\" \/>\n<meta name=\"twitter:label1\" content=\"\u00c9crit par\" \/>\n\t<meta name=\"twitter:data1\" content=\"Admin\" \/>\n\t<meta name=\"twitter:label2\" content=\"Dur\u00e9e de lecture estim\u00e9e\" \/>\n\t<meta name=\"twitter:data2\" content=\"2 minutes\" \/>\n<script type=\"application\/ld+json\" class=\"yoast-schema-graph\">{\"@context\":\"https:\/\/schema.org\",\"@graph\":[{\"@type\":\"Article\",\"@id\":\"https:\/\/casaisabel.es\/gastronomia-de-valencia-all-i-pebre-de-anguila\/#article\",\"isPartOf\":{\"@id\":\"https:\/\/casaisabel.es\/gastronomia-de-valencia-all-i-pebre-de-anguila\/\"},\"author\":{\"name\":\"Admin\",\"@id\":\"https:\/\/casaisabel.es\/#\/schema\/person\/66308f25a39c9cb32c4e78cf8cfa36cf\"},\"headline\":\"Gastronom\u00eda de Valencia: all i pebre de anguila\",\"datePublished\":\"2025-11-29T00:06:36+00:00\",\"mainEntityOfPage\":{\"@id\":\"https:\/\/casaisabel.es\/gastronomia-de-valencia-all-i-pebre-de-anguila\/\"},\"wordCount\":332,\"publisher\":{\"@id\":\"https:\/\/casaisabel.es\/#organization\"},\"image\":{\"@id\":\"https:\/\/casaisabel.es\/gastronomia-de-valencia-all-i-pebre-de-anguila\/#primaryimage\"},\"thumbnailUrl\":\"https:\/\/casaisabel.es\/wp-content\/uploads\/2014\/09\/Sin-sdfsdfsdf_0.png\",\"articleSection\":[\"Sin categor\u00eda\"],\"inLanguage\":\"fr-FR\"},{\"@type\":\"WebPage\",\"@id\":\"https:\/\/casaisabel.es\/gastronomia-de-valencia-all-i-pebre-de-anguila\/\",\"url\":\"https:\/\/casaisabel.es\/gastronomia-de-valencia-all-i-pebre-de-anguila\/\",\"name\":\"Gastronom\u00eda de Valencia: all i pebre de anguila\",\"isPartOf\":{\"@id\":\"https:\/\/casaisabel.es\/#website\"},\"primaryImageOfPage\":{\"@id\":\"https:\/\/casaisabel.es\/gastronomia-de-valencia-all-i-pebre-de-anguila\/#primaryimage\"},\"image\":{\"@id\":\"https:\/\/casaisabel.es\/gastronomia-de-valencia-all-i-pebre-de-anguila\/#primaryimage\"},\"thumbnailUrl\":\"https:\/\/casaisabel.es\/wp-content\/uploads\/2014\/09\/Sin-sdfsdfsdf_0.png\",\"datePublished\":\"2025-11-29T00:06:36+00:00\",\"description\":\"CASA ISABEL. Restaurante en Valencia. Disfruta de una exquisita comida mediterr\u00e1nea en la costa de la ciudad de uno de los mejores restaurantes de Valencia\",\"breadcrumb\":{\"@id\":\"https:\/\/casaisabel.es\/gastronomia-de-valencia-all-i-pebre-de-anguila\/#breadcrumb\"},\"inLanguage\":\"fr-FR\",\"potentialAction\":[{\"@type\":\"ReadAction\",\"target\":[\"https:\/\/casaisabel.es\/gastronomia-de-valencia-all-i-pebre-de-anguila\/\"]}]},{\"@type\":\"ImageObject\",\"inLanguage\":\"fr-FR\",\"@id\":\"https:\/\/casaisabel.es\/gastronomia-de-valencia-all-i-pebre-de-anguila\/#primaryimage\",\"url\":\"https:\/\/casaisabel.es\/wp-content\/uploads\/2014\/09\/Sin-sdfsdfsdf_0.png\",\"contentUrl\":\"https:\/\/casaisabel.es\/wp-content\/uploads\/2014\/09\/Sin-sdfsdfsdf_0.png\",\"width\":639,\"height\":258},{\"@type\":\"BreadcrumbList\",\"@id\":\"https:\/\/casaisabel.es\/gastronomia-de-valencia-all-i-pebre-de-anguila\/#breadcrumb\",\"itemListElement\":[{\"@type\":\"ListItem\",\"position\":1,\"name\":\"Portada\",\"item\":\"https:\/\/casaisabel.es\/\"},{\"@type\":\"ListItem\",\"position\":2,\"name\":\"Gastronom\u00eda de Valencia: all i pebre de anguila\"}]},{\"@type\":\"WebSite\",\"@id\":\"https:\/\/casaisabel.es\/#website\",\"url\":\"https:\/\/casaisabel.es\/\",\"name\":\"Casa Isabel\",\"description\":\"S\u00f3lo otro sitio de WordPress\",\"publisher\":{\"@id\":\"https:\/\/casaisabel.es\/#organization\"},\"potentialAction\":[{\"@type\":\"SearchAction\",\"target\":{\"@type\":\"EntryPoint\",\"urlTemplate\":\"https:\/\/casaisabel.es\/?s={search_term_string}\"},\"query-input\":{\"@type\":\"PropertyValueSpecification\",\"valueRequired\":true,\"valueName\":\"search_term_string\"}}],\"inLanguage\":\"fr-FR\"},{\"@type\":\"Organization\",\"@id\":\"https:\/\/casaisabel.es\/#organization\",\"name\":\"Casa Isabel\",\"url\":\"https:\/\/casaisabel.es\/\",\"logo\":{\"@type\":\"ImageObject\",\"inLanguage\":\"fr-FR\",\"@id\":\"https:\/\/casaisabel.es\/#\/schema\/logo\/image\/\",\"url\":\"https:\/\/casaisabel.es\/wp-content\/uploads\/2023\/09\/casaIsabel.svg\",\"contentUrl\":\"https:\/\/casaisabel.es\/wp-content\/uploads\/2023\/09\/casaIsabel.svg\",\"width\":211,\"height\":49,\"caption\":\"Casa Isabel\"},\"image\":{\"@id\":\"https:\/\/casaisabel.es\/#\/schema\/logo\/image\/\"}},{\"@type\":\"Person\",\"@id\":\"https:\/\/casaisabel.es\/#\/schema\/person\/66308f25a39c9cb32c4e78cf8cfa36cf\",\"name\":\"Admin\",\"image\":{\"@type\":\"ImageObject\",\"inLanguage\":\"fr-FR\",\"@id\":\"https:\/\/casaisabel.es\/#\/schema\/person\/image\/\",\"url\":\"https:\/\/secure.gravatar.com\/avatar\/cfa1bef4e15c827fa091464736c1d269687e21ac8972ec35aec466b4aa06b9c8?s=96&d=mm&r=g\",\"contentUrl\":\"https:\/\/secure.gravatar.com\/avatar\/cfa1bef4e15c827fa091464736c1d269687e21ac8972ec35aec466b4aa06b9c8?s=96&d=mm&r=g\",\"caption\":\"Admin\"},\"url\":\"https:\/\/casaisabel.es\/fr\/author\/admin-2\/\"}]}<\/script>\n<!-- \/ Yoast SEO plugin. -->","yoast_head_json":{"title":"Gastronom\u00eda de Valencia: all i pebre de anguila","description":"CASA ISABEL. Restaurante en Valencia. Disfruta de una exquisita comida mediterr\u00e1nea en la costa de la ciudad de uno de los mejores restaurantes de Valencia","robots":{"index":"index","follow":"follow","max-snippet":"max-snippet:-1","max-image-preview":"max-image-preview:large","max-video-preview":"max-video-preview:-1"},"canonical":"https:\/\/casaisabel.es\/fr\/gastronomia-de-valencia-all-i-pebre-de-anguila\/","og_locale":"fr_FR","og_type":"article","og_title":"Gastronom\u00eda de Valencia: all i pebre de anguila","og_description":"CASA ISABEL. Restaurante en Valencia. Disfruta de una exquisita comida mediterr\u00e1nea en la costa de la ciudad de uno de los mejores restaurantes de Valencia","og_url":"https:\/\/casaisabel.es\/fr\/gastronomia-de-valencia-all-i-pebre-de-anguila\/","og_site_name":"Casa Isabel","article_published_time":"2025-11-29T00:06:36+00:00","og_image":[{"width":639,"height":258,"url":"https:\/\/casaisabel.es\/wp-content\/uploads\/2014\/09\/Sin-sdfsdfsdf_0.png","type":"image\/png"}],"author":"Admin","twitter_card":"summary_large_image","twitter_misc":{"\u00c9crit par":"Admin","Dur\u00e9e de lecture estim\u00e9e":"2 minutes"},"schema":{"@context":"https:\/\/schema.org","@graph":[{"@type":"Article","@id":"https:\/\/casaisabel.es\/gastronomia-de-valencia-all-i-pebre-de-anguila\/#article","isPartOf":{"@id":"https:\/\/casaisabel.es\/gastronomia-de-valencia-all-i-pebre-de-anguila\/"},"author":{"name":"Admin","@id":"https:\/\/casaisabel.es\/#\/schema\/person\/66308f25a39c9cb32c4e78cf8cfa36cf"},"headline":"Gastronom\u00eda de Valencia: all i pebre de anguila","datePublished":"2025-11-29T00:06:36+00:00","mainEntityOfPage":{"@id":"https:\/\/casaisabel.es\/gastronomia-de-valencia-all-i-pebre-de-anguila\/"},"wordCount":332,"publisher":{"@id":"https:\/\/casaisabel.es\/#organization"},"image":{"@id":"https:\/\/casaisabel.es\/gastronomia-de-valencia-all-i-pebre-de-anguila\/#primaryimage"},"thumbnailUrl":"https:\/\/casaisabel.es\/wp-content\/uploads\/2014\/09\/Sin-sdfsdfsdf_0.png","articleSection":["Sin categor\u00eda"],"inLanguage":"fr-FR"},{"@type":"WebPage","@id":"https:\/\/casaisabel.es\/gastronomia-de-valencia-all-i-pebre-de-anguila\/","url":"https:\/\/casaisabel.es\/gastronomia-de-valencia-all-i-pebre-de-anguila\/","name":"Gastronom\u00eda de Valencia: all i pebre de anguila","isPartOf":{"@id":"https:\/\/casaisabel.es\/#website"},"primaryImageOfPage":{"@id":"https:\/\/casaisabel.es\/gastronomia-de-valencia-all-i-pebre-de-anguila\/#primaryimage"},"image":{"@id":"https:\/\/casaisabel.es\/gastronomia-de-valencia-all-i-pebre-de-anguila\/#primaryimage"},"thumbnailUrl":"https:\/\/casaisabel.es\/wp-content\/uploads\/2014\/09\/Sin-sdfsdfsdf_0.png","datePublished":"2025-11-29T00:06:36+00:00","description":"CASA ISABEL. Restaurante en Valencia. Disfruta de una exquisita comida mediterr\u00e1nea en la costa de la ciudad de uno de los mejores restaurantes de Valencia","breadcrumb":{"@id":"https:\/\/casaisabel.es\/gastronomia-de-valencia-all-i-pebre-de-anguila\/#breadcrumb"},"inLanguage":"fr-FR","potentialAction":[{"@type":"ReadAction","target":["https:\/\/casaisabel.es\/gastronomia-de-valencia-all-i-pebre-de-anguila\/"]}]},{"@type":"ImageObject","inLanguage":"fr-FR","@id":"https:\/\/casaisabel.es\/gastronomia-de-valencia-all-i-pebre-de-anguila\/#primaryimage","url":"https:\/\/casaisabel.es\/wp-content\/uploads\/2014\/09\/Sin-sdfsdfsdf_0.png","contentUrl":"https:\/\/casaisabel.es\/wp-content\/uploads\/2014\/09\/Sin-sdfsdfsdf_0.png","width":639,"height":258},{"@type":"BreadcrumbList","@id":"https:\/\/casaisabel.es\/gastronomia-de-valencia-all-i-pebre-de-anguila\/#breadcrumb","itemListElement":[{"@type":"ListItem","position":1,"name":"Portada","item":"https:\/\/casaisabel.es\/"},{"@type":"ListItem","position":2,"name":"Gastronom\u00eda de Valencia: all i pebre de anguila"}]},{"@type":"WebSite","@id":"https:\/\/casaisabel.es\/#website","url":"https:\/\/casaisabel.es\/","name":"Casa Isabel","description":"S\u00f3lo otro sitio de WordPress","publisher":{"@id":"https:\/\/casaisabel.es\/#organization"},"potentialAction":[{"@type":"SearchAction","target":{"@type":"EntryPoint","urlTemplate":"https:\/\/casaisabel.es\/?s={search_term_string}"},"query-input":{"@type":"PropertyValueSpecification","valueRequired":true,"valueName":"search_term_string"}}],"inLanguage":"fr-FR"},{"@type":"Organization","@id":"https:\/\/casaisabel.es\/#organization","name":"Casa Isabel","url":"https:\/\/casaisabel.es\/","logo":{"@type":"ImageObject","inLanguage":"fr-FR","@id":"https:\/\/casaisabel.es\/#\/schema\/logo\/image\/","url":"https:\/\/casaisabel.es\/wp-content\/uploads\/2023\/09\/casaIsabel.svg","contentUrl":"https:\/\/casaisabel.es\/wp-content\/uploads\/2023\/09\/casaIsabel.svg","width":211,"height":49,"caption":"Casa Isabel"},"image":{"@id":"https:\/\/casaisabel.es\/#\/schema\/logo\/image\/"}},{"@type":"Person","@id":"https:\/\/casaisabel.es\/#\/schema\/person\/66308f25a39c9cb32c4e78cf8cfa36cf","name":"Admin","image":{"@type":"ImageObject","inLanguage":"fr-FR","@id":"https:\/\/casaisabel.es\/#\/schema\/person\/image\/","url":"https:\/\/secure.gravatar.com\/avatar\/cfa1bef4e15c827fa091464736c1d269687e21ac8972ec35aec466b4aa06b9c8?s=96&d=mm&r=g","contentUrl":"https:\/\/secure.gravatar.com\/avatar\/cfa1bef4e15c827fa091464736c1d269687e21ac8972ec35aec466b4aa06b9c8?s=96&d=mm&r=g","caption":"Admin"},"url":"https:\/\/casaisabel.es\/fr\/author\/admin-2\/"}]}},"_links":{"self":[{"href":"https:\/\/casaisabel.es\/fr\/wp-json\/wp\/v2\/posts\/1700","targetHints":{"allow":["GET"]}}],"collection":[{"href":"https:\/\/casaisabel.es\/fr\/wp-json\/wp\/v2\/posts"}],"about":[{"href":"https:\/\/casaisabel.es\/fr\/wp-json\/wp\/v2\/types\/post"}],"author":[{"embeddable":true,"href":"https:\/\/casaisabel.es\/fr\/wp-json\/wp\/v2\/users\/2"}],"replies":[{"embeddable":true,"href":"https:\/\/casaisabel.es\/fr\/wp-json\/wp\/v2\/comments?post=1700"}],"version-history":[{"count":0,"href":"https:\/\/casaisabel.es\/fr\/wp-json\/wp\/v2\/posts\/1700\/revisions"}],"wp:featuredmedia":[{"embeddable":true,"href":"https:\/\/casaisabel.es\/fr\/wp-json\/wp\/v2\/media\/1701"}],"wp:attachment":[{"href":"https:\/\/casaisabel.es\/fr\/wp-json\/wp\/v2\/media?parent=1700"}],"wp:term":[{"taxonomy":"category","embeddable":true,"href":"https:\/\/casaisabel.es\/fr\/wp-json\/wp\/v2\/categories?post=1700"},{"taxonomy":"post_tag","embeddable":true,"href":"https:\/\/casaisabel.es\/fr\/wp-json\/wp\/v2\/tags?post=1700"}],"curies":[{"name":"wp","href":"https:\/\/api.w.org\/{rel}","templated":true}]}}