{"id":3162,"date":"2025-09-02T00:05:56","date_gmt":"2025-09-02T00:05:56","guid":{"rendered":"https:\/\/casaisabel.es\/?p=3162---994c86af-3edb-45f1-a2c6-ba49fb9927a6"},"modified":"2025-09-02T00:05:56","modified_gmt":"2025-09-02T00:05:56","slug":"tras-la-ruta-de-la-seda-de-valencia","status":"publish","type":"post","link":"https:\/\/casaisabel.es\/en\/tras-la-ruta-de-la-seda-de-valencia\/","title":{"rendered":"Tras la Ruta de la Seda de Valencia"},"content":{"rendered":"<p style=\"text-align: justify;\">Valencia no solo destaca por la paella, su playa o la cl\u00e1sica arrocer\u00eda o restaurante de la Malvarrosa. Si alguna vez has visto una fallera, es imposible que hayas pasado por alto los <strong>vivos colores de sus vestidos<\/strong> y, c\u00f3mo no, el material del que est\u00e1n hechos, la seda.<!--more--><\/p>\n<p style=\"text-align: justify;\">Un <strong>tejido que catapult\u00f3 a Valencia como ciudad pionera<\/strong> en su manufactura y comercio.<\/p>\n<p style=\"text-align: justify;\">Gracias a los \u00e1rabes, la seda se introdujo en Valencia. En el siglo VIII, la ciudad del Turia vio como un \u00e1rbol for\u00e1neo se introdujo en sus huertos, la morera; y un nuevo barrio se forj\u00f3 para la <strong>manufactura y comercializaci\u00f3n<\/strong> del producto que producen un tipo de gusanos al alimentarse de sus hojas, la seda.<\/p>\n<p style=\"text-align: justify;\">Este es el barrio de <strong>\u201cVelluters\u201d<\/strong> (del valenciano \u00abvellut\u00bb, terciopelo), donde se asentaron miles de talleres. El legado de la seda en Valencia dej\u00f3 una ruta que no puedes perderte.<\/p>\n<p style=\"text-align: justify;\">Tanto es as\u00ed que la visita a edificios emblem\u00e1ticos como la <strong>Lonja de la Seda<\/strong> (de estilo g\u00f3tico y declarada Patrimonio de la Humanidad por la UNESCO), el Colegio del Arte Mayor de la Seda (t\u00edtulo concedido por Carlos III para institucionalizar este arte), que en 2016 ser\u00e1 la sede del Museo de la Seda de Valencia, o el <strong>Centro de Artesan\u00eda de la Comunidad Valenciana<\/strong> es imprescindible si quieres comprender la magnitud de una \u00e9poca que hizo de Valencia la capital ib\u00e9rica del comercio de este tejido -muy por encima de otras ciudades, como Barcelona-.<\/p>\n<p style=\"text-align: justify;\">As\u00ed, Valencia ser\u00e1 declarada por la UNESCO \u201c<a href=\"http:\/\/www.turisvalencia.es\/blog\/ruta-de-la-seda-valencia\/\">Ciudad de la Seda 2016<\/a>\u201d, dentro de su programa de difusi\u00f3n y protecci\u00f3n de la <strong>Ruta de la Seda<\/strong> en el mundo.<\/p>\n<p style=\"text-align: justify;\">Si tienes pensado visitarla el pr\u00f3ximo a\u00f1o, tras disfrutar de su cultura y gastronom\u00eda, no puedes perderte la visita vespertina a un legado cultural<strong> considerado Patrimonio de la Humanidad<\/strong> y que representa una fiel imagen del poder\u00edo de la urbe.<\/p>\n<p><a href=\"https:\/\/www.flickr.com\/photos\/equisdx\/5994440281\/in\/photolist-2vhA8V-nTyntF-6AwQft-6AB22y-6AwVjp-nUdWeB-Dckyx-5qqVEv-dGunvm-dGoWvF-dGoW54-Wg1QC-6hHY5g-xR1Vc-uwZr5-xR1Ve-xR1Vg-xR1Va-ahLfPB-6AwXXg-5ryKQy-5rutfV-8MayJ8-5ryJ5L-uZkAK-6AB6ed-6hN87N-6hHXBM-6hHYg\">Imagen<\/a>    \t<\/p>","protected":false},"excerpt":{"rendered":"<p>Valencia no solo destaca por la paella, su playa o la cl\u00e1sica arrocer\u00eda o restaurante de la Malvarrosa. Si alguna vez has visto una fallera, es imposible que hayas pasado por alto los vivos colores de sus vestidos y, c\u00f3mo no, el material del que est\u00e1n hechos, la seda.<\/p>","protected":false},"author":2,"featured_media":3227,"comment_status":"closed","ping_status":"closed","sticky":false,"template":"","format":"standard","meta":{"site-sidebar-layout":"default","site-content-layout":"","ast-site-content-layout":"","site-content-style":"default","site-sidebar-style":"default","ast-global-header-display":"","ast-banner-title-visibility":"","ast-main-header-display":"","ast-hfb-above-header-display":"","ast-hfb-below-header-display":"","ast-hfb-mobile-header-display":"","site-post-title":"","ast-breadcrumbs-content":"","ast-featured-img":"","footer-sml-layout":"","theme-transparent-header-meta":"","adv-header-id-meta":"","stick-header-meta":"","header-above-stick-meta":"","header-main-stick-meta":"","header-below-stick-meta":"","astra-migrate-meta-layouts":"default","ast-page-background-enabled":"default","ast-page-background-meta":{"desktop":{"background-color":"var(--ast-global-color-4)","background-image":"","background-repeat":"repeat","background-position":"center center","background-size":"auto","background-attachment":"scroll","background-type":"","background-media":"","overlay-type":"","overlay-color":"","overlay-opacity":"","overlay-gradient":""},"tablet":{"background-color":"","background-image":"","background-repeat":"repeat","background-position":"center center","background-size":"auto","background-attachment":"scroll","background-type":"","background-media":"","overlay-type":"","overlay-color":"","overlay-opacity":"","overlay-gradient":""},"mobile":{"background-color":"","background-image":"","background-repeat":"repeat","background-position":"center center","background-size":"auto","background-attachment":"scroll","background-type":"","background-media":"","overlay-type":"","overlay-color":"","overlay-opacity":"","overlay-gradient":""}},"ast-content-background-meta":{"desktop":{"background-color":"var(--ast-global-color-5)","background-image":"","background-repeat":"repeat","background-position":"center center","background-size":"auto","background-attachment":"scroll","background-type":"","background-media":"","overlay-type":"","overlay-color":"","overlay-opacity":"","overlay-gradient":""},"tablet":{"background-color":"var(--ast-global-color-5)","background-image":"","background-repeat":"repeat","background-position":"center center","background-size":"auto","background-attachment":"scroll","background-type":"","background-media":"","overlay-type":"","overlay-color":"","overlay-opacity":"","overlay-gradient":""},"mobile":{"background-color":"var(--ast-global-color-5)","background-image":"","background-repeat":"repeat","background-position":"center center","background-size":"auto","background-attachment":"scroll","background-type":"","background-media":"","overlay-type":"","overlay-color":"","overlay-opacity":"","overlay-gradient":""}},"footnotes":""},"categories":[12],"tags":[114,115,116,117],"class_list":["post-3162","post","type-post","status-publish","format-standard","has-post-thumbnail","hentry","category-valencia-cultura","tag-ruta-de-la-seda","tag-ruta-seda-valencia","tag-seda-valencia","tag-valencia-cultura"],"yoast_head":"<!-- This site is optimized with the Yoast SEO plugin v25.6 - https:\/\/yoast.com\/wordpress\/plugins\/seo\/ -->\n<title>Tras la Ruta de la Seda de Valencia<\/title>\n<meta name=\"description\" content=\"Valencia ser\u00e1 declarada por la UNESCO \u201cCiudad de la Seda 2016\u201d, dentro de su programa de difusi\u00f3n y protecci\u00f3n de la Ruta de la Seda en el mundo.\" \/>\n<meta name=\"robots\" content=\"index, follow, max-snippet:-1, max-image-preview:large, max-video-preview:-1\" \/>\n<link rel=\"canonical\" href=\"https:\/\/casaisabel.es\/en\/tras-la-ruta-de-la-seda-de-valencia\/\" \/>\n<meta property=\"og:locale\" content=\"en_GB\" \/>\n<meta property=\"og:type\" content=\"article\" \/>\n<meta property=\"og:title\" content=\"Tras la Ruta de la Seda de Valencia\" \/>\n<meta property=\"og:description\" content=\"Valencia ser\u00e1 declarada por la UNESCO \u201cCiudad de la Seda 2016\u201d, dentro de su programa de difusi\u00f3n y protecci\u00f3n de la Ruta de la Seda en el mundo.\" \/>\n<meta property=\"og:url\" content=\"https:\/\/casaisabel.es\/en\/tras-la-ruta-de-la-seda-de-valencia\/\" \/>\n<meta property=\"og:site_name\" content=\"Casa Isabel\" \/>\n<meta property=\"article:published_time\" content=\"2025-09-02T00:05:56+00:00\" \/>\n<meta property=\"og:image\" content=\"https:\/\/casaisabel.es\/wp-content\/uploads\/2015\/10\/Casa-Isabel-RutadelaSeda.jpg\" \/>\n\t<meta property=\"og:image:width\" content=\"1900\" \/>\n\t<meta property=\"og:image:height\" content=\"756\" \/>\n\t<meta property=\"og:image:type\" content=\"image\/jpeg\" \/>\n<meta name=\"author\" content=\"Admin\" \/>\n<meta name=\"twitter:card\" content=\"summary_large_image\" \/>\n<meta name=\"twitter:label1\" content=\"Written by\" \/>\n\t<meta name=\"twitter:data1\" content=\"Admin\" \/>\n\t<meta name=\"twitter:label2\" content=\"Est. reading time\" \/>\n\t<meta name=\"twitter:data2\" content=\"2 minutes\" \/>\n<script type=\"application\/ld+json\" class=\"yoast-schema-graph\">{\"@context\":\"https:\/\/schema.org\",\"@graph\":[{\"@type\":\"Article\",\"@id\":\"https:\/\/casaisabel.es\/tras-la-ruta-de-la-seda-de-valencia\/#article\",\"isPartOf\":{\"@id\":\"https:\/\/casaisabel.es\/tras-la-ruta-de-la-seda-de-valencia\/\"},\"author\":{\"name\":\"Admin\",\"@id\":\"https:\/\/casaisabel.es\/#\/schema\/person\/66308f25a39c9cb32c4e78cf8cfa36cf\"},\"headline\":\"Tras la Ruta de la Seda de Valencia\",\"datePublished\":\"2025-09-02T00:05:56+00:00\",\"mainEntityOfPage\":{\"@id\":\"https:\/\/casaisabel.es\/tras-la-ruta-de-la-seda-de-valencia\/\"},\"wordCount\":338,\"publisher\":{\"@id\":\"https:\/\/casaisabel.es\/#organization\"},\"image\":{\"@id\":\"https:\/\/casaisabel.es\/tras-la-ruta-de-la-seda-de-valencia\/#primaryimage\"},\"thumbnailUrl\":\"https:\/\/casaisabel.es\/wp-content\/uploads\/2015\/10\/Casa-Isabel-RutadelaSeda.jpg\",\"keywords\":[\"ruta de la seda\",\"ruta seda Valencia\",\"seda valencia\",\"valencia cultura\"],\"articleSection\":[\"Valencia cultura\"],\"inLanguage\":\"en-GB\"},{\"@type\":\"WebPage\",\"@id\":\"https:\/\/casaisabel.es\/tras-la-ruta-de-la-seda-de-valencia\/\",\"url\":\"https:\/\/casaisabel.es\/tras-la-ruta-de-la-seda-de-valencia\/\",\"name\":\"Tras la Ruta de la Seda de Valencia\",\"isPartOf\":{\"@id\":\"https:\/\/casaisabel.es\/#website\"},\"primaryImageOfPage\":{\"@id\":\"https:\/\/casaisabel.es\/tras-la-ruta-de-la-seda-de-valencia\/#primaryimage\"},\"image\":{\"@id\":\"https:\/\/casaisabel.es\/tras-la-ruta-de-la-seda-de-valencia\/#primaryimage\"},\"thumbnailUrl\":\"https:\/\/casaisabel.es\/wp-content\/uploads\/2015\/10\/Casa-Isabel-RutadelaSeda.jpg\",\"datePublished\":\"2025-09-02T00:05:56+00:00\",\"description\":\"Valencia ser\u00e1 declarada por la UNESCO \u201cCiudad de la Seda 2016\u201d, dentro de su programa de difusi\u00f3n y protecci\u00f3n de la Ruta de la Seda en el mundo.\",\"breadcrumb\":{\"@id\":\"https:\/\/casaisabel.es\/tras-la-ruta-de-la-seda-de-valencia\/#breadcrumb\"},\"inLanguage\":\"en-GB\",\"potentialAction\":[{\"@type\":\"ReadAction\",\"target\":[\"https:\/\/casaisabel.es\/tras-la-ruta-de-la-seda-de-valencia\/\"]}]},{\"@type\":\"ImageObject\",\"inLanguage\":\"en-GB\",\"@id\":\"https:\/\/casaisabel.es\/tras-la-ruta-de-la-seda-de-valencia\/#primaryimage\",\"url\":\"https:\/\/casaisabel.es\/wp-content\/uploads\/2015\/10\/Casa-Isabel-RutadelaSeda.jpg\",\"contentUrl\":\"https:\/\/casaisabel.es\/wp-content\/uploads\/2015\/10\/Casa-Isabel-RutadelaSeda.jpg\",\"width\":1900,\"height\":756,\"caption\":\"Casa Isabel-RutadelaSeda\"},{\"@type\":\"BreadcrumbList\",\"@id\":\"https:\/\/casaisabel.es\/tras-la-ruta-de-la-seda-de-valencia\/#breadcrumb\",\"itemListElement\":[{\"@type\":\"ListItem\",\"position\":1,\"name\":\"Portada\",\"item\":\"https:\/\/casaisabel.es\/\"},{\"@type\":\"ListItem\",\"position\":2,\"name\":\"Tras la Ruta de la Seda de Valencia\"}]},{\"@type\":\"WebSite\",\"@id\":\"https:\/\/casaisabel.es\/#website\",\"url\":\"https:\/\/casaisabel.es\/\",\"name\":\"Casa Isabel\",\"description\":\"S\u00f3lo otro sitio de WordPress\",\"publisher\":{\"@id\":\"https:\/\/casaisabel.es\/#organization\"},\"potentialAction\":[{\"@type\":\"SearchAction\",\"target\":{\"@type\":\"EntryPoint\",\"urlTemplate\":\"https:\/\/casaisabel.es\/?s={search_term_string}\"},\"query-input\":{\"@type\":\"PropertyValueSpecification\",\"valueRequired\":true,\"valueName\":\"search_term_string\"}}],\"inLanguage\":\"en-GB\"},{\"@type\":\"Organization\",\"@id\":\"https:\/\/casaisabel.es\/#organization\",\"name\":\"Casa Isabel\",\"url\":\"https:\/\/casaisabel.es\/\",\"logo\":{\"@type\":\"ImageObject\",\"inLanguage\":\"en-GB\",\"@id\":\"https:\/\/casaisabel.es\/#\/schema\/logo\/image\/\",\"url\":\"https:\/\/casaisabel.es\/wp-content\/uploads\/2023\/09\/casaIsabel.svg\",\"contentUrl\":\"https:\/\/casaisabel.es\/wp-content\/uploads\/2023\/09\/casaIsabel.svg\",\"width\":211,\"height\":49,\"caption\":\"Casa Isabel\"},\"image\":{\"@id\":\"https:\/\/casaisabel.es\/#\/schema\/logo\/image\/\"}},{\"@type\":\"Person\",\"@id\":\"https:\/\/casaisabel.es\/#\/schema\/person\/66308f25a39c9cb32c4e78cf8cfa36cf\",\"name\":\"Admin\",\"image\":{\"@type\":\"ImageObject\",\"inLanguage\":\"en-GB\",\"@id\":\"https:\/\/casaisabel.es\/#\/schema\/person\/image\/\",\"url\":\"https:\/\/secure.gravatar.com\/avatar\/cfa1bef4e15c827fa091464736c1d269687e21ac8972ec35aec466b4aa06b9c8?s=96&d=mm&r=g\",\"contentUrl\":\"https:\/\/secure.gravatar.com\/avatar\/cfa1bef4e15c827fa091464736c1d269687e21ac8972ec35aec466b4aa06b9c8?s=96&d=mm&r=g\",\"caption\":\"Admin\"},\"url\":\"https:\/\/casaisabel.es\/en\/author\/admin-2\/\"}]}<\/script>\n<!-- \/ Yoast SEO plugin. -->","yoast_head_json":{"title":"Tras la Ruta de la Seda de Valencia","description":"Valencia ser\u00e1 declarada por la UNESCO \u201cCiudad de la Seda 2016\u201d, dentro de su programa de difusi\u00f3n y protecci\u00f3n de la Ruta de la Seda en el mundo.","robots":{"index":"index","follow":"follow","max-snippet":"max-snippet:-1","max-image-preview":"max-image-preview:large","max-video-preview":"max-video-preview:-1"},"canonical":"https:\/\/casaisabel.es\/en\/tras-la-ruta-de-la-seda-de-valencia\/","og_locale":"en_GB","og_type":"article","og_title":"Tras la Ruta de la Seda de Valencia","og_description":"Valencia ser\u00e1 declarada por la UNESCO \u201cCiudad de la Seda 2016\u201d, dentro de su programa de difusi\u00f3n y protecci\u00f3n de la Ruta de la Seda en el mundo.","og_url":"https:\/\/casaisabel.es\/en\/tras-la-ruta-de-la-seda-de-valencia\/","og_site_name":"Casa Isabel","article_published_time":"2025-09-02T00:05:56+00:00","og_image":[{"width":1900,"height":756,"url":"https:\/\/casaisabel.es\/wp-content\/uploads\/2015\/10\/Casa-Isabel-RutadelaSeda.jpg","type":"image\/jpeg"}],"author":"Admin","twitter_card":"summary_large_image","twitter_misc":{"Written by":"Admin","Est. reading time":"2 minutes"},"schema":{"@context":"https:\/\/schema.org","@graph":[{"@type":"Article","@id":"https:\/\/casaisabel.es\/tras-la-ruta-de-la-seda-de-valencia\/#article","isPartOf":{"@id":"https:\/\/casaisabel.es\/tras-la-ruta-de-la-seda-de-valencia\/"},"author":{"name":"Admin","@id":"https:\/\/casaisabel.es\/#\/schema\/person\/66308f25a39c9cb32c4e78cf8cfa36cf"},"headline":"Tras la Ruta de la Seda de Valencia","datePublished":"2025-09-02T00:05:56+00:00","mainEntityOfPage":{"@id":"https:\/\/casaisabel.es\/tras-la-ruta-de-la-seda-de-valencia\/"},"wordCount":338,"publisher":{"@id":"https:\/\/casaisabel.es\/#organization"},"image":{"@id":"https:\/\/casaisabel.es\/tras-la-ruta-de-la-seda-de-valencia\/#primaryimage"},"thumbnailUrl":"https:\/\/casaisabel.es\/wp-content\/uploads\/2015\/10\/Casa-Isabel-RutadelaSeda.jpg","keywords":["ruta de la seda","ruta seda Valencia","seda valencia","valencia cultura"],"articleSection":["Valencia cultura"],"inLanguage":"en-GB"},{"@type":"WebPage","@id":"https:\/\/casaisabel.es\/tras-la-ruta-de-la-seda-de-valencia\/","url":"https:\/\/casaisabel.es\/tras-la-ruta-de-la-seda-de-valencia\/","name":"Tras la Ruta de la Seda de Valencia","isPartOf":{"@id":"https:\/\/casaisabel.es\/#website"},"primaryImageOfPage":{"@id":"https:\/\/casaisabel.es\/tras-la-ruta-de-la-seda-de-valencia\/#primaryimage"},"image":{"@id":"https:\/\/casaisabel.es\/tras-la-ruta-de-la-seda-de-valencia\/#primaryimage"},"thumbnailUrl":"https:\/\/casaisabel.es\/wp-content\/uploads\/2015\/10\/Casa-Isabel-RutadelaSeda.jpg","datePublished":"2025-09-02T00:05:56+00:00","description":"Valencia ser\u00e1 declarada por la UNESCO \u201cCiudad de la Seda 2016\u201d, dentro de su programa de difusi\u00f3n y protecci\u00f3n de la Ruta de la Seda en el mundo.","breadcrumb":{"@id":"https:\/\/casaisabel.es\/tras-la-ruta-de-la-seda-de-valencia\/#breadcrumb"},"inLanguage":"en-GB","potentialAction":[{"@type":"ReadAction","target":["https:\/\/casaisabel.es\/tras-la-ruta-de-la-seda-de-valencia\/"]}]},{"@type":"ImageObject","inLanguage":"en-GB","@id":"https:\/\/casaisabel.es\/tras-la-ruta-de-la-seda-de-valencia\/#primaryimage","url":"https:\/\/casaisabel.es\/wp-content\/uploads\/2015\/10\/Casa-Isabel-RutadelaSeda.jpg","contentUrl":"https:\/\/casaisabel.es\/wp-content\/uploads\/2015\/10\/Casa-Isabel-RutadelaSeda.jpg","width":1900,"height":756,"caption":"Casa Isabel-RutadelaSeda"},{"@type":"BreadcrumbList","@id":"https:\/\/casaisabel.es\/tras-la-ruta-de-la-seda-de-valencia\/#breadcrumb","itemListElement":[{"@type":"ListItem","position":1,"name":"Portada","item":"https:\/\/casaisabel.es\/"},{"@type":"ListItem","position":2,"name":"Tras la Ruta de la Seda de Valencia"}]},{"@type":"WebSite","@id":"https:\/\/casaisabel.es\/#website","url":"https:\/\/casaisabel.es\/","name":"Casa Isabel","description":"S\u00f3lo otro sitio de WordPress","publisher":{"@id":"https:\/\/casaisabel.es\/#organization"},"potentialAction":[{"@type":"SearchAction","target":{"@type":"EntryPoint","urlTemplate":"https:\/\/casaisabel.es\/?s={search_term_string}"},"query-input":{"@type":"PropertyValueSpecification","valueRequired":true,"valueName":"search_term_string"}}],"inLanguage":"en-GB"},{"@type":"Organization","@id":"https:\/\/casaisabel.es\/#organization","name":"Casa Isabel","url":"https:\/\/casaisabel.es\/","logo":{"@type":"ImageObject","inLanguage":"en-GB","@id":"https:\/\/casaisabel.es\/#\/schema\/logo\/image\/","url":"https:\/\/casaisabel.es\/wp-content\/uploads\/2023\/09\/casaIsabel.svg","contentUrl":"https:\/\/casaisabel.es\/wp-content\/uploads\/2023\/09\/casaIsabel.svg","width":211,"height":49,"caption":"Casa Isabel"},"image":{"@id":"https:\/\/casaisabel.es\/#\/schema\/logo\/image\/"}},{"@type":"Person","@id":"https:\/\/casaisabel.es\/#\/schema\/person\/66308f25a39c9cb32c4e78cf8cfa36cf","name":"Admin","image":{"@type":"ImageObject","inLanguage":"en-GB","@id":"https:\/\/casaisabel.es\/#\/schema\/person\/image\/","url":"https:\/\/secure.gravatar.com\/avatar\/cfa1bef4e15c827fa091464736c1d269687e21ac8972ec35aec466b4aa06b9c8?s=96&d=mm&r=g","contentUrl":"https:\/\/secure.gravatar.com\/avatar\/cfa1bef4e15c827fa091464736c1d269687e21ac8972ec35aec466b4aa06b9c8?s=96&d=mm&r=g","caption":"Admin"},"url":"https:\/\/casaisabel.es\/en\/author\/admin-2\/"}]}},"_links":{"self":[{"href":"https:\/\/casaisabel.es\/en\/wp-json\/wp\/v2\/posts\/3162","targetHints":{"allow":["GET"]}}],"collection":[{"href":"https:\/\/casaisabel.es\/en\/wp-json\/wp\/v2\/posts"}],"about":[{"href":"https:\/\/casaisabel.es\/en\/wp-json\/wp\/v2\/types\/post"}],"author":[{"embeddable":true,"href":"https:\/\/casaisabel.es\/en\/wp-json\/wp\/v2\/users\/2"}],"replies":[{"embeddable":true,"href":"https:\/\/casaisabel.es\/en\/wp-json\/wp\/v2\/comments?post=3162"}],"version-history":[{"count":0,"href":"https:\/\/casaisabel.es\/en\/wp-json\/wp\/v2\/posts\/3162\/revisions"}],"wp:featuredmedia":[{"embeddable":true,"href":"https:\/\/casaisabel.es\/en\/wp-json\/wp\/v2\/media\/3227"}],"wp:attachment":[{"href":"https:\/\/casaisabel.es\/en\/wp-json\/wp\/v2\/media?parent=3162"}],"wp:term":[{"taxonomy":"category","embeddable":true,"href":"https:\/\/casaisabel.es\/en\/wp-json\/wp\/v2\/categories?post=3162"},{"taxonomy":"post_tag","embeddable":true,"href":"https:\/\/casaisabel.es\/en\/wp-json\/wp\/v2\/tags?post=3162"}],"curies":[{"name":"wp","href":"https:\/\/api.w.org\/{rel}","templated":true}]}}