{"id":3068,"date":"2025-08-20T00:12:22","date_gmt":"2025-08-20T00:12:22","guid":{"rendered":"https:\/\/casaisabel.es\/?p=3068---26dac030-6ef2-4a99-8b7f-99fb7705e5da"},"modified":"2025-08-20T00:12:22","modified_gmt":"2025-08-20T00:12:22","slug":"descubre-como-se-celebra-el-9-de-octubre-en-valencia","status":"publish","type":"post","link":"https:\/\/casaisabel.es\/en\/descubre-como-se-celebra-el-9-de-octubre-en-valencia\/","title":{"rendered":"Descubre c\u00f3mo se celebra el 9 de octubre en Valencia"},"content":{"rendered":"<p style=\"text-align: justify;\">El 9 de octubre de cada a\u00f1o celebramos, desde el siglo XIV, la<strong> entrada en Valencia de las tropas del rey Jaume I<\/strong>, circunstancia que marca el final del dominio musulm\u00e1n sobre nuestra ciudad.<!--more--><\/p>\n<p style=\"text-align: justify;\">Esta conquista se enmarca en la general del Reino de Valencia, por lo que, desde la restauraci\u00f3n de la democracia en Espa\u00f1a, el <a href=\"http:\/\/www.urbanyouthhostel.com\/es\/nou-doctubre-2015\/\">9 de octubre<\/a> es la fecha elegida para conmemorar el d\u00eda de la Comunidad Valenciana. Aparte del car\u00e1cter hist\u00f3rico de este d\u00eda, tambi\u00e9n hemos de rese\u00f1ar que es una fecha propicia para la celebraci\u00f3n de otros <strong>actos festivos y culturales<\/strong>, de los que, a continuaci\u00f3n, hablaremos.<\/p>\n<p style=\"text-align: justify;\">De hecho, una forma habitual de vivir el d\u00eda de todos los valencianos es participar en sus actividades y complementarlas con una <strong>paella tradicional<\/strong> en alg\u00fan restaurante de la Malvarrosa (playa de la ciudad) o arrocer\u00eda.<\/p>\n<p style=\"text-align: justify;\">Las conmemoraciones empiezan desde primera hora de la ma\u00f1ana. La <strong>bajada de la Reial Senyera<\/strong> (bandera de la ciudad de Valencia y la Comunidad Valenciana) desde el balc\u00f3n del Ayuntamiento ya supone todo un ritual. La bandera, tal y como deducimos del rango de realeza concedido por el rey Pere II,<strong> no se puede inclinar ante ninguna persona<\/strong>. Se trata de la \u00fanica bandera del mundo con esta caracter\u00edstica.<\/p>\n<p style=\"text-align: justify;\">Otra se\u00f1a de identidad de nuestra festividad son los <strong>regalos por parte de los enamorados de mocaors<\/strong> (pa\u00f1uelos) con frutas de mazap\u00e1n en su interior. De esta forma, los valencianos recordamos los regalos que las mujeres de la ciudad entregaban a los conquistadores. La supresi\u00f3n de la fiesta por orden de Felipe V tambi\u00e9n origin\u00f3 que los confiteros valencianos produjeran dulces con forma de petardos. Otra tradici\u00f3n que ha llegado hasta nuestros d\u00edas.<\/p>\n<p style=\"text-align: justify;\">Y, si antes de comer quieres disfrutar del estruendo de los petardos de verdad, tienes una cita en la <strong>Plaza del Ayuntamiento<\/strong>, donde se dispara una espectacular <strong>masclet\u00e0 terrestre<\/strong>.<\/p>\n<p style=\"text-align: justify;\"><a href=\"https:\/\/ca.wikipedia.org\/wiki\/Jaume_el_Conqueridor\">Imagen<\/a><\/p>","protected":false},"excerpt":{"rendered":"<p>El 9 de octubre de cada a\u00f1o celebramos, desde el siglo XIV, la entrada en Valencia de las tropas del rey Jaume I, circunstancia que marca el final del dominio musulm\u00e1n sobre nuestra ciudad.<\/p>","protected":false},"author":2,"featured_media":3073,"comment_status":"closed","ping_status":"closed","sticky":false,"template":"","format":"standard","meta":{"site-sidebar-layout":"default","site-content-layout":"","ast-site-content-layout":"","site-content-style":"default","site-sidebar-style":"default","ast-global-header-display":"","ast-banner-title-visibility":"","ast-main-header-display":"","ast-hfb-above-header-display":"","ast-hfb-below-header-display":"","ast-hfb-mobile-header-display":"","site-post-title":"","ast-breadcrumbs-content":"","ast-featured-img":"","footer-sml-layout":"","theme-transparent-header-meta":"","adv-header-id-meta":"","stick-header-meta":"","header-above-stick-meta":"","header-main-stick-meta":"","header-below-stick-meta":"","astra-migrate-meta-layouts":"default","ast-page-background-enabled":"default","ast-page-background-meta":{"desktop":{"background-color":"var(--ast-global-color-4)","background-image":"","background-repeat":"repeat","background-position":"center center","background-size":"auto","background-attachment":"scroll","background-type":"","background-media":"","overlay-type":"","overlay-color":"","overlay-opacity":"","overlay-gradient":""},"tablet":{"background-color":"","background-image":"","background-repeat":"repeat","background-position":"center center","background-size":"auto","background-attachment":"scroll","background-type":"","background-media":"","overlay-type":"","overlay-color":"","overlay-opacity":"","overlay-gradient":""},"mobile":{"background-color":"","background-image":"","background-repeat":"repeat","background-position":"center center","background-size":"auto","background-attachment":"scroll","background-type":"","background-media":"","overlay-type":"","overlay-color":"","overlay-opacity":"","overlay-gradient":""}},"ast-content-background-meta":{"desktop":{"background-color":"var(--ast-global-color-5)","background-image":"","background-repeat":"repeat","background-position":"center center","background-size":"auto","background-attachment":"scroll","background-type":"","background-media":"","overlay-type":"","overlay-color":"","overlay-opacity":"","overlay-gradient":""},"tablet":{"background-color":"var(--ast-global-color-5)","background-image":"","background-repeat":"repeat","background-position":"center center","background-size":"auto","background-attachment":"scroll","background-type":"","background-media":"","overlay-type":"","overlay-color":"","overlay-opacity":"","overlay-gradient":""},"mobile":{"background-color":"var(--ast-global-color-5)","background-image":"","background-repeat":"repeat","background-position":"center center","background-size":"auto","background-attachment":"scroll","background-type":"","background-media":"","overlay-type":"","overlay-color":"","overlay-opacity":"","overlay-gradient":""}},"footnotes":""},"categories":[7],"tags":[80,81,36,5],"class_list":["post-3068","post","type-post","status-publish","format-standard","has-post-thumbnail","hentry","category-actualidad-y-eventos","tag-9-de-octubre","tag-fiesta-valencia","tag-fiestas-patronales","tag-valencia"],"yoast_head":"<!-- This site is optimized with the Yoast SEO plugin v25.6 - https:\/\/yoast.com\/wordpress\/plugins\/seo\/ -->\n<title>Descubre c\u00f3mo se celebra el 9 de octubre en Valencia<\/title>\n<meta name=\"description\" content=\"El 9 de octubre de cada a\u00f1o celebramos la entrada en Valencia de las tropas del rey Jaume I, circunstancia que marca el final del dominio musulm\u00e1n.\" \/>\n<meta name=\"robots\" content=\"index, follow, max-snippet:-1, max-image-preview:large, max-video-preview:-1\" \/>\n<link rel=\"canonical\" href=\"https:\/\/casaisabel.es\/en\/descubre-como-se-celebra-el-9-de-octubre-en-valencia\/\" \/>\n<meta property=\"og:locale\" content=\"en_GB\" \/>\n<meta property=\"og:type\" content=\"article\" \/>\n<meta property=\"og:title\" content=\"Descubre c\u00f3mo se celebra el 9 de octubre en Valencia\" \/>\n<meta property=\"og:description\" content=\"El 9 de octubre de cada a\u00f1o celebramos la entrada en Valencia de las tropas del rey Jaume I, circunstancia que marca el final del dominio musulm\u00e1n.\" \/>\n<meta property=\"og:url\" content=\"https:\/\/casaisabel.es\/en\/descubre-como-se-celebra-el-9-de-octubre-en-valencia\/\" \/>\n<meta property=\"og:site_name\" content=\"Casa Isabel\" \/>\n<meta property=\"article:published_time\" content=\"2025-08-20T00:12:22+00:00\" \/>\n<meta property=\"og:image\" content=\"https:\/\/casaisabel.es\/wp-content\/uploads\/2015\/10\/Casa-Isabel-9doctubre.jpg\" \/>\n\t<meta property=\"og:image:width\" content=\"1900\" \/>\n\t<meta property=\"og:image:height\" content=\"756\" \/>\n\t<meta property=\"og:image:type\" content=\"image\/jpeg\" \/>\n<meta name=\"author\" content=\"Admin\" \/>\n<meta name=\"twitter:card\" content=\"summary_large_image\" \/>\n<meta name=\"twitter:label1\" content=\"Written by\" \/>\n\t<meta name=\"twitter:data1\" content=\"Admin\" \/>\n\t<meta name=\"twitter:label2\" content=\"Est. reading time\" \/>\n\t<meta name=\"twitter:data2\" content=\"2 minutes\" \/>\n<script type=\"application\/ld+json\" class=\"yoast-schema-graph\">{\"@context\":\"https:\/\/schema.org\",\"@graph\":[{\"@type\":\"Article\",\"@id\":\"https:\/\/casaisabel.es\/descubre-como-se-celebra-el-9-de-octubre-en-valencia\/#article\",\"isPartOf\":{\"@id\":\"https:\/\/casaisabel.es\/descubre-como-se-celebra-el-9-de-octubre-en-valencia\/\"},\"author\":{\"name\":\"Admin\",\"@id\":\"https:\/\/casaisabel.es\/#\/schema\/person\/66308f25a39c9cb32c4e78cf8cfa36cf\"},\"headline\":\"Descubre c\u00f3mo se celebra el 9 de octubre en Valencia\",\"datePublished\":\"2025-08-20T00:12:22+00:00\",\"mainEntityOfPage\":{\"@id\":\"https:\/\/casaisabel.es\/descubre-como-se-celebra-el-9-de-octubre-en-valencia\/\"},\"wordCount\":344,\"publisher\":{\"@id\":\"https:\/\/casaisabel.es\/#organization\"},\"image\":{\"@id\":\"https:\/\/casaisabel.es\/descubre-como-se-celebra-el-9-de-octubre-en-valencia\/#primaryimage\"},\"thumbnailUrl\":\"https:\/\/casaisabel.es\/wp-content\/uploads\/2015\/10\/Casa-Isabel-9doctubre.jpg\",\"keywords\":[\"9 de octubre\",\"fiesta valencia\",\"fiestas patronales\",\"Valencia\"],\"articleSection\":[\"Actualidad y eventos\"],\"inLanguage\":\"en-GB\"},{\"@type\":\"WebPage\",\"@id\":\"https:\/\/casaisabel.es\/descubre-como-se-celebra-el-9-de-octubre-en-valencia\/\",\"url\":\"https:\/\/casaisabel.es\/descubre-como-se-celebra-el-9-de-octubre-en-valencia\/\",\"name\":\"Descubre c\u00f3mo se celebra el 9 de octubre en Valencia\",\"isPartOf\":{\"@id\":\"https:\/\/casaisabel.es\/#website\"},\"primaryImageOfPage\":{\"@id\":\"https:\/\/casaisabel.es\/descubre-como-se-celebra-el-9-de-octubre-en-valencia\/#primaryimage\"},\"image\":{\"@id\":\"https:\/\/casaisabel.es\/descubre-como-se-celebra-el-9-de-octubre-en-valencia\/#primaryimage\"},\"thumbnailUrl\":\"https:\/\/casaisabel.es\/wp-content\/uploads\/2015\/10\/Casa-Isabel-9doctubre.jpg\",\"datePublished\":\"2025-08-20T00:12:22+00:00\",\"description\":\"El 9 de octubre de cada a\u00f1o celebramos la entrada en Valencia de las tropas del rey Jaume I, circunstancia que marca el final del dominio musulm\u00e1n.\",\"breadcrumb\":{\"@id\":\"https:\/\/casaisabel.es\/descubre-como-se-celebra-el-9-de-octubre-en-valencia\/#breadcrumb\"},\"inLanguage\":\"en-GB\",\"potentialAction\":[{\"@type\":\"ReadAction\",\"target\":[\"https:\/\/casaisabel.es\/descubre-como-se-celebra-el-9-de-octubre-en-valencia\/\"]}]},{\"@type\":\"ImageObject\",\"inLanguage\":\"en-GB\",\"@id\":\"https:\/\/casaisabel.es\/descubre-como-se-celebra-el-9-de-octubre-en-valencia\/#primaryimage\",\"url\":\"https:\/\/casaisabel.es\/wp-content\/uploads\/2015\/10\/Casa-Isabel-9doctubre.jpg\",\"contentUrl\":\"https:\/\/casaisabel.es\/wp-content\/uploads\/2015\/10\/Casa-Isabel-9doctubre.jpg\",\"width\":1900,\"height\":756,\"caption\":\"Casa Isabel-9doctubre\"},{\"@type\":\"BreadcrumbList\",\"@id\":\"https:\/\/casaisabel.es\/descubre-como-se-celebra-el-9-de-octubre-en-valencia\/#breadcrumb\",\"itemListElement\":[{\"@type\":\"ListItem\",\"position\":1,\"name\":\"Portada\",\"item\":\"https:\/\/casaisabel.es\/\"},{\"@type\":\"ListItem\",\"position\":2,\"name\":\"Descubre c\u00f3mo se celebra el 9 de octubre en Valencia\"}]},{\"@type\":\"WebSite\",\"@id\":\"https:\/\/casaisabel.es\/#website\",\"url\":\"https:\/\/casaisabel.es\/\",\"name\":\"Casa Isabel\",\"description\":\"S\u00f3lo otro sitio de WordPress\",\"publisher\":{\"@id\":\"https:\/\/casaisabel.es\/#organization\"},\"potentialAction\":[{\"@type\":\"SearchAction\",\"target\":{\"@type\":\"EntryPoint\",\"urlTemplate\":\"https:\/\/casaisabel.es\/?s={search_term_string}\"},\"query-input\":{\"@type\":\"PropertyValueSpecification\",\"valueRequired\":true,\"valueName\":\"search_term_string\"}}],\"inLanguage\":\"en-GB\"},{\"@type\":\"Organization\",\"@id\":\"https:\/\/casaisabel.es\/#organization\",\"name\":\"Casa Isabel\",\"url\":\"https:\/\/casaisabel.es\/\",\"logo\":{\"@type\":\"ImageObject\",\"inLanguage\":\"en-GB\",\"@id\":\"https:\/\/casaisabel.es\/#\/schema\/logo\/image\/\",\"url\":\"https:\/\/casaisabel.es\/wp-content\/uploads\/2023\/09\/casaIsabel.svg\",\"contentUrl\":\"https:\/\/casaisabel.es\/wp-content\/uploads\/2023\/09\/casaIsabel.svg\",\"width\":211,\"height\":49,\"caption\":\"Casa Isabel\"},\"image\":{\"@id\":\"https:\/\/casaisabel.es\/#\/schema\/logo\/image\/\"}},{\"@type\":\"Person\",\"@id\":\"https:\/\/casaisabel.es\/#\/schema\/person\/66308f25a39c9cb32c4e78cf8cfa36cf\",\"name\":\"Admin\",\"image\":{\"@type\":\"ImageObject\",\"inLanguage\":\"en-GB\",\"@id\":\"https:\/\/casaisabel.es\/#\/schema\/person\/image\/\",\"url\":\"https:\/\/secure.gravatar.com\/avatar\/cfa1bef4e15c827fa091464736c1d269687e21ac8972ec35aec466b4aa06b9c8?s=96&d=mm&r=g\",\"contentUrl\":\"https:\/\/secure.gravatar.com\/avatar\/cfa1bef4e15c827fa091464736c1d269687e21ac8972ec35aec466b4aa06b9c8?s=96&d=mm&r=g\",\"caption\":\"Admin\"},\"url\":\"https:\/\/casaisabel.es\/en\/author\/admin-2\/\"}]}<\/script>\n<!-- \/ Yoast SEO plugin. -->","yoast_head_json":{"title":"Descubre c\u00f3mo se celebra el 9 de octubre en Valencia","description":"El 9 de octubre de cada a\u00f1o celebramos la entrada en Valencia de las tropas del rey Jaume I, circunstancia que marca el final del dominio musulm\u00e1n.","robots":{"index":"index","follow":"follow","max-snippet":"max-snippet:-1","max-image-preview":"max-image-preview:large","max-video-preview":"max-video-preview:-1"},"canonical":"https:\/\/casaisabel.es\/en\/descubre-como-se-celebra-el-9-de-octubre-en-valencia\/","og_locale":"en_GB","og_type":"article","og_title":"Descubre c\u00f3mo se celebra el 9 de octubre en Valencia","og_description":"El 9 de octubre de cada a\u00f1o celebramos la entrada en Valencia de las tropas del rey Jaume I, circunstancia que marca el final del dominio musulm\u00e1n.","og_url":"https:\/\/casaisabel.es\/en\/descubre-como-se-celebra-el-9-de-octubre-en-valencia\/","og_site_name":"Casa Isabel","article_published_time":"2025-08-20T00:12:22+00:00","og_image":[{"width":1900,"height":756,"url":"https:\/\/casaisabel.es\/wp-content\/uploads\/2015\/10\/Casa-Isabel-9doctubre.jpg","type":"image\/jpeg"}],"author":"Admin","twitter_card":"summary_large_image","twitter_misc":{"Written by":"Admin","Est. reading time":"2 minutes"},"schema":{"@context":"https:\/\/schema.org","@graph":[{"@type":"Article","@id":"https:\/\/casaisabel.es\/descubre-como-se-celebra-el-9-de-octubre-en-valencia\/#article","isPartOf":{"@id":"https:\/\/casaisabel.es\/descubre-como-se-celebra-el-9-de-octubre-en-valencia\/"},"author":{"name":"Admin","@id":"https:\/\/casaisabel.es\/#\/schema\/person\/66308f25a39c9cb32c4e78cf8cfa36cf"},"headline":"Descubre c\u00f3mo se celebra el 9 de octubre en Valencia","datePublished":"2025-08-20T00:12:22+00:00","mainEntityOfPage":{"@id":"https:\/\/casaisabel.es\/descubre-como-se-celebra-el-9-de-octubre-en-valencia\/"},"wordCount":344,"publisher":{"@id":"https:\/\/casaisabel.es\/#organization"},"image":{"@id":"https:\/\/casaisabel.es\/descubre-como-se-celebra-el-9-de-octubre-en-valencia\/#primaryimage"},"thumbnailUrl":"https:\/\/casaisabel.es\/wp-content\/uploads\/2015\/10\/Casa-Isabel-9doctubre.jpg","keywords":["9 de octubre","fiesta valencia","fiestas patronales","Valencia"],"articleSection":["Actualidad y eventos"],"inLanguage":"en-GB"},{"@type":"WebPage","@id":"https:\/\/casaisabel.es\/descubre-como-se-celebra-el-9-de-octubre-en-valencia\/","url":"https:\/\/casaisabel.es\/descubre-como-se-celebra-el-9-de-octubre-en-valencia\/","name":"Descubre c\u00f3mo se celebra el 9 de octubre en Valencia","isPartOf":{"@id":"https:\/\/casaisabel.es\/#website"},"primaryImageOfPage":{"@id":"https:\/\/casaisabel.es\/descubre-como-se-celebra-el-9-de-octubre-en-valencia\/#primaryimage"},"image":{"@id":"https:\/\/casaisabel.es\/descubre-como-se-celebra-el-9-de-octubre-en-valencia\/#primaryimage"},"thumbnailUrl":"https:\/\/casaisabel.es\/wp-content\/uploads\/2015\/10\/Casa-Isabel-9doctubre.jpg","datePublished":"2025-08-20T00:12:22+00:00","description":"El 9 de octubre de cada a\u00f1o celebramos la entrada en Valencia de las tropas del rey Jaume I, circunstancia que marca el final del dominio musulm\u00e1n.","breadcrumb":{"@id":"https:\/\/casaisabel.es\/descubre-como-se-celebra-el-9-de-octubre-en-valencia\/#breadcrumb"},"inLanguage":"en-GB","potentialAction":[{"@type":"ReadAction","target":["https:\/\/casaisabel.es\/descubre-como-se-celebra-el-9-de-octubre-en-valencia\/"]}]},{"@type":"ImageObject","inLanguage":"en-GB","@id":"https:\/\/casaisabel.es\/descubre-como-se-celebra-el-9-de-octubre-en-valencia\/#primaryimage","url":"https:\/\/casaisabel.es\/wp-content\/uploads\/2015\/10\/Casa-Isabel-9doctubre.jpg","contentUrl":"https:\/\/casaisabel.es\/wp-content\/uploads\/2015\/10\/Casa-Isabel-9doctubre.jpg","width":1900,"height":756,"caption":"Casa Isabel-9doctubre"},{"@type":"BreadcrumbList","@id":"https:\/\/casaisabel.es\/descubre-como-se-celebra-el-9-de-octubre-en-valencia\/#breadcrumb","itemListElement":[{"@type":"ListItem","position":1,"name":"Portada","item":"https:\/\/casaisabel.es\/"},{"@type":"ListItem","position":2,"name":"Descubre c\u00f3mo se celebra el 9 de octubre en Valencia"}]},{"@type":"WebSite","@id":"https:\/\/casaisabel.es\/#website","url":"https:\/\/casaisabel.es\/","name":"Casa Isabel","description":"S\u00f3lo otro sitio de WordPress","publisher":{"@id":"https:\/\/casaisabel.es\/#organization"},"potentialAction":[{"@type":"SearchAction","target":{"@type":"EntryPoint","urlTemplate":"https:\/\/casaisabel.es\/?s={search_term_string}"},"query-input":{"@type":"PropertyValueSpecification","valueRequired":true,"valueName":"search_term_string"}}],"inLanguage":"en-GB"},{"@type":"Organization","@id":"https:\/\/casaisabel.es\/#organization","name":"Casa Isabel","url":"https:\/\/casaisabel.es\/","logo":{"@type":"ImageObject","inLanguage":"en-GB","@id":"https:\/\/casaisabel.es\/#\/schema\/logo\/image\/","url":"https:\/\/casaisabel.es\/wp-content\/uploads\/2023\/09\/casaIsabel.svg","contentUrl":"https:\/\/casaisabel.es\/wp-content\/uploads\/2023\/09\/casaIsabel.svg","width":211,"height":49,"caption":"Casa Isabel"},"image":{"@id":"https:\/\/casaisabel.es\/#\/schema\/logo\/image\/"}},{"@type":"Person","@id":"https:\/\/casaisabel.es\/#\/schema\/person\/66308f25a39c9cb32c4e78cf8cfa36cf","name":"Admin","image":{"@type":"ImageObject","inLanguage":"en-GB","@id":"https:\/\/casaisabel.es\/#\/schema\/person\/image\/","url":"https:\/\/secure.gravatar.com\/avatar\/cfa1bef4e15c827fa091464736c1d269687e21ac8972ec35aec466b4aa06b9c8?s=96&d=mm&r=g","contentUrl":"https:\/\/secure.gravatar.com\/avatar\/cfa1bef4e15c827fa091464736c1d269687e21ac8972ec35aec466b4aa06b9c8?s=96&d=mm&r=g","caption":"Admin"},"url":"https:\/\/casaisabel.es\/en\/author\/admin-2\/"}]}},"_links":{"self":[{"href":"https:\/\/casaisabel.es\/en\/wp-json\/wp\/v2\/posts\/3068","targetHints":{"allow":["GET"]}}],"collection":[{"href":"https:\/\/casaisabel.es\/en\/wp-json\/wp\/v2\/posts"}],"about":[{"href":"https:\/\/casaisabel.es\/en\/wp-json\/wp\/v2\/types\/post"}],"author":[{"embeddable":true,"href":"https:\/\/casaisabel.es\/en\/wp-json\/wp\/v2\/users\/2"}],"replies":[{"embeddable":true,"href":"https:\/\/casaisabel.es\/en\/wp-json\/wp\/v2\/comments?post=3068"}],"version-history":[{"count":0,"href":"https:\/\/casaisabel.es\/en\/wp-json\/wp\/v2\/posts\/3068\/revisions"}],"wp:featuredmedia":[{"embeddable":true,"href":"https:\/\/casaisabel.es\/en\/wp-json\/wp\/v2\/media\/3073"}],"wp:attachment":[{"href":"https:\/\/casaisabel.es\/en\/wp-json\/wp\/v2\/media?parent=3068"}],"wp:term":[{"taxonomy":"category","embeddable":true,"href":"https:\/\/casaisabel.es\/en\/wp-json\/wp\/v2\/categories?post=3068"},{"taxonomy":"post_tag","embeddable":true,"href":"https:\/\/casaisabel.es\/en\/wp-json\/wp\/v2\/tags?post=3068"}],"curies":[{"name":"wp","href":"https:\/\/api.w.org\/{rel}","templated":true}]}}