{"id":3053,"date":"2025-08-21T00:02:42","date_gmt":"2025-08-21T00:02:42","guid":{"rendered":"https:\/\/casaisabel.es\/?p=3053---432b4a88-a033-4139-b5fb-8f95426c5cb5"},"modified":"2025-08-21T00:02:42","modified_gmt":"2025-08-21T00:02:42","slug":"las-torres-de-quart-las-defensoras-de-la-ciudad-de-valencia","status":"publish","type":"post","link":"https:\/\/casaisabel.es\/en\/las-torres-de-quart-las-defensoras-de-la-ciudad-de-valencia\/","title":{"rendered":"Las Torres de Quart, las defensoras de la ciudad de Valencia"},"content":{"rendered":"<p style=\"text-align: justify;\">La ciudad de Valencia no solo es un lugar perfecto para vivir y veranear por su playa urbana, <strong>excelente gastronom\u00eda y c\u00e1lida temperatura<\/strong> a lo largo de todo el a\u00f1o. Tambi\u00e9n puede ser el destino preferido de aquellos turistas que buscan en sus viajes empaparse de Historia, descubriendo la riqueza y <strong>patrimonio monumental<\/strong> de las ciudades que visitan.<\/p>\n<p style=\"text-align: justify;\"><!--more--><\/p>\n<p style=\"text-align: justify;\">Las <strong>Torres de Quart<\/strong> son uno de esos lugares emblem\u00e1ticos que, como turista, no puedes dejar de visitar en la capital del Turia. Son tambi\u00e9n conocidas como <strong>torres de Cuarte<\/strong> y, antiguamente, como <strong>Portal de la Cal<\/strong>, dado que en el siglo XVIII se exig\u00eda que la cal entrara siempre por esa puerta a la ciudad.<\/p>\n<p style=\"text-align: justify;\">Se trata de un <a href=\"http:\/\/www.museosymonumentosvalencia.com\/monumentos\/torres-de-quart\/\">Monumento Hist\u00f3rico Art\u00edstico Nacional<\/a> que, junto con las Torres de Serranos, son el vestigio m\u00e1s significativo de la <strong>muralla medieval cristiana<\/strong>, cuya misi\u00f3n era proteger la ciudad. Su estilo es g\u00f3tico tard\u00edo y fueron construidas por dos maestros en el arte de la piedra como F<strong>rancesc Baldomar y Pere Compte<\/strong>, entre 1441 y 1460, sobre una puerta anterior, siguiendo el modelo del Castel Nuovo de la ciudad italiana de N\u00e1poles.<\/p>\n<p style=\"text-align: justify;\">Esta construcci\u00f3n amurallada cuenta con tres partes: las <strong>dos torres cil\u00edndricas y un cuerpo central<\/strong>, donde se abre el portal, compuesto por un arco de medio punto. En sus muros podemos observar las <strong>huellas de los bombardeos<\/strong> sufridos en diferentes combates, como la Guerra de la Independencia o la Guerra Civil Espa\u00f1ola. Algunas aves ex\u00f3ticas y loros ahora anidan en los orificios de la fachada provocados por los<strong> ca\u00f1onazos.<\/strong><\/p>\n<p style=\"text-align: justify;\">En la actualidad y tras diversos procesos de<strong> restauraci\u00f3n,<\/strong> las Torres de Quart abren sus puertas a las visitas tur\u00edsticas todos los d\u00edas de la semana. Una <strong>actividad cultural<\/strong> que podemos completar con la gastronom\u00eda de la tierra: una paella en una buena arrocer\u00eda o restaurante de la Malvarrosa puede ser una acertada elecci\u00f3n.<\/p>\n<p style=\"text-align: justify;\"><a href=\"https:\/\/c1.staticflickr.com\/3\/2039\/2377415304_1e8aafae6a_b.jpg\">Imagen<\/a><\/p>","protected":false},"excerpt":{"rendered":"<p>La ciudad de Valencia no solo es un lugar perfecto para vivir y veranear por su playa urbana, excelente gastronom\u00eda y c\u00e1lida temperatura a lo largo de todo el a\u00f1o. Tambi\u00e9n puede ser el destino preferido de aquellos turistas que buscan en sus viajes empaparse de Historia, descubriendo la riqueza y patrimonio monumental de las [&hellip;]<\/p>","protected":false},"author":2,"featured_media":3050,"comment_status":"closed","ping_status":"closed","sticky":false,"template":"","format":"standard","meta":{"site-sidebar-layout":"default","site-content-layout":"","ast-site-content-layout":"","site-content-style":"default","site-sidebar-style":"default","ast-global-header-display":"","ast-banner-title-visibility":"","ast-main-header-display":"","ast-hfb-above-header-display":"","ast-hfb-below-header-display":"","ast-hfb-mobile-header-display":"","site-post-title":"","ast-breadcrumbs-content":"","ast-featured-img":"","footer-sml-layout":"","theme-transparent-header-meta":"","adv-header-id-meta":"","stick-header-meta":"","header-above-stick-meta":"","header-main-stick-meta":"","header-below-stick-meta":"","astra-migrate-meta-layouts":"default","ast-page-background-enabled":"default","ast-page-background-meta":{"desktop":{"background-color":"var(--ast-global-color-4)","background-image":"","background-repeat":"repeat","background-position":"center center","background-size":"auto","background-attachment":"scroll","background-type":"","background-media":"","overlay-type":"","overlay-color":"","overlay-opacity":"","overlay-gradient":""},"tablet":{"background-color":"","background-image":"","background-repeat":"repeat","background-position":"center center","background-size":"auto","background-attachment":"scroll","background-type":"","background-media":"","overlay-type":"","overlay-color":"","overlay-opacity":"","overlay-gradient":""},"mobile":{"background-color":"","background-image":"","background-repeat":"repeat","background-position":"center center","background-size":"auto","background-attachment":"scroll","background-type":"","background-media":"","overlay-type":"","overlay-color":"","overlay-opacity":"","overlay-gradient":""}},"ast-content-background-meta":{"desktop":{"background-color":"var(--ast-global-color-5)","background-image":"","background-repeat":"repeat","background-position":"center center","background-size":"auto","background-attachment":"scroll","background-type":"","background-media":"","overlay-type":"","overlay-color":"","overlay-opacity":"","overlay-gradient":""},"tablet":{"background-color":"var(--ast-global-color-5)","background-image":"","background-repeat":"repeat","background-position":"center center","background-size":"auto","background-attachment":"scroll","background-type":"","background-media":"","overlay-type":"","overlay-color":"","overlay-opacity":"","overlay-gradient":""},"mobile":{"background-color":"var(--ast-global-color-5)","background-image":"","background-repeat":"repeat","background-position":"center center","background-size":"auto","background-attachment":"scroll","background-type":"","background-media":"","overlay-type":"","overlay-color":"","overlay-opacity":"","overlay-gradient":""}},"footnotes":""},"categories":[9],"tags":[75,76,77,78,5],"class_list":["post-3053","post","type-post","status-publish","format-standard","has-post-thumbnail","hentry","category-lugares-emblematicos-de-valencia","tag-muralla-valencia","tag-torres-de-quart","tag-torres-valencia","tag-turismo","tag-valencia"],"yoast_head":"<!-- This site is optimized with the Yoast SEO plugin v25.6 - https:\/\/yoast.com\/wordpress\/plugins\/seo\/ -->\n<title>Las Torres de Quart, las defensoras de la ciudad de Valencia<\/title>\n<meta name=\"description\" content=\"Las Torres de Quart son uno de esos lugares emblem\u00e1ticos que, como turista, no puedes dejar de visitar en la ciudad de Valencia.\" \/>\n<meta name=\"robots\" content=\"index, follow, max-snippet:-1, max-image-preview:large, max-video-preview:-1\" \/>\n<link rel=\"canonical\" href=\"https:\/\/casaisabel.es\/en\/las-torres-de-quart-las-defensoras-de-la-ciudad-de-valencia\/\" \/>\n<meta property=\"og:locale\" content=\"en_GB\" \/>\n<meta property=\"og:type\" content=\"article\" \/>\n<meta property=\"og:title\" content=\"Las Torres de Quart, las defensoras de la ciudad de Valencia\" \/>\n<meta property=\"og:description\" content=\"Las Torres de Quart son uno de esos lugares emblem\u00e1ticos que, como turista, no puedes dejar de visitar en la ciudad de Valencia.\" \/>\n<meta property=\"og:url\" content=\"https:\/\/casaisabel.es\/en\/las-torres-de-quart-las-defensoras-de-la-ciudad-de-valencia\/\" \/>\n<meta property=\"og:site_name\" content=\"Casa Isabel\" \/>\n<meta property=\"article:published_time\" content=\"2025-08-21T00:02:42+00:00\" \/>\n<meta property=\"og:image\" content=\"https:\/\/casaisabel.es\/wp-content\/uploads\/2015\/09\/Casa-Isabel-Torres-de-Quart.jpg\" \/>\n\t<meta property=\"og:image:width\" content=\"1900\" \/>\n\t<meta property=\"og:image:height\" content=\"756\" \/>\n\t<meta property=\"og:image:type\" content=\"image\/jpeg\" \/>\n<meta name=\"author\" content=\"Admin\" \/>\n<meta name=\"twitter:card\" content=\"summary_large_image\" \/>\n<meta name=\"twitter:label1\" content=\"Written by\" \/>\n\t<meta name=\"twitter:data1\" content=\"Admin\" \/>\n\t<meta name=\"twitter:label2\" content=\"Est. reading time\" \/>\n\t<meta name=\"twitter:data2\" content=\"2 minutes\" \/>\n<script type=\"application\/ld+json\" class=\"yoast-schema-graph\">{\"@context\":\"https:\/\/schema.org\",\"@graph\":[{\"@type\":\"Article\",\"@id\":\"https:\/\/casaisabel.es\/las-torres-de-quart-las-defensoras-de-la-ciudad-de-valencia\/#article\",\"isPartOf\":{\"@id\":\"https:\/\/casaisabel.es\/las-torres-de-quart-las-defensoras-de-la-ciudad-de-valencia\/\"},\"author\":{\"name\":\"Admin\",\"@id\":\"https:\/\/casaisabel.es\/#\/schema\/person\/66308f25a39c9cb32c4e78cf8cfa36cf\"},\"headline\":\"Las Torres de Quart, las defensoras de la ciudad de Valencia\",\"datePublished\":\"2025-08-21T00:02:42+00:00\",\"mainEntityOfPage\":{\"@id\":\"https:\/\/casaisabel.es\/las-torres-de-quart-las-defensoras-de-la-ciudad-de-valencia\/\"},\"wordCount\":346,\"publisher\":{\"@id\":\"https:\/\/casaisabel.es\/#organization\"},\"image\":{\"@id\":\"https:\/\/casaisabel.es\/las-torres-de-quart-las-defensoras-de-la-ciudad-de-valencia\/#primaryimage\"},\"thumbnailUrl\":\"https:\/\/casaisabel.es\/wp-content\/uploads\/2015\/09\/Casa-Isabel-Torres-de-Quart.jpg\",\"keywords\":[\"muralla valencia\",\"torres de quart\",\"torres valencia\",\"turismo\",\"Valencia\"],\"articleSection\":[\"Lugares emblem\u00e1ticos de Valencia\"],\"inLanguage\":\"en-GB\"},{\"@type\":\"WebPage\",\"@id\":\"https:\/\/casaisabel.es\/las-torres-de-quart-las-defensoras-de-la-ciudad-de-valencia\/\",\"url\":\"https:\/\/casaisabel.es\/las-torres-de-quart-las-defensoras-de-la-ciudad-de-valencia\/\",\"name\":\"Las Torres de Quart, las defensoras de la ciudad de Valencia\",\"isPartOf\":{\"@id\":\"https:\/\/casaisabel.es\/#website\"},\"primaryImageOfPage\":{\"@id\":\"https:\/\/casaisabel.es\/las-torres-de-quart-las-defensoras-de-la-ciudad-de-valencia\/#primaryimage\"},\"image\":{\"@id\":\"https:\/\/casaisabel.es\/las-torres-de-quart-las-defensoras-de-la-ciudad-de-valencia\/#primaryimage\"},\"thumbnailUrl\":\"https:\/\/casaisabel.es\/wp-content\/uploads\/2015\/09\/Casa-Isabel-Torres-de-Quart.jpg\",\"datePublished\":\"2025-08-21T00:02:42+00:00\",\"description\":\"Las Torres de Quart son uno de esos lugares emblem\u00e1ticos que, como turista, no puedes dejar de visitar en la ciudad de Valencia.\",\"breadcrumb\":{\"@id\":\"https:\/\/casaisabel.es\/las-torres-de-quart-las-defensoras-de-la-ciudad-de-valencia\/#breadcrumb\"},\"inLanguage\":\"en-GB\",\"potentialAction\":[{\"@type\":\"ReadAction\",\"target\":[\"https:\/\/casaisabel.es\/las-torres-de-quart-las-defensoras-de-la-ciudad-de-valencia\/\"]}]},{\"@type\":\"ImageObject\",\"inLanguage\":\"en-GB\",\"@id\":\"https:\/\/casaisabel.es\/las-torres-de-quart-las-defensoras-de-la-ciudad-de-valencia\/#primaryimage\",\"url\":\"https:\/\/casaisabel.es\/wp-content\/uploads\/2015\/09\/Casa-Isabel-Torres-de-Quart.jpg\",\"contentUrl\":\"https:\/\/casaisabel.es\/wp-content\/uploads\/2015\/09\/Casa-Isabel-Torres-de-Quart.jpg\",\"width\":1900,\"height\":756,\"caption\":\"Casa Isabel-Torres de Quart\"},{\"@type\":\"BreadcrumbList\",\"@id\":\"https:\/\/casaisabel.es\/las-torres-de-quart-las-defensoras-de-la-ciudad-de-valencia\/#breadcrumb\",\"itemListElement\":[{\"@type\":\"ListItem\",\"position\":1,\"name\":\"Portada\",\"item\":\"https:\/\/casaisabel.es\/\"},{\"@type\":\"ListItem\",\"position\":2,\"name\":\"Las Torres de Quart, las defensoras de la ciudad de Valencia\"}]},{\"@type\":\"WebSite\",\"@id\":\"https:\/\/casaisabel.es\/#website\",\"url\":\"https:\/\/casaisabel.es\/\",\"name\":\"Casa Isabel\",\"description\":\"S\u00f3lo otro sitio de WordPress\",\"publisher\":{\"@id\":\"https:\/\/casaisabel.es\/#organization\"},\"potentialAction\":[{\"@type\":\"SearchAction\",\"target\":{\"@type\":\"EntryPoint\",\"urlTemplate\":\"https:\/\/casaisabel.es\/?s={search_term_string}\"},\"query-input\":{\"@type\":\"PropertyValueSpecification\",\"valueRequired\":true,\"valueName\":\"search_term_string\"}}],\"inLanguage\":\"en-GB\"},{\"@type\":\"Organization\",\"@id\":\"https:\/\/casaisabel.es\/#organization\",\"name\":\"Casa Isabel\",\"url\":\"https:\/\/casaisabel.es\/\",\"logo\":{\"@type\":\"ImageObject\",\"inLanguage\":\"en-GB\",\"@id\":\"https:\/\/casaisabel.es\/#\/schema\/logo\/image\/\",\"url\":\"https:\/\/casaisabel.es\/wp-content\/uploads\/2023\/09\/casaIsabel.svg\",\"contentUrl\":\"https:\/\/casaisabel.es\/wp-content\/uploads\/2023\/09\/casaIsabel.svg\",\"width\":211,\"height\":49,\"caption\":\"Casa Isabel\"},\"image\":{\"@id\":\"https:\/\/casaisabel.es\/#\/schema\/logo\/image\/\"}},{\"@type\":\"Person\",\"@id\":\"https:\/\/casaisabel.es\/#\/schema\/person\/66308f25a39c9cb32c4e78cf8cfa36cf\",\"name\":\"Admin\",\"image\":{\"@type\":\"ImageObject\",\"inLanguage\":\"en-GB\",\"@id\":\"https:\/\/casaisabel.es\/#\/schema\/person\/image\/\",\"url\":\"https:\/\/secure.gravatar.com\/avatar\/cfa1bef4e15c827fa091464736c1d269687e21ac8972ec35aec466b4aa06b9c8?s=96&d=mm&r=g\",\"contentUrl\":\"https:\/\/secure.gravatar.com\/avatar\/cfa1bef4e15c827fa091464736c1d269687e21ac8972ec35aec466b4aa06b9c8?s=96&d=mm&r=g\",\"caption\":\"Admin\"},\"url\":\"https:\/\/casaisabel.es\/en\/author\/admin-2\/\"}]}<\/script>\n<!-- \/ Yoast SEO plugin. -->","yoast_head_json":{"title":"Las Torres de Quart, las defensoras de la ciudad de Valencia","description":"Las Torres de Quart son uno de esos lugares emblem\u00e1ticos que, como turista, no puedes dejar de visitar en la ciudad de Valencia.","robots":{"index":"index","follow":"follow","max-snippet":"max-snippet:-1","max-image-preview":"max-image-preview:large","max-video-preview":"max-video-preview:-1"},"canonical":"https:\/\/casaisabel.es\/en\/las-torres-de-quart-las-defensoras-de-la-ciudad-de-valencia\/","og_locale":"en_GB","og_type":"article","og_title":"Las Torres de Quart, las defensoras de la ciudad de Valencia","og_description":"Las Torres de Quart son uno de esos lugares emblem\u00e1ticos que, como turista, no puedes dejar de visitar en la ciudad de Valencia.","og_url":"https:\/\/casaisabel.es\/en\/las-torres-de-quart-las-defensoras-de-la-ciudad-de-valencia\/","og_site_name":"Casa Isabel","article_published_time":"2025-08-21T00:02:42+00:00","og_image":[{"width":1900,"height":756,"url":"https:\/\/casaisabel.es\/wp-content\/uploads\/2015\/09\/Casa-Isabel-Torres-de-Quart.jpg","type":"image\/jpeg"}],"author":"Admin","twitter_card":"summary_large_image","twitter_misc":{"Written by":"Admin","Est. reading time":"2 minutes"},"schema":{"@context":"https:\/\/schema.org","@graph":[{"@type":"Article","@id":"https:\/\/casaisabel.es\/las-torres-de-quart-las-defensoras-de-la-ciudad-de-valencia\/#article","isPartOf":{"@id":"https:\/\/casaisabel.es\/las-torres-de-quart-las-defensoras-de-la-ciudad-de-valencia\/"},"author":{"name":"Admin","@id":"https:\/\/casaisabel.es\/#\/schema\/person\/66308f25a39c9cb32c4e78cf8cfa36cf"},"headline":"Las Torres de Quart, las defensoras de la ciudad de Valencia","datePublished":"2025-08-21T00:02:42+00:00","mainEntityOfPage":{"@id":"https:\/\/casaisabel.es\/las-torres-de-quart-las-defensoras-de-la-ciudad-de-valencia\/"},"wordCount":346,"publisher":{"@id":"https:\/\/casaisabel.es\/#organization"},"image":{"@id":"https:\/\/casaisabel.es\/las-torres-de-quart-las-defensoras-de-la-ciudad-de-valencia\/#primaryimage"},"thumbnailUrl":"https:\/\/casaisabel.es\/wp-content\/uploads\/2015\/09\/Casa-Isabel-Torres-de-Quart.jpg","keywords":["muralla valencia","torres de quart","torres valencia","turismo","Valencia"],"articleSection":["Lugares emblem\u00e1ticos de Valencia"],"inLanguage":"en-GB"},{"@type":"WebPage","@id":"https:\/\/casaisabel.es\/las-torres-de-quart-las-defensoras-de-la-ciudad-de-valencia\/","url":"https:\/\/casaisabel.es\/las-torres-de-quart-las-defensoras-de-la-ciudad-de-valencia\/","name":"Las Torres de Quart, las defensoras de la ciudad de Valencia","isPartOf":{"@id":"https:\/\/casaisabel.es\/#website"},"primaryImageOfPage":{"@id":"https:\/\/casaisabel.es\/las-torres-de-quart-las-defensoras-de-la-ciudad-de-valencia\/#primaryimage"},"image":{"@id":"https:\/\/casaisabel.es\/las-torres-de-quart-las-defensoras-de-la-ciudad-de-valencia\/#primaryimage"},"thumbnailUrl":"https:\/\/casaisabel.es\/wp-content\/uploads\/2015\/09\/Casa-Isabel-Torres-de-Quart.jpg","datePublished":"2025-08-21T00:02:42+00:00","description":"Las Torres de Quart son uno de esos lugares emblem\u00e1ticos que, como turista, no puedes dejar de visitar en la ciudad de Valencia.","breadcrumb":{"@id":"https:\/\/casaisabel.es\/las-torres-de-quart-las-defensoras-de-la-ciudad-de-valencia\/#breadcrumb"},"inLanguage":"en-GB","potentialAction":[{"@type":"ReadAction","target":["https:\/\/casaisabel.es\/las-torres-de-quart-las-defensoras-de-la-ciudad-de-valencia\/"]}]},{"@type":"ImageObject","inLanguage":"en-GB","@id":"https:\/\/casaisabel.es\/las-torres-de-quart-las-defensoras-de-la-ciudad-de-valencia\/#primaryimage","url":"https:\/\/casaisabel.es\/wp-content\/uploads\/2015\/09\/Casa-Isabel-Torres-de-Quart.jpg","contentUrl":"https:\/\/casaisabel.es\/wp-content\/uploads\/2015\/09\/Casa-Isabel-Torres-de-Quart.jpg","width":1900,"height":756,"caption":"Casa Isabel-Torres de Quart"},{"@type":"BreadcrumbList","@id":"https:\/\/casaisabel.es\/las-torres-de-quart-las-defensoras-de-la-ciudad-de-valencia\/#breadcrumb","itemListElement":[{"@type":"ListItem","position":1,"name":"Portada","item":"https:\/\/casaisabel.es\/"},{"@type":"ListItem","position":2,"name":"Las Torres de Quart, las defensoras de la ciudad de Valencia"}]},{"@type":"WebSite","@id":"https:\/\/casaisabel.es\/#website","url":"https:\/\/casaisabel.es\/","name":"Casa Isabel","description":"S\u00f3lo otro sitio de WordPress","publisher":{"@id":"https:\/\/casaisabel.es\/#organization"},"potentialAction":[{"@type":"SearchAction","target":{"@type":"EntryPoint","urlTemplate":"https:\/\/casaisabel.es\/?s={search_term_string}"},"query-input":{"@type":"PropertyValueSpecification","valueRequired":true,"valueName":"search_term_string"}}],"inLanguage":"en-GB"},{"@type":"Organization","@id":"https:\/\/casaisabel.es\/#organization","name":"Casa Isabel","url":"https:\/\/casaisabel.es\/","logo":{"@type":"ImageObject","inLanguage":"en-GB","@id":"https:\/\/casaisabel.es\/#\/schema\/logo\/image\/","url":"https:\/\/casaisabel.es\/wp-content\/uploads\/2023\/09\/casaIsabel.svg","contentUrl":"https:\/\/casaisabel.es\/wp-content\/uploads\/2023\/09\/casaIsabel.svg","width":211,"height":49,"caption":"Casa Isabel"},"image":{"@id":"https:\/\/casaisabel.es\/#\/schema\/logo\/image\/"}},{"@type":"Person","@id":"https:\/\/casaisabel.es\/#\/schema\/person\/66308f25a39c9cb32c4e78cf8cfa36cf","name":"Admin","image":{"@type":"ImageObject","inLanguage":"en-GB","@id":"https:\/\/casaisabel.es\/#\/schema\/person\/image\/","url":"https:\/\/secure.gravatar.com\/avatar\/cfa1bef4e15c827fa091464736c1d269687e21ac8972ec35aec466b4aa06b9c8?s=96&d=mm&r=g","contentUrl":"https:\/\/secure.gravatar.com\/avatar\/cfa1bef4e15c827fa091464736c1d269687e21ac8972ec35aec466b4aa06b9c8?s=96&d=mm&r=g","caption":"Admin"},"url":"https:\/\/casaisabel.es\/en\/author\/admin-2\/"}]}},"_links":{"self":[{"href":"https:\/\/casaisabel.es\/en\/wp-json\/wp\/v2\/posts\/3053","targetHints":{"allow":["GET"]}}],"collection":[{"href":"https:\/\/casaisabel.es\/en\/wp-json\/wp\/v2\/posts"}],"about":[{"href":"https:\/\/casaisabel.es\/en\/wp-json\/wp\/v2\/types\/post"}],"author":[{"embeddable":true,"href":"https:\/\/casaisabel.es\/en\/wp-json\/wp\/v2\/users\/2"}],"replies":[{"embeddable":true,"href":"https:\/\/casaisabel.es\/en\/wp-json\/wp\/v2\/comments?post=3053"}],"version-history":[{"count":0,"href":"https:\/\/casaisabel.es\/en\/wp-json\/wp\/v2\/posts\/3053\/revisions"}],"wp:featuredmedia":[{"embeddable":true,"href":"https:\/\/casaisabel.es\/en\/wp-json\/wp\/v2\/media\/3050"}],"wp:attachment":[{"href":"https:\/\/casaisabel.es\/en\/wp-json\/wp\/v2\/media?parent=3053"}],"wp:term":[{"taxonomy":"category","embeddable":true,"href":"https:\/\/casaisabel.es\/en\/wp-json\/wp\/v2\/categories?post=3053"},{"taxonomy":"post_tag","embeddable":true,"href":"https:\/\/casaisabel.es\/en\/wp-json\/wp\/v2\/tags?post=3053"}],"curies":[{"name":"wp","href":"https:\/\/api.w.org\/{rel}","templated":true}]}}