{"id":2731,"date":"2026-02-04T00:08:28","date_gmt":"2026-02-04T00:08:28","guid":{"rendered":"https:\/\/casaisabel.es\/?p=2731---219d0c98-7c66-46cd-8dc2-a30ce754e083"},"modified":"2026-02-04T00:08:28","modified_gmt":"2026-02-04T00:08:28","slug":"los-conciertos-de-viveros-feria-de-julio-valencia-2015","status":"publish","type":"post","link":"https:\/\/casaisabel.es\/en\/los-conciertos-de-viveros-feria-de-julio-valencia-2015\/","title":{"rendered":"Los conciertos de Viveros (Feria de Julio Valencia 2015)"},"content":{"rendered":"<p style=\"text-align: justify;\"><strong>M\u00fasica y gastronom\u00eda<\/strong> maridan a la perfecci\u00f3n. La <strong>Feria de Julio<\/strong> llena <strong>Valencia<\/strong> de notas musicales y es posible complementar la asistencia a los\u00a0<strong>conciertos<\/strong> con la degustaci\u00f3n de una<strong> paella <\/strong>en una<a href=\"https:\/\/casaisabel.es\/en\/\" target=\"_blank\" rel=\"noopener noreferrer\"><strong> arrocer\u00eda o restaurante de la Malvarrosa<\/strong><\/a>, al lado de la misma <strong>playa<\/strong>. <!--more--><\/p>\n<p style=\"text-align: justify;\">La <strong>Feria de Julio<\/strong>, por su parte, atrae siempre la presencia de grupos de post\u00edn en los <strong>conciertos<\/strong> que se celebran durante la mayor\u00eda de sus noches en los <strong>Viveros<\/strong>, un parque arbolado de la ciudad y que constituye un escenario id\u00f3neo para las actuaciones.<\/p>\n<p style=\"text-align: justify;\">En la <strong>edici\u00f3n de 2015<\/strong>, los amantes de la m\u00fasica van a poder disfrutar de la presencia de cantantes y grupos representativos de todos los estilos. Por ejemplo, los seguidores del <strong>rock nacional<\/strong> podr\u00e1n ver al incombustible <strong>Rosendo Mercado el d\u00eda 9<\/strong>. Otros hist\u00f3ricos del rock espa\u00f1ol tocar\u00e1n el <strong>viernes 17<\/strong>; se trata de <strong>Los Enemigos<\/strong>, que tendr\u00e1n a los valencianos <strong>Peranoia<\/strong> como teloneros. Los ritmos m\u00e1s festivos vendr\u00e1n de la mano de <strong>La Pegatina<\/strong> y el grupo local <strong>Va de Bo<\/strong>, por lo tanto, el <strong>viernes 10<\/strong> ser\u00e1 un d\u00eda especialmente indicado para el baile sin tregua.<\/p>\n<p style=\"text-align: justify;\">Por otro lado, conciertos como el de <strong>Melendi el s\u00e1bado 11<\/strong> presagian un lleno. El <strong>exl\u00edder de Supertramp<\/strong> <strong>Roger Hodgson<\/strong>, por su parte, ser\u00e1 el encargado de abrir el <strong>martes 7<\/strong> el desfile de artistas.<\/p>\n<p style=\"text-align: justify;\">Quienes busquen planes m\u00e1s tranquilos, podr\u00e1n deleitarse con la voz de la gallega <strong>Luz Casal (el jueves 16)<\/strong>. El cierre de este mes de actuaciones estar\u00e1 a cargo, el <strong>s\u00e1bado 25<\/strong>, de un cantautor que marc\u00f3 una \u00e9poca: el cubano <strong>Pablo Milan\u00e9s<\/strong>.\u00a0Por \u00faltimo, los fans de los ochenta podr\u00e1n reivindicar el espacio que merece <strong>La Movida Valenciana<\/strong>, merced al concierto del <strong>s\u00e1bado 18<\/strong>, en el que participar\u00e1n diversos grupos de la \u00e9poca.\u00a0En definitiva, m\u00fasica para todos los gustos en Valencia.<\/p>\n<p style=\"text-align: justify;\"><a href=\"https:\/\/pixabay.com\/es\/kid-rock-concierto-auditorio-89811\/\" target=\"_blank\" rel=\"noopener noreferrer\">Imagen<\/a><\/p>","protected":false},"excerpt":{"rendered":"<p>M\u00fasica y gastronom\u00eda maridan a la perfecci\u00f3n. La Feria de Julio llena Valencia de notas musicales y es posible complementar la asistencia a los\u00a0conciertos con la degustaci\u00f3n de una paella en una arrocer\u00eda o restaurante de la Malvarrosa, al lado de la misma playa.<\/p>","protected":false},"author":2,"featured_media":2732,"comment_status":"closed","ping_status":"closed","sticky":false,"template":"","format":"standard","meta":{"site-sidebar-layout":"default","site-content-layout":"","ast-site-content-layout":"","site-content-style":"default","site-sidebar-style":"default","ast-global-header-display":"","ast-banner-title-visibility":"","ast-main-header-display":"","ast-hfb-above-header-display":"","ast-hfb-below-header-display":"","ast-hfb-mobile-header-display":"","site-post-title":"","ast-breadcrumbs-content":"","ast-featured-img":"","footer-sml-layout":"","theme-transparent-header-meta":"","adv-header-id-meta":"","stick-header-meta":"","header-above-stick-meta":"","header-main-stick-meta":"","header-below-stick-meta":"","astra-migrate-meta-layouts":"default","ast-page-background-enabled":"default","ast-page-background-meta":{"desktop":{"background-color":"var(--ast-global-color-4)","background-image":"","background-repeat":"repeat","background-position":"center center","background-size":"auto","background-attachment":"scroll","background-type":"","background-media":"","overlay-type":"","overlay-color":"","overlay-opacity":"","overlay-gradient":""},"tablet":{"background-color":"","background-image":"","background-repeat":"repeat","background-position":"center center","background-size":"auto","background-attachment":"scroll","background-type":"","background-media":"","overlay-type":"","overlay-color":"","overlay-opacity":"","overlay-gradient":""},"mobile":{"background-color":"","background-image":"","background-repeat":"repeat","background-position":"center center","background-size":"auto","background-attachment":"scroll","background-type":"","background-media":"","overlay-type":"","overlay-color":"","overlay-opacity":"","overlay-gradient":""}},"ast-content-background-meta":{"desktop":{"background-color":"var(--ast-global-color-5)","background-image":"","background-repeat":"repeat","background-position":"center center","background-size":"auto","background-attachment":"scroll","background-type":"","background-media":"","overlay-type":"","overlay-color":"","overlay-opacity":"","overlay-gradient":""},"tablet":{"background-color":"var(--ast-global-color-5)","background-image":"","background-repeat":"repeat","background-position":"center center","background-size":"auto","background-attachment":"scroll","background-type":"","background-media":"","overlay-type":"","overlay-color":"","overlay-opacity":"","overlay-gradient":""},"mobile":{"background-color":"var(--ast-global-color-5)","background-image":"","background-repeat":"repeat","background-position":"center center","background-size":"auto","background-attachment":"scroll","background-type":"","background-media":"","overlay-type":"","overlay-color":"","overlay-opacity":"","overlay-gradient":""}},"footnotes":""},"categories":[7],"tags":[22],"class_list":["post-2731","post","type-post","status-publish","format-standard","has-post-thumbnail","hentry","category-actualidad-y-eventos","tag-conciertos-de-viveros"],"yoast_head":"<!-- This site is optimized with the Yoast SEO plugin v25.6 - https:\/\/yoast.com\/wordpress\/plugins\/seo\/ -->\n<title>Los conciertos de Viveros (Feria de Julio Valencia 2015) - Casa Isabel<\/title>\n<meta name=\"description\" content=\"Es posible complementar la asistencia a los conciertos con la degustaci\u00f3n de una paella en una arrocer\u00eda o restaurante de la Malvarrosa, junto a la playa.\" \/>\n<meta name=\"robots\" content=\"index, follow, max-snippet:-1, max-image-preview:large, max-video-preview:-1\" \/>\n<link rel=\"canonical\" href=\"https:\/\/casaisabel.es\/en\/los-conciertos-de-viveros-feria-de-julio-valencia-2015\/\" \/>\n<meta property=\"og:locale\" content=\"en_GB\" \/>\n<meta property=\"og:type\" content=\"article\" \/>\n<meta property=\"og:title\" content=\"Los conciertos de Viveros (Feria de Julio Valencia 2015) - Casa Isabel\" \/>\n<meta property=\"og:description\" content=\"Es posible complementar la asistencia a los conciertos con la degustaci\u00f3n de una paella en una arrocer\u00eda o restaurante de la Malvarrosa, junto a la playa.\" \/>\n<meta property=\"og:url\" content=\"https:\/\/casaisabel.es\/en\/los-conciertos-de-viveros-feria-de-julio-valencia-2015\/\" \/>\n<meta property=\"og:site_name\" content=\"Casa Isabel\" \/>\n<meta property=\"article:published_time\" content=\"2026-02-04T00:08:28+00:00\" \/>\n<meta property=\"og:image\" content=\"https:\/\/casaisabel.es\/wp-content\/uploads\/2015\/07\/cisabel_stage.jpg\" \/>\n\t<meta property=\"og:image:width\" content=\"1280\" \/>\n\t<meta property=\"og:image:height\" content=\"441\" \/>\n\t<meta property=\"og:image:type\" content=\"image\/jpeg\" \/>\n<meta name=\"author\" content=\"Admin\" \/>\n<meta name=\"twitter:card\" content=\"summary_large_image\" \/>\n<meta name=\"twitter:label1\" content=\"Written by\" \/>\n\t<meta name=\"twitter:data1\" content=\"Admin\" \/>\n\t<meta name=\"twitter:label2\" content=\"Est. reading time\" \/>\n\t<meta name=\"twitter:data2\" content=\"2 minutes\" \/>\n<script type=\"application\/ld+json\" class=\"yoast-schema-graph\">{\"@context\":\"https:\/\/schema.org\",\"@graph\":[{\"@type\":\"Article\",\"@id\":\"https:\/\/casaisabel.es\/los-conciertos-de-viveros-feria-de-julio-valencia-2015\/#article\",\"isPartOf\":{\"@id\":\"https:\/\/casaisabel.es\/los-conciertos-de-viveros-feria-de-julio-valencia-2015\/\"},\"author\":{\"name\":\"Admin\",\"@id\":\"https:\/\/casaisabel.es\/#\/schema\/person\/66308f25a39c9cb32c4e78cf8cfa36cf\"},\"headline\":\"Los conciertos de Viveros (Feria de Julio Valencia 2015)\",\"datePublished\":\"2026-02-04T00:08:28+00:00\",\"mainEntityOfPage\":{\"@id\":\"https:\/\/casaisabel.es\/los-conciertos-de-viveros-feria-de-julio-valencia-2015\/\"},\"wordCount\":334,\"publisher\":{\"@id\":\"https:\/\/casaisabel.es\/#organization\"},\"image\":{\"@id\":\"https:\/\/casaisabel.es\/los-conciertos-de-viveros-feria-de-julio-valencia-2015\/#primaryimage\"},\"thumbnailUrl\":\"https:\/\/casaisabel.es\/wp-content\/uploads\/2015\/07\/cisabel_stage.jpg\",\"keywords\":[\"conciertos de viveros\"],\"articleSection\":[\"Actualidad y eventos\"],\"inLanguage\":\"en-GB\"},{\"@type\":\"WebPage\",\"@id\":\"https:\/\/casaisabel.es\/los-conciertos-de-viveros-feria-de-julio-valencia-2015\/\",\"url\":\"https:\/\/casaisabel.es\/los-conciertos-de-viveros-feria-de-julio-valencia-2015\/\",\"name\":\"Los conciertos de Viveros (Feria de Julio Valencia 2015) - Casa Isabel\",\"isPartOf\":{\"@id\":\"https:\/\/casaisabel.es\/#website\"},\"primaryImageOfPage\":{\"@id\":\"https:\/\/casaisabel.es\/los-conciertos-de-viveros-feria-de-julio-valencia-2015\/#primaryimage\"},\"image\":{\"@id\":\"https:\/\/casaisabel.es\/los-conciertos-de-viveros-feria-de-julio-valencia-2015\/#primaryimage\"},\"thumbnailUrl\":\"https:\/\/casaisabel.es\/wp-content\/uploads\/2015\/07\/cisabel_stage.jpg\",\"datePublished\":\"2026-02-04T00:08:28+00:00\",\"description\":\"Es posible complementar la asistencia a los conciertos con la degustaci\u00f3n de una paella en una arrocer\u00eda o restaurante de la Malvarrosa, junto a la playa.\",\"breadcrumb\":{\"@id\":\"https:\/\/casaisabel.es\/los-conciertos-de-viveros-feria-de-julio-valencia-2015\/#breadcrumb\"},\"inLanguage\":\"en-GB\",\"potentialAction\":[{\"@type\":\"ReadAction\",\"target\":[\"https:\/\/casaisabel.es\/los-conciertos-de-viveros-feria-de-julio-valencia-2015\/\"]}]},{\"@type\":\"ImageObject\",\"inLanguage\":\"en-GB\",\"@id\":\"https:\/\/casaisabel.es\/los-conciertos-de-viveros-feria-de-julio-valencia-2015\/#primaryimage\",\"url\":\"https:\/\/casaisabel.es\/wp-content\/uploads\/2015\/07\/cisabel_stage.jpg\",\"contentUrl\":\"https:\/\/casaisabel.es\/wp-content\/uploads\/2015\/07\/cisabel_stage.jpg\",\"width\":1280,\"height\":441,\"caption\":\"cisabel_stage\"},{\"@type\":\"BreadcrumbList\",\"@id\":\"https:\/\/casaisabel.es\/los-conciertos-de-viveros-feria-de-julio-valencia-2015\/#breadcrumb\",\"itemListElement\":[{\"@type\":\"ListItem\",\"position\":1,\"name\":\"Portada\",\"item\":\"https:\/\/casaisabel.es\/\"},{\"@type\":\"ListItem\",\"position\":2,\"name\":\"Los conciertos de Viveros (Feria de Julio Valencia 2015)\"}]},{\"@type\":\"WebSite\",\"@id\":\"https:\/\/casaisabel.es\/#website\",\"url\":\"https:\/\/casaisabel.es\/\",\"name\":\"Casa Isabel\",\"description\":\"S\u00f3lo otro sitio de WordPress\",\"publisher\":{\"@id\":\"https:\/\/casaisabel.es\/#organization\"},\"potentialAction\":[{\"@type\":\"SearchAction\",\"target\":{\"@type\":\"EntryPoint\",\"urlTemplate\":\"https:\/\/casaisabel.es\/?s={search_term_string}\"},\"query-input\":{\"@type\":\"PropertyValueSpecification\",\"valueRequired\":true,\"valueName\":\"search_term_string\"}}],\"inLanguage\":\"en-GB\"},{\"@type\":\"Organization\",\"@id\":\"https:\/\/casaisabel.es\/#organization\",\"name\":\"Casa Isabel\",\"url\":\"https:\/\/casaisabel.es\/\",\"logo\":{\"@type\":\"ImageObject\",\"inLanguage\":\"en-GB\",\"@id\":\"https:\/\/casaisabel.es\/#\/schema\/logo\/image\/\",\"url\":\"https:\/\/casaisabel.es\/wp-content\/uploads\/2023\/09\/casaIsabel.svg\",\"contentUrl\":\"https:\/\/casaisabel.es\/wp-content\/uploads\/2023\/09\/casaIsabel.svg\",\"width\":211,\"height\":49,\"caption\":\"Casa Isabel\"},\"image\":{\"@id\":\"https:\/\/casaisabel.es\/#\/schema\/logo\/image\/\"}},{\"@type\":\"Person\",\"@id\":\"https:\/\/casaisabel.es\/#\/schema\/person\/66308f25a39c9cb32c4e78cf8cfa36cf\",\"name\":\"Admin\",\"image\":{\"@type\":\"ImageObject\",\"inLanguage\":\"en-GB\",\"@id\":\"https:\/\/casaisabel.es\/#\/schema\/person\/image\/\",\"url\":\"https:\/\/secure.gravatar.com\/avatar\/cfa1bef4e15c827fa091464736c1d269687e21ac8972ec35aec466b4aa06b9c8?s=96&d=mm&r=g\",\"contentUrl\":\"https:\/\/secure.gravatar.com\/avatar\/cfa1bef4e15c827fa091464736c1d269687e21ac8972ec35aec466b4aa06b9c8?s=96&d=mm&r=g\",\"caption\":\"Admin\"},\"url\":\"https:\/\/casaisabel.es\/en\/author\/admin-2\/\"}]}<\/script>\n<!-- \/ Yoast SEO plugin. -->","yoast_head_json":{"title":"Los conciertos de Viveros (Feria de Julio Valencia 2015) - Casa Isabel","description":"Es posible complementar la asistencia a los conciertos con la degustaci\u00f3n de una paella en una arrocer\u00eda o restaurante de la Malvarrosa, junto a la playa.","robots":{"index":"index","follow":"follow","max-snippet":"max-snippet:-1","max-image-preview":"max-image-preview:large","max-video-preview":"max-video-preview:-1"},"canonical":"https:\/\/casaisabel.es\/en\/los-conciertos-de-viveros-feria-de-julio-valencia-2015\/","og_locale":"en_GB","og_type":"article","og_title":"Los conciertos de Viveros (Feria de Julio Valencia 2015) - Casa Isabel","og_description":"Es posible complementar la asistencia a los conciertos con la degustaci\u00f3n de una paella en una arrocer\u00eda o restaurante de la Malvarrosa, junto a la playa.","og_url":"https:\/\/casaisabel.es\/en\/los-conciertos-de-viveros-feria-de-julio-valencia-2015\/","og_site_name":"Casa Isabel","article_published_time":"2026-02-04T00:08:28+00:00","og_image":[{"width":1280,"height":441,"url":"https:\/\/casaisabel.es\/wp-content\/uploads\/2015\/07\/cisabel_stage.jpg","type":"image\/jpeg"}],"author":"Admin","twitter_card":"summary_large_image","twitter_misc":{"Written by":"Admin","Est. reading time":"2 minutes"},"schema":{"@context":"https:\/\/schema.org","@graph":[{"@type":"Article","@id":"https:\/\/casaisabel.es\/los-conciertos-de-viveros-feria-de-julio-valencia-2015\/#article","isPartOf":{"@id":"https:\/\/casaisabel.es\/los-conciertos-de-viveros-feria-de-julio-valencia-2015\/"},"author":{"name":"Admin","@id":"https:\/\/casaisabel.es\/#\/schema\/person\/66308f25a39c9cb32c4e78cf8cfa36cf"},"headline":"Los conciertos de Viveros (Feria de Julio Valencia 2015)","datePublished":"2026-02-04T00:08:28+00:00","mainEntityOfPage":{"@id":"https:\/\/casaisabel.es\/los-conciertos-de-viveros-feria-de-julio-valencia-2015\/"},"wordCount":334,"publisher":{"@id":"https:\/\/casaisabel.es\/#organization"},"image":{"@id":"https:\/\/casaisabel.es\/los-conciertos-de-viveros-feria-de-julio-valencia-2015\/#primaryimage"},"thumbnailUrl":"https:\/\/casaisabel.es\/wp-content\/uploads\/2015\/07\/cisabel_stage.jpg","keywords":["conciertos de viveros"],"articleSection":["Actualidad y eventos"],"inLanguage":"en-GB"},{"@type":"WebPage","@id":"https:\/\/casaisabel.es\/los-conciertos-de-viveros-feria-de-julio-valencia-2015\/","url":"https:\/\/casaisabel.es\/los-conciertos-de-viveros-feria-de-julio-valencia-2015\/","name":"Los conciertos de Viveros (Feria de Julio Valencia 2015) - Casa Isabel","isPartOf":{"@id":"https:\/\/casaisabel.es\/#website"},"primaryImageOfPage":{"@id":"https:\/\/casaisabel.es\/los-conciertos-de-viveros-feria-de-julio-valencia-2015\/#primaryimage"},"image":{"@id":"https:\/\/casaisabel.es\/los-conciertos-de-viveros-feria-de-julio-valencia-2015\/#primaryimage"},"thumbnailUrl":"https:\/\/casaisabel.es\/wp-content\/uploads\/2015\/07\/cisabel_stage.jpg","datePublished":"2026-02-04T00:08:28+00:00","description":"Es posible complementar la asistencia a los conciertos con la degustaci\u00f3n de una paella en una arrocer\u00eda o restaurante de la Malvarrosa, junto a la playa.","breadcrumb":{"@id":"https:\/\/casaisabel.es\/los-conciertos-de-viveros-feria-de-julio-valencia-2015\/#breadcrumb"},"inLanguage":"en-GB","potentialAction":[{"@type":"ReadAction","target":["https:\/\/casaisabel.es\/los-conciertos-de-viveros-feria-de-julio-valencia-2015\/"]}]},{"@type":"ImageObject","inLanguage":"en-GB","@id":"https:\/\/casaisabel.es\/los-conciertos-de-viveros-feria-de-julio-valencia-2015\/#primaryimage","url":"https:\/\/casaisabel.es\/wp-content\/uploads\/2015\/07\/cisabel_stage.jpg","contentUrl":"https:\/\/casaisabel.es\/wp-content\/uploads\/2015\/07\/cisabel_stage.jpg","width":1280,"height":441,"caption":"cisabel_stage"},{"@type":"BreadcrumbList","@id":"https:\/\/casaisabel.es\/los-conciertos-de-viveros-feria-de-julio-valencia-2015\/#breadcrumb","itemListElement":[{"@type":"ListItem","position":1,"name":"Portada","item":"https:\/\/casaisabel.es\/"},{"@type":"ListItem","position":2,"name":"Los conciertos de Viveros (Feria de Julio Valencia 2015)"}]},{"@type":"WebSite","@id":"https:\/\/casaisabel.es\/#website","url":"https:\/\/casaisabel.es\/","name":"Casa Isabel","description":"S\u00f3lo otro sitio de WordPress","publisher":{"@id":"https:\/\/casaisabel.es\/#organization"},"potentialAction":[{"@type":"SearchAction","target":{"@type":"EntryPoint","urlTemplate":"https:\/\/casaisabel.es\/?s={search_term_string}"},"query-input":{"@type":"PropertyValueSpecification","valueRequired":true,"valueName":"search_term_string"}}],"inLanguage":"en-GB"},{"@type":"Organization","@id":"https:\/\/casaisabel.es\/#organization","name":"Casa Isabel","url":"https:\/\/casaisabel.es\/","logo":{"@type":"ImageObject","inLanguage":"en-GB","@id":"https:\/\/casaisabel.es\/#\/schema\/logo\/image\/","url":"https:\/\/casaisabel.es\/wp-content\/uploads\/2023\/09\/casaIsabel.svg","contentUrl":"https:\/\/casaisabel.es\/wp-content\/uploads\/2023\/09\/casaIsabel.svg","width":211,"height":49,"caption":"Casa Isabel"},"image":{"@id":"https:\/\/casaisabel.es\/#\/schema\/logo\/image\/"}},{"@type":"Person","@id":"https:\/\/casaisabel.es\/#\/schema\/person\/66308f25a39c9cb32c4e78cf8cfa36cf","name":"Admin","image":{"@type":"ImageObject","inLanguage":"en-GB","@id":"https:\/\/casaisabel.es\/#\/schema\/person\/image\/","url":"https:\/\/secure.gravatar.com\/avatar\/cfa1bef4e15c827fa091464736c1d269687e21ac8972ec35aec466b4aa06b9c8?s=96&d=mm&r=g","contentUrl":"https:\/\/secure.gravatar.com\/avatar\/cfa1bef4e15c827fa091464736c1d269687e21ac8972ec35aec466b4aa06b9c8?s=96&d=mm&r=g","caption":"Admin"},"url":"https:\/\/casaisabel.es\/en\/author\/admin-2\/"}]}},"_links":{"self":[{"href":"https:\/\/casaisabel.es\/en\/wp-json\/wp\/v2\/posts\/2731","targetHints":{"allow":["GET"]}}],"collection":[{"href":"https:\/\/casaisabel.es\/en\/wp-json\/wp\/v2\/posts"}],"about":[{"href":"https:\/\/casaisabel.es\/en\/wp-json\/wp\/v2\/types\/post"}],"author":[{"embeddable":true,"href":"https:\/\/casaisabel.es\/en\/wp-json\/wp\/v2\/users\/2"}],"replies":[{"embeddable":true,"href":"https:\/\/casaisabel.es\/en\/wp-json\/wp\/v2\/comments?post=2731"}],"version-history":[{"count":0,"href":"https:\/\/casaisabel.es\/en\/wp-json\/wp\/v2\/posts\/2731\/revisions"}],"wp:featuredmedia":[{"embeddable":true,"href":"https:\/\/casaisabel.es\/en\/wp-json\/wp\/v2\/media\/2732"}],"wp:attachment":[{"href":"https:\/\/casaisabel.es\/en\/wp-json\/wp\/v2\/media?parent=2731"}],"wp:term":[{"taxonomy":"category","embeddable":true,"href":"https:\/\/casaisabel.es\/en\/wp-json\/wp\/v2\/categories?post=2731"},{"taxonomy":"post_tag","embeddable":true,"href":"https:\/\/casaisabel.es\/en\/wp-json\/wp\/v2\/tags?post=2731"}],"curies":[{"name":"wp","href":"https:\/\/api.w.org\/{rel}","templated":true}]}}