{"id":2523,"date":"2025-12-11T00:04:32","date_gmt":"2025-12-11T00:04:32","guid":{"rendered":"https:\/\/casaisabel.es\/?p=2523---9b5424b7-6e19-43cd-9800-b1b6cd63cdc1"},"modified":"2025-12-11T00:04:32","modified_gmt":"2025-12-11T00:04:32","slug":"la-alcachofa-de-benicarlo-un-manjar-de-valencia","status":"publish","type":"post","link":"https:\/\/casaisabel.es\/en\/la-alcachofa-de-benicarlo-un-manjar-de-valencia\/","title":{"rendered":"La alcachofa de Benicarl\u00f3: un manjar de Valencia"},"content":{"rendered":"<p style=\"text-align: justify;\"><strong>Valencia<\/strong> puede presumir de una <strong>tradici\u00f3n gastron\u00f3mica<\/strong> rica y variada. Su cocina es, a menudo, elaborada con <strong>productos aut\u00f3ctonos de reconocido prestigio<\/strong>, algunos de ellos tan valiosos como la <a href=\"http:\/\/www.alcachofabenicarlo.com\/\" target=\"_blank\" rel=\"noopener noreferrer\"><strong>alcachofa de Benicarl\u00f3<\/strong><\/a>, muy com\u00fan en la paella y otros platos de arroz.<!--more--><\/p>\n<p style=\"text-align: justify;\">El <a href=\"http:\/\/espanafascinante.com\/productos\/alcachofa_de_benicarlo\/\" target=\"_blank\" rel=\"noopener noreferrer\"><strong>cultivo de la alcachofa<\/strong><\/a> fue introducido en la Pen\u00ednsula Ib\u00e9rica por los <strong>\u00e1rabes durante el siglo VIII<\/strong>, extendi\u00e9ndose r\u00e1pidamente por determinadas zonas del <strong>Levante mediterr\u00e1neo<\/strong>. En el <strong>siglo XVII<\/strong> ya hay referencias escritas sobre la importancia que su cultivo adquiere en la <strong>zona de Valencia<\/strong>. Su consumo, entonces, era m\u00e1s de car\u00e1cter familiar que comercial, debido, principalmente, a <strong>carencias en la red de transportes que dificultaban su distribuci\u00f3n.<\/strong> No fue hasta <strong>mediados del siglo XX<\/strong> cuando estos problemas comenzaron a solventarse, permitiendo que las <strong>alcachofas cultivadas en las \u00e1reas pr\u00f3ximas a Benicarl\u00f3 pudiesen exportarse<\/strong> a otras zonas de Espa\u00f1a. Tras varios a\u00f1os intent\u00e1ndose, finalmente, se reconoci\u00f3 en<strong> 2010 la Denominaci\u00f3n de Origen Protegida Alcachofa de Benicarl\u00f3<\/strong>. La importancia de esta planta en la localidad es tal que, incluso, en su escudo aparece una alcachofera.<\/p>\n<p style=\"text-align: justify;\">La <strong>alcachofera<\/strong> es la planta de la alcachofa, que es, a su vez, la flor de la primera. Se trata de un <strong>cultivo muy favorecido por climas suaves<\/strong>, como los de la comarca del <strong>Bajo Maestrazgo<\/strong> castellonense. La alcachofa de <a href=\"https:\/\/www.ajuntamentdebenicarlo.org\/car\/pcar-carxofa.php3?g_idioma=c\" target=\"_blank\" rel=\"noopener noreferrer\">Benicarl\u00f3<\/a> pertenece a la<strong> variedad Blanca de Tudela<\/strong> y su cultivo se realiza, principalmente, en <strong>oto\u00f1o e invierno<\/strong>. Es una verdura con m\u00faltiples cualidades. Contiene una <strong>elevada proporci\u00f3n de gl\u00facidos tolerables por diab\u00e9ticos<\/strong>, por lo que su consumo es muy recomendado en estos casos. Adem\u00e1s, <strong>previene problemas circulatorios y cardiovasculares<\/strong> mientras, gracias a su capacidad para favorecer la metabolizaci\u00f3n de grasas y urea, <strong>regula funciones renales y hep\u00e1ticas<\/strong>.<\/p>\n<p style=\"text-align: justify;\">Este alimento, clave en la <strong>dieta mediterr\u00e1nea<\/strong>, puede probarse en m\u00faltiples locales de Valencia, tanto en el centro como en la playa, en alguna<strong> arrocer\u00eda o buen <a href=\"https:\/\/casaisabel.es\/en\/\" target=\"_blank\" rel=\"noopener noreferrer\">restaurante de la Playa de la Malvarrosa.<\/a><\/strong><\/p>\n<p style=\"text-align: justify;\"><a href=\"https:\/\/www.flickr.com\/photos\/rahego\/2213318802\" target=\"_blank\" rel=\"noopener noreferrer\">Imagen<\/a><\/p>","protected":false},"excerpt":{"rendered":"<p>Valencia puede presumir de una tradici\u00f3n gastron\u00f3mica rica y variada. Su cocina es, a menudo, elaborada con productos aut\u00f3ctonos de reconocido prestigio, algunos de ellos tan valiosos como la alcachofa de Benicarl\u00f3, muy com\u00fan en la paella y otros platos de arroz.<\/p>","protected":false},"author":2,"featured_media":2526,"comment_status":"closed","ping_status":"closed","sticky":false,"template":"","format":"standard","meta":{"site-sidebar-layout":"default","site-content-layout":"","ast-site-content-layout":"","site-content-style":"default","site-sidebar-style":"default","ast-global-header-display":"","ast-banner-title-visibility":"","ast-main-header-display":"","ast-hfb-above-header-display":"","ast-hfb-below-header-display":"","ast-hfb-mobile-header-display":"","site-post-title":"","ast-breadcrumbs-content":"","ast-featured-img":"","footer-sml-layout":"","theme-transparent-header-meta":"","adv-header-id-meta":"","stick-header-meta":"","header-above-stick-meta":"","header-main-stick-meta":"","header-below-stick-meta":"","astra-migrate-meta-layouts":"default","ast-page-background-enabled":"default","ast-page-background-meta":{"desktop":{"background-color":"var(--ast-global-color-4)","background-image":"","background-repeat":"repeat","background-position":"center center","background-size":"auto","background-attachment":"scroll","background-type":"","background-media":"","overlay-type":"","overlay-color":"","overlay-opacity":"","overlay-gradient":""},"tablet":{"background-color":"","background-image":"","background-repeat":"repeat","background-position":"center center","background-size":"auto","background-attachment":"scroll","background-type":"","background-media":"","overlay-type":"","overlay-color":"","overlay-opacity":"","overlay-gradient":""},"mobile":{"background-color":"","background-image":"","background-repeat":"repeat","background-position":"center center","background-size":"auto","background-attachment":"scroll","background-type":"","background-media":"","overlay-type":"","overlay-color":"","overlay-opacity":"","overlay-gradient":""}},"ast-content-background-meta":{"desktop":{"background-color":"var(--ast-global-color-5)","background-image":"","background-repeat":"repeat","background-position":"center center","background-size":"auto","background-attachment":"scroll","background-type":"","background-media":"","overlay-type":"","overlay-color":"","overlay-opacity":"","overlay-gradient":""},"tablet":{"background-color":"var(--ast-global-color-5)","background-image":"","background-repeat":"repeat","background-position":"center center","background-size":"auto","background-attachment":"scroll","background-type":"","background-media":"","overlay-type":"","overlay-color":"","overlay-opacity":"","overlay-gradient":""},"mobile":{"background-color":"var(--ast-global-color-5)","background-image":"","background-repeat":"repeat","background-position":"center center","background-size":"auto","background-attachment":"scroll","background-type":"","background-media":"","overlay-type":"","overlay-color":"","overlay-opacity":"","overlay-gradient":""}},"footnotes":""},"categories":[8],"tags":[],"class_list":["post-2523","post","type-post","status-publish","format-standard","has-post-thumbnail","hentry","category-d-o-valencia-y-tipos-vino"],"yoast_head":"<!-- This site is optimized with the Yoast SEO plugin v25.6 - https:\/\/yoast.com\/wordpress\/plugins\/seo\/ -->\n<title>La alcachofa de Benicarl\u00f3: un manjar de Valencia - Casa Isabel<\/title>\n<meta name=\"description\" content=\"Su cocina es, a menudo, elaborada con productos aut\u00f3ctonos de reconocido prestigio, algunos de ellos tan valiosos como la alcachofa de Benicarl\u00f3\" \/>\n<meta name=\"robots\" content=\"index, follow, max-snippet:-1, max-image-preview:large, max-video-preview:-1\" \/>\n<link rel=\"canonical\" href=\"https:\/\/casaisabel.es\/en\/la-alcachofa-de-benicarlo-un-manjar-de-valencia\/\" \/>\n<meta property=\"og:locale\" content=\"en_GB\" \/>\n<meta property=\"og:type\" content=\"article\" \/>\n<meta property=\"og:title\" content=\"La alcachofa de Benicarl\u00f3: un manjar de Valencia - Casa Isabel\" \/>\n<meta property=\"og:description\" content=\"Su cocina es, a menudo, elaborada con productos aut\u00f3ctonos de reconocido prestigio, algunos de ellos tan valiosos como la alcachofa de Benicarl\u00f3\" \/>\n<meta property=\"og:url\" content=\"https:\/\/casaisabel.es\/en\/la-alcachofa-de-benicarlo-un-manjar-de-valencia\/\" \/>\n<meta property=\"og:site_name\" content=\"Casa Isabel\" \/>\n<meta property=\"article:published_time\" content=\"2025-12-11T00:04:32+00:00\" \/>\n<meta property=\"og:image\" content=\"https:\/\/casaisabel.es\/wp-content\/uploads\/2015\/04\/cisabel_alcachofas.jpg\" \/>\n\t<meta property=\"og:image:width\" content=\"800\" \/>\n\t<meta property=\"og:image:height\" content=\"275\" \/>\n\t<meta property=\"og:image:type\" content=\"image\/jpeg\" \/>\n<meta name=\"author\" content=\"Admin\" \/>\n<meta name=\"twitter:card\" content=\"summary_large_image\" \/>\n<meta name=\"twitter:label1\" content=\"Written by\" \/>\n\t<meta name=\"twitter:data1\" content=\"Admin\" \/>\n\t<meta name=\"twitter:label2\" content=\"Est. reading time\" \/>\n\t<meta name=\"twitter:data2\" content=\"2 minutes\" \/>\n<script type=\"application\/ld+json\" class=\"yoast-schema-graph\">{\"@context\":\"https:\/\/schema.org\",\"@graph\":[{\"@type\":\"Article\",\"@id\":\"https:\/\/casaisabel.es\/la-alcachofa-de-benicarlo-un-manjar-de-valencia\/#article\",\"isPartOf\":{\"@id\":\"https:\/\/casaisabel.es\/la-alcachofa-de-benicarlo-un-manjar-de-valencia\/\"},\"author\":{\"name\":\"Admin\",\"@id\":\"https:\/\/casaisabel.es\/#\/schema\/person\/66308f25a39c9cb32c4e78cf8cfa36cf\"},\"headline\":\"La alcachofa de Benicarl\u00f3: un manjar de Valencia\",\"datePublished\":\"2025-12-11T00:04:32+00:00\",\"mainEntityOfPage\":{\"@id\":\"https:\/\/casaisabel.es\/la-alcachofa-de-benicarlo-un-manjar-de-valencia\/\"},\"wordCount\":355,\"publisher\":{\"@id\":\"https:\/\/casaisabel.es\/#organization\"},\"image\":{\"@id\":\"https:\/\/casaisabel.es\/la-alcachofa-de-benicarlo-un-manjar-de-valencia\/#primaryimage\"},\"thumbnailUrl\":\"https:\/\/casaisabel.es\/wp-content\/uploads\/2015\/04\/cisabel_alcachofas.jpg\",\"articleSection\":[\"D.O. Valencia y tipos vino\"],\"inLanguage\":\"en-GB\"},{\"@type\":\"WebPage\",\"@id\":\"https:\/\/casaisabel.es\/la-alcachofa-de-benicarlo-un-manjar-de-valencia\/\",\"url\":\"https:\/\/casaisabel.es\/la-alcachofa-de-benicarlo-un-manjar-de-valencia\/\",\"name\":\"La alcachofa de Benicarl\u00f3: un manjar de Valencia - Casa Isabel\",\"isPartOf\":{\"@id\":\"https:\/\/casaisabel.es\/#website\"},\"primaryImageOfPage\":{\"@id\":\"https:\/\/casaisabel.es\/la-alcachofa-de-benicarlo-un-manjar-de-valencia\/#primaryimage\"},\"image\":{\"@id\":\"https:\/\/casaisabel.es\/la-alcachofa-de-benicarlo-un-manjar-de-valencia\/#primaryimage\"},\"thumbnailUrl\":\"https:\/\/casaisabel.es\/wp-content\/uploads\/2015\/04\/cisabel_alcachofas.jpg\",\"datePublished\":\"2025-12-11T00:04:32+00:00\",\"description\":\"Su cocina es, a menudo, elaborada con productos aut\u00f3ctonos de reconocido prestigio, algunos de ellos tan valiosos como la alcachofa de Benicarl\u00f3\",\"breadcrumb\":{\"@id\":\"https:\/\/casaisabel.es\/la-alcachofa-de-benicarlo-un-manjar-de-valencia\/#breadcrumb\"},\"inLanguage\":\"en-GB\",\"potentialAction\":[{\"@type\":\"ReadAction\",\"target\":[\"https:\/\/casaisabel.es\/la-alcachofa-de-benicarlo-un-manjar-de-valencia\/\"]}]},{\"@type\":\"ImageObject\",\"inLanguage\":\"en-GB\",\"@id\":\"https:\/\/casaisabel.es\/la-alcachofa-de-benicarlo-un-manjar-de-valencia\/#primaryimage\",\"url\":\"https:\/\/casaisabel.es\/wp-content\/uploads\/2015\/04\/cisabel_alcachofas.jpg\",\"contentUrl\":\"https:\/\/casaisabel.es\/wp-content\/uploads\/2015\/04\/cisabel_alcachofas.jpg\",\"width\":800,\"height\":275},{\"@type\":\"BreadcrumbList\",\"@id\":\"https:\/\/casaisabel.es\/la-alcachofa-de-benicarlo-un-manjar-de-valencia\/#breadcrumb\",\"itemListElement\":[{\"@type\":\"ListItem\",\"position\":1,\"name\":\"Portada\",\"item\":\"https:\/\/casaisabel.es\/\"},{\"@type\":\"ListItem\",\"position\":2,\"name\":\"La alcachofa de Benicarl\u00f3: un manjar de Valencia\"}]},{\"@type\":\"WebSite\",\"@id\":\"https:\/\/casaisabel.es\/#website\",\"url\":\"https:\/\/casaisabel.es\/\",\"name\":\"Casa Isabel\",\"description\":\"S\u00f3lo otro sitio de WordPress\",\"publisher\":{\"@id\":\"https:\/\/casaisabel.es\/#organization\"},\"potentialAction\":[{\"@type\":\"SearchAction\",\"target\":{\"@type\":\"EntryPoint\",\"urlTemplate\":\"https:\/\/casaisabel.es\/?s={search_term_string}\"},\"query-input\":{\"@type\":\"PropertyValueSpecification\",\"valueRequired\":true,\"valueName\":\"search_term_string\"}}],\"inLanguage\":\"en-GB\"},{\"@type\":\"Organization\",\"@id\":\"https:\/\/casaisabel.es\/#organization\",\"name\":\"Casa Isabel\",\"url\":\"https:\/\/casaisabel.es\/\",\"logo\":{\"@type\":\"ImageObject\",\"inLanguage\":\"en-GB\",\"@id\":\"https:\/\/casaisabel.es\/#\/schema\/logo\/image\/\",\"url\":\"https:\/\/casaisabel.es\/wp-content\/uploads\/2023\/09\/casaIsabel.svg\",\"contentUrl\":\"https:\/\/casaisabel.es\/wp-content\/uploads\/2023\/09\/casaIsabel.svg\",\"width\":211,\"height\":49,\"caption\":\"Casa Isabel\"},\"image\":{\"@id\":\"https:\/\/casaisabel.es\/#\/schema\/logo\/image\/\"}},{\"@type\":\"Person\",\"@id\":\"https:\/\/casaisabel.es\/#\/schema\/person\/66308f25a39c9cb32c4e78cf8cfa36cf\",\"name\":\"Admin\",\"image\":{\"@type\":\"ImageObject\",\"inLanguage\":\"en-GB\",\"@id\":\"https:\/\/casaisabel.es\/#\/schema\/person\/image\/\",\"url\":\"https:\/\/secure.gravatar.com\/avatar\/cfa1bef4e15c827fa091464736c1d269687e21ac8972ec35aec466b4aa06b9c8?s=96&d=mm&r=g\",\"contentUrl\":\"https:\/\/secure.gravatar.com\/avatar\/cfa1bef4e15c827fa091464736c1d269687e21ac8972ec35aec466b4aa06b9c8?s=96&d=mm&r=g\",\"caption\":\"Admin\"},\"url\":\"https:\/\/casaisabel.es\/en\/author\/admin-2\/\"}]}<\/script>\n<!-- \/ Yoast SEO plugin. -->","yoast_head_json":{"title":"La alcachofa de Benicarl\u00f3: un manjar de Valencia - Casa Isabel","description":"Su cocina es, a menudo, elaborada con productos aut\u00f3ctonos de reconocido prestigio, algunos de ellos tan valiosos como la alcachofa de Benicarl\u00f3","robots":{"index":"index","follow":"follow","max-snippet":"max-snippet:-1","max-image-preview":"max-image-preview:large","max-video-preview":"max-video-preview:-1"},"canonical":"https:\/\/casaisabel.es\/en\/la-alcachofa-de-benicarlo-un-manjar-de-valencia\/","og_locale":"en_GB","og_type":"article","og_title":"La alcachofa de Benicarl\u00f3: un manjar de Valencia - Casa Isabel","og_description":"Su cocina es, a menudo, elaborada con productos aut\u00f3ctonos de reconocido prestigio, algunos de ellos tan valiosos como la alcachofa de Benicarl\u00f3","og_url":"https:\/\/casaisabel.es\/en\/la-alcachofa-de-benicarlo-un-manjar-de-valencia\/","og_site_name":"Casa Isabel","article_published_time":"2025-12-11T00:04:32+00:00","og_image":[{"width":800,"height":275,"url":"https:\/\/casaisabel.es\/wp-content\/uploads\/2015\/04\/cisabel_alcachofas.jpg","type":"image\/jpeg"}],"author":"Admin","twitter_card":"summary_large_image","twitter_misc":{"Written by":"Admin","Est. reading time":"2 minutes"},"schema":{"@context":"https:\/\/schema.org","@graph":[{"@type":"Article","@id":"https:\/\/casaisabel.es\/la-alcachofa-de-benicarlo-un-manjar-de-valencia\/#article","isPartOf":{"@id":"https:\/\/casaisabel.es\/la-alcachofa-de-benicarlo-un-manjar-de-valencia\/"},"author":{"name":"Admin","@id":"https:\/\/casaisabel.es\/#\/schema\/person\/66308f25a39c9cb32c4e78cf8cfa36cf"},"headline":"La alcachofa de Benicarl\u00f3: un manjar de Valencia","datePublished":"2025-12-11T00:04:32+00:00","mainEntityOfPage":{"@id":"https:\/\/casaisabel.es\/la-alcachofa-de-benicarlo-un-manjar-de-valencia\/"},"wordCount":355,"publisher":{"@id":"https:\/\/casaisabel.es\/#organization"},"image":{"@id":"https:\/\/casaisabel.es\/la-alcachofa-de-benicarlo-un-manjar-de-valencia\/#primaryimage"},"thumbnailUrl":"https:\/\/casaisabel.es\/wp-content\/uploads\/2015\/04\/cisabel_alcachofas.jpg","articleSection":["D.O. Valencia y tipos vino"],"inLanguage":"en-GB"},{"@type":"WebPage","@id":"https:\/\/casaisabel.es\/la-alcachofa-de-benicarlo-un-manjar-de-valencia\/","url":"https:\/\/casaisabel.es\/la-alcachofa-de-benicarlo-un-manjar-de-valencia\/","name":"La alcachofa de Benicarl\u00f3: un manjar de Valencia - Casa Isabel","isPartOf":{"@id":"https:\/\/casaisabel.es\/#website"},"primaryImageOfPage":{"@id":"https:\/\/casaisabel.es\/la-alcachofa-de-benicarlo-un-manjar-de-valencia\/#primaryimage"},"image":{"@id":"https:\/\/casaisabel.es\/la-alcachofa-de-benicarlo-un-manjar-de-valencia\/#primaryimage"},"thumbnailUrl":"https:\/\/casaisabel.es\/wp-content\/uploads\/2015\/04\/cisabel_alcachofas.jpg","datePublished":"2025-12-11T00:04:32+00:00","description":"Su cocina es, a menudo, elaborada con productos aut\u00f3ctonos de reconocido prestigio, algunos de ellos tan valiosos como la alcachofa de Benicarl\u00f3","breadcrumb":{"@id":"https:\/\/casaisabel.es\/la-alcachofa-de-benicarlo-un-manjar-de-valencia\/#breadcrumb"},"inLanguage":"en-GB","potentialAction":[{"@type":"ReadAction","target":["https:\/\/casaisabel.es\/la-alcachofa-de-benicarlo-un-manjar-de-valencia\/"]}]},{"@type":"ImageObject","inLanguage":"en-GB","@id":"https:\/\/casaisabel.es\/la-alcachofa-de-benicarlo-un-manjar-de-valencia\/#primaryimage","url":"https:\/\/casaisabel.es\/wp-content\/uploads\/2015\/04\/cisabel_alcachofas.jpg","contentUrl":"https:\/\/casaisabel.es\/wp-content\/uploads\/2015\/04\/cisabel_alcachofas.jpg","width":800,"height":275},{"@type":"BreadcrumbList","@id":"https:\/\/casaisabel.es\/la-alcachofa-de-benicarlo-un-manjar-de-valencia\/#breadcrumb","itemListElement":[{"@type":"ListItem","position":1,"name":"Portada","item":"https:\/\/casaisabel.es\/"},{"@type":"ListItem","position":2,"name":"La alcachofa de Benicarl\u00f3: un manjar de Valencia"}]},{"@type":"WebSite","@id":"https:\/\/casaisabel.es\/#website","url":"https:\/\/casaisabel.es\/","name":"Casa Isabel","description":"S\u00f3lo otro sitio de WordPress","publisher":{"@id":"https:\/\/casaisabel.es\/#organization"},"potentialAction":[{"@type":"SearchAction","target":{"@type":"EntryPoint","urlTemplate":"https:\/\/casaisabel.es\/?s={search_term_string}"},"query-input":{"@type":"PropertyValueSpecification","valueRequired":true,"valueName":"search_term_string"}}],"inLanguage":"en-GB"},{"@type":"Organization","@id":"https:\/\/casaisabel.es\/#organization","name":"Casa Isabel","url":"https:\/\/casaisabel.es\/","logo":{"@type":"ImageObject","inLanguage":"en-GB","@id":"https:\/\/casaisabel.es\/#\/schema\/logo\/image\/","url":"https:\/\/casaisabel.es\/wp-content\/uploads\/2023\/09\/casaIsabel.svg","contentUrl":"https:\/\/casaisabel.es\/wp-content\/uploads\/2023\/09\/casaIsabel.svg","width":211,"height":49,"caption":"Casa Isabel"},"image":{"@id":"https:\/\/casaisabel.es\/#\/schema\/logo\/image\/"}},{"@type":"Person","@id":"https:\/\/casaisabel.es\/#\/schema\/person\/66308f25a39c9cb32c4e78cf8cfa36cf","name":"Admin","image":{"@type":"ImageObject","inLanguage":"en-GB","@id":"https:\/\/casaisabel.es\/#\/schema\/person\/image\/","url":"https:\/\/secure.gravatar.com\/avatar\/cfa1bef4e15c827fa091464736c1d269687e21ac8972ec35aec466b4aa06b9c8?s=96&d=mm&r=g","contentUrl":"https:\/\/secure.gravatar.com\/avatar\/cfa1bef4e15c827fa091464736c1d269687e21ac8972ec35aec466b4aa06b9c8?s=96&d=mm&r=g","caption":"Admin"},"url":"https:\/\/casaisabel.es\/en\/author\/admin-2\/"}]}},"_links":{"self":[{"href":"https:\/\/casaisabel.es\/en\/wp-json\/wp\/v2\/posts\/2523","targetHints":{"allow":["GET"]}}],"collection":[{"href":"https:\/\/casaisabel.es\/en\/wp-json\/wp\/v2\/posts"}],"about":[{"href":"https:\/\/casaisabel.es\/en\/wp-json\/wp\/v2\/types\/post"}],"author":[{"embeddable":true,"href":"https:\/\/casaisabel.es\/en\/wp-json\/wp\/v2\/users\/2"}],"replies":[{"embeddable":true,"href":"https:\/\/casaisabel.es\/en\/wp-json\/wp\/v2\/comments?post=2523"}],"version-history":[{"count":0,"href":"https:\/\/casaisabel.es\/en\/wp-json\/wp\/v2\/posts\/2523\/revisions"}],"wp:featuredmedia":[{"embeddable":true,"href":"https:\/\/casaisabel.es\/en\/wp-json\/wp\/v2\/media\/2526"}],"wp:attachment":[{"href":"https:\/\/casaisabel.es\/en\/wp-json\/wp\/v2\/media?parent=2523"}],"wp:term":[{"taxonomy":"category","embeddable":true,"href":"https:\/\/casaisabel.es\/en\/wp-json\/wp\/v2\/categories?post=2523"},{"taxonomy":"post_tag","embeddable":true,"href":"https:\/\/casaisabel.es\/en\/wp-json\/wp\/v2\/tags?post=2523"}],"curies":[{"name":"wp","href":"https:\/\/api.w.org\/{rel}","templated":true}]}}