{"id":1958,"date":"2025-12-20T00:03:42","date_gmt":"2025-12-20T00:03:42","guid":{"rendered":"https:\/\/casaisabel.es\/?p=1958---77cc224b-e999-4087-adc9-43246443d1a2"},"modified":"2025-12-20T00:03:42","modified_gmt":"2025-12-20T00:03:42","slug":"de-la-arroceria-al-tossal","status":"publish","type":"post","link":"https:\/\/casaisabel.es\/en\/de-la-arroceria-al-tossal\/","title":{"rendered":"De la arrocer\u00eda al Tossal"},"content":{"rendered":"<p style=\"text-align: justify\"><strong>Un viaje a <a href=\"https:\/\/casaisabel.es\/en\/\" target=\"_blank\" rel=\"noopener noreferrer\">Valencia<\/a> requiere de cierta planificaci\u00f3n que los m\u00e1s acelerados omiten, pues es bueno tener en cuenta que se puede hacer algo m\u00e1s que pasar por una buena arrocer\u00eda<\/strong>. Muchos visitantes recalan en la ciudad transitando como una exhalaci\u00f3n. Ven hoteles, visitan monumentos, todo r\u00e1pido, y no hay tiempo de mirar con la atenci\u00f3n que requieren las cosas m\u00e1s peque\u00f1as. As\u00ed es f\u00e1cil que a la mayor\u00eda se les escape visitar los tesoros que la ciudad esconde sin reclamar la atenci\u00f3n que ostentan los lugares de inherente grandilocuencia.<!--more--><\/p>\n<p style=\"text-align: justify\"><strong>La Galer\u00eda del Tossal es una maravilla de la cultura musulmana<\/strong><\/p>\n<p style=\"text-align: justify\"><strong>Valencia es una de esas ciudades cargada de historia que, desde su fundaci\u00f3n, en tiempos del Imperio Romano, ha acumulado vestigios de los pueblos que contribuyeron a conformarla como se la conoce hoy<\/strong>, dejando testimonios arqueol\u00f3gicos a su paso y que son conservados para el disfrute de los ciudadanos. Por ejemplo, <strong>la <a href=\"http:\/\/www.museosymonumentosvalencia.com\/monumentos\/tossal\/\" target=\"_blank\" rel=\"noopener noreferrer\">Galer\u00eda del Tossal<\/a> es uno de estos tesoros emblem\u00e1ticos que merece la pena visitar<\/strong>.<\/p>\n<p style=\"text-align: justify\"><strong>Bajo la plaza de mismo nombre, se encuentra una cripta arqueol\u00f3gica con el tramo de una muralla del periodo isl\u00e1mico<\/strong>, erigida en el siglo XII como defensa de Madinat Balansiya. Es una fortificaci\u00f3n protectora de la Bab al-Hanax, tambi\u00e9n llamada Puerta de la Culebra. Ubicada al oeste de la medina, comunicaba con la necr\u00f3polis contigua al camino de Quart. Un valladar paralelo a la muralla hac\u00eda las veces de cloaca y foso defensivo. <strong>Es interesante fijarse en los Arcos que fueron construidos en el siglo XIV<\/strong>. Su funci\u00f3n era la de sostener la b\u00f3veda que cubr\u00eda el valladar y permitir la construcci\u00f3n por encima sin tener que alterar la conducci\u00f3n. Una maravilla de la cultura musulmana.<\/p>\n<p style=\"text-align: justify\"><strong>Despu\u00e9s de satisfacer al gourmet que reclama acercarse a la playa para degustar una buena paella en un buen restaurante de la <a href=\"https:\/\/casaisabel.es\/en\/restaurants-malvarrosa-beach\/\" target=\"_blank\" rel=\"noopener noreferrer\">playa<\/a> de la Malvarrosa, en Valencia,<\/strong>, un paseo por el centro hist\u00f3rico es una magn\u00edfica y digestiva opci\u00f3n.<\/p>\n<p style=\"text-align: justify\"><a href=\"http:\/\/commons.wikimedia.org\/wiki\/File:Arcs_que_sostenien_la_volta_que_cobria_la_s%C3%A9quia,_muralles_de_Val%C3%A8ncia.JPG\" target=\"_blank\" rel=\"noopener noreferrer\">Imagen.<\/a><\/p>","protected":false},"excerpt":{"rendered":"<p>Un viaje a Valencia requiere de cierta planificaci\u00f3n que los m\u00e1s acelerados omiten, pues es bueno tener en cuenta que se puede hacer algo m\u00e1s que pasar por una buena arrocer\u00eda. Muchos visitantes recalan en la ciudad transitando como una exhalaci\u00f3n. Ven hoteles, visitan monumentos, todo r\u00e1pido, y no hay tiempo de mirar con la [&hellip;]<\/p>","protected":false},"author":2,"featured_media":1972,"comment_status":"closed","ping_status":"closed","sticky":false,"template":"","format":"standard","meta":{"site-sidebar-layout":"default","site-content-layout":"","ast-site-content-layout":"","site-content-style":"default","site-sidebar-style":"default","ast-global-header-display":"","ast-banner-title-visibility":"","ast-main-header-display":"","ast-hfb-above-header-display":"","ast-hfb-below-header-display":"","ast-hfb-mobile-header-display":"","site-post-title":"","ast-breadcrumbs-content":"","ast-featured-img":"","footer-sml-layout":"","theme-transparent-header-meta":"","adv-header-id-meta":"","stick-header-meta":"","header-above-stick-meta":"","header-main-stick-meta":"","header-below-stick-meta":"","astra-migrate-meta-layouts":"default","ast-page-background-enabled":"default","ast-page-background-meta":{"desktop":{"background-color":"var(--ast-global-color-4)","background-image":"","background-repeat":"repeat","background-position":"center center","background-size":"auto","background-attachment":"scroll","background-type":"","background-media":"","overlay-type":"","overlay-color":"","overlay-opacity":"","overlay-gradient":""},"tablet":{"background-color":"","background-image":"","background-repeat":"repeat","background-position":"center center","background-size":"auto","background-attachment":"scroll","background-type":"","background-media":"","overlay-type":"","overlay-color":"","overlay-opacity":"","overlay-gradient":""},"mobile":{"background-color":"","background-image":"","background-repeat":"repeat","background-position":"center center","background-size":"auto","background-attachment":"scroll","background-type":"","background-media":"","overlay-type":"","overlay-color":"","overlay-opacity":"","overlay-gradient":""}},"ast-content-background-meta":{"desktop":{"background-color":"var(--ast-global-color-5)","background-image":"","background-repeat":"repeat","background-position":"center center","background-size":"auto","background-attachment":"scroll","background-type":"","background-media":"","overlay-type":"","overlay-color":"","overlay-opacity":"","overlay-gradient":""},"tablet":{"background-color":"var(--ast-global-color-5)","background-image":"","background-repeat":"repeat","background-position":"center center","background-size":"auto","background-attachment":"scroll","background-type":"","background-media":"","overlay-type":"","overlay-color":"","overlay-opacity":"","overlay-gradient":""},"mobile":{"background-color":"var(--ast-global-color-5)","background-image":"","background-repeat":"repeat","background-position":"center center","background-size":"auto","background-attachment":"scroll","background-type":"","background-media":"","overlay-type":"","overlay-color":"","overlay-opacity":"","overlay-gradient":""}},"footnotes":""},"categories":[9],"tags":[],"class_list":["post-1958","post","type-post","status-publish","format-standard","has-post-thumbnail","hentry","category-lugares-emblematicos-de-valencia"],"yoast_head":"<!-- This site is optimized with the Yoast SEO plugin v25.6 - https:\/\/yoast.com\/wordpress\/plugins\/seo\/ -->\n<title>De la arrocer\u00eda al Tossal - Casa Isabel<\/title>\n<meta name=\"description\" content=\"La Galer\u00eda del Tossal es un lugar emblem\u00e1tico de Valencia que representa los vestigios musulmanes de la ciudad. Despu\u00e9s de una paella, es una opci\u00f3n ideal.\" \/>\n<meta name=\"robots\" content=\"index, follow, max-snippet:-1, max-image-preview:large, max-video-preview:-1\" \/>\n<link rel=\"canonical\" href=\"https:\/\/casaisabel.es\/en\/de-la-arroceria-al-tossal\/\" \/>\n<meta property=\"og:locale\" content=\"en_GB\" \/>\n<meta property=\"og:type\" content=\"article\" \/>\n<meta property=\"og:title\" content=\"De la arrocer\u00eda al Tossal - Casa Isabel\" \/>\n<meta property=\"og:description\" content=\"La Galer\u00eda del Tossal es un lugar emblem\u00e1tico de Valencia que representa los vestigios musulmanes de la ciudad. Despu\u00e9s de una paella, es una opci\u00f3n ideal.\" \/>\n<meta property=\"og:url\" content=\"https:\/\/casaisabel.es\/en\/de-la-arroceria-al-tossal\/\" \/>\n<meta property=\"og:site_name\" content=\"Casa Isabel\" \/>\n<meta property=\"article:published_time\" content=\"2025-12-20T00:03:42+00:00\" \/>\n<meta property=\"og:image\" content=\"https:\/\/casaisabel.es\/wp-content\/uploads\/2014\/10\/GaleriaTossal.png\" \/>\n\t<meta property=\"og:image:width\" content=\"800\" \/>\n\t<meta property=\"og:image:height\" content=\"306\" \/>\n\t<meta property=\"og:image:type\" content=\"image\/png\" \/>\n<meta name=\"author\" content=\"Admin\" \/>\n<meta name=\"twitter:card\" content=\"summary_large_image\" \/>\n<meta name=\"twitter:label1\" content=\"Written by\" \/>\n\t<meta name=\"twitter:data1\" content=\"Admin\" \/>\n\t<meta name=\"twitter:label2\" content=\"Est. reading time\" \/>\n\t<meta name=\"twitter:data2\" content=\"2 minutes\" \/>\n<script type=\"application\/ld+json\" class=\"yoast-schema-graph\">{\"@context\":\"https:\/\/schema.org\",\"@graph\":[{\"@type\":\"Article\",\"@id\":\"https:\/\/casaisabel.es\/de-la-arroceria-al-tossal\/#article\",\"isPartOf\":{\"@id\":\"https:\/\/casaisabel.es\/de-la-arroceria-al-tossal\/\"},\"author\":{\"name\":\"Admin\",\"@id\":\"https:\/\/casaisabel.es\/#\/schema\/person\/66308f25a39c9cb32c4e78cf8cfa36cf\"},\"headline\":\"De la arrocer\u00eda al Tossal\",\"datePublished\":\"2025-12-20T00:03:42+00:00\",\"mainEntityOfPage\":{\"@id\":\"https:\/\/casaisabel.es\/de-la-arroceria-al-tossal\/\"},\"wordCount\":362,\"publisher\":{\"@id\":\"https:\/\/casaisabel.es\/#organization\"},\"image\":{\"@id\":\"https:\/\/casaisabel.es\/de-la-arroceria-al-tossal\/#primaryimage\"},\"thumbnailUrl\":\"https:\/\/casaisabel.es\/wp-content\/uploads\/2014\/10\/GaleriaTossal.png\",\"articleSection\":[\"Lugares emblem\u00e1ticos de Valencia\"],\"inLanguage\":\"en-GB\"},{\"@type\":\"WebPage\",\"@id\":\"https:\/\/casaisabel.es\/de-la-arroceria-al-tossal\/\",\"url\":\"https:\/\/casaisabel.es\/de-la-arroceria-al-tossal\/\",\"name\":\"De la arrocer\u00eda al Tossal - Casa Isabel\",\"isPartOf\":{\"@id\":\"https:\/\/casaisabel.es\/#website\"},\"primaryImageOfPage\":{\"@id\":\"https:\/\/casaisabel.es\/de-la-arroceria-al-tossal\/#primaryimage\"},\"image\":{\"@id\":\"https:\/\/casaisabel.es\/de-la-arroceria-al-tossal\/#primaryimage\"},\"thumbnailUrl\":\"https:\/\/casaisabel.es\/wp-content\/uploads\/2014\/10\/GaleriaTossal.png\",\"datePublished\":\"2025-12-20T00:03:42+00:00\",\"description\":\"La Galer\u00eda del Tossal es un lugar emblem\u00e1tico de Valencia que representa los vestigios musulmanes de la ciudad. Despu\u00e9s de una paella, es una opci\u00f3n ideal.\",\"breadcrumb\":{\"@id\":\"https:\/\/casaisabel.es\/de-la-arroceria-al-tossal\/#breadcrumb\"},\"inLanguage\":\"en-GB\",\"potentialAction\":[{\"@type\":\"ReadAction\",\"target\":[\"https:\/\/casaisabel.es\/de-la-arroceria-al-tossal\/\"]}]},{\"@type\":\"ImageObject\",\"inLanguage\":\"en-GB\",\"@id\":\"https:\/\/casaisabel.es\/de-la-arroceria-al-tossal\/#primaryimage\",\"url\":\"https:\/\/casaisabel.es\/wp-content\/uploads\/2014\/10\/GaleriaTossal.png\",\"contentUrl\":\"https:\/\/casaisabel.es\/wp-content\/uploads\/2014\/10\/GaleriaTossal.png\",\"width\":800,\"height\":306},{\"@type\":\"BreadcrumbList\",\"@id\":\"https:\/\/casaisabel.es\/de-la-arroceria-al-tossal\/#breadcrumb\",\"itemListElement\":[{\"@type\":\"ListItem\",\"position\":1,\"name\":\"Portada\",\"item\":\"https:\/\/casaisabel.es\/\"},{\"@type\":\"ListItem\",\"position\":2,\"name\":\"De la arrocer\u00eda al Tossal\"}]},{\"@type\":\"WebSite\",\"@id\":\"https:\/\/casaisabel.es\/#website\",\"url\":\"https:\/\/casaisabel.es\/\",\"name\":\"Casa Isabel\",\"description\":\"S\u00f3lo otro sitio de WordPress\",\"publisher\":{\"@id\":\"https:\/\/casaisabel.es\/#organization\"},\"potentialAction\":[{\"@type\":\"SearchAction\",\"target\":{\"@type\":\"EntryPoint\",\"urlTemplate\":\"https:\/\/casaisabel.es\/?s={search_term_string}\"},\"query-input\":{\"@type\":\"PropertyValueSpecification\",\"valueRequired\":true,\"valueName\":\"search_term_string\"}}],\"inLanguage\":\"en-GB\"},{\"@type\":\"Organization\",\"@id\":\"https:\/\/casaisabel.es\/#organization\",\"name\":\"Casa Isabel\",\"url\":\"https:\/\/casaisabel.es\/\",\"logo\":{\"@type\":\"ImageObject\",\"inLanguage\":\"en-GB\",\"@id\":\"https:\/\/casaisabel.es\/#\/schema\/logo\/image\/\",\"url\":\"https:\/\/casaisabel.es\/wp-content\/uploads\/2023\/09\/casaIsabel.svg\",\"contentUrl\":\"https:\/\/casaisabel.es\/wp-content\/uploads\/2023\/09\/casaIsabel.svg\",\"width\":211,\"height\":49,\"caption\":\"Casa Isabel\"},\"image\":{\"@id\":\"https:\/\/casaisabel.es\/#\/schema\/logo\/image\/\"}},{\"@type\":\"Person\",\"@id\":\"https:\/\/casaisabel.es\/#\/schema\/person\/66308f25a39c9cb32c4e78cf8cfa36cf\",\"name\":\"Admin\",\"image\":{\"@type\":\"ImageObject\",\"inLanguage\":\"en-GB\",\"@id\":\"https:\/\/casaisabel.es\/#\/schema\/person\/image\/\",\"url\":\"https:\/\/secure.gravatar.com\/avatar\/cfa1bef4e15c827fa091464736c1d269687e21ac8972ec35aec466b4aa06b9c8?s=96&d=mm&r=g\",\"contentUrl\":\"https:\/\/secure.gravatar.com\/avatar\/cfa1bef4e15c827fa091464736c1d269687e21ac8972ec35aec466b4aa06b9c8?s=96&d=mm&r=g\",\"caption\":\"Admin\"},\"url\":\"https:\/\/casaisabel.es\/en\/author\/admin-2\/\"}]}<\/script>\n<!-- \/ Yoast SEO plugin. -->","yoast_head_json":{"title":"De la arrocer\u00eda al Tossal - Casa Isabel","description":"La Galer\u00eda del Tossal es un lugar emblem\u00e1tico de Valencia que representa los vestigios musulmanes de la ciudad. Despu\u00e9s de una paella, es una opci\u00f3n ideal.","robots":{"index":"index","follow":"follow","max-snippet":"max-snippet:-1","max-image-preview":"max-image-preview:large","max-video-preview":"max-video-preview:-1"},"canonical":"https:\/\/casaisabel.es\/en\/de-la-arroceria-al-tossal\/","og_locale":"en_GB","og_type":"article","og_title":"De la arrocer\u00eda al Tossal - Casa Isabel","og_description":"La Galer\u00eda del Tossal es un lugar emblem\u00e1tico de Valencia que representa los vestigios musulmanes de la ciudad. Despu\u00e9s de una paella, es una opci\u00f3n ideal.","og_url":"https:\/\/casaisabel.es\/en\/de-la-arroceria-al-tossal\/","og_site_name":"Casa Isabel","article_published_time":"2025-12-20T00:03:42+00:00","og_image":[{"width":800,"height":306,"url":"https:\/\/casaisabel.es\/wp-content\/uploads\/2014\/10\/GaleriaTossal.png","type":"image\/png"}],"author":"Admin","twitter_card":"summary_large_image","twitter_misc":{"Written by":"Admin","Est. reading time":"2 minutes"},"schema":{"@context":"https:\/\/schema.org","@graph":[{"@type":"Article","@id":"https:\/\/casaisabel.es\/de-la-arroceria-al-tossal\/#article","isPartOf":{"@id":"https:\/\/casaisabel.es\/de-la-arroceria-al-tossal\/"},"author":{"name":"Admin","@id":"https:\/\/casaisabel.es\/#\/schema\/person\/66308f25a39c9cb32c4e78cf8cfa36cf"},"headline":"De la arrocer\u00eda al Tossal","datePublished":"2025-12-20T00:03:42+00:00","mainEntityOfPage":{"@id":"https:\/\/casaisabel.es\/de-la-arroceria-al-tossal\/"},"wordCount":362,"publisher":{"@id":"https:\/\/casaisabel.es\/#organization"},"image":{"@id":"https:\/\/casaisabel.es\/de-la-arroceria-al-tossal\/#primaryimage"},"thumbnailUrl":"https:\/\/casaisabel.es\/wp-content\/uploads\/2014\/10\/GaleriaTossal.png","articleSection":["Lugares emblem\u00e1ticos de Valencia"],"inLanguage":"en-GB"},{"@type":"WebPage","@id":"https:\/\/casaisabel.es\/de-la-arroceria-al-tossal\/","url":"https:\/\/casaisabel.es\/de-la-arroceria-al-tossal\/","name":"De la arrocer\u00eda al Tossal - Casa Isabel","isPartOf":{"@id":"https:\/\/casaisabel.es\/#website"},"primaryImageOfPage":{"@id":"https:\/\/casaisabel.es\/de-la-arroceria-al-tossal\/#primaryimage"},"image":{"@id":"https:\/\/casaisabel.es\/de-la-arroceria-al-tossal\/#primaryimage"},"thumbnailUrl":"https:\/\/casaisabel.es\/wp-content\/uploads\/2014\/10\/GaleriaTossal.png","datePublished":"2025-12-20T00:03:42+00:00","description":"La Galer\u00eda del Tossal es un lugar emblem\u00e1tico de Valencia que representa los vestigios musulmanes de la ciudad. Despu\u00e9s de una paella, es una opci\u00f3n ideal.","breadcrumb":{"@id":"https:\/\/casaisabel.es\/de-la-arroceria-al-tossal\/#breadcrumb"},"inLanguage":"en-GB","potentialAction":[{"@type":"ReadAction","target":["https:\/\/casaisabel.es\/de-la-arroceria-al-tossal\/"]}]},{"@type":"ImageObject","inLanguage":"en-GB","@id":"https:\/\/casaisabel.es\/de-la-arroceria-al-tossal\/#primaryimage","url":"https:\/\/casaisabel.es\/wp-content\/uploads\/2014\/10\/GaleriaTossal.png","contentUrl":"https:\/\/casaisabel.es\/wp-content\/uploads\/2014\/10\/GaleriaTossal.png","width":800,"height":306},{"@type":"BreadcrumbList","@id":"https:\/\/casaisabel.es\/de-la-arroceria-al-tossal\/#breadcrumb","itemListElement":[{"@type":"ListItem","position":1,"name":"Portada","item":"https:\/\/casaisabel.es\/"},{"@type":"ListItem","position":2,"name":"De la arrocer\u00eda al Tossal"}]},{"@type":"WebSite","@id":"https:\/\/casaisabel.es\/#website","url":"https:\/\/casaisabel.es\/","name":"Casa Isabel","description":"S\u00f3lo otro sitio de WordPress","publisher":{"@id":"https:\/\/casaisabel.es\/#organization"},"potentialAction":[{"@type":"SearchAction","target":{"@type":"EntryPoint","urlTemplate":"https:\/\/casaisabel.es\/?s={search_term_string}"},"query-input":{"@type":"PropertyValueSpecification","valueRequired":true,"valueName":"search_term_string"}}],"inLanguage":"en-GB"},{"@type":"Organization","@id":"https:\/\/casaisabel.es\/#organization","name":"Casa Isabel","url":"https:\/\/casaisabel.es\/","logo":{"@type":"ImageObject","inLanguage":"en-GB","@id":"https:\/\/casaisabel.es\/#\/schema\/logo\/image\/","url":"https:\/\/casaisabel.es\/wp-content\/uploads\/2023\/09\/casaIsabel.svg","contentUrl":"https:\/\/casaisabel.es\/wp-content\/uploads\/2023\/09\/casaIsabel.svg","width":211,"height":49,"caption":"Casa Isabel"},"image":{"@id":"https:\/\/casaisabel.es\/#\/schema\/logo\/image\/"}},{"@type":"Person","@id":"https:\/\/casaisabel.es\/#\/schema\/person\/66308f25a39c9cb32c4e78cf8cfa36cf","name":"Admin","image":{"@type":"ImageObject","inLanguage":"en-GB","@id":"https:\/\/casaisabel.es\/#\/schema\/person\/image\/","url":"https:\/\/secure.gravatar.com\/avatar\/cfa1bef4e15c827fa091464736c1d269687e21ac8972ec35aec466b4aa06b9c8?s=96&d=mm&r=g","contentUrl":"https:\/\/secure.gravatar.com\/avatar\/cfa1bef4e15c827fa091464736c1d269687e21ac8972ec35aec466b4aa06b9c8?s=96&d=mm&r=g","caption":"Admin"},"url":"https:\/\/casaisabel.es\/en\/author\/admin-2\/"}]}},"_links":{"self":[{"href":"https:\/\/casaisabel.es\/en\/wp-json\/wp\/v2\/posts\/1958","targetHints":{"allow":["GET"]}}],"collection":[{"href":"https:\/\/casaisabel.es\/en\/wp-json\/wp\/v2\/posts"}],"about":[{"href":"https:\/\/casaisabel.es\/en\/wp-json\/wp\/v2\/types\/post"}],"author":[{"embeddable":true,"href":"https:\/\/casaisabel.es\/en\/wp-json\/wp\/v2\/users\/2"}],"replies":[{"embeddable":true,"href":"https:\/\/casaisabel.es\/en\/wp-json\/wp\/v2\/comments?post=1958"}],"version-history":[{"count":0,"href":"https:\/\/casaisabel.es\/en\/wp-json\/wp\/v2\/posts\/1958\/revisions"}],"wp:featuredmedia":[{"embeddable":true,"href":"https:\/\/casaisabel.es\/en\/wp-json\/wp\/v2\/media\/1972"}],"wp:attachment":[{"href":"https:\/\/casaisabel.es\/en\/wp-json\/wp\/v2\/media?parent=1958"}],"wp:term":[{"taxonomy":"category","embeddable":true,"href":"https:\/\/casaisabel.es\/en\/wp-json\/wp\/v2\/categories?post=1958"},{"taxonomy":"post_tag","embeddable":true,"href":"https:\/\/casaisabel.es\/en\/wp-json\/wp\/v2\/tags?post=1958"}],"curies":[{"name":"wp","href":"https:\/\/api.w.org\/{rel}","templated":true}]}}