{"id":4150,"date":"2025-12-03T00:05:48","date_gmt":"2025-12-03T00:05:48","guid":{"rendered":"https:\/\/casaisabel.es\/?p=4150---da51e188-d796-4e04-850d-9ce3e07db4f0"},"modified":"2025-12-03T00:05:48","modified_gmt":"2025-12-03T00:05:48","slug":"el-origen-del-nombre-paella","status":"publish","type":"post","link":"https:\/\/casaisabel.es\/de\/el-origen-del-nombre-paella\/","title":{"rendered":"El origen del nombre paella"},"content":{"rendered":"<p>Cualquier persona que tenga a bien degustar una <strong>paella en la Malvarrosa<\/strong> sabr\u00e1 qu\u00e9 puede esperarse de tan deliciosa receta, pero \u00bfconoce de d\u00f3nde proviene el nombre de paella?<\/p>\n<h2>Arrocer\u00eda en la playa de la Malvarrosa<\/h2>\n<p>En este tipo de locales es m\u00e1s que probable que s\u00ed conozcan el origen del t\u00e9rmino que le da nombre tanto al recipiente donde se prepara como a la receta en s\u00ed. Este plato se cre\u00f3 por los campesinos valencianos entre el siglo XV y XVI. En su momento, fue un plato muy b\u00e1sico, cocinado con ingredientes muy sencillos y de la huerta, poco a poco fue evolucionando hasta adoptar las variantes existentes en la actualidad.<\/p>\n<h2>Restaurante especializado en paellas<\/h2>\n<p>El nombre de paella tiene dos or\u00edgenes, uno hist\u00f3rico y otro m\u00e1s rom\u00e1ntico. El primero de ellos apunta a una evoluci\u00f3n fon\u00e9tica del t\u00e9rmino \u00e1rabe\u00a0<strong><em>baqiyah<\/em><\/strong>. Teniendo en cuenta que la i \u00e1rabe suena como la e espa\u00f1ola, es m\u00e1s que probable que los valencianos escuchasen a los \u00e1rabes de los P\u00e1ramos, que fueron los que trajeron el arroz a Espa\u00f1a, comentar ese nombre y amoldarlo as\u00ed a nuestro idioma. Hemos de aclarar que la palabra \u00e1rabe hace referencia a las sobras de la comida.<\/p>\n<p>La versi\u00f3n rom\u00e1ntica apuesta por comentar c\u00f3mo son los hombres los que suelen preparar este plato, de ah\u00ed que lo hagan \u00abpara ella\u00bb como homenaje a la labor diaria de su mujer. Como podr\u00e1s ver, esta versi\u00f3n es bastante ef\u00edmera, solo sustentada por la imaginaci\u00f3n.<\/p>\n<p>De ti depende escoger cu\u00e1l es la versi\u00f3n que m\u00e1s te gusta. Eso s\u00ed, no renuncies a tomarte una buena <strong>paella en la Malvarrosa<\/strong> para experimentar en primera persona todas las virtudes de una receta tan saludable como recomendable. Pide tu favorita, si\u00e9ntate mirando al mar en grata compa\u00f1\u00eda y no tardar\u00e1s en entender por qu\u00e9 esta receta sigue siendo imbatible tras siglos de \u00e9xito entre todo tipo de comensales.<\/p>\n<p><a href=\"https:\/\/pixabay.com\/photos\/food-dinner-vegetable-cooking-3225604\/\" rel=\"nofollow\">imagen<\/a>    \t<\/p>","protected":false},"excerpt":{"rendered":"<p>Cualquier persona que tenga a bien degustar una paella en la Malvarrosa sabr\u00e1 qu\u00e9 puede esperarse de tan deliciosa receta, pero \u00bfconoce de d\u00f3nde proviene el nombre de paella? Arrocer\u00eda en la playa de la Malvarrosa En este tipo de locales es m\u00e1s que probable que s\u00ed conozcan el origen del t\u00e9rmino que le da [&hellip;]<\/p>","protected":false},"author":2,"featured_media":4629,"comment_status":"closed","ping_status":"closed","sticky":false,"template":"","format":"standard","meta":{"site-sidebar-layout":"default","site-content-layout":"","ast-site-content-layout":"","site-content-style":"default","site-sidebar-style":"default","ast-global-header-display":"","ast-banner-title-visibility":"","ast-main-header-display":"","ast-hfb-above-header-display":"","ast-hfb-below-header-display":"","ast-hfb-mobile-header-display":"","site-post-title":"","ast-breadcrumbs-content":"","ast-featured-img":"","footer-sml-layout":"","theme-transparent-header-meta":"","adv-header-id-meta":"","stick-header-meta":"","header-above-stick-meta":"","header-main-stick-meta":"","header-below-stick-meta":"","astra-migrate-meta-layouts":"default","ast-page-background-enabled":"default","ast-page-background-meta":{"desktop":{"background-color":"var(--ast-global-color-4)","background-image":"","background-repeat":"repeat","background-position":"center center","background-size":"auto","background-attachment":"scroll","background-type":"","background-media":"","overlay-type":"","overlay-color":"","overlay-opacity":"","overlay-gradient":""},"tablet":{"background-color":"","background-image":"","background-repeat":"repeat","background-position":"center center","background-size":"auto","background-attachment":"scroll","background-type":"","background-media":"","overlay-type":"","overlay-color":"","overlay-opacity":"","overlay-gradient":""},"mobile":{"background-color":"","background-image":"","background-repeat":"repeat","background-position":"center center","background-size":"auto","background-attachment":"scroll","background-type":"","background-media":"","overlay-type":"","overlay-color":"","overlay-opacity":"","overlay-gradient":""}},"ast-content-background-meta":{"desktop":{"background-color":"var(--ast-global-color-5)","background-image":"","background-repeat":"repeat","background-position":"center center","background-size":"auto","background-attachment":"scroll","background-type":"","background-media":"","overlay-type":"","overlay-color":"","overlay-opacity":"","overlay-gradient":""},"tablet":{"background-color":"var(--ast-global-color-5)","background-image":"","background-repeat":"repeat","background-position":"center center","background-size":"auto","background-attachment":"scroll","background-type":"","background-media":"","overlay-type":"","overlay-color":"","overlay-opacity":"","overlay-gradient":""},"mobile":{"background-color":"var(--ast-global-color-5)","background-image":"","background-repeat":"repeat","background-position":"center center","background-size":"auto","background-attachment":"scroll","background-type":"","background-media":"","overlay-type":"","overlay-color":"","overlay-opacity":"","overlay-gradient":""}},"footnotes":""},"categories":[2],"tags":[],"class_list":["post-4150","post","type-post","status-publish","format-standard","has-post-thumbnail","hentry","category-sin-categoria"],"yoast_head":"<!-- This site is optimized with the Yoast SEO plugin v25.6 - https:\/\/yoast.com\/wordpress\/plugins\/seo\/ -->\n<title>El origen del nombre paella - Casa Isabel<\/title>\n<meta name=\"robots\" content=\"index, follow, max-snippet:-1, max-image-preview:large, max-video-preview:-1\" \/>\n<link rel=\"canonical\" href=\"https:\/\/casaisabel.es\/de\/el-origen-del-nombre-paella\/\" \/>\n<meta property=\"og:locale\" content=\"de_DE\" \/>\n<meta property=\"og:type\" content=\"article\" \/>\n<meta property=\"og:title\" content=\"El origen del nombre paella - Casa Isabel\" \/>\n<meta property=\"og:description\" content=\"Cualquier persona que tenga a bien degustar una paella en la Malvarrosa sabr\u00e1 qu\u00e9 puede esperarse de tan deliciosa receta, pero \u00bfconoce de d\u00f3nde proviene el nombre de paella? Arrocer\u00eda en la playa de la Malvarrosa En este tipo de locales es m\u00e1s que probable que s\u00ed conozcan el origen del t\u00e9rmino que le da [&hellip;]\" \/>\n<meta property=\"og:url\" content=\"https:\/\/casaisabel.es\/de\/el-origen-del-nombre-paella\/\" \/>\n<meta property=\"og:site_name\" content=\"Casa Isabel\" \/>\n<meta property=\"article:published_time\" content=\"2025-12-03T00:05:48+00:00\" \/>\n<meta property=\"og:image\" content=\"https:\/\/casaisabel.es\/wp-content\/uploads\/2020\/05\/POLLOWAY-1-scaled-1.jpg\" \/>\n\t<meta property=\"og:image:width\" content=\"2560\" \/>\n\t<meta property=\"og:image:height\" content=\"2012\" \/>\n\t<meta property=\"og:image:type\" content=\"image\/jpeg\" \/>\n<meta name=\"author\" content=\"Admin\" \/>\n<meta name=\"twitter:card\" content=\"summary_large_image\" \/>\n<meta name=\"twitter:label1\" content=\"Written by\" \/>\n\t<meta name=\"twitter:data1\" content=\"Admin\" \/>\n\t<meta name=\"twitter:label2\" content=\"Est. reading time\" \/>\n\t<meta name=\"twitter:data2\" content=\"2 minutes\" \/>\n<script type=\"application\/ld+json\" class=\"yoast-schema-graph\">{\"@context\":\"https:\/\/schema.org\",\"@graph\":[{\"@type\":\"Article\",\"@id\":\"https:\/\/casaisabel.es\/el-origen-del-nombre-paella\/#article\",\"isPartOf\":{\"@id\":\"https:\/\/casaisabel.es\/el-origen-del-nombre-paella\/\"},\"author\":{\"name\":\"Admin\",\"@id\":\"https:\/\/casaisabel.es\/#\/schema\/person\/66308f25a39c9cb32c4e78cf8cfa36cf\"},\"headline\":\"El origen del nombre paella\",\"datePublished\":\"2025-12-03T00:05:48+00:00\",\"mainEntityOfPage\":{\"@id\":\"https:\/\/casaisabel.es\/el-origen-del-nombre-paella\/\"},\"wordCount\":351,\"publisher\":{\"@id\":\"https:\/\/casaisabel.es\/#organization\"},\"image\":{\"@id\":\"https:\/\/casaisabel.es\/el-origen-del-nombre-paella\/#primaryimage\"},\"thumbnailUrl\":\"https:\/\/casaisabel.es\/wp-content\/uploads\/2020\/05\/POLLOWAY-1-scaled-1.jpg\",\"articleSection\":[\"Sin categor\u00eda\"],\"inLanguage\":\"de-DE\"},{\"@type\":\"WebPage\",\"@id\":\"https:\/\/casaisabel.es\/el-origen-del-nombre-paella\/\",\"url\":\"https:\/\/casaisabel.es\/el-origen-del-nombre-paella\/\",\"name\":\"El origen del nombre paella - Casa Isabel\",\"isPartOf\":{\"@id\":\"https:\/\/casaisabel.es\/#website\"},\"primaryImageOfPage\":{\"@id\":\"https:\/\/casaisabel.es\/el-origen-del-nombre-paella\/#primaryimage\"},\"image\":{\"@id\":\"https:\/\/casaisabel.es\/el-origen-del-nombre-paella\/#primaryimage\"},\"thumbnailUrl\":\"https:\/\/casaisabel.es\/wp-content\/uploads\/2020\/05\/POLLOWAY-1-scaled-1.jpg\",\"datePublished\":\"2025-12-03T00:05:48+00:00\",\"breadcrumb\":{\"@id\":\"https:\/\/casaisabel.es\/el-origen-del-nombre-paella\/#breadcrumb\"},\"inLanguage\":\"de-DE\",\"potentialAction\":[{\"@type\":\"ReadAction\",\"target\":[\"https:\/\/casaisabel.es\/el-origen-del-nombre-paella\/\"]}]},{\"@type\":\"ImageObject\",\"inLanguage\":\"de-DE\",\"@id\":\"https:\/\/casaisabel.es\/el-origen-del-nombre-paella\/#primaryimage\",\"url\":\"https:\/\/casaisabel.es\/wp-content\/uploads\/2020\/05\/POLLOWAY-1-scaled-1.jpg\",\"contentUrl\":\"https:\/\/casaisabel.es\/wp-content\/uploads\/2020\/05\/POLLOWAY-1-scaled-1.jpg\",\"width\":2560,\"height\":2012},{\"@type\":\"BreadcrumbList\",\"@id\":\"https:\/\/casaisabel.es\/el-origen-del-nombre-paella\/#breadcrumb\",\"itemListElement\":[{\"@type\":\"ListItem\",\"position\":1,\"name\":\"Portada\",\"item\":\"https:\/\/casaisabel.es\/\"},{\"@type\":\"ListItem\",\"position\":2,\"name\":\"El origen del nombre paella\"}]},{\"@type\":\"WebSite\",\"@id\":\"https:\/\/casaisabel.es\/#website\",\"url\":\"https:\/\/casaisabel.es\/\",\"name\":\"Casa Isabel\",\"description\":\"S\u00f3lo otro sitio de WordPress\",\"publisher\":{\"@id\":\"https:\/\/casaisabel.es\/#organization\"},\"potentialAction\":[{\"@type\":\"SearchAction\",\"target\":{\"@type\":\"EntryPoint\",\"urlTemplate\":\"https:\/\/casaisabel.es\/?s={search_term_string}\"},\"query-input\":{\"@type\":\"PropertyValueSpecification\",\"valueRequired\":true,\"valueName\":\"search_term_string\"}}],\"inLanguage\":\"de-DE\"},{\"@type\":\"Organization\",\"@id\":\"https:\/\/casaisabel.es\/#organization\",\"name\":\"Casa Isabel\",\"url\":\"https:\/\/casaisabel.es\/\",\"logo\":{\"@type\":\"ImageObject\",\"inLanguage\":\"de-DE\",\"@id\":\"https:\/\/casaisabel.es\/#\/schema\/logo\/image\/\",\"url\":\"https:\/\/casaisabel.es\/wp-content\/uploads\/2023\/09\/casaIsabel.svg\",\"contentUrl\":\"https:\/\/casaisabel.es\/wp-content\/uploads\/2023\/09\/casaIsabel.svg\",\"width\":211,\"height\":49,\"caption\":\"Casa Isabel\"},\"image\":{\"@id\":\"https:\/\/casaisabel.es\/#\/schema\/logo\/image\/\"}},{\"@type\":\"Person\",\"@id\":\"https:\/\/casaisabel.es\/#\/schema\/person\/66308f25a39c9cb32c4e78cf8cfa36cf\",\"name\":\"Admin\",\"image\":{\"@type\":\"ImageObject\",\"inLanguage\":\"de-DE\",\"@id\":\"https:\/\/casaisabel.es\/#\/schema\/person\/image\/\",\"url\":\"https:\/\/secure.gravatar.com\/avatar\/cfa1bef4e15c827fa091464736c1d269687e21ac8972ec35aec466b4aa06b9c8?s=96&d=mm&r=g\",\"contentUrl\":\"https:\/\/secure.gravatar.com\/avatar\/cfa1bef4e15c827fa091464736c1d269687e21ac8972ec35aec466b4aa06b9c8?s=96&d=mm&r=g\",\"caption\":\"Admin\"},\"url\":\"https:\/\/casaisabel.es\/de\/author\/admin-2\/\"}]}<\/script>\n<!-- \/ Yoast SEO plugin. -->","yoast_head_json":{"title":"El origen del nombre paella - Casa Isabel","robots":{"index":"index","follow":"follow","max-snippet":"max-snippet:-1","max-image-preview":"max-image-preview:large","max-video-preview":"max-video-preview:-1"},"canonical":"https:\/\/casaisabel.es\/de\/el-origen-del-nombre-paella\/","og_locale":"de_DE","og_type":"article","og_title":"El origen del nombre paella - Casa Isabel","og_description":"Cualquier persona que tenga a bien degustar una paella en la Malvarrosa sabr\u00e1 qu\u00e9 puede esperarse de tan deliciosa receta, pero \u00bfconoce de d\u00f3nde proviene el nombre de paella? Arrocer\u00eda en la playa de la Malvarrosa En este tipo de locales es m\u00e1s que probable que s\u00ed conozcan el origen del t\u00e9rmino que le da [&hellip;]","og_url":"https:\/\/casaisabel.es\/de\/el-origen-del-nombre-paella\/","og_site_name":"Casa Isabel","article_published_time":"2025-12-03T00:05:48+00:00","og_image":[{"width":2560,"height":2012,"url":"https:\/\/casaisabel.es\/wp-content\/uploads\/2020\/05\/POLLOWAY-1-scaled-1.jpg","type":"image\/jpeg"}],"author":"Admin","twitter_card":"summary_large_image","twitter_misc":{"Written by":"Admin","Est. reading time":"2 minutes"},"schema":{"@context":"https:\/\/schema.org","@graph":[{"@type":"Article","@id":"https:\/\/casaisabel.es\/el-origen-del-nombre-paella\/#article","isPartOf":{"@id":"https:\/\/casaisabel.es\/el-origen-del-nombre-paella\/"},"author":{"name":"Admin","@id":"https:\/\/casaisabel.es\/#\/schema\/person\/66308f25a39c9cb32c4e78cf8cfa36cf"},"headline":"El origen del nombre paella","datePublished":"2025-12-03T00:05:48+00:00","mainEntityOfPage":{"@id":"https:\/\/casaisabel.es\/el-origen-del-nombre-paella\/"},"wordCount":351,"publisher":{"@id":"https:\/\/casaisabel.es\/#organization"},"image":{"@id":"https:\/\/casaisabel.es\/el-origen-del-nombre-paella\/#primaryimage"},"thumbnailUrl":"https:\/\/casaisabel.es\/wp-content\/uploads\/2020\/05\/POLLOWAY-1-scaled-1.jpg","articleSection":["Sin categor\u00eda"],"inLanguage":"de-DE"},{"@type":"WebPage","@id":"https:\/\/casaisabel.es\/el-origen-del-nombre-paella\/","url":"https:\/\/casaisabel.es\/el-origen-del-nombre-paella\/","name":"El origen del nombre paella - Casa Isabel","isPartOf":{"@id":"https:\/\/casaisabel.es\/#website"},"primaryImageOfPage":{"@id":"https:\/\/casaisabel.es\/el-origen-del-nombre-paella\/#primaryimage"},"image":{"@id":"https:\/\/casaisabel.es\/el-origen-del-nombre-paella\/#primaryimage"},"thumbnailUrl":"https:\/\/casaisabel.es\/wp-content\/uploads\/2020\/05\/POLLOWAY-1-scaled-1.jpg","datePublished":"2025-12-03T00:05:48+00:00","breadcrumb":{"@id":"https:\/\/casaisabel.es\/el-origen-del-nombre-paella\/#breadcrumb"},"inLanguage":"de-DE","potentialAction":[{"@type":"ReadAction","target":["https:\/\/casaisabel.es\/el-origen-del-nombre-paella\/"]}]},{"@type":"ImageObject","inLanguage":"de-DE","@id":"https:\/\/casaisabel.es\/el-origen-del-nombre-paella\/#primaryimage","url":"https:\/\/casaisabel.es\/wp-content\/uploads\/2020\/05\/POLLOWAY-1-scaled-1.jpg","contentUrl":"https:\/\/casaisabel.es\/wp-content\/uploads\/2020\/05\/POLLOWAY-1-scaled-1.jpg","width":2560,"height":2012},{"@type":"BreadcrumbList","@id":"https:\/\/casaisabel.es\/el-origen-del-nombre-paella\/#breadcrumb","itemListElement":[{"@type":"ListItem","position":1,"name":"Portada","item":"https:\/\/casaisabel.es\/"},{"@type":"ListItem","position":2,"name":"El origen del nombre paella"}]},{"@type":"WebSite","@id":"https:\/\/casaisabel.es\/#website","url":"https:\/\/casaisabel.es\/","name":"Casa Isabel","description":"S\u00f3lo otro sitio de WordPress","publisher":{"@id":"https:\/\/casaisabel.es\/#organization"},"potentialAction":[{"@type":"SearchAction","target":{"@type":"EntryPoint","urlTemplate":"https:\/\/casaisabel.es\/?s={search_term_string}"},"query-input":{"@type":"PropertyValueSpecification","valueRequired":true,"valueName":"search_term_string"}}],"inLanguage":"de-DE"},{"@type":"Organization","@id":"https:\/\/casaisabel.es\/#organization","name":"Casa Isabel","url":"https:\/\/casaisabel.es\/","logo":{"@type":"ImageObject","inLanguage":"de-DE","@id":"https:\/\/casaisabel.es\/#\/schema\/logo\/image\/","url":"https:\/\/casaisabel.es\/wp-content\/uploads\/2023\/09\/casaIsabel.svg","contentUrl":"https:\/\/casaisabel.es\/wp-content\/uploads\/2023\/09\/casaIsabel.svg","width":211,"height":49,"caption":"Casa Isabel"},"image":{"@id":"https:\/\/casaisabel.es\/#\/schema\/logo\/image\/"}},{"@type":"Person","@id":"https:\/\/casaisabel.es\/#\/schema\/person\/66308f25a39c9cb32c4e78cf8cfa36cf","name":"Admin","image":{"@type":"ImageObject","inLanguage":"de-DE","@id":"https:\/\/casaisabel.es\/#\/schema\/person\/image\/","url":"https:\/\/secure.gravatar.com\/avatar\/cfa1bef4e15c827fa091464736c1d269687e21ac8972ec35aec466b4aa06b9c8?s=96&d=mm&r=g","contentUrl":"https:\/\/secure.gravatar.com\/avatar\/cfa1bef4e15c827fa091464736c1d269687e21ac8972ec35aec466b4aa06b9c8?s=96&d=mm&r=g","caption":"Admin"},"url":"https:\/\/casaisabel.es\/de\/author\/admin-2\/"}]}},"_links":{"self":[{"href":"https:\/\/casaisabel.es\/de\/wp-json\/wp\/v2\/posts\/4150","targetHints":{"allow":["GET"]}}],"collection":[{"href":"https:\/\/casaisabel.es\/de\/wp-json\/wp\/v2\/posts"}],"about":[{"href":"https:\/\/casaisabel.es\/de\/wp-json\/wp\/v2\/types\/post"}],"author":[{"embeddable":true,"href":"https:\/\/casaisabel.es\/de\/wp-json\/wp\/v2\/users\/2"}],"replies":[{"embeddable":true,"href":"https:\/\/casaisabel.es\/de\/wp-json\/wp\/v2\/comments?post=4150"}],"version-history":[{"count":0,"href":"https:\/\/casaisabel.es\/de\/wp-json\/wp\/v2\/posts\/4150\/revisions"}],"wp:featuredmedia":[{"embeddable":true,"href":"https:\/\/casaisabel.es\/de\/wp-json\/wp\/v2\/media\/4629"}],"wp:attachment":[{"href":"https:\/\/casaisabel.es\/de\/wp-json\/wp\/v2\/media?parent=4150"}],"wp:term":[{"taxonomy":"category","embeddable":true,"href":"https:\/\/casaisabel.es\/de\/wp-json\/wp\/v2\/categories?post=4150"},{"taxonomy":"post_tag","embeddable":true,"href":"https:\/\/casaisabel.es\/de\/wp-json\/wp\/v2\/tags?post=4150"}],"curies":[{"name":"wp","href":"https:\/\/api.w.org\/{rel}","templated":true}]}}