{"id":4124,"date":"2025-10-21T00:04:04","date_gmt":"2025-10-21T00:04:04","guid":{"rendered":"https:\/\/casaisabel.es\/?p=4124---bd189017-8e44-4bf2-af8e-889fd6ec2b35"},"modified":"2025-10-21T00:04:04","modified_gmt":"2025-10-21T00:04:04","slug":"la-gastronomia-valenciana-entra-al-cine-internacional","status":"publish","type":"post","link":"https:\/\/casaisabel.es\/de\/la-gastronomia-valenciana-entra-al-cine-internacional\/","title":{"rendered":"La gastronom\u00eda valenciana entra al cine internacional"},"content":{"rendered":"<p>Los actores <strong>Kiko Moya, Alberto Redrado y Luis Moya<\/strong> han dado vida en las pantallas del cine a la acci\u00f3n vivida en el <strong>restaurante l\u2019Escaleta<\/strong>, un punto gastron\u00f3mico de la Berlinale. En el film se narra desde el punto de vista del personaje de Luis Moya todo lo implicado en el regreso al hogar luego de un tiempo de ausencia teniendo como meta ayudar a la familia.<\/p>\n<p>Presentada durante el Culinary Zinema, esta obra mostr\u00f3 junto a diversos films documentales y pel\u00edculas de ficci\u00f3n <strong>el mundo gastron\u00f3mico desde otra perspectiva<\/strong>, poniendo al descubierto tanto las diferentes facetas de la industria culinaria, como los sentimientos que suelen acompa\u00f1ar a quienes forman parte de ella.<\/p>\n<h2><strong>La pel\u00edcula y su tema<\/strong><\/h2>\n<p>\u201c<strong>Y en cada lenteja un dios<\/strong>\u201d es el t\u00edtulo con el que se design\u00f3 a esta obra en la cual se centra la historia en <strong>los esfuerzos de un hijo y hermano que busca mostrar la cocina elaborada en l\u2019Escaleta desde un punto de vista que traspase lo simple<\/strong>.<\/p>\n<p>Lo que la hace diferente es el esfuerzo por mostrar tanto la identidad como el esfuerzo de una familia dedicada a la gastronom\u00eda y que se expresa a trav\u00e9s de esta.<\/p>\n<p>La historia del personaje sirve como base para el desarrollo de la pel\u00edcula, contando un retorno al hogar cimentado en el amor m\u00e1s puro y profundo que pueda existir, tanto para la familia como para la comida y la tierra de origen.<\/p>\n<p><strong>El escenario es la Comunitat Valenciana<\/strong>, en medio de la cual se ve el crecimiento y la actividad de los personajes que forman parte del restaurante, la evoluci\u00f3n del mismo durante el transcurso de los a\u00f1os y el crecimiento que la cocina de l\u2019Escaleta ha tenido durante casi 4 d\u00e9cadas.<\/p>\n<p>Si bien parece la tem\u00e1tica de una pel\u00edcula rom\u00e1ntica o de recuentos de vida, los sentimientos que recopila no se limitan a este tipo de pel\u00edculas, dando as\u00ed la oportunidad de descubrir una faceta humana que no es tan f\u00e1cil de ver, los sentimientos y vidas detr\u00e1s de un restaurante.    \t<\/p>","protected":false},"excerpt":{"rendered":"<p>Los actores Kiko Moya, Alberto Redrado y Luis Moya han dado vida en las pantallas del cine a la acci\u00f3n vivida en el restaurante l\u2019Escaleta, un punto gastron\u00f3mico de la Berlinale. En el film se narra desde el punto de vista del personaje de Luis Moya todo lo implicado en el regreso al hogar luego [&hellip;]<\/p>","protected":false},"author":2,"featured_media":4125,"comment_status":"closed","ping_status":"closed","sticky":false,"template":"","format":"standard","meta":{"site-sidebar-layout":"default","site-content-layout":"","ast-site-content-layout":"","site-content-style":"default","site-sidebar-style":"default","ast-global-header-display":"","ast-banner-title-visibility":"","ast-main-header-display":"","ast-hfb-above-header-display":"","ast-hfb-below-header-display":"","ast-hfb-mobile-header-display":"","site-post-title":"","ast-breadcrumbs-content":"","ast-featured-img":"","footer-sml-layout":"","theme-transparent-header-meta":"","adv-header-id-meta":"","stick-header-meta":"","header-above-stick-meta":"","header-main-stick-meta":"","header-below-stick-meta":"","astra-migrate-meta-layouts":"default","ast-page-background-enabled":"default","ast-page-background-meta":{"desktop":{"background-color":"var(--ast-global-color-4)","background-image":"","background-repeat":"repeat","background-position":"center center","background-size":"auto","background-attachment":"scroll","background-type":"","background-media":"","overlay-type":"","overlay-color":"","overlay-opacity":"","overlay-gradient":""},"tablet":{"background-color":"","background-image":"","background-repeat":"repeat","background-position":"center center","background-size":"auto","background-attachment":"scroll","background-type":"","background-media":"","overlay-type":"","overlay-color":"","overlay-opacity":"","overlay-gradient":""},"mobile":{"background-color":"","background-image":"","background-repeat":"repeat","background-position":"center center","background-size":"auto","background-attachment":"scroll","background-type":"","background-media":"","overlay-type":"","overlay-color":"","overlay-opacity":"","overlay-gradient":""}},"ast-content-background-meta":{"desktop":{"background-color":"var(--ast-global-color-5)","background-image":"","background-repeat":"repeat","background-position":"center center","background-size":"auto","background-attachment":"scroll","background-type":"","background-media":"","overlay-type":"","overlay-color":"","overlay-opacity":"","overlay-gradient":""},"tablet":{"background-color":"var(--ast-global-color-5)","background-image":"","background-repeat":"repeat","background-position":"center center","background-size":"auto","background-attachment":"scroll","background-type":"","background-media":"","overlay-type":"","overlay-color":"","overlay-opacity":"","overlay-gradient":""},"mobile":{"background-color":"var(--ast-global-color-5)","background-image":"","background-repeat":"repeat","background-position":"center center","background-size":"auto","background-attachment":"scroll","background-type":"","background-media":"","overlay-type":"","overlay-color":"","overlay-opacity":"","overlay-gradient":""}},"footnotes":""},"categories":[2],"tags":[],"class_list":["post-4124","post","type-post","status-publish","format-standard","has-post-thumbnail","hentry","category-sin-categoria"],"yoast_head":"<!-- This site is optimized with the Yoast SEO plugin v25.6 - https:\/\/yoast.com\/wordpress\/plugins\/seo\/ -->\n<title>La gastronom\u00eda valenciana entra al cine internacional - Casa Isabel<\/title>\n<meta name=\"robots\" content=\"index, follow, max-snippet:-1, max-image-preview:large, max-video-preview:-1\" \/>\n<link rel=\"canonical\" href=\"https:\/\/casaisabel.es\/de\/la-gastronomia-valenciana-entra-al-cine-internacional\/\" \/>\n<meta property=\"og:locale\" content=\"de_DE\" \/>\n<meta property=\"og:type\" content=\"article\" \/>\n<meta property=\"og:title\" content=\"La gastronom\u00eda valenciana entra al cine internacional - Casa Isabel\" \/>\n<meta property=\"og:description\" content=\"Los actores Kiko Moya, Alberto Redrado y Luis Moya han dado vida en las pantallas del cine a la acci\u00f3n vivida en el restaurante l\u2019Escaleta, un punto gastron\u00f3mico de la Berlinale. En el film se narra desde el punto de vista del personaje de Luis Moya todo lo implicado en el regreso al hogar luego [&hellip;]\" \/>\n<meta property=\"og:url\" content=\"https:\/\/casaisabel.es\/de\/la-gastronomia-valenciana-entra-al-cine-internacional\/\" \/>\n<meta property=\"og:site_name\" content=\"Casa Isabel\" \/>\n<meta property=\"article:published_time\" content=\"2025-10-21T00:04:04+00:00\" \/>\n<meta property=\"og:image\" content=\"https:\/\/casaisabel.es\/wp-content\/uploads\/2019\/03\/casa-isabel-pelicula.jpg\" \/>\n\t<meta property=\"og:image:width\" content=\"750\" \/>\n\t<meta property=\"og:image:height\" content=\"500\" \/>\n\t<meta property=\"og:image:type\" content=\"image\/jpeg\" \/>\n<meta name=\"author\" content=\"Admin\" \/>\n<meta name=\"twitter:card\" content=\"summary_large_image\" \/>\n<meta name=\"twitter:label1\" content=\"Written by\" \/>\n\t<meta name=\"twitter:data1\" content=\"Admin\" \/>\n\t<meta name=\"twitter:label2\" content=\"Est. reading time\" \/>\n\t<meta name=\"twitter:data2\" content=\"2 minutes\" \/>\n<script type=\"application\/ld+json\" class=\"yoast-schema-graph\">{\"@context\":\"https:\/\/schema.org\",\"@graph\":[{\"@type\":\"Article\",\"@id\":\"https:\/\/casaisabel.es\/la-gastronomia-valenciana-entra-al-cine-internacional\/#article\",\"isPartOf\":{\"@id\":\"https:\/\/casaisabel.es\/la-gastronomia-valenciana-entra-al-cine-internacional\/\"},\"author\":{\"name\":\"Admin\",\"@id\":\"https:\/\/casaisabel.es\/#\/schema\/person\/66308f25a39c9cb32c4e78cf8cfa36cf\"},\"headline\":\"La gastronom\u00eda valenciana entra al cine internacional\",\"datePublished\":\"2025-10-21T00:04:04+00:00\",\"mainEntityOfPage\":{\"@id\":\"https:\/\/casaisabel.es\/la-gastronomia-valenciana-entra-al-cine-internacional\/\"},\"wordCount\":371,\"publisher\":{\"@id\":\"https:\/\/casaisabel.es\/#organization\"},\"image\":{\"@id\":\"https:\/\/casaisabel.es\/la-gastronomia-valenciana-entra-al-cine-internacional\/#primaryimage\"},\"thumbnailUrl\":\"https:\/\/casaisabel.es\/wp-content\/uploads\/2019\/03\/casa-isabel-pelicula.jpg\",\"articleSection\":[\"Sin categor\u00eda\"],\"inLanguage\":\"de-DE\"},{\"@type\":\"WebPage\",\"@id\":\"https:\/\/casaisabel.es\/la-gastronomia-valenciana-entra-al-cine-internacional\/\",\"url\":\"https:\/\/casaisabel.es\/la-gastronomia-valenciana-entra-al-cine-internacional\/\",\"name\":\"La gastronom\u00eda valenciana entra al cine internacional - Casa Isabel\",\"isPartOf\":{\"@id\":\"https:\/\/casaisabel.es\/#website\"},\"primaryImageOfPage\":{\"@id\":\"https:\/\/casaisabel.es\/la-gastronomia-valenciana-entra-al-cine-internacional\/#primaryimage\"},\"image\":{\"@id\":\"https:\/\/casaisabel.es\/la-gastronomia-valenciana-entra-al-cine-internacional\/#primaryimage\"},\"thumbnailUrl\":\"https:\/\/casaisabel.es\/wp-content\/uploads\/2019\/03\/casa-isabel-pelicula.jpg\",\"datePublished\":\"2025-10-21T00:04:04+00:00\",\"breadcrumb\":{\"@id\":\"https:\/\/casaisabel.es\/la-gastronomia-valenciana-entra-al-cine-internacional\/#breadcrumb\"},\"inLanguage\":\"de-DE\",\"potentialAction\":[{\"@type\":\"ReadAction\",\"target\":[\"https:\/\/casaisabel.es\/la-gastronomia-valenciana-entra-al-cine-internacional\/\"]}]},{\"@type\":\"ImageObject\",\"inLanguage\":\"de-DE\",\"@id\":\"https:\/\/casaisabel.es\/la-gastronomia-valenciana-entra-al-cine-internacional\/#primaryimage\",\"url\":\"https:\/\/casaisabel.es\/wp-content\/uploads\/2019\/03\/casa-isabel-pelicula.jpg\",\"contentUrl\":\"https:\/\/casaisabel.es\/wp-content\/uploads\/2019\/03\/casa-isabel-pelicula.jpg\",\"width\":750,\"height\":500},{\"@type\":\"BreadcrumbList\",\"@id\":\"https:\/\/casaisabel.es\/la-gastronomia-valenciana-entra-al-cine-internacional\/#breadcrumb\",\"itemListElement\":[{\"@type\":\"ListItem\",\"position\":1,\"name\":\"Portada\",\"item\":\"https:\/\/casaisabel.es\/\"},{\"@type\":\"ListItem\",\"position\":2,\"name\":\"La gastronom\u00eda valenciana entra al cine internacional\"}]},{\"@type\":\"WebSite\",\"@id\":\"https:\/\/casaisabel.es\/#website\",\"url\":\"https:\/\/casaisabel.es\/\",\"name\":\"Casa Isabel\",\"description\":\"S\u00f3lo otro sitio de WordPress\",\"publisher\":{\"@id\":\"https:\/\/casaisabel.es\/#organization\"},\"potentialAction\":[{\"@type\":\"SearchAction\",\"target\":{\"@type\":\"EntryPoint\",\"urlTemplate\":\"https:\/\/casaisabel.es\/?s={search_term_string}\"},\"query-input\":{\"@type\":\"PropertyValueSpecification\",\"valueRequired\":true,\"valueName\":\"search_term_string\"}}],\"inLanguage\":\"de-DE\"},{\"@type\":\"Organization\",\"@id\":\"https:\/\/casaisabel.es\/#organization\",\"name\":\"Casa Isabel\",\"url\":\"https:\/\/casaisabel.es\/\",\"logo\":{\"@type\":\"ImageObject\",\"inLanguage\":\"de-DE\",\"@id\":\"https:\/\/casaisabel.es\/#\/schema\/logo\/image\/\",\"url\":\"https:\/\/casaisabel.es\/wp-content\/uploads\/2023\/09\/casaIsabel.svg\",\"contentUrl\":\"https:\/\/casaisabel.es\/wp-content\/uploads\/2023\/09\/casaIsabel.svg\",\"width\":211,\"height\":49,\"caption\":\"Casa Isabel\"},\"image\":{\"@id\":\"https:\/\/casaisabel.es\/#\/schema\/logo\/image\/\"}},{\"@type\":\"Person\",\"@id\":\"https:\/\/casaisabel.es\/#\/schema\/person\/66308f25a39c9cb32c4e78cf8cfa36cf\",\"name\":\"Admin\",\"image\":{\"@type\":\"ImageObject\",\"inLanguage\":\"de-DE\",\"@id\":\"https:\/\/casaisabel.es\/#\/schema\/person\/image\/\",\"url\":\"https:\/\/secure.gravatar.com\/avatar\/cfa1bef4e15c827fa091464736c1d269687e21ac8972ec35aec466b4aa06b9c8?s=96&d=mm&r=g\",\"contentUrl\":\"https:\/\/secure.gravatar.com\/avatar\/cfa1bef4e15c827fa091464736c1d269687e21ac8972ec35aec466b4aa06b9c8?s=96&d=mm&r=g\",\"caption\":\"Admin\"},\"url\":\"https:\/\/casaisabel.es\/de\/author\/admin-2\/\"}]}<\/script>\n<!-- \/ Yoast SEO plugin. -->","yoast_head_json":{"title":"La gastronom\u00eda valenciana entra al cine internacional - Casa Isabel","robots":{"index":"index","follow":"follow","max-snippet":"max-snippet:-1","max-image-preview":"max-image-preview:large","max-video-preview":"max-video-preview:-1"},"canonical":"https:\/\/casaisabel.es\/de\/la-gastronomia-valenciana-entra-al-cine-internacional\/","og_locale":"de_DE","og_type":"article","og_title":"La gastronom\u00eda valenciana entra al cine internacional - Casa Isabel","og_description":"Los actores Kiko Moya, Alberto Redrado y Luis Moya han dado vida en las pantallas del cine a la acci\u00f3n vivida en el restaurante l\u2019Escaleta, un punto gastron\u00f3mico de la Berlinale. En el film se narra desde el punto de vista del personaje de Luis Moya todo lo implicado en el regreso al hogar luego [&hellip;]","og_url":"https:\/\/casaisabel.es\/de\/la-gastronomia-valenciana-entra-al-cine-internacional\/","og_site_name":"Casa Isabel","article_published_time":"2025-10-21T00:04:04+00:00","og_image":[{"width":750,"height":500,"url":"https:\/\/casaisabel.es\/wp-content\/uploads\/2019\/03\/casa-isabel-pelicula.jpg","type":"image\/jpeg"}],"author":"Admin","twitter_card":"summary_large_image","twitter_misc":{"Written by":"Admin","Est. reading time":"2 minutes"},"schema":{"@context":"https:\/\/schema.org","@graph":[{"@type":"Article","@id":"https:\/\/casaisabel.es\/la-gastronomia-valenciana-entra-al-cine-internacional\/#article","isPartOf":{"@id":"https:\/\/casaisabel.es\/la-gastronomia-valenciana-entra-al-cine-internacional\/"},"author":{"name":"Admin","@id":"https:\/\/casaisabel.es\/#\/schema\/person\/66308f25a39c9cb32c4e78cf8cfa36cf"},"headline":"La gastronom\u00eda valenciana entra al cine internacional","datePublished":"2025-10-21T00:04:04+00:00","mainEntityOfPage":{"@id":"https:\/\/casaisabel.es\/la-gastronomia-valenciana-entra-al-cine-internacional\/"},"wordCount":371,"publisher":{"@id":"https:\/\/casaisabel.es\/#organization"},"image":{"@id":"https:\/\/casaisabel.es\/la-gastronomia-valenciana-entra-al-cine-internacional\/#primaryimage"},"thumbnailUrl":"https:\/\/casaisabel.es\/wp-content\/uploads\/2019\/03\/casa-isabel-pelicula.jpg","articleSection":["Sin categor\u00eda"],"inLanguage":"de-DE"},{"@type":"WebPage","@id":"https:\/\/casaisabel.es\/la-gastronomia-valenciana-entra-al-cine-internacional\/","url":"https:\/\/casaisabel.es\/la-gastronomia-valenciana-entra-al-cine-internacional\/","name":"La gastronom\u00eda valenciana entra al cine internacional - Casa Isabel","isPartOf":{"@id":"https:\/\/casaisabel.es\/#website"},"primaryImageOfPage":{"@id":"https:\/\/casaisabel.es\/la-gastronomia-valenciana-entra-al-cine-internacional\/#primaryimage"},"image":{"@id":"https:\/\/casaisabel.es\/la-gastronomia-valenciana-entra-al-cine-internacional\/#primaryimage"},"thumbnailUrl":"https:\/\/casaisabel.es\/wp-content\/uploads\/2019\/03\/casa-isabel-pelicula.jpg","datePublished":"2025-10-21T00:04:04+00:00","breadcrumb":{"@id":"https:\/\/casaisabel.es\/la-gastronomia-valenciana-entra-al-cine-internacional\/#breadcrumb"},"inLanguage":"de-DE","potentialAction":[{"@type":"ReadAction","target":["https:\/\/casaisabel.es\/la-gastronomia-valenciana-entra-al-cine-internacional\/"]}]},{"@type":"ImageObject","inLanguage":"de-DE","@id":"https:\/\/casaisabel.es\/la-gastronomia-valenciana-entra-al-cine-internacional\/#primaryimage","url":"https:\/\/casaisabel.es\/wp-content\/uploads\/2019\/03\/casa-isabel-pelicula.jpg","contentUrl":"https:\/\/casaisabel.es\/wp-content\/uploads\/2019\/03\/casa-isabel-pelicula.jpg","width":750,"height":500},{"@type":"BreadcrumbList","@id":"https:\/\/casaisabel.es\/la-gastronomia-valenciana-entra-al-cine-internacional\/#breadcrumb","itemListElement":[{"@type":"ListItem","position":1,"name":"Portada","item":"https:\/\/casaisabel.es\/"},{"@type":"ListItem","position":2,"name":"La gastronom\u00eda valenciana entra al cine internacional"}]},{"@type":"WebSite","@id":"https:\/\/casaisabel.es\/#website","url":"https:\/\/casaisabel.es\/","name":"Casa Isabel","description":"S\u00f3lo otro sitio de WordPress","publisher":{"@id":"https:\/\/casaisabel.es\/#organization"},"potentialAction":[{"@type":"SearchAction","target":{"@type":"EntryPoint","urlTemplate":"https:\/\/casaisabel.es\/?s={search_term_string}"},"query-input":{"@type":"PropertyValueSpecification","valueRequired":true,"valueName":"search_term_string"}}],"inLanguage":"de-DE"},{"@type":"Organization","@id":"https:\/\/casaisabel.es\/#organization","name":"Casa Isabel","url":"https:\/\/casaisabel.es\/","logo":{"@type":"ImageObject","inLanguage":"de-DE","@id":"https:\/\/casaisabel.es\/#\/schema\/logo\/image\/","url":"https:\/\/casaisabel.es\/wp-content\/uploads\/2023\/09\/casaIsabel.svg","contentUrl":"https:\/\/casaisabel.es\/wp-content\/uploads\/2023\/09\/casaIsabel.svg","width":211,"height":49,"caption":"Casa Isabel"},"image":{"@id":"https:\/\/casaisabel.es\/#\/schema\/logo\/image\/"}},{"@type":"Person","@id":"https:\/\/casaisabel.es\/#\/schema\/person\/66308f25a39c9cb32c4e78cf8cfa36cf","name":"Admin","image":{"@type":"ImageObject","inLanguage":"de-DE","@id":"https:\/\/casaisabel.es\/#\/schema\/person\/image\/","url":"https:\/\/secure.gravatar.com\/avatar\/cfa1bef4e15c827fa091464736c1d269687e21ac8972ec35aec466b4aa06b9c8?s=96&d=mm&r=g","contentUrl":"https:\/\/secure.gravatar.com\/avatar\/cfa1bef4e15c827fa091464736c1d269687e21ac8972ec35aec466b4aa06b9c8?s=96&d=mm&r=g","caption":"Admin"},"url":"https:\/\/casaisabel.es\/de\/author\/admin-2\/"}]}},"_links":{"self":[{"href":"https:\/\/casaisabel.es\/de\/wp-json\/wp\/v2\/posts\/4124","targetHints":{"allow":["GET"]}}],"collection":[{"href":"https:\/\/casaisabel.es\/de\/wp-json\/wp\/v2\/posts"}],"about":[{"href":"https:\/\/casaisabel.es\/de\/wp-json\/wp\/v2\/types\/post"}],"author":[{"embeddable":true,"href":"https:\/\/casaisabel.es\/de\/wp-json\/wp\/v2\/users\/2"}],"replies":[{"embeddable":true,"href":"https:\/\/casaisabel.es\/de\/wp-json\/wp\/v2\/comments?post=4124"}],"version-history":[{"count":0,"href":"https:\/\/casaisabel.es\/de\/wp-json\/wp\/v2\/posts\/4124\/revisions"}],"wp:featuredmedia":[{"embeddable":true,"href":"https:\/\/casaisabel.es\/de\/wp-json\/wp\/v2\/media\/4125"}],"wp:attachment":[{"href":"https:\/\/casaisabel.es\/de\/wp-json\/wp\/v2\/media?parent=4124"}],"wp:term":[{"taxonomy":"category","embeddable":true,"href":"https:\/\/casaisabel.es\/de\/wp-json\/wp\/v2\/categories?post=4124"},{"taxonomy":"post_tag","embeddable":true,"href":"https:\/\/casaisabel.es\/de\/wp-json\/wp\/v2\/tags?post=4124"}],"curies":[{"name":"wp","href":"https:\/\/api.w.org\/{rel}","templated":true}]}}