{"id":3912,"date":"2025-10-18T00:07:03","date_gmt":"2025-10-18T00:07:03","guid":{"rendered":"https:\/\/casaisabel.es\/?p=3912---92951a1a-e8e2-4471-80f3-8df8d6a597e6"},"modified":"2025-10-18T00:07:03","modified_gmt":"2025-10-18T00:07:03","slug":"cual-es-la-historia-de-la-playa-de-la-malvarrosa","status":"publish","type":"post","link":"https:\/\/casaisabel.es\/de\/cual-es-la-historia-de-la-playa-de-la-malvarrosa\/","title":{"rendered":"\u00bfCu\u00e1l es la historia de la Playa de la Malvarrosa?"},"content":{"rendered":"<p>La <strong>historia de la playa de la Malvarrosa\u00a0<\/strong>nos remonta al a\u00f1o 1848 y su nombre y barrio se deben al jardinero F\u00e9lix Robillard. Este compr\u00f3 un terreno de gran extensi\u00f3n en el que plant\u00f3 especies vegetales, entre ellas se encontraba la popular Malva-Rosa.<\/p>\n<h2>Las curiosidades de la playa de la Malvarrosa<\/h2>\n<h3>1. Pesca y comercio en los albores de la historia<\/h3>\n<p>Hace mucho tiempo esta playa se utilizaba para desembarcar la pesca y proceder al intercambio de comercio en los diferentes poblados que se encontraban pr\u00f3ximos a la capital; pero muy pronto se convirti\u00f3 en un lugar de descanso para la burgues\u00eda valenciana destacando personajes como <strong>Sorolla y Blasco Ib\u00e1\u00f1ez.<\/strong><\/p>\n<h3>2. Calidad y servicios de primera<\/h3>\n<p>El aspecto de la <strong>playa Malvarrosa<\/strong> ha cambiado en los \u00faltimos tiempos y ofrece un aspecto muy animado por la cantidad de servicios y propuestas que ofrece en el Paseo Mar\u00edtimo que la delimita. Adem\u00e1s, de contar con puestos de socorrismo tambi\u00e9n dispone de una zona adaptada al ba\u00f1o para personas de movilidad reducida.<\/p>\n<p>Este enclave tur\u00edstico es de una bonita arena de color dorado y tiene una longitud de entre 2 y 3 kil\u00f3metros y una anchura de 100 metros.\u00a0Adem\u00e1s, dispone de un amplio, famoso\u00a0\u00a0y cuidado paseo mar\u00edtimo que se empez\u00f3 a\u00a0construir en 1990.<\/p>\n<p>En este Paseo Mar\u00edtimo concurren restaurantes tradicionales de comida t\u00edpica valenciana a precios populares. Varias generaciones que se han dedicado a facilitar a los visitantes de Valencia la degustaci\u00f3n de las genuinas paellas y tapas valencianas, como la paella de pollastre i conil (pollo y conejo) y el t\u00edpico all i pebre o la titaina, a manera de pisto\u00a0 hecho con toyina de sorra.<\/p>\n<p><a href=\"https:\/\/pixabay.com\/es\/valencia-atardecer-puesta-del-sol-1275965\/\" rel=\"nofollow\">imagen<\/a>    \t<\/p>","protected":false},"excerpt":{"rendered":"<p>La historia de la playa de la Malvarrosa\u00a0nos remonta al a\u00f1o 1848 y su nombre y barrio se deben al jardinero F\u00e9lix Robillard. Este compr\u00f3 un terreno de gran extensi\u00f3n en el que plant\u00f3 especies vegetales, entre ellas se encontraba la popular Malva-Rosa. Las curiosidades de la playa de la Malvarrosa 1. Pesca y comercio [&hellip;]<\/p>","protected":false},"author":2,"featured_media":3948,"comment_status":"closed","ping_status":"closed","sticky":false,"template":"","format":"standard","meta":{"site-sidebar-layout":"default","site-content-layout":"","ast-site-content-layout":"","site-content-style":"default","site-sidebar-style":"default","ast-global-header-display":"","ast-banner-title-visibility":"","ast-main-header-display":"","ast-hfb-above-header-display":"","ast-hfb-below-header-display":"","ast-hfb-mobile-header-display":"","site-post-title":"","ast-breadcrumbs-content":"","ast-featured-img":"","footer-sml-layout":"","theme-transparent-header-meta":"","adv-header-id-meta":"","stick-header-meta":"","header-above-stick-meta":"","header-main-stick-meta":"","header-below-stick-meta":"","astra-migrate-meta-layouts":"default","ast-page-background-enabled":"default","ast-page-background-meta":{"desktop":{"background-color":"var(--ast-global-color-4)","background-image":"","background-repeat":"repeat","background-position":"center center","background-size":"auto","background-attachment":"scroll","background-type":"","background-media":"","overlay-type":"","overlay-color":"","overlay-opacity":"","overlay-gradient":""},"tablet":{"background-color":"","background-image":"","background-repeat":"repeat","background-position":"center center","background-size":"auto","background-attachment":"scroll","background-type":"","background-media":"","overlay-type":"","overlay-color":"","overlay-opacity":"","overlay-gradient":""},"mobile":{"background-color":"","background-image":"","background-repeat":"repeat","background-position":"center center","background-size":"auto","background-attachment":"scroll","background-type":"","background-media":"","overlay-type":"","overlay-color":"","overlay-opacity":"","overlay-gradient":""}},"ast-content-background-meta":{"desktop":{"background-color":"var(--ast-global-color-5)","background-image":"","background-repeat":"repeat","background-position":"center center","background-size":"auto","background-attachment":"scroll","background-type":"","background-media":"","overlay-type":"","overlay-color":"","overlay-opacity":"","overlay-gradient":""},"tablet":{"background-color":"var(--ast-global-color-5)","background-image":"","background-repeat":"repeat","background-position":"center center","background-size":"auto","background-attachment":"scroll","background-type":"","background-media":"","overlay-type":"","overlay-color":"","overlay-opacity":"","overlay-gradient":""},"mobile":{"background-color":"var(--ast-global-color-5)","background-image":"","background-repeat":"repeat","background-position":"center center","background-size":"auto","background-attachment":"scroll","background-type":"","background-media":"","overlay-type":"","overlay-color":"","overlay-opacity":"","overlay-gradient":""}},"footnotes":""},"categories":[9],"tags":[],"class_list":["post-3912","post","type-post","status-publish","format-standard","has-post-thumbnail","hentry","category-lugares-emblematicos-de-valencia"],"yoast_head":"<!-- This site is optimized with the Yoast SEO plugin v25.6 - https:\/\/yoast.com\/wordpress\/plugins\/seo\/ -->\n<title>\u00bfCu\u00e1l es la historia de la Playa de la Malvarrosa? - Casa Isabel<\/title>\n<meta name=\"robots\" content=\"index, follow, max-snippet:-1, max-image-preview:large, max-video-preview:-1\" \/>\n<link rel=\"canonical\" href=\"https:\/\/casaisabel.es\/de\/cual-es-la-historia-de-la-playa-de-la-malvarrosa\/\" \/>\n<meta property=\"og:locale\" content=\"de_DE\" \/>\n<meta property=\"og:type\" content=\"article\" \/>\n<meta property=\"og:title\" content=\"\u00bfCu\u00e1l es la historia de la Playa de la Malvarrosa? - Casa Isabel\" \/>\n<meta property=\"og:description\" content=\"La historia de la playa de la Malvarrosa\u00a0nos remonta al a\u00f1o 1848 y su nombre y barrio se deben al jardinero F\u00e9lix Robillard. Este compr\u00f3 un terreno de gran extensi\u00f3n en el que plant\u00f3 especies vegetales, entre ellas se encontraba la popular Malva-Rosa. Las curiosidades de la playa de la Malvarrosa 1. Pesca y comercio [&hellip;]\" \/>\n<meta property=\"og:url\" content=\"https:\/\/casaisabel.es\/de\/cual-es-la-historia-de-la-playa-de-la-malvarrosa\/\" \/>\n<meta property=\"og:site_name\" content=\"Casa Isabel\" \/>\n<meta property=\"article:published_time\" content=\"2025-10-18T00:07:03+00:00\" \/>\n<meta property=\"og:image\" content=\"https:\/\/casaisabel.es\/wp-content\/uploads\/2018\/10\/cae6b1612f95631cf5862d4180309035.jpg\" \/>\n\t<meta property=\"og:image:width\" content=\"720\" \/>\n\t<meta property=\"og:image:height\" content=\"506\" \/>\n\t<meta property=\"og:image:type\" content=\"image\/jpeg\" \/>\n<meta name=\"author\" content=\"Admin\" \/>\n<meta name=\"twitter:card\" content=\"summary_large_image\" \/>\n<meta name=\"twitter:label1\" content=\"Written by\" \/>\n\t<meta name=\"twitter:data1\" content=\"Admin\" \/>\n\t<meta name=\"twitter:label2\" content=\"Est. reading time\" \/>\n\t<meta name=\"twitter:data2\" content=\"1 minute\" \/>\n<script type=\"application\/ld+json\" class=\"yoast-schema-graph\">{\"@context\":\"https:\/\/schema.org\",\"@graph\":[{\"@type\":\"Article\",\"@id\":\"https:\/\/casaisabel.es\/cual-es-la-historia-de-la-playa-de-la-malvarrosa\/#article\",\"isPartOf\":{\"@id\":\"https:\/\/casaisabel.es\/cual-es-la-historia-de-la-playa-de-la-malvarrosa\/\"},\"author\":{\"name\":\"Admin\",\"@id\":\"https:\/\/casaisabel.es\/#\/schema\/person\/66308f25a39c9cb32c4e78cf8cfa36cf\"},\"headline\":\"\u00bfCu\u00e1l es la historia de la Playa de la Malvarrosa?\",\"datePublished\":\"2025-10-18T00:07:03+00:00\",\"mainEntityOfPage\":{\"@id\":\"https:\/\/casaisabel.es\/cual-es-la-historia-de-la-playa-de-la-malvarrosa\/\"},\"wordCount\":302,\"publisher\":{\"@id\":\"https:\/\/casaisabel.es\/#organization\"},\"image\":{\"@id\":\"https:\/\/casaisabel.es\/cual-es-la-historia-de-la-playa-de-la-malvarrosa\/#primaryimage\"},\"thumbnailUrl\":\"https:\/\/casaisabel.es\/wp-content\/uploads\/2018\/10\/cae6b1612f95631cf5862d4180309035.jpg\",\"articleSection\":[\"Lugares emblem\u00e1ticos de Valencia\"],\"inLanguage\":\"de-DE\"},{\"@type\":\"WebPage\",\"@id\":\"https:\/\/casaisabel.es\/cual-es-la-historia-de-la-playa-de-la-malvarrosa\/\",\"url\":\"https:\/\/casaisabel.es\/cual-es-la-historia-de-la-playa-de-la-malvarrosa\/\",\"name\":\"\u00bfCu\u00e1l es la historia de la Playa de la Malvarrosa? - Casa Isabel\",\"isPartOf\":{\"@id\":\"https:\/\/casaisabel.es\/#website\"},\"primaryImageOfPage\":{\"@id\":\"https:\/\/casaisabel.es\/cual-es-la-historia-de-la-playa-de-la-malvarrosa\/#primaryimage\"},\"image\":{\"@id\":\"https:\/\/casaisabel.es\/cual-es-la-historia-de-la-playa-de-la-malvarrosa\/#primaryimage\"},\"thumbnailUrl\":\"https:\/\/casaisabel.es\/wp-content\/uploads\/2018\/10\/cae6b1612f95631cf5862d4180309035.jpg\",\"datePublished\":\"2025-10-18T00:07:03+00:00\",\"breadcrumb\":{\"@id\":\"https:\/\/casaisabel.es\/cual-es-la-historia-de-la-playa-de-la-malvarrosa\/#breadcrumb\"},\"inLanguage\":\"de-DE\",\"potentialAction\":[{\"@type\":\"ReadAction\",\"target\":[\"https:\/\/casaisabel.es\/cual-es-la-historia-de-la-playa-de-la-malvarrosa\/\"]}]},{\"@type\":\"ImageObject\",\"inLanguage\":\"de-DE\",\"@id\":\"https:\/\/casaisabel.es\/cual-es-la-historia-de-la-playa-de-la-malvarrosa\/#primaryimage\",\"url\":\"https:\/\/casaisabel.es\/wp-content\/uploads\/2018\/10\/cae6b1612f95631cf5862d4180309035.jpg\",\"contentUrl\":\"https:\/\/casaisabel.es\/wp-content\/uploads\/2018\/10\/cae6b1612f95631cf5862d4180309035.jpg\",\"width\":720,\"height\":506},{\"@type\":\"BreadcrumbList\",\"@id\":\"https:\/\/casaisabel.es\/cual-es-la-historia-de-la-playa-de-la-malvarrosa\/#breadcrumb\",\"itemListElement\":[{\"@type\":\"ListItem\",\"position\":1,\"name\":\"Portada\",\"item\":\"https:\/\/casaisabel.es\/\"},{\"@type\":\"ListItem\",\"position\":2,\"name\":\"\u00bfCu\u00e1l es la historia de la Playa de la Malvarrosa?\"}]},{\"@type\":\"WebSite\",\"@id\":\"https:\/\/casaisabel.es\/#website\",\"url\":\"https:\/\/casaisabel.es\/\",\"name\":\"Casa Isabel\",\"description\":\"S\u00f3lo otro sitio de WordPress\",\"publisher\":{\"@id\":\"https:\/\/casaisabel.es\/#organization\"},\"potentialAction\":[{\"@type\":\"SearchAction\",\"target\":{\"@type\":\"EntryPoint\",\"urlTemplate\":\"https:\/\/casaisabel.es\/?s={search_term_string}\"},\"query-input\":{\"@type\":\"PropertyValueSpecification\",\"valueRequired\":true,\"valueName\":\"search_term_string\"}}],\"inLanguage\":\"de-DE\"},{\"@type\":\"Organization\",\"@id\":\"https:\/\/casaisabel.es\/#organization\",\"name\":\"Casa Isabel\",\"url\":\"https:\/\/casaisabel.es\/\",\"logo\":{\"@type\":\"ImageObject\",\"inLanguage\":\"de-DE\",\"@id\":\"https:\/\/casaisabel.es\/#\/schema\/logo\/image\/\",\"url\":\"https:\/\/casaisabel.es\/wp-content\/uploads\/2023\/09\/casaIsabel.svg\",\"contentUrl\":\"https:\/\/casaisabel.es\/wp-content\/uploads\/2023\/09\/casaIsabel.svg\",\"width\":211,\"height\":49,\"caption\":\"Casa Isabel\"},\"image\":{\"@id\":\"https:\/\/casaisabel.es\/#\/schema\/logo\/image\/\"}},{\"@type\":\"Person\",\"@id\":\"https:\/\/casaisabel.es\/#\/schema\/person\/66308f25a39c9cb32c4e78cf8cfa36cf\",\"name\":\"Admin\",\"image\":{\"@type\":\"ImageObject\",\"inLanguage\":\"de-DE\",\"@id\":\"https:\/\/casaisabel.es\/#\/schema\/person\/image\/\",\"url\":\"https:\/\/secure.gravatar.com\/avatar\/cfa1bef4e15c827fa091464736c1d269687e21ac8972ec35aec466b4aa06b9c8?s=96&d=mm&r=g\",\"contentUrl\":\"https:\/\/secure.gravatar.com\/avatar\/cfa1bef4e15c827fa091464736c1d269687e21ac8972ec35aec466b4aa06b9c8?s=96&d=mm&r=g\",\"caption\":\"Admin\"},\"url\":\"https:\/\/casaisabel.es\/de\/author\/admin-2\/\"}]}<\/script>\n<!-- \/ Yoast SEO plugin. -->","yoast_head_json":{"title":"\u00bfCu\u00e1l es la historia de la Playa de la Malvarrosa? - Casa Isabel","robots":{"index":"index","follow":"follow","max-snippet":"max-snippet:-1","max-image-preview":"max-image-preview:large","max-video-preview":"max-video-preview:-1"},"canonical":"https:\/\/casaisabel.es\/de\/cual-es-la-historia-de-la-playa-de-la-malvarrosa\/","og_locale":"de_DE","og_type":"article","og_title":"\u00bfCu\u00e1l es la historia de la Playa de la Malvarrosa? - Casa Isabel","og_description":"La historia de la playa de la Malvarrosa\u00a0nos remonta al a\u00f1o 1848 y su nombre y barrio se deben al jardinero F\u00e9lix Robillard. Este compr\u00f3 un terreno de gran extensi\u00f3n en el que plant\u00f3 especies vegetales, entre ellas se encontraba la popular Malva-Rosa. Las curiosidades de la playa de la Malvarrosa 1. Pesca y comercio [&hellip;]","og_url":"https:\/\/casaisabel.es\/de\/cual-es-la-historia-de-la-playa-de-la-malvarrosa\/","og_site_name":"Casa Isabel","article_published_time":"2025-10-18T00:07:03+00:00","og_image":[{"width":720,"height":506,"url":"https:\/\/casaisabel.es\/wp-content\/uploads\/2018\/10\/cae6b1612f95631cf5862d4180309035.jpg","type":"image\/jpeg"}],"author":"Admin","twitter_card":"summary_large_image","twitter_misc":{"Written by":"Admin","Est. reading time":"1 minute"},"schema":{"@context":"https:\/\/schema.org","@graph":[{"@type":"Article","@id":"https:\/\/casaisabel.es\/cual-es-la-historia-de-la-playa-de-la-malvarrosa\/#article","isPartOf":{"@id":"https:\/\/casaisabel.es\/cual-es-la-historia-de-la-playa-de-la-malvarrosa\/"},"author":{"name":"Admin","@id":"https:\/\/casaisabel.es\/#\/schema\/person\/66308f25a39c9cb32c4e78cf8cfa36cf"},"headline":"\u00bfCu\u00e1l es la historia de la Playa de la Malvarrosa?","datePublished":"2025-10-18T00:07:03+00:00","mainEntityOfPage":{"@id":"https:\/\/casaisabel.es\/cual-es-la-historia-de-la-playa-de-la-malvarrosa\/"},"wordCount":302,"publisher":{"@id":"https:\/\/casaisabel.es\/#organization"},"image":{"@id":"https:\/\/casaisabel.es\/cual-es-la-historia-de-la-playa-de-la-malvarrosa\/#primaryimage"},"thumbnailUrl":"https:\/\/casaisabel.es\/wp-content\/uploads\/2018\/10\/cae6b1612f95631cf5862d4180309035.jpg","articleSection":["Lugares emblem\u00e1ticos de Valencia"],"inLanguage":"de-DE"},{"@type":"WebPage","@id":"https:\/\/casaisabel.es\/cual-es-la-historia-de-la-playa-de-la-malvarrosa\/","url":"https:\/\/casaisabel.es\/cual-es-la-historia-de-la-playa-de-la-malvarrosa\/","name":"\u00bfCu\u00e1l es la historia de la Playa de la Malvarrosa? - Casa Isabel","isPartOf":{"@id":"https:\/\/casaisabel.es\/#website"},"primaryImageOfPage":{"@id":"https:\/\/casaisabel.es\/cual-es-la-historia-de-la-playa-de-la-malvarrosa\/#primaryimage"},"image":{"@id":"https:\/\/casaisabel.es\/cual-es-la-historia-de-la-playa-de-la-malvarrosa\/#primaryimage"},"thumbnailUrl":"https:\/\/casaisabel.es\/wp-content\/uploads\/2018\/10\/cae6b1612f95631cf5862d4180309035.jpg","datePublished":"2025-10-18T00:07:03+00:00","breadcrumb":{"@id":"https:\/\/casaisabel.es\/cual-es-la-historia-de-la-playa-de-la-malvarrosa\/#breadcrumb"},"inLanguage":"de-DE","potentialAction":[{"@type":"ReadAction","target":["https:\/\/casaisabel.es\/cual-es-la-historia-de-la-playa-de-la-malvarrosa\/"]}]},{"@type":"ImageObject","inLanguage":"de-DE","@id":"https:\/\/casaisabel.es\/cual-es-la-historia-de-la-playa-de-la-malvarrosa\/#primaryimage","url":"https:\/\/casaisabel.es\/wp-content\/uploads\/2018\/10\/cae6b1612f95631cf5862d4180309035.jpg","contentUrl":"https:\/\/casaisabel.es\/wp-content\/uploads\/2018\/10\/cae6b1612f95631cf5862d4180309035.jpg","width":720,"height":506},{"@type":"BreadcrumbList","@id":"https:\/\/casaisabel.es\/cual-es-la-historia-de-la-playa-de-la-malvarrosa\/#breadcrumb","itemListElement":[{"@type":"ListItem","position":1,"name":"Portada","item":"https:\/\/casaisabel.es\/"},{"@type":"ListItem","position":2,"name":"\u00bfCu\u00e1l es la historia de la Playa de la Malvarrosa?"}]},{"@type":"WebSite","@id":"https:\/\/casaisabel.es\/#website","url":"https:\/\/casaisabel.es\/","name":"Casa Isabel","description":"S\u00f3lo otro sitio de WordPress","publisher":{"@id":"https:\/\/casaisabel.es\/#organization"},"potentialAction":[{"@type":"SearchAction","target":{"@type":"EntryPoint","urlTemplate":"https:\/\/casaisabel.es\/?s={search_term_string}"},"query-input":{"@type":"PropertyValueSpecification","valueRequired":true,"valueName":"search_term_string"}}],"inLanguage":"de-DE"},{"@type":"Organization","@id":"https:\/\/casaisabel.es\/#organization","name":"Casa Isabel","url":"https:\/\/casaisabel.es\/","logo":{"@type":"ImageObject","inLanguage":"de-DE","@id":"https:\/\/casaisabel.es\/#\/schema\/logo\/image\/","url":"https:\/\/casaisabel.es\/wp-content\/uploads\/2023\/09\/casaIsabel.svg","contentUrl":"https:\/\/casaisabel.es\/wp-content\/uploads\/2023\/09\/casaIsabel.svg","width":211,"height":49,"caption":"Casa Isabel"},"image":{"@id":"https:\/\/casaisabel.es\/#\/schema\/logo\/image\/"}},{"@type":"Person","@id":"https:\/\/casaisabel.es\/#\/schema\/person\/66308f25a39c9cb32c4e78cf8cfa36cf","name":"Admin","image":{"@type":"ImageObject","inLanguage":"de-DE","@id":"https:\/\/casaisabel.es\/#\/schema\/person\/image\/","url":"https:\/\/secure.gravatar.com\/avatar\/cfa1bef4e15c827fa091464736c1d269687e21ac8972ec35aec466b4aa06b9c8?s=96&d=mm&r=g","contentUrl":"https:\/\/secure.gravatar.com\/avatar\/cfa1bef4e15c827fa091464736c1d269687e21ac8972ec35aec466b4aa06b9c8?s=96&d=mm&r=g","caption":"Admin"},"url":"https:\/\/casaisabel.es\/de\/author\/admin-2\/"}]}},"_links":{"self":[{"href":"https:\/\/casaisabel.es\/de\/wp-json\/wp\/v2\/posts\/3912","targetHints":{"allow":["GET"]}}],"collection":[{"href":"https:\/\/casaisabel.es\/de\/wp-json\/wp\/v2\/posts"}],"about":[{"href":"https:\/\/casaisabel.es\/de\/wp-json\/wp\/v2\/types\/post"}],"author":[{"embeddable":true,"href":"https:\/\/casaisabel.es\/de\/wp-json\/wp\/v2\/users\/2"}],"replies":[{"embeddable":true,"href":"https:\/\/casaisabel.es\/de\/wp-json\/wp\/v2\/comments?post=3912"}],"version-history":[{"count":0,"href":"https:\/\/casaisabel.es\/de\/wp-json\/wp\/v2\/posts\/3912\/revisions"}],"wp:featuredmedia":[{"embeddable":true,"href":"https:\/\/casaisabel.es\/de\/wp-json\/wp\/v2\/media\/3948"}],"wp:attachment":[{"href":"https:\/\/casaisabel.es\/de\/wp-json\/wp\/v2\/media?parent=3912"}],"wp:term":[{"taxonomy":"category","embeddable":true,"href":"https:\/\/casaisabel.es\/de\/wp-json\/wp\/v2\/categories?post=3912"},{"taxonomy":"post_tag","embeddable":true,"href":"https:\/\/casaisabel.es\/de\/wp-json\/wp\/v2\/tags?post=3912"}],"curies":[{"name":"wp","href":"https:\/\/api.w.org\/{rel}","templated":true}]}}