{"id":3819,"date":"2025-09-29T00:06:46","date_gmt":"2025-09-29T00:06:46","guid":{"rendered":"https:\/\/casaisabel.es\/?p=3819---74acf674-95b0-41c7-b1ca-d00f8c3f2689"},"modified":"2025-09-29T00:06:46","modified_gmt":"2025-09-29T00:06:46","slug":"maravillas-gastronomicas-la-comunidad-valenciana","status":"publish","type":"post","link":"https:\/\/casaisabel.es\/de\/maravillas-gastronomicas-la-comunidad-valenciana\/","title":{"rendered":"Maravillas gastron\u00f3micas de la Comunidad Valenciana"},"content":{"rendered":"<p>Val\u00e8ncia, la denominada \u2018terreta\u2019 que tanto queremos todos, tiene un sinf\u00edn de tradiciones y platos que van m\u00e1s all\u00e1 de la reconocida paella valenciana. Una de las tradiciones m\u00e1s arraigadas en la Comunidad Valenciana es la de<strong> l\u2019esmor\u00e7aret<\/strong>, consiste en tomarse un bocadillo a media ma\u00f1ana, entre las 10 y las 11, con los amigos o la familia.<!--more--><\/p>\n<p>Esta costumbre lleva a\u00f1os asentada en el d\u00eda a d\u00eda de los valencianos y no parece que vaya a desaparecer. En \u00e9l, adem\u00e1s podemos degustar <strong>unas olivas, unas cacaos o unos tramussos<\/strong>, tentempi\u00e9s b\u00e1sicos que son un aut\u00e9ntico furor en los bares y restaurantes de la Comunidad Valenciana. Y si hablamos de los bocadillos, son innumerables, puesto que los hay de habitas, blanc i negre, con pimientos, col frita.. Todo ello <strong>mezclado con diversas carnes<\/strong> como cerdo o pollo. Delicioso.<\/p>\n<p>Otro de los alimentos por excelencia son los <strong>fartons con leche merengada u horchata<\/strong>. Ese bollo alargado con az\u00facar por encima es perfecto para combinarlo con alguna de las dos bebidas anteriores. Algunas personas prefieren utilizar otro de los alimentos estrella: <strong>las rosquilletas<\/strong>.<\/p>\n<p>Los <strong>turrones de Jijona y Alicante<\/strong> tambi\u00e9n merecen una menci\u00f3n especial, puesto que los hace diferentes al resto por la utilizaci\u00f3n de la almendra Marcona, perteneciente a la cuenca mediterr\u00e1nea con grasa y excelente sabor.<\/p>\n<p>Las alcachofas de Benicarl\u00f3 tambi\u00e9n son<strong> muy reconocidas<\/strong>, por su excelente sabor, su coraz\u00f3n voluminoso y su textura m\u00e1s prieta. Se producen cerca de dos millones de kilos de alcachofas con esta denominaci\u00f3n de origen, por lo que se convierten en unas de las m\u00e1s demandadas de Espa\u00f1a.<\/p>\n<p>La temperatura del agua y la mezcla de agua dulce y salada debido a la proximidad al delta del Ebro, hace que <strong>los langostinos de Vinar\u00f2s<\/strong> tengan un sabor especial. Adem\u00e1s, al no contener aditivos, podemos degustarlo y<strong> disfrutar de los jugos marinos<\/strong> que hay en su cabeza sin miedo a sufrir malas digestiones.<\/p>\n<p>El<strong> all i pebre<\/strong> es de esos platos t\u00edpicos valencianos donde no podr\u00e1s dejar de mojar pan. Se realiza con anguila, un pescado<strong> bastante graso<\/strong>, salsa de ajo, piment\u00f3n molido, pebrera, aceite y agua. Con esa base, se le a\u00f1ade patata y queda un caldo trabado de lo m\u00e1s gustoso.<\/p>\n<p>Otro plato caracter\u00edstico es el <strong>esgarraet<\/strong>, una combinaci\u00f3n de bacalao ingl\u00e9s desmigado, mezcla de pimientos y berenjenas asados y un poco de ajo picado. <strong>Para mojar pan<\/strong>, delicioso.<\/p>\n<p>La gastronom\u00eda valenciana no deja de sorprender y estos son solo algunos platos caracter\u00edsticos. La oferta es muy variada y est\u00e1 <strong>destinada a complacer a todos los paladares<\/strong>. No dudes m\u00e1s y disfruta de ella hoy mismo.    \t<\/p>","protected":false},"excerpt":{"rendered":"<p>Val\u00e8ncia, la denominada \u2018terreta\u2019 que tanto queremos todos, tiene un sinf\u00edn de tradiciones y platos que van m\u00e1s all\u00e1 de la reconocida paella valenciana. Una de las tradiciones m\u00e1s arraigadas en la Comunidad Valenciana es la de l\u2019esmor\u00e7aret, consiste en tomarse un bocadillo a media ma\u00f1ana, entre las 10 y las 11, con los amigos [&hellip;]<\/p>","protected":false},"author":2,"featured_media":3820,"comment_status":"closed","ping_status":"closed","sticky":false,"template":"","format":"standard","meta":{"site-sidebar-layout":"default","site-content-layout":"","ast-site-content-layout":"","site-content-style":"default","site-sidebar-style":"default","ast-global-header-display":"","ast-banner-title-visibility":"","ast-main-header-display":"","ast-hfb-above-header-display":"","ast-hfb-below-header-display":"","ast-hfb-mobile-header-display":"","site-post-title":"","ast-breadcrumbs-content":"","ast-featured-img":"","footer-sml-layout":"","theme-transparent-header-meta":"","adv-header-id-meta":"","stick-header-meta":"","header-above-stick-meta":"","header-main-stick-meta":"","header-below-stick-meta":"","astra-migrate-meta-layouts":"default","ast-page-background-enabled":"default","ast-page-background-meta":{"desktop":{"background-color":"var(--ast-global-color-4)","background-image":"","background-repeat":"repeat","background-position":"center center","background-size":"auto","background-attachment":"scroll","background-type":"","background-media":"","overlay-type":"","overlay-color":"","overlay-opacity":"","overlay-gradient":""},"tablet":{"background-color":"","background-image":"","background-repeat":"repeat","background-position":"center center","background-size":"auto","background-attachment":"scroll","background-type":"","background-media":"","overlay-type":"","overlay-color":"","overlay-opacity":"","overlay-gradient":""},"mobile":{"background-color":"","background-image":"","background-repeat":"repeat","background-position":"center center","background-size":"auto","background-attachment":"scroll","background-type":"","background-media":"","overlay-type":"","overlay-color":"","overlay-opacity":"","overlay-gradient":""}},"ast-content-background-meta":{"desktop":{"background-color":"var(--ast-global-color-5)","background-image":"","background-repeat":"repeat","background-position":"center center","background-size":"auto","background-attachment":"scroll","background-type":"","background-media":"","overlay-type":"","overlay-color":"","overlay-opacity":"","overlay-gradient":""},"tablet":{"background-color":"var(--ast-global-color-5)","background-image":"","background-repeat":"repeat","background-position":"center center","background-size":"auto","background-attachment":"scroll","background-type":"","background-media":"","overlay-type":"","overlay-color":"","overlay-opacity":"","overlay-gradient":""},"mobile":{"background-color":"var(--ast-global-color-5)","background-image":"","background-repeat":"repeat","background-position":"center center","background-size":"auto","background-attachment":"scroll","background-type":"","background-media":"","overlay-type":"","overlay-color":"","overlay-opacity":"","overlay-gradient":""}},"footnotes":""},"categories":[6],"tags":[],"class_list":["post-3819","post","type-post","status-publish","format-standard","has-post-thumbnail","hentry","category-gastronomia-de-la-comunidad-valenciana"],"yoast_head":"<!-- This site is optimized with the Yoast SEO plugin v25.6 - https:\/\/yoast.com\/wordpress\/plugins\/seo\/ -->\n<title>Maravillas gastron\u00f3micas de la Comunidad Valenciana - Casa Isabel<\/title>\n<meta name=\"robots\" content=\"index, follow, max-snippet:-1, max-image-preview:large, max-video-preview:-1\" \/>\n<link rel=\"canonical\" href=\"https:\/\/casaisabel.es\/de\/maravillas-gastronomicas-la-comunidad-valenciana\/\" \/>\n<meta property=\"og:locale\" content=\"de_DE\" \/>\n<meta property=\"og:type\" content=\"article\" \/>\n<meta property=\"og:title\" content=\"Maravillas gastron\u00f3micas de la Comunidad Valenciana - Casa Isabel\" \/>\n<meta property=\"og:description\" content=\"Val\u00e8ncia, la denominada \u2018terreta\u2019 que tanto queremos todos, tiene un sinf\u00edn de tradiciones y platos que van m\u00e1s all\u00e1 de la reconocida paella valenciana. Una de las tradiciones m\u00e1s arraigadas en la Comunidad Valenciana es la de l\u2019esmor\u00e7aret, consiste en tomarse un bocadillo a media ma\u00f1ana, entre las 10 y las 11, con los amigos [&hellip;]\" \/>\n<meta property=\"og:url\" content=\"https:\/\/casaisabel.es\/de\/maravillas-gastronomicas-la-comunidad-valenciana\/\" \/>\n<meta property=\"og:site_name\" content=\"Casa Isabel\" \/>\n<meta property=\"article:published_time\" content=\"2025-09-29T00:06:46+00:00\" \/>\n<meta property=\"og:image\" content=\"https:\/\/casaisabel.es\/wp-content\/uploads\/2017\/10\/foto1.jpg\" \/>\n\t<meta property=\"og:image:width\" content=\"644\" \/>\n\t<meta property=\"og:image:height\" content=\"351\" \/>\n\t<meta property=\"og:image:type\" content=\"image\/jpeg\" \/>\n<meta name=\"author\" content=\"Admin\" \/>\n<meta name=\"twitter:card\" content=\"summary_large_image\" \/>\n<meta name=\"twitter:label1\" content=\"Written by\" \/>\n\t<meta name=\"twitter:data1\" content=\"Admin\" \/>\n\t<meta name=\"twitter:label2\" content=\"Est. reading time\" \/>\n\t<meta name=\"twitter:data2\" content=\"2 minutes\" \/>\n<script type=\"application\/ld+json\" class=\"yoast-schema-graph\">{\"@context\":\"https:\/\/schema.org\",\"@graph\":[{\"@type\":\"Article\",\"@id\":\"https:\/\/casaisabel.es\/maravillas-gastronomicas-la-comunidad-valenciana\/#article\",\"isPartOf\":{\"@id\":\"https:\/\/casaisabel.es\/maravillas-gastronomicas-la-comunidad-valenciana\/\"},\"author\":{\"name\":\"Admin\",\"@id\":\"https:\/\/casaisabel.es\/#\/schema\/person\/66308f25a39c9cb32c4e78cf8cfa36cf\"},\"headline\":\"Maravillas gastron\u00f3micas de la Comunidad Valenciana\",\"datePublished\":\"2025-09-29T00:06:46+00:00\",\"mainEntityOfPage\":{\"@id\":\"https:\/\/casaisabel.es\/maravillas-gastronomicas-la-comunidad-valenciana\/\"},\"wordCount\":476,\"publisher\":{\"@id\":\"https:\/\/casaisabel.es\/#organization\"},\"image\":{\"@id\":\"https:\/\/casaisabel.es\/maravillas-gastronomicas-la-comunidad-valenciana\/#primaryimage\"},\"thumbnailUrl\":\"https:\/\/casaisabel.es\/wp-content\/uploads\/2017\/10\/foto1.jpg\",\"articleSection\":[\"Gastronom\u00eda de la Comunidad Valenciana\"],\"inLanguage\":\"de-DE\"},{\"@type\":\"WebPage\",\"@id\":\"https:\/\/casaisabel.es\/maravillas-gastronomicas-la-comunidad-valenciana\/\",\"url\":\"https:\/\/casaisabel.es\/maravillas-gastronomicas-la-comunidad-valenciana\/\",\"name\":\"Maravillas gastron\u00f3micas de la Comunidad Valenciana - Casa Isabel\",\"isPartOf\":{\"@id\":\"https:\/\/casaisabel.es\/#website\"},\"primaryImageOfPage\":{\"@id\":\"https:\/\/casaisabel.es\/maravillas-gastronomicas-la-comunidad-valenciana\/#primaryimage\"},\"image\":{\"@id\":\"https:\/\/casaisabel.es\/maravillas-gastronomicas-la-comunidad-valenciana\/#primaryimage\"},\"thumbnailUrl\":\"https:\/\/casaisabel.es\/wp-content\/uploads\/2017\/10\/foto1.jpg\",\"datePublished\":\"2025-09-29T00:06:46+00:00\",\"breadcrumb\":{\"@id\":\"https:\/\/casaisabel.es\/maravillas-gastronomicas-la-comunidad-valenciana\/#breadcrumb\"},\"inLanguage\":\"de-DE\",\"potentialAction\":[{\"@type\":\"ReadAction\",\"target\":[\"https:\/\/casaisabel.es\/maravillas-gastronomicas-la-comunidad-valenciana\/\"]}]},{\"@type\":\"ImageObject\",\"inLanguage\":\"de-DE\",\"@id\":\"https:\/\/casaisabel.es\/maravillas-gastronomicas-la-comunidad-valenciana\/#primaryimage\",\"url\":\"https:\/\/casaisabel.es\/wp-content\/uploads\/2017\/10\/foto1.jpg\",\"contentUrl\":\"https:\/\/casaisabel.es\/wp-content\/uploads\/2017\/10\/foto1.jpg\",\"width\":644,\"height\":351},{\"@type\":\"BreadcrumbList\",\"@id\":\"https:\/\/casaisabel.es\/maravillas-gastronomicas-la-comunidad-valenciana\/#breadcrumb\",\"itemListElement\":[{\"@type\":\"ListItem\",\"position\":1,\"name\":\"Portada\",\"item\":\"https:\/\/casaisabel.es\/\"},{\"@type\":\"ListItem\",\"position\":2,\"name\":\"Maravillas gastron\u00f3micas de la Comunidad Valenciana\"}]},{\"@type\":\"WebSite\",\"@id\":\"https:\/\/casaisabel.es\/#website\",\"url\":\"https:\/\/casaisabel.es\/\",\"name\":\"Casa Isabel\",\"description\":\"S\u00f3lo otro sitio de WordPress\",\"publisher\":{\"@id\":\"https:\/\/casaisabel.es\/#organization\"},\"potentialAction\":[{\"@type\":\"SearchAction\",\"target\":{\"@type\":\"EntryPoint\",\"urlTemplate\":\"https:\/\/casaisabel.es\/?s={search_term_string}\"},\"query-input\":{\"@type\":\"PropertyValueSpecification\",\"valueRequired\":true,\"valueName\":\"search_term_string\"}}],\"inLanguage\":\"de-DE\"},{\"@type\":\"Organization\",\"@id\":\"https:\/\/casaisabel.es\/#organization\",\"name\":\"Casa Isabel\",\"url\":\"https:\/\/casaisabel.es\/\",\"logo\":{\"@type\":\"ImageObject\",\"inLanguage\":\"de-DE\",\"@id\":\"https:\/\/casaisabel.es\/#\/schema\/logo\/image\/\",\"url\":\"https:\/\/casaisabel.es\/wp-content\/uploads\/2023\/09\/casaIsabel.svg\",\"contentUrl\":\"https:\/\/casaisabel.es\/wp-content\/uploads\/2023\/09\/casaIsabel.svg\",\"width\":211,\"height\":49,\"caption\":\"Casa Isabel\"},\"image\":{\"@id\":\"https:\/\/casaisabel.es\/#\/schema\/logo\/image\/\"}},{\"@type\":\"Person\",\"@id\":\"https:\/\/casaisabel.es\/#\/schema\/person\/66308f25a39c9cb32c4e78cf8cfa36cf\",\"name\":\"Admin\",\"image\":{\"@type\":\"ImageObject\",\"inLanguage\":\"de-DE\",\"@id\":\"https:\/\/casaisabel.es\/#\/schema\/person\/image\/\",\"url\":\"https:\/\/secure.gravatar.com\/avatar\/cfa1bef4e15c827fa091464736c1d269687e21ac8972ec35aec466b4aa06b9c8?s=96&d=mm&r=g\",\"contentUrl\":\"https:\/\/secure.gravatar.com\/avatar\/cfa1bef4e15c827fa091464736c1d269687e21ac8972ec35aec466b4aa06b9c8?s=96&d=mm&r=g\",\"caption\":\"Admin\"},\"url\":\"https:\/\/casaisabel.es\/de\/author\/admin-2\/\"}]}<\/script>\n<!-- \/ Yoast SEO plugin. -->","yoast_head_json":{"title":"Maravillas gastron\u00f3micas de la Comunidad Valenciana - Casa Isabel","robots":{"index":"index","follow":"follow","max-snippet":"max-snippet:-1","max-image-preview":"max-image-preview:large","max-video-preview":"max-video-preview:-1"},"canonical":"https:\/\/casaisabel.es\/de\/maravillas-gastronomicas-la-comunidad-valenciana\/","og_locale":"de_DE","og_type":"article","og_title":"Maravillas gastron\u00f3micas de la Comunidad Valenciana - Casa Isabel","og_description":"Val\u00e8ncia, la denominada \u2018terreta\u2019 que tanto queremos todos, tiene un sinf\u00edn de tradiciones y platos que van m\u00e1s all\u00e1 de la reconocida paella valenciana. Una de las tradiciones m\u00e1s arraigadas en la Comunidad Valenciana es la de l\u2019esmor\u00e7aret, consiste en tomarse un bocadillo a media ma\u00f1ana, entre las 10 y las 11, con los amigos [&hellip;]","og_url":"https:\/\/casaisabel.es\/de\/maravillas-gastronomicas-la-comunidad-valenciana\/","og_site_name":"Casa Isabel","article_published_time":"2025-09-29T00:06:46+00:00","og_image":[{"width":644,"height":351,"url":"https:\/\/casaisabel.es\/wp-content\/uploads\/2017\/10\/foto1.jpg","type":"image\/jpeg"}],"author":"Admin","twitter_card":"summary_large_image","twitter_misc":{"Written by":"Admin","Est. reading time":"2 minutes"},"schema":{"@context":"https:\/\/schema.org","@graph":[{"@type":"Article","@id":"https:\/\/casaisabel.es\/maravillas-gastronomicas-la-comunidad-valenciana\/#article","isPartOf":{"@id":"https:\/\/casaisabel.es\/maravillas-gastronomicas-la-comunidad-valenciana\/"},"author":{"name":"Admin","@id":"https:\/\/casaisabel.es\/#\/schema\/person\/66308f25a39c9cb32c4e78cf8cfa36cf"},"headline":"Maravillas gastron\u00f3micas de la Comunidad Valenciana","datePublished":"2025-09-29T00:06:46+00:00","mainEntityOfPage":{"@id":"https:\/\/casaisabel.es\/maravillas-gastronomicas-la-comunidad-valenciana\/"},"wordCount":476,"publisher":{"@id":"https:\/\/casaisabel.es\/#organization"},"image":{"@id":"https:\/\/casaisabel.es\/maravillas-gastronomicas-la-comunidad-valenciana\/#primaryimage"},"thumbnailUrl":"https:\/\/casaisabel.es\/wp-content\/uploads\/2017\/10\/foto1.jpg","articleSection":["Gastronom\u00eda de la Comunidad Valenciana"],"inLanguage":"de-DE"},{"@type":"WebPage","@id":"https:\/\/casaisabel.es\/maravillas-gastronomicas-la-comunidad-valenciana\/","url":"https:\/\/casaisabel.es\/maravillas-gastronomicas-la-comunidad-valenciana\/","name":"Maravillas gastron\u00f3micas de la Comunidad Valenciana - Casa Isabel","isPartOf":{"@id":"https:\/\/casaisabel.es\/#website"},"primaryImageOfPage":{"@id":"https:\/\/casaisabel.es\/maravillas-gastronomicas-la-comunidad-valenciana\/#primaryimage"},"image":{"@id":"https:\/\/casaisabel.es\/maravillas-gastronomicas-la-comunidad-valenciana\/#primaryimage"},"thumbnailUrl":"https:\/\/casaisabel.es\/wp-content\/uploads\/2017\/10\/foto1.jpg","datePublished":"2025-09-29T00:06:46+00:00","breadcrumb":{"@id":"https:\/\/casaisabel.es\/maravillas-gastronomicas-la-comunidad-valenciana\/#breadcrumb"},"inLanguage":"de-DE","potentialAction":[{"@type":"ReadAction","target":["https:\/\/casaisabel.es\/maravillas-gastronomicas-la-comunidad-valenciana\/"]}]},{"@type":"ImageObject","inLanguage":"de-DE","@id":"https:\/\/casaisabel.es\/maravillas-gastronomicas-la-comunidad-valenciana\/#primaryimage","url":"https:\/\/casaisabel.es\/wp-content\/uploads\/2017\/10\/foto1.jpg","contentUrl":"https:\/\/casaisabel.es\/wp-content\/uploads\/2017\/10\/foto1.jpg","width":644,"height":351},{"@type":"BreadcrumbList","@id":"https:\/\/casaisabel.es\/maravillas-gastronomicas-la-comunidad-valenciana\/#breadcrumb","itemListElement":[{"@type":"ListItem","position":1,"name":"Portada","item":"https:\/\/casaisabel.es\/"},{"@type":"ListItem","position":2,"name":"Maravillas gastron\u00f3micas de la Comunidad Valenciana"}]},{"@type":"WebSite","@id":"https:\/\/casaisabel.es\/#website","url":"https:\/\/casaisabel.es\/","name":"Casa Isabel","description":"S\u00f3lo otro sitio de WordPress","publisher":{"@id":"https:\/\/casaisabel.es\/#organization"},"potentialAction":[{"@type":"SearchAction","target":{"@type":"EntryPoint","urlTemplate":"https:\/\/casaisabel.es\/?s={search_term_string}"},"query-input":{"@type":"PropertyValueSpecification","valueRequired":true,"valueName":"search_term_string"}}],"inLanguage":"de-DE"},{"@type":"Organization","@id":"https:\/\/casaisabel.es\/#organization","name":"Casa Isabel","url":"https:\/\/casaisabel.es\/","logo":{"@type":"ImageObject","inLanguage":"de-DE","@id":"https:\/\/casaisabel.es\/#\/schema\/logo\/image\/","url":"https:\/\/casaisabel.es\/wp-content\/uploads\/2023\/09\/casaIsabel.svg","contentUrl":"https:\/\/casaisabel.es\/wp-content\/uploads\/2023\/09\/casaIsabel.svg","width":211,"height":49,"caption":"Casa Isabel"},"image":{"@id":"https:\/\/casaisabel.es\/#\/schema\/logo\/image\/"}},{"@type":"Person","@id":"https:\/\/casaisabel.es\/#\/schema\/person\/66308f25a39c9cb32c4e78cf8cfa36cf","name":"Admin","image":{"@type":"ImageObject","inLanguage":"de-DE","@id":"https:\/\/casaisabel.es\/#\/schema\/person\/image\/","url":"https:\/\/secure.gravatar.com\/avatar\/cfa1bef4e15c827fa091464736c1d269687e21ac8972ec35aec466b4aa06b9c8?s=96&d=mm&r=g","contentUrl":"https:\/\/secure.gravatar.com\/avatar\/cfa1bef4e15c827fa091464736c1d269687e21ac8972ec35aec466b4aa06b9c8?s=96&d=mm&r=g","caption":"Admin"},"url":"https:\/\/casaisabel.es\/de\/author\/admin-2\/"}]}},"_links":{"self":[{"href":"https:\/\/casaisabel.es\/de\/wp-json\/wp\/v2\/posts\/3819","targetHints":{"allow":["GET"]}}],"collection":[{"href":"https:\/\/casaisabel.es\/de\/wp-json\/wp\/v2\/posts"}],"about":[{"href":"https:\/\/casaisabel.es\/de\/wp-json\/wp\/v2\/types\/post"}],"author":[{"embeddable":true,"href":"https:\/\/casaisabel.es\/de\/wp-json\/wp\/v2\/users\/2"}],"replies":[{"embeddable":true,"href":"https:\/\/casaisabel.es\/de\/wp-json\/wp\/v2\/comments?post=3819"}],"version-history":[{"count":0,"href":"https:\/\/casaisabel.es\/de\/wp-json\/wp\/v2\/posts\/3819\/revisions"}],"wp:featuredmedia":[{"embeddable":true,"href":"https:\/\/casaisabel.es\/de\/wp-json\/wp\/v2\/media\/3820"}],"wp:attachment":[{"href":"https:\/\/casaisabel.es\/de\/wp-json\/wp\/v2\/media?parent=3819"}],"wp:term":[{"taxonomy":"category","embeddable":true,"href":"https:\/\/casaisabel.es\/de\/wp-json\/wp\/v2\/categories?post=3819"},{"taxonomy":"post_tag","embeddable":true,"href":"https:\/\/casaisabel.es\/de\/wp-json\/wp\/v2\/tags?post=3819"}],"curies":[{"name":"wp","href":"https:\/\/api.w.org\/{rel}","templated":true}]}}