{"id":3654,"date":"2025-09-19T00:04:48","date_gmt":"2025-09-19T00:04:48","guid":{"rendered":"https:\/\/casaisabel.es\/?p=3654---4c4972c5-7e25-4ae7-a0be-6d3318b7cffd"},"modified":"2025-09-19T00:04:48","modified_gmt":"2025-09-19T00:04:48","slug":"el-all-i-pebre-de-anguila-delicioso-y-tradicional-en-la-malvarrosa","status":"publish","type":"post","link":"https:\/\/casaisabel.es\/de\/el-all-i-pebre-de-anguila-delicioso-y-tradicional-en-la-malvarrosa\/","title":{"rendered":"El all i pebre de anguila. Delicioso y tradicional en la malvarrosa."},"content":{"rendered":"<p>SI has pensado en una comida familiar, de empresa\u00a0o si tan solo quieres sorprender a tu pareja con una comida\u00a0inolvidable a la par\u00a0que tradicional, nuestro local\u00a0no te dejar\u00e1 indiferente. Somos <a href=\"https:\/\/casaisabel.es\/de\/\">Casa Isabel<\/a>, un <strong>restaurante especializado en paellas<\/strong> con amplia experiencia. Abrimos nuestras puertas en 1967\u00a0frente a la <strong>playa de Valencia<\/strong>, la Malvarrosa,\u00a0y\u00a0desde entonces hemos recibido a clientes que buscan la parte m\u00e1s tradicional de\u00a0nuestra\u00a0gastronom\u00eda.<\/p>\n<p>No solo de paella vive el hombre, aunque bien podr\u00eda, por ello esta\u00a0<strong>arroceria de la Playa de la Malvarrosa<\/strong> tambi\u00e9n crea con mimo\u00a0platos tan emblem\u00e1ticos de la gastronom\u00eda valenciana como el &#8216;all i pebre&#8217; de anguila. Siguiendo al detalle una receta t\u00edpica\u00a0de la zona de la Albufera, es un plato que, tradicionalmente, cocinaban los pescadores y que hoy en d\u00eda puedes degustar en nuestro local.<\/p>\n<p>La anguila, pescado com\u00fan en Valencia, tiene un sabor intenso y su\u00a0naturaleza grasa lo hace ideal para este tipo de guisos. Acompa\u00f1ada de ajo y piment\u00f3n (&#8216;all i pebre&#8217;) y sin faltar las almendras\u00a0y patatas de acompa\u00f1amiento con un toque de guindilla, en nuestro restaurante acostumbrar\u00e1s a tu paladar a lo realmente bueno. Adem\u00e1s, contamos tambi\u00e9n con las calderetas de marisco (&#8216;suquets&#8217;) entre nuestras especialidades.<\/p>\n<h2>Un buen plan: una paella en la Malvarrosa<\/h2>\n<p>Disfrutar de una buena cena o comida con vistas al mar\u00a0es la mejor forma de hacer del simple acto de comer toda una experiencia deliciosa.\u00a0Nuestro local, ubicado en pleno paseo mar\u00edtimo de la <strong>Playa de la Malvarrosa<\/strong>,\u00a0har\u00e1 las delicias de los amantes del buen comer y los ambientes agradables y populares.\u00a0Y es que nuestro establecimiento cuenta con vistas a la playa y al mar desde todas y cada una de las mesas que ofrecemos a nuestros clientes. Cualquier ocasi\u00f3n es buena para venir y dejarte llevar por los sabores m\u00e1s aut\u00f3ctonos. \u00a1Te esperamos!<br \/>\n<a href=\"https:\/\/farm9.static.flickr.com\/8440\/28561037723_acd51842da_z.jpg\" rel=\"nofollow\">imagen<\/a>    \t<\/p>","protected":false},"excerpt":{"rendered":"<p>SI has pensado en una comida familiar, de empresa\u00a0o si tan solo quieres sorprender a tu pareja con una comida\u00a0inolvidable a la par\u00a0que tradicional, nuestro local\u00a0no te dejar\u00e1 indiferente. Somos Casa Isabel, un restaurante especializado en paellas con amplia experiencia. Abrimos nuestras puertas en 1967\u00a0frente a la playa de Valencia, la Malvarrosa,\u00a0y\u00a0desde entonces hemos recibido [&hellip;]<\/p>","protected":false},"author":2,"featured_media":3658,"comment_status":"closed","ping_status":"closed","sticky":false,"template":"","format":"standard","meta":{"site-sidebar-layout":"default","site-content-layout":"","ast-site-content-layout":"","site-content-style":"default","site-sidebar-style":"default","ast-global-header-display":"","ast-banner-title-visibility":"","ast-main-header-display":"","ast-hfb-above-header-display":"","ast-hfb-below-header-display":"","ast-hfb-mobile-header-display":"","site-post-title":"","ast-breadcrumbs-content":"","ast-featured-img":"","footer-sml-layout":"","theme-transparent-header-meta":"","adv-header-id-meta":"","stick-header-meta":"","header-above-stick-meta":"","header-main-stick-meta":"","header-below-stick-meta":"","astra-migrate-meta-layouts":"default","ast-page-background-enabled":"default","ast-page-background-meta":{"desktop":{"background-color":"var(--ast-global-color-4)","background-image":"","background-repeat":"repeat","background-position":"center center","background-size":"auto","background-attachment":"scroll","background-type":"","background-media":"","overlay-type":"","overlay-color":"","overlay-opacity":"","overlay-gradient":""},"tablet":{"background-color":"","background-image":"","background-repeat":"repeat","background-position":"center center","background-size":"auto","background-attachment":"scroll","background-type":"","background-media":"","overlay-type":"","overlay-color":"","overlay-opacity":"","overlay-gradient":""},"mobile":{"background-color":"","background-image":"","background-repeat":"repeat","background-position":"center center","background-size":"auto","background-attachment":"scroll","background-type":"","background-media":"","overlay-type":"","overlay-color":"","overlay-opacity":"","overlay-gradient":""}},"ast-content-background-meta":{"desktop":{"background-color":"var(--ast-global-color-5)","background-image":"","background-repeat":"repeat","background-position":"center center","background-size":"auto","background-attachment":"scroll","background-type":"","background-media":"","overlay-type":"","overlay-color":"","overlay-opacity":"","overlay-gradient":""},"tablet":{"background-color":"var(--ast-global-color-5)","background-image":"","background-repeat":"repeat","background-position":"center center","background-size":"auto","background-attachment":"scroll","background-type":"","background-media":"","overlay-type":"","overlay-color":"","overlay-opacity":"","overlay-gradient":""},"mobile":{"background-color":"var(--ast-global-color-5)","background-image":"","background-repeat":"repeat","background-position":"center center","background-size":"auto","background-attachment":"scroll","background-type":"","background-media":"","overlay-type":"","overlay-color":"","overlay-opacity":"","overlay-gradient":""}},"footnotes":""},"categories":[3],"tags":[],"class_list":["post-3654","post","type-post","status-publish","format-standard","has-post-thumbnail","hentry","category-gastronomia"],"yoast_head":"<!-- This site is optimized with the Yoast SEO plugin v25.6 - https:\/\/yoast.com\/wordpress\/plugins\/seo\/ -->\n<title>El all i pebre de anguila. Delicioso y tradicional en la malvarrosa. - Casa Isabel<\/title>\n<meta name=\"description\" content=\"Come el tradicional all i pebre valenciano en la playa de la Malvarrosa de Valencia\" \/>\n<meta name=\"robots\" content=\"index, follow, max-snippet:-1, max-image-preview:large, max-video-preview:-1\" \/>\n<link rel=\"canonical\" href=\"https:\/\/casaisabel.es\/de\/el-all-i-pebre-de-anguila-delicioso-y-tradicional-en-la-malvarrosa\/\" \/>\n<meta property=\"og:locale\" content=\"de_DE\" \/>\n<meta property=\"og:type\" content=\"article\" \/>\n<meta property=\"og:title\" content=\"El all i pebre de anguila. Delicioso y tradicional en la malvarrosa. - Casa Isabel\" \/>\n<meta property=\"og:description\" content=\"Come el tradicional all i pebre valenciano en la playa de la Malvarrosa de Valencia\" \/>\n<meta property=\"og:url\" content=\"https:\/\/casaisabel.es\/de\/el-all-i-pebre-de-anguila-delicioso-y-tradicional-en-la-malvarrosa\/\" \/>\n<meta property=\"og:site_name\" content=\"Casa Isabel\" \/>\n<meta property=\"article:published_time\" content=\"2025-09-19T00:04:48+00:00\" \/>\n<meta property=\"og:image\" content=\"https:\/\/casaisabel.es\/wp-content\/uploads\/2016\/09\/all_i_pebre-scaled.jpg\" \/>\n\t<meta property=\"og:image:width\" content=\"2560\" \/>\n\t<meta property=\"og:image:height\" content=\"1707\" \/>\n\t<meta property=\"og:image:type\" content=\"image\/jpeg\" \/>\n<meta name=\"author\" content=\"Admin\" \/>\n<meta name=\"twitter:card\" content=\"summary_large_image\" \/>\n<meta name=\"twitter:label1\" content=\"Written by\" \/>\n\t<meta name=\"twitter:data1\" content=\"Admin\" \/>\n\t<meta name=\"twitter:label2\" content=\"Est. reading time\" \/>\n\t<meta name=\"twitter:data2\" content=\"2 minutes\" \/>\n<script type=\"application\/ld+json\" class=\"yoast-schema-graph\">{\"@context\":\"https:\/\/schema.org\",\"@graph\":[{\"@type\":\"Article\",\"@id\":\"https:\/\/casaisabel.es\/el-all-i-pebre-de-anguila-delicioso-y-tradicional-en-la-malvarrosa\/#article\",\"isPartOf\":{\"@id\":\"https:\/\/casaisabel.es\/el-all-i-pebre-de-anguila-delicioso-y-tradicional-en-la-malvarrosa\/\"},\"author\":{\"name\":\"Admin\",\"@id\":\"https:\/\/casaisabel.es\/#\/schema\/person\/66308f25a39c9cb32c4e78cf8cfa36cf\"},\"headline\":\"El all i pebre de anguila. Delicioso y tradicional en la malvarrosa.\",\"datePublished\":\"2025-09-19T00:04:48+00:00\",\"mainEntityOfPage\":{\"@id\":\"https:\/\/casaisabel.es\/el-all-i-pebre-de-anguila-delicioso-y-tradicional-en-la-malvarrosa\/\"},\"wordCount\":344,\"publisher\":{\"@id\":\"https:\/\/casaisabel.es\/#organization\"},\"image\":{\"@id\":\"https:\/\/casaisabel.es\/el-all-i-pebre-de-anguila-delicioso-y-tradicional-en-la-malvarrosa\/#primaryimage\"},\"thumbnailUrl\":\"https:\/\/casaisabel.es\/wp-content\/uploads\/2016\/09\/all_i_pebre-scaled.jpg\",\"articleSection\":[\"Gastronom\u00eda\"],\"inLanguage\":\"de-DE\"},{\"@type\":\"WebPage\",\"@id\":\"https:\/\/casaisabel.es\/el-all-i-pebre-de-anguila-delicioso-y-tradicional-en-la-malvarrosa\/\",\"url\":\"https:\/\/casaisabel.es\/el-all-i-pebre-de-anguila-delicioso-y-tradicional-en-la-malvarrosa\/\",\"name\":\"El all i pebre de anguila. Delicioso y tradicional en la malvarrosa. - Casa Isabel\",\"isPartOf\":{\"@id\":\"https:\/\/casaisabel.es\/#website\"},\"primaryImageOfPage\":{\"@id\":\"https:\/\/casaisabel.es\/el-all-i-pebre-de-anguila-delicioso-y-tradicional-en-la-malvarrosa\/#primaryimage\"},\"image\":{\"@id\":\"https:\/\/casaisabel.es\/el-all-i-pebre-de-anguila-delicioso-y-tradicional-en-la-malvarrosa\/#primaryimage\"},\"thumbnailUrl\":\"https:\/\/casaisabel.es\/wp-content\/uploads\/2016\/09\/all_i_pebre-scaled.jpg\",\"datePublished\":\"2025-09-19T00:04:48+00:00\",\"description\":\"Come el tradicional all i pebre valenciano en la playa de la Malvarrosa de Valencia\",\"breadcrumb\":{\"@id\":\"https:\/\/casaisabel.es\/el-all-i-pebre-de-anguila-delicioso-y-tradicional-en-la-malvarrosa\/#breadcrumb\"},\"inLanguage\":\"de-DE\",\"potentialAction\":[{\"@type\":\"ReadAction\",\"target\":[\"https:\/\/casaisabel.es\/el-all-i-pebre-de-anguila-delicioso-y-tradicional-en-la-malvarrosa\/\"]}]},{\"@type\":\"ImageObject\",\"inLanguage\":\"de-DE\",\"@id\":\"https:\/\/casaisabel.es\/el-all-i-pebre-de-anguila-delicioso-y-tradicional-en-la-malvarrosa\/#primaryimage\",\"url\":\"https:\/\/casaisabel.es\/wp-content\/uploads\/2016\/09\/all_i_pebre-scaled.jpg\",\"contentUrl\":\"https:\/\/casaisabel.es\/wp-content\/uploads\/2016\/09\/all_i_pebre-scaled.jpg\",\"width\":2560,\"height\":1707},{\"@type\":\"BreadcrumbList\",\"@id\":\"https:\/\/casaisabel.es\/el-all-i-pebre-de-anguila-delicioso-y-tradicional-en-la-malvarrosa\/#breadcrumb\",\"itemListElement\":[{\"@type\":\"ListItem\",\"position\":1,\"name\":\"Portada\",\"item\":\"https:\/\/casaisabel.es\/\"},{\"@type\":\"ListItem\",\"position\":2,\"name\":\"El all i pebre de anguila. Delicioso y tradicional en la malvarrosa.\"}]},{\"@type\":\"WebSite\",\"@id\":\"https:\/\/casaisabel.es\/#website\",\"url\":\"https:\/\/casaisabel.es\/\",\"name\":\"Casa Isabel\",\"description\":\"S\u00f3lo otro sitio de WordPress\",\"publisher\":{\"@id\":\"https:\/\/casaisabel.es\/#organization\"},\"potentialAction\":[{\"@type\":\"SearchAction\",\"target\":{\"@type\":\"EntryPoint\",\"urlTemplate\":\"https:\/\/casaisabel.es\/?s={search_term_string}\"},\"query-input\":{\"@type\":\"PropertyValueSpecification\",\"valueRequired\":true,\"valueName\":\"search_term_string\"}}],\"inLanguage\":\"de-DE\"},{\"@type\":\"Organization\",\"@id\":\"https:\/\/casaisabel.es\/#organization\",\"name\":\"Casa Isabel\",\"url\":\"https:\/\/casaisabel.es\/\",\"logo\":{\"@type\":\"ImageObject\",\"inLanguage\":\"de-DE\",\"@id\":\"https:\/\/casaisabel.es\/#\/schema\/logo\/image\/\",\"url\":\"https:\/\/casaisabel.es\/wp-content\/uploads\/2023\/09\/casaIsabel.svg\",\"contentUrl\":\"https:\/\/casaisabel.es\/wp-content\/uploads\/2023\/09\/casaIsabel.svg\",\"width\":211,\"height\":49,\"caption\":\"Casa Isabel\"},\"image\":{\"@id\":\"https:\/\/casaisabel.es\/#\/schema\/logo\/image\/\"}},{\"@type\":\"Person\",\"@id\":\"https:\/\/casaisabel.es\/#\/schema\/person\/66308f25a39c9cb32c4e78cf8cfa36cf\",\"name\":\"Admin\",\"image\":{\"@type\":\"ImageObject\",\"inLanguage\":\"de-DE\",\"@id\":\"https:\/\/casaisabel.es\/#\/schema\/person\/image\/\",\"url\":\"https:\/\/secure.gravatar.com\/avatar\/cfa1bef4e15c827fa091464736c1d269687e21ac8972ec35aec466b4aa06b9c8?s=96&d=mm&r=g\",\"contentUrl\":\"https:\/\/secure.gravatar.com\/avatar\/cfa1bef4e15c827fa091464736c1d269687e21ac8972ec35aec466b4aa06b9c8?s=96&d=mm&r=g\",\"caption\":\"Admin\"},\"url\":\"https:\/\/casaisabel.es\/de\/author\/admin-2\/\"}]}<\/script>\n<!-- \/ Yoast SEO plugin. -->","yoast_head_json":{"title":"El all i pebre de anguila. Delicioso y tradicional en la malvarrosa. - Casa Isabel","description":"Come el tradicional all i pebre valenciano en la playa de la Malvarrosa de Valencia","robots":{"index":"index","follow":"follow","max-snippet":"max-snippet:-1","max-image-preview":"max-image-preview:large","max-video-preview":"max-video-preview:-1"},"canonical":"https:\/\/casaisabel.es\/de\/el-all-i-pebre-de-anguila-delicioso-y-tradicional-en-la-malvarrosa\/","og_locale":"de_DE","og_type":"article","og_title":"El all i pebre de anguila. Delicioso y tradicional en la malvarrosa. - Casa Isabel","og_description":"Come el tradicional all i pebre valenciano en la playa de la Malvarrosa de Valencia","og_url":"https:\/\/casaisabel.es\/de\/el-all-i-pebre-de-anguila-delicioso-y-tradicional-en-la-malvarrosa\/","og_site_name":"Casa Isabel","article_published_time":"2025-09-19T00:04:48+00:00","og_image":[{"width":2560,"height":1707,"url":"https:\/\/casaisabel.es\/wp-content\/uploads\/2016\/09\/all_i_pebre-scaled.jpg","type":"image\/jpeg"}],"author":"Admin","twitter_card":"summary_large_image","twitter_misc":{"Written by":"Admin","Est. reading time":"2 minutes"},"schema":{"@context":"https:\/\/schema.org","@graph":[{"@type":"Article","@id":"https:\/\/casaisabel.es\/el-all-i-pebre-de-anguila-delicioso-y-tradicional-en-la-malvarrosa\/#article","isPartOf":{"@id":"https:\/\/casaisabel.es\/el-all-i-pebre-de-anguila-delicioso-y-tradicional-en-la-malvarrosa\/"},"author":{"name":"Admin","@id":"https:\/\/casaisabel.es\/#\/schema\/person\/66308f25a39c9cb32c4e78cf8cfa36cf"},"headline":"El all i pebre de anguila. Delicioso y tradicional en la malvarrosa.","datePublished":"2025-09-19T00:04:48+00:00","mainEntityOfPage":{"@id":"https:\/\/casaisabel.es\/el-all-i-pebre-de-anguila-delicioso-y-tradicional-en-la-malvarrosa\/"},"wordCount":344,"publisher":{"@id":"https:\/\/casaisabel.es\/#organization"},"image":{"@id":"https:\/\/casaisabel.es\/el-all-i-pebre-de-anguila-delicioso-y-tradicional-en-la-malvarrosa\/#primaryimage"},"thumbnailUrl":"https:\/\/casaisabel.es\/wp-content\/uploads\/2016\/09\/all_i_pebre-scaled.jpg","articleSection":["Gastronom\u00eda"],"inLanguage":"de-DE"},{"@type":"WebPage","@id":"https:\/\/casaisabel.es\/el-all-i-pebre-de-anguila-delicioso-y-tradicional-en-la-malvarrosa\/","url":"https:\/\/casaisabel.es\/el-all-i-pebre-de-anguila-delicioso-y-tradicional-en-la-malvarrosa\/","name":"El all i pebre de anguila. Delicioso y tradicional en la malvarrosa. - Casa Isabel","isPartOf":{"@id":"https:\/\/casaisabel.es\/#website"},"primaryImageOfPage":{"@id":"https:\/\/casaisabel.es\/el-all-i-pebre-de-anguila-delicioso-y-tradicional-en-la-malvarrosa\/#primaryimage"},"image":{"@id":"https:\/\/casaisabel.es\/el-all-i-pebre-de-anguila-delicioso-y-tradicional-en-la-malvarrosa\/#primaryimage"},"thumbnailUrl":"https:\/\/casaisabel.es\/wp-content\/uploads\/2016\/09\/all_i_pebre-scaled.jpg","datePublished":"2025-09-19T00:04:48+00:00","description":"Come el tradicional all i pebre valenciano en la playa de la Malvarrosa de Valencia","breadcrumb":{"@id":"https:\/\/casaisabel.es\/el-all-i-pebre-de-anguila-delicioso-y-tradicional-en-la-malvarrosa\/#breadcrumb"},"inLanguage":"de-DE","potentialAction":[{"@type":"ReadAction","target":["https:\/\/casaisabel.es\/el-all-i-pebre-de-anguila-delicioso-y-tradicional-en-la-malvarrosa\/"]}]},{"@type":"ImageObject","inLanguage":"de-DE","@id":"https:\/\/casaisabel.es\/el-all-i-pebre-de-anguila-delicioso-y-tradicional-en-la-malvarrosa\/#primaryimage","url":"https:\/\/casaisabel.es\/wp-content\/uploads\/2016\/09\/all_i_pebre-scaled.jpg","contentUrl":"https:\/\/casaisabel.es\/wp-content\/uploads\/2016\/09\/all_i_pebre-scaled.jpg","width":2560,"height":1707},{"@type":"BreadcrumbList","@id":"https:\/\/casaisabel.es\/el-all-i-pebre-de-anguila-delicioso-y-tradicional-en-la-malvarrosa\/#breadcrumb","itemListElement":[{"@type":"ListItem","position":1,"name":"Portada","item":"https:\/\/casaisabel.es\/"},{"@type":"ListItem","position":2,"name":"El all i pebre de anguila. Delicioso y tradicional en la malvarrosa."}]},{"@type":"WebSite","@id":"https:\/\/casaisabel.es\/#website","url":"https:\/\/casaisabel.es\/","name":"Casa Isabel","description":"S\u00f3lo otro sitio de WordPress","publisher":{"@id":"https:\/\/casaisabel.es\/#organization"},"potentialAction":[{"@type":"SearchAction","target":{"@type":"EntryPoint","urlTemplate":"https:\/\/casaisabel.es\/?s={search_term_string}"},"query-input":{"@type":"PropertyValueSpecification","valueRequired":true,"valueName":"search_term_string"}}],"inLanguage":"de-DE"},{"@type":"Organization","@id":"https:\/\/casaisabel.es\/#organization","name":"Casa Isabel","url":"https:\/\/casaisabel.es\/","logo":{"@type":"ImageObject","inLanguage":"de-DE","@id":"https:\/\/casaisabel.es\/#\/schema\/logo\/image\/","url":"https:\/\/casaisabel.es\/wp-content\/uploads\/2023\/09\/casaIsabel.svg","contentUrl":"https:\/\/casaisabel.es\/wp-content\/uploads\/2023\/09\/casaIsabel.svg","width":211,"height":49,"caption":"Casa Isabel"},"image":{"@id":"https:\/\/casaisabel.es\/#\/schema\/logo\/image\/"}},{"@type":"Person","@id":"https:\/\/casaisabel.es\/#\/schema\/person\/66308f25a39c9cb32c4e78cf8cfa36cf","name":"Admin","image":{"@type":"ImageObject","inLanguage":"de-DE","@id":"https:\/\/casaisabel.es\/#\/schema\/person\/image\/","url":"https:\/\/secure.gravatar.com\/avatar\/cfa1bef4e15c827fa091464736c1d269687e21ac8972ec35aec466b4aa06b9c8?s=96&d=mm&r=g","contentUrl":"https:\/\/secure.gravatar.com\/avatar\/cfa1bef4e15c827fa091464736c1d269687e21ac8972ec35aec466b4aa06b9c8?s=96&d=mm&r=g","caption":"Admin"},"url":"https:\/\/casaisabel.es\/de\/author\/admin-2\/"}]}},"_links":{"self":[{"href":"https:\/\/casaisabel.es\/de\/wp-json\/wp\/v2\/posts\/3654","targetHints":{"allow":["GET"]}}],"collection":[{"href":"https:\/\/casaisabel.es\/de\/wp-json\/wp\/v2\/posts"}],"about":[{"href":"https:\/\/casaisabel.es\/de\/wp-json\/wp\/v2\/types\/post"}],"author":[{"embeddable":true,"href":"https:\/\/casaisabel.es\/de\/wp-json\/wp\/v2\/users\/2"}],"replies":[{"embeddable":true,"href":"https:\/\/casaisabel.es\/de\/wp-json\/wp\/v2\/comments?post=3654"}],"version-history":[{"count":0,"href":"https:\/\/casaisabel.es\/de\/wp-json\/wp\/v2\/posts\/3654\/revisions"}],"wp:featuredmedia":[{"embeddable":true,"href":"https:\/\/casaisabel.es\/de\/wp-json\/wp\/v2\/media\/3658"}],"wp:attachment":[{"href":"https:\/\/casaisabel.es\/de\/wp-json\/wp\/v2\/media?parent=3654"}],"wp:term":[{"taxonomy":"category","embeddable":true,"href":"https:\/\/casaisabel.es\/de\/wp-json\/wp\/v2\/categories?post=3654"},{"taxonomy":"post_tag","embeddable":true,"href":"https:\/\/casaisabel.es\/de\/wp-json\/wp\/v2\/tags?post=3654"}],"curies":[{"name":"wp","href":"https:\/\/api.w.org\/{rel}","templated":true}]}}