{"id":3363,"date":"2025-09-04T00:04:01","date_gmt":"2025-09-04T00:04:01","guid":{"rendered":"https:\/\/casaisabel.es\/?p=3363---dfad4e07-1c09-4e45-925e-cd8eeb9c274d"},"modified":"2025-09-04T00:04:01","modified_gmt":"2025-09-04T00:04:01","slug":"recetas-de-valencia-bizcocho-de-mandarina","status":"publish","type":"post","link":"https:\/\/casaisabel.es\/de\/recetas-de-valencia-bizcocho-de-mandarina\/","title":{"rendered":"Recetas de Valencia: bizcocho de mandarina"},"content":{"rendered":"<p style=\"text-align: justify;\">La <strong>cocina valenciana<\/strong> se fundamenta en los ingredientes aut\u00f3ctonos que han sido cultivados a lo largo de la historia en estas tierras: alimentos como el arroz, la alcachofa o la chufa son la base de su identidad culinaria.<!--more--><\/p>\n<p style=\"text-align: justify;\">En Valencia, si paseas\u00a0por la playa, podr\u00e1s encontrar nuestra arrocer\u00eda y\u00a0restaurante en la Malvarrosa, donde, adem\u00e1s de saber hacer la tradicional paella, pretendemos transmitir en todas las elaboraciones los fundamentos de este estilo de cocina: <strong>sencillez, aire mediterr\u00e1neo y est\u00edmulo de los sentidos<\/strong>.<\/p>\n<p style=\"text-align: justify;\">En este post, vamos a centrarnos en la <strong>reposter\u00eda levantina<\/strong>, caracterizada por ser variada, de clara influencia \u00e1rabe y mediterr\u00e1nea. Vemos c\u00f3mo el mundo del dulce valenciano est\u00e1 marcado por la utilizaci\u00f3n de ingredientes que despiertan el paladar, pero tambi\u00e9n se aprecia la elecci\u00f3n de determinados productos que se intensifican con el olfato. Hablamos del an\u00eds, de la canela, de la almendra o de la miel.<\/p>\n<p style=\"text-align: justify;\">Pero la estrella de este postre es <strong>la mandarina<\/strong>. Fruta de temporada ideal para la \u00e9poca del frio, ya que nos aporta dosis de fibra y\u00a0vitaminas C, E\u00a0y B12. Se trata de\u00a0una p\u00edldora de salud para nuestro organismo. Proponemos introducir esta maravillosa fruta en la <a href=\"http:\/\/www.naranjassamel.com\/es\/receta\/bizcocho-de-mandarinas\">receta<\/a> de un tierno,\u00a0delicioso y\u00a0muy f\u00e1cil de preparar bizcocho.<\/p>\n<p style=\"text-align: justify;\">Es una <strong>elaboraci\u00f3n sencilla y econ\u00f3mica<\/strong>. Tan solo requiere, aproximadamente, una hora de preparaci\u00f3n, contando con el tiempo de horneado, y el\u00a0resultado final no dejar\u00e1 indiferente a nuestros comensales.<\/p>\n<p style=\"text-align: justify;\">El broche final de la presentaci\u00f3n corre a cuenta del cocinero. Podemos contar con diferentes formas del molde para horneado\u00a0o espolvorear el bizcocho (una vez frio) con az\u00facar glas. Otra opci\u00f3n es la introducci\u00f3n de diferentes <strong>ingredientes para la decoraci\u00f3n<\/strong>, como el chocolate negro\u00a0o la propia mandarina, acompa\u00f1ando el postre. Cada preparaci\u00f3n puede ser una nueva oportunidad para innovar en esta receta. Recordemos el refr\u00e1n tradicional: \u201cen la variedad est\u00e1 el gusto\u201d.<\/p>\n<p style=\"text-align: justify;\"><em>Bon profit!<\/em><\/p>\n<p style=\"text-align: justify;\"><a href=\"https:\/\/www.flickr.com\/photos\/58743958@N04\/20378838949\/in\/photolist-x3NSQe-5bUBjN-6f9q3d-6epLFV-3bM4Ei-bzrxzE-eh4u19-aHnDeV-7KxQ3F-7KxPNZ-dsu6L4-dj21Cj-ek838r-dQUrUG-zSpeKC-95mUVQ-dqDw3g-9hP6UD-dQNT2D-dQNSRk-dQNSFp-dQUsAs-dQNSo2-dQUsfs-dQUs6J-dQUrJS-dQUrz\" rel=\"nofollow\">Imagen<\/a><\/p>","protected":false},"excerpt":{"rendered":"<p>La cocina valenciana se fundamenta en los ingredientes aut\u00f3ctonos que han sido cultivados a lo largo de la historia en estas tierras: alimentos como el arroz, la alcachofa o la chufa son la base de su identidad culinaria.<\/p>","protected":false},"author":2,"featured_media":3423,"comment_status":"closed","ping_status":"closed","sticky":false,"template":"","format":"standard","meta":{"site-sidebar-layout":"default","site-content-layout":"","ast-site-content-layout":"","site-content-style":"default","site-sidebar-style":"default","ast-global-header-display":"","ast-banner-title-visibility":"","ast-main-header-display":"","ast-hfb-above-header-display":"","ast-hfb-below-header-display":"","ast-hfb-mobile-header-display":"","site-post-title":"","ast-breadcrumbs-content":"","ast-featured-img":"","footer-sml-layout":"","theme-transparent-header-meta":"","adv-header-id-meta":"","stick-header-meta":"","header-above-stick-meta":"","header-main-stick-meta":"","header-below-stick-meta":"","astra-migrate-meta-layouts":"default","ast-page-background-enabled":"default","ast-page-background-meta":{"desktop":{"background-color":"var(--ast-global-color-4)","background-image":"","background-repeat":"repeat","background-position":"center center","background-size":"auto","background-attachment":"scroll","background-type":"","background-media":"","overlay-type":"","overlay-color":"","overlay-opacity":"","overlay-gradient":""},"tablet":{"background-color":"","background-image":"","background-repeat":"repeat","background-position":"center center","background-size":"auto","background-attachment":"scroll","background-type":"","background-media":"","overlay-type":"","overlay-color":"","overlay-opacity":"","overlay-gradient":""},"mobile":{"background-color":"","background-image":"","background-repeat":"repeat","background-position":"center center","background-size":"auto","background-attachment":"scroll","background-type":"","background-media":"","overlay-type":"","overlay-color":"","overlay-opacity":"","overlay-gradient":""}},"ast-content-background-meta":{"desktop":{"background-color":"var(--ast-global-color-5)","background-image":"","background-repeat":"repeat","background-position":"center center","background-size":"auto","background-attachment":"scroll","background-type":"","background-media":"","overlay-type":"","overlay-color":"","overlay-opacity":"","overlay-gradient":""},"tablet":{"background-color":"var(--ast-global-color-5)","background-image":"","background-repeat":"repeat","background-position":"center center","background-size":"auto","background-attachment":"scroll","background-type":"","background-media":"","overlay-type":"","overlay-color":"","overlay-opacity":"","overlay-gradient":""},"mobile":{"background-color":"var(--ast-global-color-5)","background-image":"","background-repeat":"repeat","background-position":"center center","background-size":"auto","background-attachment":"scroll","background-type":"","background-media":"","overlay-type":"","overlay-color":"","overlay-opacity":"","overlay-gradient":""}},"footnotes":""},"categories":[8,3],"tags":[133,105,88,89],"class_list":["post-3363","post","type-post","status-publish","format-standard","has-post-thumbnail","hentry","category-d-o-valencia-y-tipos-vino","category-gastronomia","tag-bizcocho-mandarina","tag-dulce-valencia","tag-gastronomia-valencia","tag-postre-valencia"],"yoast_head":"<!-- This site is optimized with the Yoast SEO plugin v25.6 - https:\/\/yoast.com\/wordpress\/plugins\/seo\/ -->\n<title>Recetas de Valencia: bizcocho de mandarina<\/title>\n<meta name=\"description\" content=\"La estrella de este postre es la mandarina. Fruta de temporada ideal para la \u00e9poca del frio, ya que nos aporta dosis de fibra y vitaminas C, E y B12.\" \/>\n<meta name=\"robots\" content=\"index, follow, max-snippet:-1, max-image-preview:large, max-video-preview:-1\" \/>\n<link rel=\"canonical\" href=\"https:\/\/casaisabel.es\/de\/recetas-de-valencia-bizcocho-de-mandarina\/\" \/>\n<meta property=\"og:locale\" content=\"de_DE\" \/>\n<meta property=\"og:type\" content=\"article\" \/>\n<meta property=\"og:title\" content=\"Recetas de Valencia: bizcocho de mandarina\" \/>\n<meta property=\"og:description\" content=\"La estrella de este postre es la mandarina. Fruta de temporada ideal para la \u00e9poca del frio, ya que nos aporta dosis de fibra y vitaminas C, E y B12.\" \/>\n<meta property=\"og:url\" content=\"https:\/\/casaisabel.es\/de\/recetas-de-valencia-bizcocho-de-mandarina\/\" \/>\n<meta property=\"og:site_name\" content=\"Casa Isabel\" \/>\n<meta property=\"article:published_time\" content=\"2025-09-04T00:04:01+00:00\" \/>\n<meta property=\"og:image\" content=\"https:\/\/casaisabel.es\/wp-content\/uploads\/2016\/01\/Casa-Isabel-bizcocho-de-mandarina.jpg\" \/>\n\t<meta property=\"og:image:width\" content=\"1900\" \/>\n\t<meta property=\"og:image:height\" content=\"756\" \/>\n\t<meta property=\"og:image:type\" content=\"image\/jpeg\" \/>\n<meta name=\"author\" content=\"Admin\" \/>\n<meta name=\"twitter:card\" content=\"summary_large_image\" \/>\n<meta name=\"twitter:label1\" content=\"Written by\" \/>\n\t<meta name=\"twitter:data1\" content=\"Admin\" \/>\n\t<meta name=\"twitter:label2\" content=\"Est. reading time\" \/>\n\t<meta name=\"twitter:data2\" content=\"2 minutes\" \/>\n<script type=\"application\/ld+json\" class=\"yoast-schema-graph\">{\"@context\":\"https:\/\/schema.org\",\"@graph\":[{\"@type\":\"Article\",\"@id\":\"https:\/\/casaisabel.es\/recetas-de-valencia-bizcocho-de-mandarina\/#article\",\"isPartOf\":{\"@id\":\"https:\/\/casaisabel.es\/recetas-de-valencia-bizcocho-de-mandarina\/\"},\"author\":{\"name\":\"Admin\",\"@id\":\"https:\/\/casaisabel.es\/#\/schema\/person\/66308f25a39c9cb32c4e78cf8cfa36cf\"},\"headline\":\"Recetas de Valencia: bizcocho de mandarina\",\"datePublished\":\"2025-09-04T00:04:01+00:00\",\"mainEntityOfPage\":{\"@id\":\"https:\/\/casaisabel.es\/recetas-de-valencia-bizcocho-de-mandarina\/\"},\"wordCount\":347,\"publisher\":{\"@id\":\"https:\/\/casaisabel.es\/#organization\"},\"image\":{\"@id\":\"https:\/\/casaisabel.es\/recetas-de-valencia-bizcocho-de-mandarina\/#primaryimage\"},\"thumbnailUrl\":\"https:\/\/casaisabel.es\/wp-content\/uploads\/2016\/01\/Casa-Isabel-bizcocho-de-mandarina.jpg\",\"keywords\":[\"bizcocho mandarina\",\"dulce valencia\",\"gastronomia valencia\",\"postre valencia\"],\"articleSection\":[\"D.O. Valencia y tipos vino\",\"Gastronom\u00eda\"],\"inLanguage\":\"de-DE\"},{\"@type\":\"WebPage\",\"@id\":\"https:\/\/casaisabel.es\/recetas-de-valencia-bizcocho-de-mandarina\/\",\"url\":\"https:\/\/casaisabel.es\/recetas-de-valencia-bizcocho-de-mandarina\/\",\"name\":\"Recetas de Valencia: bizcocho de mandarina\",\"isPartOf\":{\"@id\":\"https:\/\/casaisabel.es\/#website\"},\"primaryImageOfPage\":{\"@id\":\"https:\/\/casaisabel.es\/recetas-de-valencia-bizcocho-de-mandarina\/#primaryimage\"},\"image\":{\"@id\":\"https:\/\/casaisabel.es\/recetas-de-valencia-bizcocho-de-mandarina\/#primaryimage\"},\"thumbnailUrl\":\"https:\/\/casaisabel.es\/wp-content\/uploads\/2016\/01\/Casa-Isabel-bizcocho-de-mandarina.jpg\",\"datePublished\":\"2025-09-04T00:04:01+00:00\",\"description\":\"La estrella de este postre es la mandarina. Fruta de temporada ideal para la \u00e9poca del frio, ya que nos aporta dosis de fibra y vitaminas C, E y B12.\",\"breadcrumb\":{\"@id\":\"https:\/\/casaisabel.es\/recetas-de-valencia-bizcocho-de-mandarina\/#breadcrumb\"},\"inLanguage\":\"de-DE\",\"potentialAction\":[{\"@type\":\"ReadAction\",\"target\":[\"https:\/\/casaisabel.es\/recetas-de-valencia-bizcocho-de-mandarina\/\"]}]},{\"@type\":\"ImageObject\",\"inLanguage\":\"de-DE\",\"@id\":\"https:\/\/casaisabel.es\/recetas-de-valencia-bizcocho-de-mandarina\/#primaryimage\",\"url\":\"https:\/\/casaisabel.es\/wp-content\/uploads\/2016\/01\/Casa-Isabel-bizcocho-de-mandarina.jpg\",\"contentUrl\":\"https:\/\/casaisabel.es\/wp-content\/uploads\/2016\/01\/Casa-Isabel-bizcocho-de-mandarina.jpg\",\"width\":1900,\"height\":756,\"caption\":\"Casa Isabel-bizcocho de mandarina\"},{\"@type\":\"BreadcrumbList\",\"@id\":\"https:\/\/casaisabel.es\/recetas-de-valencia-bizcocho-de-mandarina\/#breadcrumb\",\"itemListElement\":[{\"@type\":\"ListItem\",\"position\":1,\"name\":\"Portada\",\"item\":\"https:\/\/casaisabel.es\/\"},{\"@type\":\"ListItem\",\"position\":2,\"name\":\"Recetas de Valencia: bizcocho de mandarina\"}]},{\"@type\":\"WebSite\",\"@id\":\"https:\/\/casaisabel.es\/#website\",\"url\":\"https:\/\/casaisabel.es\/\",\"name\":\"Casa Isabel\",\"description\":\"S\u00f3lo otro sitio de WordPress\",\"publisher\":{\"@id\":\"https:\/\/casaisabel.es\/#organization\"},\"potentialAction\":[{\"@type\":\"SearchAction\",\"target\":{\"@type\":\"EntryPoint\",\"urlTemplate\":\"https:\/\/casaisabel.es\/?s={search_term_string}\"},\"query-input\":{\"@type\":\"PropertyValueSpecification\",\"valueRequired\":true,\"valueName\":\"search_term_string\"}}],\"inLanguage\":\"de-DE\"},{\"@type\":\"Organization\",\"@id\":\"https:\/\/casaisabel.es\/#organization\",\"name\":\"Casa Isabel\",\"url\":\"https:\/\/casaisabel.es\/\",\"logo\":{\"@type\":\"ImageObject\",\"inLanguage\":\"de-DE\",\"@id\":\"https:\/\/casaisabel.es\/#\/schema\/logo\/image\/\",\"url\":\"https:\/\/casaisabel.es\/wp-content\/uploads\/2023\/09\/casaIsabel.svg\",\"contentUrl\":\"https:\/\/casaisabel.es\/wp-content\/uploads\/2023\/09\/casaIsabel.svg\",\"width\":211,\"height\":49,\"caption\":\"Casa Isabel\"},\"image\":{\"@id\":\"https:\/\/casaisabel.es\/#\/schema\/logo\/image\/\"}},{\"@type\":\"Person\",\"@id\":\"https:\/\/casaisabel.es\/#\/schema\/person\/66308f25a39c9cb32c4e78cf8cfa36cf\",\"name\":\"Admin\",\"image\":{\"@type\":\"ImageObject\",\"inLanguage\":\"de-DE\",\"@id\":\"https:\/\/casaisabel.es\/#\/schema\/person\/image\/\",\"url\":\"https:\/\/secure.gravatar.com\/avatar\/cfa1bef4e15c827fa091464736c1d269687e21ac8972ec35aec466b4aa06b9c8?s=96&d=mm&r=g\",\"contentUrl\":\"https:\/\/secure.gravatar.com\/avatar\/cfa1bef4e15c827fa091464736c1d269687e21ac8972ec35aec466b4aa06b9c8?s=96&d=mm&r=g\",\"caption\":\"Admin\"},\"url\":\"https:\/\/casaisabel.es\/de\/author\/admin-2\/\"}]}<\/script>\n<!-- \/ Yoast SEO plugin. -->","yoast_head_json":{"title":"Recetas de Valencia: bizcocho de mandarina","description":"La estrella de este postre es la mandarina. Fruta de temporada ideal para la \u00e9poca del frio, ya que nos aporta dosis de fibra y vitaminas C, E y B12.","robots":{"index":"index","follow":"follow","max-snippet":"max-snippet:-1","max-image-preview":"max-image-preview:large","max-video-preview":"max-video-preview:-1"},"canonical":"https:\/\/casaisabel.es\/de\/recetas-de-valencia-bizcocho-de-mandarina\/","og_locale":"de_DE","og_type":"article","og_title":"Recetas de Valencia: bizcocho de mandarina","og_description":"La estrella de este postre es la mandarina. Fruta de temporada ideal para la \u00e9poca del frio, ya que nos aporta dosis de fibra y vitaminas C, E y B12.","og_url":"https:\/\/casaisabel.es\/de\/recetas-de-valencia-bizcocho-de-mandarina\/","og_site_name":"Casa Isabel","article_published_time":"2025-09-04T00:04:01+00:00","og_image":[{"width":1900,"height":756,"url":"https:\/\/casaisabel.es\/wp-content\/uploads\/2016\/01\/Casa-Isabel-bizcocho-de-mandarina.jpg","type":"image\/jpeg"}],"author":"Admin","twitter_card":"summary_large_image","twitter_misc":{"Written by":"Admin","Est. reading time":"2 minutes"},"schema":{"@context":"https:\/\/schema.org","@graph":[{"@type":"Article","@id":"https:\/\/casaisabel.es\/recetas-de-valencia-bizcocho-de-mandarina\/#article","isPartOf":{"@id":"https:\/\/casaisabel.es\/recetas-de-valencia-bizcocho-de-mandarina\/"},"author":{"name":"Admin","@id":"https:\/\/casaisabel.es\/#\/schema\/person\/66308f25a39c9cb32c4e78cf8cfa36cf"},"headline":"Recetas de Valencia: bizcocho de mandarina","datePublished":"2025-09-04T00:04:01+00:00","mainEntityOfPage":{"@id":"https:\/\/casaisabel.es\/recetas-de-valencia-bizcocho-de-mandarina\/"},"wordCount":347,"publisher":{"@id":"https:\/\/casaisabel.es\/#organization"},"image":{"@id":"https:\/\/casaisabel.es\/recetas-de-valencia-bizcocho-de-mandarina\/#primaryimage"},"thumbnailUrl":"https:\/\/casaisabel.es\/wp-content\/uploads\/2016\/01\/Casa-Isabel-bizcocho-de-mandarina.jpg","keywords":["bizcocho mandarina","dulce valencia","gastronomia valencia","postre valencia"],"articleSection":["D.O. Valencia y tipos vino","Gastronom\u00eda"],"inLanguage":"de-DE"},{"@type":"WebPage","@id":"https:\/\/casaisabel.es\/recetas-de-valencia-bizcocho-de-mandarina\/","url":"https:\/\/casaisabel.es\/recetas-de-valencia-bizcocho-de-mandarina\/","name":"Recetas de Valencia: bizcocho de mandarina","isPartOf":{"@id":"https:\/\/casaisabel.es\/#website"},"primaryImageOfPage":{"@id":"https:\/\/casaisabel.es\/recetas-de-valencia-bizcocho-de-mandarina\/#primaryimage"},"image":{"@id":"https:\/\/casaisabel.es\/recetas-de-valencia-bizcocho-de-mandarina\/#primaryimage"},"thumbnailUrl":"https:\/\/casaisabel.es\/wp-content\/uploads\/2016\/01\/Casa-Isabel-bizcocho-de-mandarina.jpg","datePublished":"2025-09-04T00:04:01+00:00","description":"La estrella de este postre es la mandarina. Fruta de temporada ideal para la \u00e9poca del frio, ya que nos aporta dosis de fibra y vitaminas C, E y B12.","breadcrumb":{"@id":"https:\/\/casaisabel.es\/recetas-de-valencia-bizcocho-de-mandarina\/#breadcrumb"},"inLanguage":"de-DE","potentialAction":[{"@type":"ReadAction","target":["https:\/\/casaisabel.es\/recetas-de-valencia-bizcocho-de-mandarina\/"]}]},{"@type":"ImageObject","inLanguage":"de-DE","@id":"https:\/\/casaisabel.es\/recetas-de-valencia-bizcocho-de-mandarina\/#primaryimage","url":"https:\/\/casaisabel.es\/wp-content\/uploads\/2016\/01\/Casa-Isabel-bizcocho-de-mandarina.jpg","contentUrl":"https:\/\/casaisabel.es\/wp-content\/uploads\/2016\/01\/Casa-Isabel-bizcocho-de-mandarina.jpg","width":1900,"height":756,"caption":"Casa Isabel-bizcocho de mandarina"},{"@type":"BreadcrumbList","@id":"https:\/\/casaisabel.es\/recetas-de-valencia-bizcocho-de-mandarina\/#breadcrumb","itemListElement":[{"@type":"ListItem","position":1,"name":"Portada","item":"https:\/\/casaisabel.es\/"},{"@type":"ListItem","position":2,"name":"Recetas de Valencia: bizcocho de mandarina"}]},{"@type":"WebSite","@id":"https:\/\/casaisabel.es\/#website","url":"https:\/\/casaisabel.es\/","name":"Casa Isabel","description":"S\u00f3lo otro sitio de WordPress","publisher":{"@id":"https:\/\/casaisabel.es\/#organization"},"potentialAction":[{"@type":"SearchAction","target":{"@type":"EntryPoint","urlTemplate":"https:\/\/casaisabel.es\/?s={search_term_string}"},"query-input":{"@type":"PropertyValueSpecification","valueRequired":true,"valueName":"search_term_string"}}],"inLanguage":"de-DE"},{"@type":"Organization","@id":"https:\/\/casaisabel.es\/#organization","name":"Casa Isabel","url":"https:\/\/casaisabel.es\/","logo":{"@type":"ImageObject","inLanguage":"de-DE","@id":"https:\/\/casaisabel.es\/#\/schema\/logo\/image\/","url":"https:\/\/casaisabel.es\/wp-content\/uploads\/2023\/09\/casaIsabel.svg","contentUrl":"https:\/\/casaisabel.es\/wp-content\/uploads\/2023\/09\/casaIsabel.svg","width":211,"height":49,"caption":"Casa Isabel"},"image":{"@id":"https:\/\/casaisabel.es\/#\/schema\/logo\/image\/"}},{"@type":"Person","@id":"https:\/\/casaisabel.es\/#\/schema\/person\/66308f25a39c9cb32c4e78cf8cfa36cf","name":"Admin","image":{"@type":"ImageObject","inLanguage":"de-DE","@id":"https:\/\/casaisabel.es\/#\/schema\/person\/image\/","url":"https:\/\/secure.gravatar.com\/avatar\/cfa1bef4e15c827fa091464736c1d269687e21ac8972ec35aec466b4aa06b9c8?s=96&d=mm&r=g","contentUrl":"https:\/\/secure.gravatar.com\/avatar\/cfa1bef4e15c827fa091464736c1d269687e21ac8972ec35aec466b4aa06b9c8?s=96&d=mm&r=g","caption":"Admin"},"url":"https:\/\/casaisabel.es\/de\/author\/admin-2\/"}]}},"_links":{"self":[{"href":"https:\/\/casaisabel.es\/de\/wp-json\/wp\/v2\/posts\/3363","targetHints":{"allow":["GET"]}}],"collection":[{"href":"https:\/\/casaisabel.es\/de\/wp-json\/wp\/v2\/posts"}],"about":[{"href":"https:\/\/casaisabel.es\/de\/wp-json\/wp\/v2\/types\/post"}],"author":[{"embeddable":true,"href":"https:\/\/casaisabel.es\/de\/wp-json\/wp\/v2\/users\/2"}],"replies":[{"embeddable":true,"href":"https:\/\/casaisabel.es\/de\/wp-json\/wp\/v2\/comments?post=3363"}],"version-history":[{"count":0,"href":"https:\/\/casaisabel.es\/de\/wp-json\/wp\/v2\/posts\/3363\/revisions"}],"wp:featuredmedia":[{"embeddable":true,"href":"https:\/\/casaisabel.es\/de\/wp-json\/wp\/v2\/media\/3423"}],"wp:attachment":[{"href":"https:\/\/casaisabel.es\/de\/wp-json\/wp\/v2\/media?parent=3363"}],"wp:term":[{"taxonomy":"category","embeddable":true,"href":"https:\/\/casaisabel.es\/de\/wp-json\/wp\/v2\/categories?post=3363"},{"taxonomy":"post_tag","embeddable":true,"href":"https:\/\/casaisabel.es\/de\/wp-json\/wp\/v2\/tags?post=3363"}],"curies":[{"name":"wp","href":"https:\/\/api.w.org\/{rel}","templated":true}]}}