{"id":3171,"date":"2025-08-31T00:07:08","date_gmt":"2025-08-31T00:07:08","guid":{"rendered":"https:\/\/casaisabel.es\/?p=3171---8913014e-bcc8-4799-b50c-9388a650608b"},"modified":"2025-08-31T00:07:08","modified_gmt":"2025-08-31T00:07:08","slug":"el-nispero-de-callosa-de-ensarria-de-japon-a-valencia","status":"publish","type":"post","link":"https:\/\/casaisabel.es\/de\/el-nispero-de-callosa-de-ensarria-de-japon-a-valencia\/","title":{"rendered":"El n\u00edspero de Callosa de Ensarri\u00e1: de Jap\u00f3n a Valencia"},"content":{"rendered":"<p style=\"text-align: justify;\">En el Jap\u00f3n de hace mil a\u00f1os, el nisperero era una <strong>planta ornamental<\/strong>. Los jesuitas la llevaron a la Isla Mauricio, en el \u00cdndico, en el siglo XVII. En esos tiempos era una colonia francesa y desde all\u00ed lleg\u00f3 al pa\u00eds vecino a finales del XVIII.<!--more--><\/p>\n<p style=\"text-align: justify;\">El n\u00edspero de Jap\u00f3n se present\u00f3 en Espa\u00f1a a principios del XIX, unos dicen que de la mano de un tal capit\u00e1n Roig que <strong>desembarc\u00f3 en la playa de Sagunto<\/strong>. Otros, que vino con el bot\u00e1nico Juan Bautista Berenguer y Ronda, que precisamente naci\u00f3 en Callosa de Ensarri\u00e1, la localidad que hoy da nombre a su Denominaci\u00f3n de Origen Protegida.<\/p>\n<p style=\"text-align: justify;\">\u00a1Qu\u00e9 curioso! Valencia, la tierra que recibi\u00f3 al n\u00edspero por primera vez, es tambi\u00e9n donde mejor se da. \u00bfCasualidad o destino?<\/p>\n<p style=\"text-align: justify;\">En Jap\u00f3n <strong>era s\u00edmbolo de la llegada de la primavera<\/strong>, seguramente por ser la fruta de pepita que antes madura. Su temporada va desde mediados de marzo a junio, aunque algunas variedades modernas permiten la recogida incluso en enero y febrero. En Callosa de Ensarri\u00e1 se recoge con mimo, uno a uno y en su mejor momento.<\/p>\n<p style=\"text-align: justify;\">La DOP <a href=\"https:\/\/es.wikipedia.org\/wiki\/N%C3%ADspero_de_Callosa_de_Ensarri%C3%A1\">N\u00edspero de Callosa de Ensarri\u00e1<\/a> abarca a 19 municipios de la Marina Baja y el Campo de Alicante, que nos proporcionan una fruta suculenta y delicada, <strong>ni excesivamente dulce ni muy \u00e1cida.<\/strong> Es rico en pectina (una fibra), potasio y provitamina A.<\/p>\n<p style=\"text-align: justify;\">El n\u00edspero es una fruta <strong>muy saludable, poco cal\u00f3rica, antidiarreica<\/strong>, astringente, diur\u00e9tica, protectora de las mucosas y ayuda a luchar contra el colesterol.<\/p>\n<p style=\"text-align: justify;\">Riqu\u00edsimo, tanto fresco como en <strong>dulces y salados<\/strong>. En ensaladas da un toque delicado y acompa\u00f1a bien a las carnes blancas. Se puede hacer <strong>mermelada<\/strong> o usarlo en muchos postres. As\u00ed que no te sorprendas si lo encuentras antes o despu\u00e9s de la paella en una arrocer\u00eda o restaurante de la Malvarrosa. Del antiguo Jap\u00f3n a tu mesa, un largo y delicioso viaje.<\/p>\n<p><a href=\"https:\/\/pixabay.com\/es\/n%C3%ADsperos-frutas-sicilia-naturaleza-778416\/\">Imagen<\/a>    \t<\/p>","protected":false},"excerpt":{"rendered":"<p>En el Jap\u00f3n de hace mil a\u00f1os, el nisperero era una planta ornamental. Los jesuitas la llevaron a la Isla Mauricio, en el \u00cdndico, en el siglo XVII. En esos tiempos era una colonia francesa y desde all\u00ed lleg\u00f3 al pa\u00eds vecino a finales del XVIII.<\/p>","protected":false},"author":2,"featured_media":3238,"comment_status":"closed","ping_status":"closed","sticky":false,"template":"","format":"standard","meta":{"site-sidebar-layout":"default","site-content-layout":"","ast-site-content-layout":"","site-content-style":"default","site-sidebar-style":"default","ast-global-header-display":"","ast-banner-title-visibility":"","ast-main-header-display":"","ast-hfb-above-header-display":"","ast-hfb-below-header-display":"","ast-hfb-mobile-header-display":"","site-post-title":"","ast-breadcrumbs-content":"","ast-featured-img":"","footer-sml-layout":"","theme-transparent-header-meta":"","adv-header-id-meta":"","stick-header-meta":"","header-above-stick-meta":"","header-main-stick-meta":"","header-below-stick-meta":"","astra-migrate-meta-layouts":"default","ast-page-background-enabled":"default","ast-page-background-meta":{"desktop":{"background-color":"var(--ast-global-color-4)","background-image":"","background-repeat":"repeat","background-position":"center center","background-size":"auto","background-attachment":"scroll","background-type":"","background-media":"","overlay-type":"","overlay-color":"","overlay-opacity":"","overlay-gradient":""},"tablet":{"background-color":"","background-image":"","background-repeat":"repeat","background-position":"center center","background-size":"auto","background-attachment":"scroll","background-type":"","background-media":"","overlay-type":"","overlay-color":"","overlay-opacity":"","overlay-gradient":""},"mobile":{"background-color":"","background-image":"","background-repeat":"repeat","background-position":"center center","background-size":"auto","background-attachment":"scroll","background-type":"","background-media":"","overlay-type":"","overlay-color":"","overlay-opacity":"","overlay-gradient":""}},"ast-content-background-meta":{"desktop":{"background-color":"var(--ast-global-color-5)","background-image":"","background-repeat":"repeat","background-position":"center center","background-size":"auto","background-attachment":"scroll","background-type":"","background-media":"","overlay-type":"","overlay-color":"","overlay-opacity":"","overlay-gradient":""},"tablet":{"background-color":"var(--ast-global-color-5)","background-image":"","background-repeat":"repeat","background-position":"center center","background-size":"auto","background-attachment":"scroll","background-type":"","background-media":"","overlay-type":"","overlay-color":"","overlay-opacity":"","overlay-gradient":""},"mobile":{"background-color":"var(--ast-global-color-5)","background-image":"","background-repeat":"repeat","background-position":"center center","background-size":"auto","background-attachment":"scroll","background-type":"","background-media":"","overlay-type":"","overlay-color":"","overlay-opacity":"","overlay-gradient":""}},"footnotes":""},"categories":[2],"tags":[43,58,88],"class_list":["post-3171","post","type-post","status-publish","format-standard","has-post-thumbnail","hentry","category-sin-categoria","tag-denominacion-de-origen","tag-fruta-de-valencia","tag-gastronomia-valencia"],"yoast_head":"<!-- This site is optimized with the Yoast SEO plugin v25.6 - https:\/\/yoast.com\/wordpress\/plugins\/seo\/ -->\n<title>El n\u00edspero de Callosa de Ensarri\u00e1: de Jap\u00f3n a Valencia<\/title>\n<meta name=\"description\" content=\"La DOP N\u00edspero de Callosa de Ensarri\u00e1 abarca a 19 municipios de la Marina Baja y el Campo de Alicante, que nos proporcionan una fruta suculenta y delicada.\" \/>\n<meta name=\"robots\" content=\"index, follow, max-snippet:-1, max-image-preview:large, max-video-preview:-1\" \/>\n<link rel=\"canonical\" href=\"https:\/\/casaisabel.es\/de\/el-nispero-de-callosa-de-ensarria-de-japon-a-valencia\/\" \/>\n<meta property=\"og:locale\" content=\"de_DE\" \/>\n<meta property=\"og:type\" content=\"article\" \/>\n<meta property=\"og:title\" content=\"El n\u00edspero de Callosa de Ensarri\u00e1: de Jap\u00f3n a Valencia\" \/>\n<meta property=\"og:description\" content=\"La DOP N\u00edspero de Callosa de Ensarri\u00e1 abarca a 19 municipios de la Marina Baja y el Campo de Alicante, que nos proporcionan una fruta suculenta y delicada.\" \/>\n<meta property=\"og:url\" content=\"https:\/\/casaisabel.es\/de\/el-nispero-de-callosa-de-ensarria-de-japon-a-valencia\/\" \/>\n<meta property=\"og:site_name\" content=\"Casa Isabel\" \/>\n<meta property=\"article:published_time\" content=\"2025-08-31T00:07:08+00:00\" \/>\n<meta property=\"og:image\" content=\"https:\/\/casaisabel.es\/wp-content\/uploads\/2015\/10\/Casa-Isabel-Nispero.jpg\" \/>\n\t<meta property=\"og:image:width\" content=\"1900\" \/>\n\t<meta property=\"og:image:height\" content=\"756\" \/>\n\t<meta property=\"og:image:type\" content=\"image\/jpeg\" \/>\n<meta name=\"author\" content=\"Admin\" \/>\n<meta name=\"twitter:card\" content=\"summary_large_image\" \/>\n<meta name=\"twitter:label1\" content=\"Written by\" \/>\n\t<meta name=\"twitter:data1\" content=\"Admin\" \/>\n\t<meta name=\"twitter:label2\" content=\"Est. reading time\" \/>\n\t<meta name=\"twitter:data2\" content=\"2 minutes\" \/>\n<script type=\"application\/ld+json\" class=\"yoast-schema-graph\">{\"@context\":\"https:\/\/schema.org\",\"@graph\":[{\"@type\":\"Article\",\"@id\":\"https:\/\/casaisabel.es\/el-nispero-de-callosa-de-ensarria-de-japon-a-valencia\/#article\",\"isPartOf\":{\"@id\":\"https:\/\/casaisabel.es\/el-nispero-de-callosa-de-ensarria-de-japon-a-valencia\/\"},\"author\":{\"name\":\"Admin\",\"@id\":\"https:\/\/casaisabel.es\/#\/schema\/person\/66308f25a39c9cb32c4e78cf8cfa36cf\"},\"headline\":\"El n\u00edspero de Callosa de Ensarri\u00e1: de Jap\u00f3n a Valencia\",\"datePublished\":\"2025-08-31T00:07:08+00:00\",\"mainEntityOfPage\":{\"@id\":\"https:\/\/casaisabel.es\/el-nispero-de-callosa-de-ensarria-de-japon-a-valencia\/\"},\"wordCount\":348,\"publisher\":{\"@id\":\"https:\/\/casaisabel.es\/#organization\"},\"image\":{\"@id\":\"https:\/\/casaisabel.es\/el-nispero-de-callosa-de-ensarria-de-japon-a-valencia\/#primaryimage\"},\"thumbnailUrl\":\"https:\/\/casaisabel.es\/wp-content\/uploads\/2015\/10\/Casa-Isabel-Nispero.jpg\",\"keywords\":[\"denominacion de origen\",\"fruta de valencia\",\"gastronomia valencia\"],\"articleSection\":[\"Sin categor\u00eda\"],\"inLanguage\":\"de-DE\"},{\"@type\":\"WebPage\",\"@id\":\"https:\/\/casaisabel.es\/el-nispero-de-callosa-de-ensarria-de-japon-a-valencia\/\",\"url\":\"https:\/\/casaisabel.es\/el-nispero-de-callosa-de-ensarria-de-japon-a-valencia\/\",\"name\":\"El n\u00edspero de Callosa de Ensarri\u00e1: de Jap\u00f3n a Valencia\",\"isPartOf\":{\"@id\":\"https:\/\/casaisabel.es\/#website\"},\"primaryImageOfPage\":{\"@id\":\"https:\/\/casaisabel.es\/el-nispero-de-callosa-de-ensarria-de-japon-a-valencia\/#primaryimage\"},\"image\":{\"@id\":\"https:\/\/casaisabel.es\/el-nispero-de-callosa-de-ensarria-de-japon-a-valencia\/#primaryimage\"},\"thumbnailUrl\":\"https:\/\/casaisabel.es\/wp-content\/uploads\/2015\/10\/Casa-Isabel-Nispero.jpg\",\"datePublished\":\"2025-08-31T00:07:08+00:00\",\"description\":\"La DOP N\u00edspero de Callosa de Ensarri\u00e1 abarca a 19 municipios de la Marina Baja y el Campo de Alicante, que nos proporcionan una fruta suculenta y delicada.\",\"breadcrumb\":{\"@id\":\"https:\/\/casaisabel.es\/el-nispero-de-callosa-de-ensarria-de-japon-a-valencia\/#breadcrumb\"},\"inLanguage\":\"de-DE\",\"potentialAction\":[{\"@type\":\"ReadAction\",\"target\":[\"https:\/\/casaisabel.es\/el-nispero-de-callosa-de-ensarria-de-japon-a-valencia\/\"]}]},{\"@type\":\"ImageObject\",\"inLanguage\":\"de-DE\",\"@id\":\"https:\/\/casaisabel.es\/el-nispero-de-callosa-de-ensarria-de-japon-a-valencia\/#primaryimage\",\"url\":\"https:\/\/casaisabel.es\/wp-content\/uploads\/2015\/10\/Casa-Isabel-Nispero.jpg\",\"contentUrl\":\"https:\/\/casaisabel.es\/wp-content\/uploads\/2015\/10\/Casa-Isabel-Nispero.jpg\",\"width\":1900,\"height\":756,\"caption\":\"Casa Isabel-N\u00edspero\"},{\"@type\":\"BreadcrumbList\",\"@id\":\"https:\/\/casaisabel.es\/el-nispero-de-callosa-de-ensarria-de-japon-a-valencia\/#breadcrumb\",\"itemListElement\":[{\"@type\":\"ListItem\",\"position\":1,\"name\":\"Portada\",\"item\":\"https:\/\/casaisabel.es\/\"},{\"@type\":\"ListItem\",\"position\":2,\"name\":\"El n\u00edspero de Callosa de Ensarri\u00e1: de Jap\u00f3n a Valencia\"}]},{\"@type\":\"WebSite\",\"@id\":\"https:\/\/casaisabel.es\/#website\",\"url\":\"https:\/\/casaisabel.es\/\",\"name\":\"Casa Isabel\",\"description\":\"S\u00f3lo otro sitio de WordPress\",\"publisher\":{\"@id\":\"https:\/\/casaisabel.es\/#organization\"},\"potentialAction\":[{\"@type\":\"SearchAction\",\"target\":{\"@type\":\"EntryPoint\",\"urlTemplate\":\"https:\/\/casaisabel.es\/?s={search_term_string}\"},\"query-input\":{\"@type\":\"PropertyValueSpecification\",\"valueRequired\":true,\"valueName\":\"search_term_string\"}}],\"inLanguage\":\"de-DE\"},{\"@type\":\"Organization\",\"@id\":\"https:\/\/casaisabel.es\/#organization\",\"name\":\"Casa Isabel\",\"url\":\"https:\/\/casaisabel.es\/\",\"logo\":{\"@type\":\"ImageObject\",\"inLanguage\":\"de-DE\",\"@id\":\"https:\/\/casaisabel.es\/#\/schema\/logo\/image\/\",\"url\":\"https:\/\/casaisabel.es\/wp-content\/uploads\/2023\/09\/casaIsabel.svg\",\"contentUrl\":\"https:\/\/casaisabel.es\/wp-content\/uploads\/2023\/09\/casaIsabel.svg\",\"width\":211,\"height\":49,\"caption\":\"Casa Isabel\"},\"image\":{\"@id\":\"https:\/\/casaisabel.es\/#\/schema\/logo\/image\/\"}},{\"@type\":\"Person\",\"@id\":\"https:\/\/casaisabel.es\/#\/schema\/person\/66308f25a39c9cb32c4e78cf8cfa36cf\",\"name\":\"Admin\",\"image\":{\"@type\":\"ImageObject\",\"inLanguage\":\"de-DE\",\"@id\":\"https:\/\/casaisabel.es\/#\/schema\/person\/image\/\",\"url\":\"https:\/\/secure.gravatar.com\/avatar\/cfa1bef4e15c827fa091464736c1d269687e21ac8972ec35aec466b4aa06b9c8?s=96&d=mm&r=g\",\"contentUrl\":\"https:\/\/secure.gravatar.com\/avatar\/cfa1bef4e15c827fa091464736c1d269687e21ac8972ec35aec466b4aa06b9c8?s=96&d=mm&r=g\",\"caption\":\"Admin\"},\"url\":\"https:\/\/casaisabel.es\/de\/author\/admin-2\/\"}]}<\/script>\n<!-- \/ Yoast SEO plugin. -->","yoast_head_json":{"title":"El n\u00edspero de Callosa de Ensarri\u00e1: de Jap\u00f3n a Valencia","description":"La DOP N\u00edspero de Callosa de Ensarri\u00e1 abarca a 19 municipios de la Marina Baja y el Campo de Alicante, que nos proporcionan una fruta suculenta y delicada.","robots":{"index":"index","follow":"follow","max-snippet":"max-snippet:-1","max-image-preview":"max-image-preview:large","max-video-preview":"max-video-preview:-1"},"canonical":"https:\/\/casaisabel.es\/de\/el-nispero-de-callosa-de-ensarria-de-japon-a-valencia\/","og_locale":"de_DE","og_type":"article","og_title":"El n\u00edspero de Callosa de Ensarri\u00e1: de Jap\u00f3n a Valencia","og_description":"La DOP N\u00edspero de Callosa de Ensarri\u00e1 abarca a 19 municipios de la Marina Baja y el Campo de Alicante, que nos proporcionan una fruta suculenta y delicada.","og_url":"https:\/\/casaisabel.es\/de\/el-nispero-de-callosa-de-ensarria-de-japon-a-valencia\/","og_site_name":"Casa Isabel","article_published_time":"2025-08-31T00:07:08+00:00","og_image":[{"width":1900,"height":756,"url":"https:\/\/casaisabel.es\/wp-content\/uploads\/2015\/10\/Casa-Isabel-Nispero.jpg","type":"image\/jpeg"}],"author":"Admin","twitter_card":"summary_large_image","twitter_misc":{"Written by":"Admin","Est. reading time":"2 minutes"},"schema":{"@context":"https:\/\/schema.org","@graph":[{"@type":"Article","@id":"https:\/\/casaisabel.es\/el-nispero-de-callosa-de-ensarria-de-japon-a-valencia\/#article","isPartOf":{"@id":"https:\/\/casaisabel.es\/el-nispero-de-callosa-de-ensarria-de-japon-a-valencia\/"},"author":{"name":"Admin","@id":"https:\/\/casaisabel.es\/#\/schema\/person\/66308f25a39c9cb32c4e78cf8cfa36cf"},"headline":"El n\u00edspero de Callosa de Ensarri\u00e1: de Jap\u00f3n a Valencia","datePublished":"2025-08-31T00:07:08+00:00","mainEntityOfPage":{"@id":"https:\/\/casaisabel.es\/el-nispero-de-callosa-de-ensarria-de-japon-a-valencia\/"},"wordCount":348,"publisher":{"@id":"https:\/\/casaisabel.es\/#organization"},"image":{"@id":"https:\/\/casaisabel.es\/el-nispero-de-callosa-de-ensarria-de-japon-a-valencia\/#primaryimage"},"thumbnailUrl":"https:\/\/casaisabel.es\/wp-content\/uploads\/2015\/10\/Casa-Isabel-Nispero.jpg","keywords":["denominacion de origen","fruta de valencia","gastronomia valencia"],"articleSection":["Sin categor\u00eda"],"inLanguage":"de-DE"},{"@type":"WebPage","@id":"https:\/\/casaisabel.es\/el-nispero-de-callosa-de-ensarria-de-japon-a-valencia\/","url":"https:\/\/casaisabel.es\/el-nispero-de-callosa-de-ensarria-de-japon-a-valencia\/","name":"El n\u00edspero de Callosa de Ensarri\u00e1: de Jap\u00f3n a Valencia","isPartOf":{"@id":"https:\/\/casaisabel.es\/#website"},"primaryImageOfPage":{"@id":"https:\/\/casaisabel.es\/el-nispero-de-callosa-de-ensarria-de-japon-a-valencia\/#primaryimage"},"image":{"@id":"https:\/\/casaisabel.es\/el-nispero-de-callosa-de-ensarria-de-japon-a-valencia\/#primaryimage"},"thumbnailUrl":"https:\/\/casaisabel.es\/wp-content\/uploads\/2015\/10\/Casa-Isabel-Nispero.jpg","datePublished":"2025-08-31T00:07:08+00:00","description":"La DOP N\u00edspero de Callosa de Ensarri\u00e1 abarca a 19 municipios de la Marina Baja y el Campo de Alicante, que nos proporcionan una fruta suculenta y delicada.","breadcrumb":{"@id":"https:\/\/casaisabel.es\/el-nispero-de-callosa-de-ensarria-de-japon-a-valencia\/#breadcrumb"},"inLanguage":"de-DE","potentialAction":[{"@type":"ReadAction","target":["https:\/\/casaisabel.es\/el-nispero-de-callosa-de-ensarria-de-japon-a-valencia\/"]}]},{"@type":"ImageObject","inLanguage":"de-DE","@id":"https:\/\/casaisabel.es\/el-nispero-de-callosa-de-ensarria-de-japon-a-valencia\/#primaryimage","url":"https:\/\/casaisabel.es\/wp-content\/uploads\/2015\/10\/Casa-Isabel-Nispero.jpg","contentUrl":"https:\/\/casaisabel.es\/wp-content\/uploads\/2015\/10\/Casa-Isabel-Nispero.jpg","width":1900,"height":756,"caption":"Casa Isabel-N\u00edspero"},{"@type":"BreadcrumbList","@id":"https:\/\/casaisabel.es\/el-nispero-de-callosa-de-ensarria-de-japon-a-valencia\/#breadcrumb","itemListElement":[{"@type":"ListItem","position":1,"name":"Portada","item":"https:\/\/casaisabel.es\/"},{"@type":"ListItem","position":2,"name":"El n\u00edspero de Callosa de Ensarri\u00e1: de Jap\u00f3n a Valencia"}]},{"@type":"WebSite","@id":"https:\/\/casaisabel.es\/#website","url":"https:\/\/casaisabel.es\/","name":"Casa Isabel","description":"S\u00f3lo otro sitio de WordPress","publisher":{"@id":"https:\/\/casaisabel.es\/#organization"},"potentialAction":[{"@type":"SearchAction","target":{"@type":"EntryPoint","urlTemplate":"https:\/\/casaisabel.es\/?s={search_term_string}"},"query-input":{"@type":"PropertyValueSpecification","valueRequired":true,"valueName":"search_term_string"}}],"inLanguage":"de-DE"},{"@type":"Organization","@id":"https:\/\/casaisabel.es\/#organization","name":"Casa Isabel","url":"https:\/\/casaisabel.es\/","logo":{"@type":"ImageObject","inLanguage":"de-DE","@id":"https:\/\/casaisabel.es\/#\/schema\/logo\/image\/","url":"https:\/\/casaisabel.es\/wp-content\/uploads\/2023\/09\/casaIsabel.svg","contentUrl":"https:\/\/casaisabel.es\/wp-content\/uploads\/2023\/09\/casaIsabel.svg","width":211,"height":49,"caption":"Casa Isabel"},"image":{"@id":"https:\/\/casaisabel.es\/#\/schema\/logo\/image\/"}},{"@type":"Person","@id":"https:\/\/casaisabel.es\/#\/schema\/person\/66308f25a39c9cb32c4e78cf8cfa36cf","name":"Admin","image":{"@type":"ImageObject","inLanguage":"de-DE","@id":"https:\/\/casaisabel.es\/#\/schema\/person\/image\/","url":"https:\/\/secure.gravatar.com\/avatar\/cfa1bef4e15c827fa091464736c1d269687e21ac8972ec35aec466b4aa06b9c8?s=96&d=mm&r=g","contentUrl":"https:\/\/secure.gravatar.com\/avatar\/cfa1bef4e15c827fa091464736c1d269687e21ac8972ec35aec466b4aa06b9c8?s=96&d=mm&r=g","caption":"Admin"},"url":"https:\/\/casaisabel.es\/de\/author\/admin-2\/"}]}},"_links":{"self":[{"href":"https:\/\/casaisabel.es\/de\/wp-json\/wp\/v2\/posts\/3171","targetHints":{"allow":["GET"]}}],"collection":[{"href":"https:\/\/casaisabel.es\/de\/wp-json\/wp\/v2\/posts"}],"about":[{"href":"https:\/\/casaisabel.es\/de\/wp-json\/wp\/v2\/types\/post"}],"author":[{"embeddable":true,"href":"https:\/\/casaisabel.es\/de\/wp-json\/wp\/v2\/users\/2"}],"replies":[{"embeddable":true,"href":"https:\/\/casaisabel.es\/de\/wp-json\/wp\/v2\/comments?post=3171"}],"version-history":[{"count":0,"href":"https:\/\/casaisabel.es\/de\/wp-json\/wp\/v2\/posts\/3171\/revisions"}],"wp:featuredmedia":[{"embeddable":true,"href":"https:\/\/casaisabel.es\/de\/wp-json\/wp\/v2\/media\/3238"}],"wp:attachment":[{"href":"https:\/\/casaisabel.es\/de\/wp-json\/wp\/v2\/media?parent=3171"}],"wp:term":[{"taxonomy":"category","embeddable":true,"href":"https:\/\/casaisabel.es\/de\/wp-json\/wp\/v2\/categories?post=3171"},{"taxonomy":"post_tag","embeddable":true,"href":"https:\/\/casaisabel.es\/de\/wp-json\/wp\/v2\/tags?post=3171"}],"curies":[{"name":"wp","href":"https:\/\/api.w.org\/{rel}","templated":true}]}}