{"id":3168,"date":"2025-08-31T00:07:08","date_gmt":"2025-08-31T00:07:08","guid":{"rendered":"https:\/\/casaisabel.es\/?p=3168---c59c07aa-33c0-4fea-9cea-d10c8c898429"},"modified":"2025-08-31T00:07:08","modified_gmt":"2025-08-31T00:07:08","slug":"maraton-de-valencia","status":"publish","type":"post","link":"https:\/\/casaisabel.es\/de\/maraton-de-valencia\/","title":{"rendered":"Prep\u00e1rate para la marat\u00f3n de Valencia"},"content":{"rendered":"<p style=\"text-align: justify;\"><strong>42,195 kil\u00f3metros<\/strong>, la distancia m\u00e1s m\u00edtica del mundo del atletismo y el recorrido que tendr\u00e1n que cubrir el pr\u00f3ximo <strong>15 de noviembre<\/strong> los miles de atletas que participen en la Marat\u00f3n de Valencia Trinidad Alfonso.<!--more--><\/p>\n<p style=\"text-align: justify;\">La marat\u00f3n de la capital del Turia no ha dejado de crecer y cada a\u00f1o <strong>se consolida como una de las citas m\u00e1s importantes del atletismo espa\u00f1ol<\/strong>, hasta el punto de hacer la competencia a la paella como icono de la ciudad.<\/p>\n<p style=\"text-align: justify;\">Organizada por la<strong> Sociedad Deportiva Correcaminos<\/strong> y el Ayuntamiento de Valencia, la 35\u00aa Marat\u00f3n de Valencia empezar\u00e1 a las 9 de la ma\u00f1ana en la Ciudad de las Artes y las Ciencias y dejar\u00e1 la espectacular postal de los atletas inundando los puentes y alrededores del Hemisf\u00e8ric, Oceanogr\u00e0fic o Palau de les Arts.<\/p>\n<p style=\"text-align: justify;\">Tras pasar por la <strong>Marina Real Juan Carlos I<\/strong>, la carrera se dirigir\u00e1 hasta las zonas universitarias: Tarongers y Blasco Ib\u00e1\u00f1ez.<\/p>\n<p style=\"text-align: justify;\">Tras un primer regreso a la zona de la <strong>Ciudad de las Artes y las Ciencia<\/strong>s, se dirigir\u00e1 hasta el centro y recorrer\u00e1 espacios tan emblem\u00e1ticos como las Torres de Serranos, el Ayuntamiento, las Torres de Quart, la Dama de Elche, la Plaza de Toros o la Puerta del Mar. Desde all\u00ed, solo 2,195 kil\u00f3metros separar\u00e1n a los atletas de la l\u00ednea de meta.<\/p>\n<p style=\"text-align: justify;\">La llegada tambi\u00e9n estar\u00e1 en la Ciudad de las Artes y las Ciencias y su control seguir\u00e1 abierto hasta las 15:00.<\/p>\n<p style=\"text-align: justify;\">Este trazado pr\u00e1cticamente llano del todo convierte a la <a href=\"http:\/\/www.valenciaciudaddelrunning.com\/maraton\/maraton-10k\/\">Marat\u00f3n Trinidad Alfonso<\/a> en una de las preferidas por los maratonianos. Claro que no todos podemos correr una marat\u00f3n, as\u00ed que tambi\u00e9n podemos ir a <strong>animar a los atletas<\/strong> a lo largo del recorrido.<\/p>\n<p style=\"text-align: justify;\">Y, despu\u00e9s de la marat\u00f3n, no hay nada como acercarnos hasta la playa, a un restaurante de la Malvarrosa, y disfrutar de la paella en una arrocer\u00eda.<\/p>\n<p style=\"text-align: justify;\"><a href=\"https:\/\/www.flickr.com\/photos\/arrozconnori\/8196299371\/in\/photolist-duhbfp-dunLyA-duhd42-dunLdW-duhasa-dunN2w-duhcKg-dunMyY-dunN8J-duhceT-duhcpp-dunMib-6ABgvL-6AwXXg-6ABy8o-6AxeKB-6Axs5v-6ABstU-6AxaUF-6AxqTB-6AMjqB-6ABpy1-6AxoJ8-6AwTTx-6ABmgU-6AwFJH-6AxgUg\">Imagen<\/a><\/p>","protected":false},"excerpt":{"rendered":"<p>42,195 kil\u00f3metros, la distancia m\u00e1s m\u00edtica del mundo del atletismo y el recorrido que tendr\u00e1n que cubrir el pr\u00f3ximo 15 de noviembre los miles de atletas que participen en la Marat\u00f3n de Valencia Trinidad Alfonso.<\/p>","protected":false},"author":2,"featured_media":3209,"comment_status":"closed","ping_status":"closed","sticky":false,"template":"","format":"standard","meta":{"site-sidebar-layout":"default","site-content-layout":"","ast-site-content-layout":"","site-content-style":"default","site-sidebar-style":"default","ast-global-header-display":"","ast-banner-title-visibility":"","ast-main-header-display":"","ast-hfb-above-header-display":"","ast-hfb-below-header-display":"","ast-hfb-mobile-header-display":"","site-post-title":"","ast-breadcrumbs-content":"","ast-featured-img":"","footer-sml-layout":"","theme-transparent-header-meta":"","adv-header-id-meta":"","stick-header-meta":"","header-above-stick-meta":"","header-main-stick-meta":"","header-below-stick-meta":"","astra-migrate-meta-layouts":"default","ast-page-background-enabled":"default","ast-page-background-meta":{"desktop":{"background-color":"var(--ast-global-color-4)","background-image":"","background-repeat":"repeat","background-position":"center center","background-size":"auto","background-attachment":"scroll","background-type":"","background-media":"","overlay-type":"","overlay-color":"","overlay-opacity":"","overlay-gradient":""},"tablet":{"background-color":"","background-image":"","background-repeat":"repeat","background-position":"center center","background-size":"auto","background-attachment":"scroll","background-type":"","background-media":"","overlay-type":"","overlay-color":"","overlay-opacity":"","overlay-gradient":""},"mobile":{"background-color":"","background-image":"","background-repeat":"repeat","background-position":"center center","background-size":"auto","background-attachment":"scroll","background-type":"","background-media":"","overlay-type":"","overlay-color":"","overlay-opacity":"","overlay-gradient":""}},"ast-content-background-meta":{"desktop":{"background-color":"var(--ast-global-color-5)","background-image":"","background-repeat":"repeat","background-position":"center center","background-size":"auto","background-attachment":"scroll","background-type":"","background-media":"","overlay-type":"","overlay-color":"","overlay-opacity":"","overlay-gradient":""},"tablet":{"background-color":"var(--ast-global-color-5)","background-image":"","background-repeat":"repeat","background-position":"center center","background-size":"auto","background-attachment":"scroll","background-type":"","background-media":"","overlay-type":"","overlay-color":"","overlay-opacity":"","overlay-gradient":""},"mobile":{"background-color":"var(--ast-global-color-5)","background-image":"","background-repeat":"repeat","background-position":"center center","background-size":"auto","background-attachment":"scroll","background-type":"","background-media":"","overlay-type":"","overlay-color":"","overlay-opacity":"","overlay-gradient":""}},"footnotes":""},"categories":[7],"tags":[119,56,120],"class_list":["post-3168","post","type-post","status-publish","format-standard","has-post-thumbnail","hentry","category-actualidad-y-eventos","tag-actualidad-valencia","tag-deporte-valencia","tag-maraton-valencia"],"yoast_head":"<!-- This site is optimized with the Yoast SEO plugin v25.6 - https:\/\/yoast.com\/wordpress\/plugins\/seo\/ -->\n<title>Prep\u00e1rate para la marat\u00f3n de Valencia<\/title>\n<meta name=\"description\" content=\"El pr\u00f3ximo 15 de noviembre miles de atletas participar\u00e1n en la Marat\u00f3n de Valencia Trinidad Alfonso de Valencia.\" \/>\n<meta name=\"robots\" content=\"index, follow, max-snippet:-1, max-image-preview:large, max-video-preview:-1\" \/>\n<link rel=\"canonical\" href=\"https:\/\/casaisabel.es\/de\/maraton-de-valencia\/\" \/>\n<meta property=\"og:locale\" content=\"de_DE\" \/>\n<meta property=\"og:type\" content=\"article\" \/>\n<meta property=\"og:title\" content=\"Prep\u00e1rate para la marat\u00f3n de Valencia\" \/>\n<meta property=\"og:description\" content=\"El pr\u00f3ximo 15 de noviembre miles de atletas participar\u00e1n en la Marat\u00f3n de Valencia Trinidad Alfonso de Valencia.\" \/>\n<meta property=\"og:url\" content=\"https:\/\/casaisabel.es\/de\/maraton-de-valencia\/\" \/>\n<meta property=\"og:site_name\" content=\"Casa Isabel\" \/>\n<meta property=\"article:published_time\" content=\"2025-08-31T00:07:08+00:00\" \/>\n<meta property=\"og:image\" content=\"https:\/\/casaisabel.es\/wp-content\/uploads\/2015\/10\/Casa-Isabel-MaratonValencia.jpg\" \/>\n\t<meta property=\"og:image:width\" content=\"1900\" \/>\n\t<meta property=\"og:image:height\" content=\"756\" \/>\n\t<meta property=\"og:image:type\" content=\"image\/jpeg\" \/>\n<meta name=\"author\" content=\"Admin\" \/>\n<meta name=\"twitter:card\" content=\"summary_large_image\" \/>\n<meta name=\"twitter:label1\" content=\"Written by\" \/>\n\t<meta name=\"twitter:data1\" content=\"Admin\" \/>\n\t<meta name=\"twitter:label2\" content=\"Est. reading time\" \/>\n\t<meta name=\"twitter:data2\" content=\"2 minutes\" \/>\n<script type=\"application\/ld+json\" class=\"yoast-schema-graph\">{\"@context\":\"https:\/\/schema.org\",\"@graph\":[{\"@type\":\"Article\",\"@id\":\"https:\/\/casaisabel.es\/maraton-de-valencia\/#article\",\"isPartOf\":{\"@id\":\"https:\/\/casaisabel.es\/maraton-de-valencia\/\"},\"author\":{\"name\":\"Admin\",\"@id\":\"https:\/\/casaisabel.es\/#\/schema\/person\/66308f25a39c9cb32c4e78cf8cfa36cf\"},\"headline\":\"Prep\u00e1rate para la marat\u00f3n de Valencia\",\"datePublished\":\"2025-08-31T00:07:08+00:00\",\"mainEntityOfPage\":{\"@id\":\"https:\/\/casaisabel.es\/maraton-de-valencia\/\"},\"wordCount\":336,\"publisher\":{\"@id\":\"https:\/\/casaisabel.es\/#organization\"},\"image\":{\"@id\":\"https:\/\/casaisabel.es\/maraton-de-valencia\/#primaryimage\"},\"thumbnailUrl\":\"https:\/\/casaisabel.es\/wp-content\/uploads\/2015\/10\/Casa-Isabel-MaratonValencia.jpg\",\"keywords\":[\"actualidad valencia\",\"deporte valencia\",\"maraton valencia\"],\"articleSection\":[\"Actualidad y eventos\"],\"inLanguage\":\"de-DE\"},{\"@type\":\"WebPage\",\"@id\":\"https:\/\/casaisabel.es\/maraton-de-valencia\/\",\"url\":\"https:\/\/casaisabel.es\/maraton-de-valencia\/\",\"name\":\"Prep\u00e1rate para la marat\u00f3n de Valencia\",\"isPartOf\":{\"@id\":\"https:\/\/casaisabel.es\/#website\"},\"primaryImageOfPage\":{\"@id\":\"https:\/\/casaisabel.es\/maraton-de-valencia\/#primaryimage\"},\"image\":{\"@id\":\"https:\/\/casaisabel.es\/maraton-de-valencia\/#primaryimage\"},\"thumbnailUrl\":\"https:\/\/casaisabel.es\/wp-content\/uploads\/2015\/10\/Casa-Isabel-MaratonValencia.jpg\",\"datePublished\":\"2025-08-31T00:07:08+00:00\",\"description\":\"El pr\u00f3ximo 15 de noviembre miles de atletas participar\u00e1n en la Marat\u00f3n de Valencia Trinidad Alfonso de Valencia.\",\"breadcrumb\":{\"@id\":\"https:\/\/casaisabel.es\/maraton-de-valencia\/#breadcrumb\"},\"inLanguage\":\"de-DE\",\"potentialAction\":[{\"@type\":\"ReadAction\",\"target\":[\"https:\/\/casaisabel.es\/maraton-de-valencia\/\"]}]},{\"@type\":\"ImageObject\",\"inLanguage\":\"de-DE\",\"@id\":\"https:\/\/casaisabel.es\/maraton-de-valencia\/#primaryimage\",\"url\":\"https:\/\/casaisabel.es\/wp-content\/uploads\/2015\/10\/Casa-Isabel-MaratonValencia.jpg\",\"contentUrl\":\"https:\/\/casaisabel.es\/wp-content\/uploads\/2015\/10\/Casa-Isabel-MaratonValencia.jpg\",\"width\":1900,\"height\":756,\"caption\":\"Casa Isabel-MaratonValencia\"},{\"@type\":\"BreadcrumbList\",\"@id\":\"https:\/\/casaisabel.es\/maraton-de-valencia\/#breadcrumb\",\"itemListElement\":[{\"@type\":\"ListItem\",\"position\":1,\"name\":\"Portada\",\"item\":\"https:\/\/casaisabel.es\/\"},{\"@type\":\"ListItem\",\"position\":2,\"name\":\"Prep\u00e1rate para la marat\u00f3n de Valencia\"}]},{\"@type\":\"WebSite\",\"@id\":\"https:\/\/casaisabel.es\/#website\",\"url\":\"https:\/\/casaisabel.es\/\",\"name\":\"Casa Isabel\",\"description\":\"S\u00f3lo otro sitio de WordPress\",\"publisher\":{\"@id\":\"https:\/\/casaisabel.es\/#organization\"},\"potentialAction\":[{\"@type\":\"SearchAction\",\"target\":{\"@type\":\"EntryPoint\",\"urlTemplate\":\"https:\/\/casaisabel.es\/?s={search_term_string}\"},\"query-input\":{\"@type\":\"PropertyValueSpecification\",\"valueRequired\":true,\"valueName\":\"search_term_string\"}}],\"inLanguage\":\"de-DE\"},{\"@type\":\"Organization\",\"@id\":\"https:\/\/casaisabel.es\/#organization\",\"name\":\"Casa Isabel\",\"url\":\"https:\/\/casaisabel.es\/\",\"logo\":{\"@type\":\"ImageObject\",\"inLanguage\":\"de-DE\",\"@id\":\"https:\/\/casaisabel.es\/#\/schema\/logo\/image\/\",\"url\":\"https:\/\/casaisabel.es\/wp-content\/uploads\/2023\/09\/casaIsabel.svg\",\"contentUrl\":\"https:\/\/casaisabel.es\/wp-content\/uploads\/2023\/09\/casaIsabel.svg\",\"width\":211,\"height\":49,\"caption\":\"Casa Isabel\"},\"image\":{\"@id\":\"https:\/\/casaisabel.es\/#\/schema\/logo\/image\/\"}},{\"@type\":\"Person\",\"@id\":\"https:\/\/casaisabel.es\/#\/schema\/person\/66308f25a39c9cb32c4e78cf8cfa36cf\",\"name\":\"Admin\",\"image\":{\"@type\":\"ImageObject\",\"inLanguage\":\"de-DE\",\"@id\":\"https:\/\/casaisabel.es\/#\/schema\/person\/image\/\",\"url\":\"https:\/\/secure.gravatar.com\/avatar\/cfa1bef4e15c827fa091464736c1d269687e21ac8972ec35aec466b4aa06b9c8?s=96&d=mm&r=g\",\"contentUrl\":\"https:\/\/secure.gravatar.com\/avatar\/cfa1bef4e15c827fa091464736c1d269687e21ac8972ec35aec466b4aa06b9c8?s=96&d=mm&r=g\",\"caption\":\"Admin\"},\"url\":\"https:\/\/casaisabel.es\/de\/author\/admin-2\/\"}]}<\/script>\n<!-- \/ Yoast SEO plugin. -->","yoast_head_json":{"title":"Prep\u00e1rate para la marat\u00f3n de Valencia","description":"El pr\u00f3ximo 15 de noviembre miles de atletas participar\u00e1n en la Marat\u00f3n de Valencia Trinidad Alfonso de Valencia.","robots":{"index":"index","follow":"follow","max-snippet":"max-snippet:-1","max-image-preview":"max-image-preview:large","max-video-preview":"max-video-preview:-1"},"canonical":"https:\/\/casaisabel.es\/de\/maraton-de-valencia\/","og_locale":"de_DE","og_type":"article","og_title":"Prep\u00e1rate para la marat\u00f3n de Valencia","og_description":"El pr\u00f3ximo 15 de noviembre miles de atletas participar\u00e1n en la Marat\u00f3n de Valencia Trinidad Alfonso de Valencia.","og_url":"https:\/\/casaisabel.es\/de\/maraton-de-valencia\/","og_site_name":"Casa Isabel","article_published_time":"2025-08-31T00:07:08+00:00","og_image":[{"width":1900,"height":756,"url":"https:\/\/casaisabel.es\/wp-content\/uploads\/2015\/10\/Casa-Isabel-MaratonValencia.jpg","type":"image\/jpeg"}],"author":"Admin","twitter_card":"summary_large_image","twitter_misc":{"Written by":"Admin","Est. reading time":"2 minutes"},"schema":{"@context":"https:\/\/schema.org","@graph":[{"@type":"Article","@id":"https:\/\/casaisabel.es\/maraton-de-valencia\/#article","isPartOf":{"@id":"https:\/\/casaisabel.es\/maraton-de-valencia\/"},"author":{"name":"Admin","@id":"https:\/\/casaisabel.es\/#\/schema\/person\/66308f25a39c9cb32c4e78cf8cfa36cf"},"headline":"Prep\u00e1rate para la marat\u00f3n de Valencia","datePublished":"2025-08-31T00:07:08+00:00","mainEntityOfPage":{"@id":"https:\/\/casaisabel.es\/maraton-de-valencia\/"},"wordCount":336,"publisher":{"@id":"https:\/\/casaisabel.es\/#organization"},"image":{"@id":"https:\/\/casaisabel.es\/maraton-de-valencia\/#primaryimage"},"thumbnailUrl":"https:\/\/casaisabel.es\/wp-content\/uploads\/2015\/10\/Casa-Isabel-MaratonValencia.jpg","keywords":["actualidad valencia","deporte valencia","maraton valencia"],"articleSection":["Actualidad y eventos"],"inLanguage":"de-DE"},{"@type":"WebPage","@id":"https:\/\/casaisabel.es\/maraton-de-valencia\/","url":"https:\/\/casaisabel.es\/maraton-de-valencia\/","name":"Prep\u00e1rate para la marat\u00f3n de Valencia","isPartOf":{"@id":"https:\/\/casaisabel.es\/#website"},"primaryImageOfPage":{"@id":"https:\/\/casaisabel.es\/maraton-de-valencia\/#primaryimage"},"image":{"@id":"https:\/\/casaisabel.es\/maraton-de-valencia\/#primaryimage"},"thumbnailUrl":"https:\/\/casaisabel.es\/wp-content\/uploads\/2015\/10\/Casa-Isabel-MaratonValencia.jpg","datePublished":"2025-08-31T00:07:08+00:00","description":"El pr\u00f3ximo 15 de noviembre miles de atletas participar\u00e1n en la Marat\u00f3n de Valencia Trinidad Alfonso de Valencia.","breadcrumb":{"@id":"https:\/\/casaisabel.es\/maraton-de-valencia\/#breadcrumb"},"inLanguage":"de-DE","potentialAction":[{"@type":"ReadAction","target":["https:\/\/casaisabel.es\/maraton-de-valencia\/"]}]},{"@type":"ImageObject","inLanguage":"de-DE","@id":"https:\/\/casaisabel.es\/maraton-de-valencia\/#primaryimage","url":"https:\/\/casaisabel.es\/wp-content\/uploads\/2015\/10\/Casa-Isabel-MaratonValencia.jpg","contentUrl":"https:\/\/casaisabel.es\/wp-content\/uploads\/2015\/10\/Casa-Isabel-MaratonValencia.jpg","width":1900,"height":756,"caption":"Casa Isabel-MaratonValencia"},{"@type":"BreadcrumbList","@id":"https:\/\/casaisabel.es\/maraton-de-valencia\/#breadcrumb","itemListElement":[{"@type":"ListItem","position":1,"name":"Portada","item":"https:\/\/casaisabel.es\/"},{"@type":"ListItem","position":2,"name":"Prep\u00e1rate para la marat\u00f3n de Valencia"}]},{"@type":"WebSite","@id":"https:\/\/casaisabel.es\/#website","url":"https:\/\/casaisabel.es\/","name":"Casa Isabel","description":"S\u00f3lo otro sitio de WordPress","publisher":{"@id":"https:\/\/casaisabel.es\/#organization"},"potentialAction":[{"@type":"SearchAction","target":{"@type":"EntryPoint","urlTemplate":"https:\/\/casaisabel.es\/?s={search_term_string}"},"query-input":{"@type":"PropertyValueSpecification","valueRequired":true,"valueName":"search_term_string"}}],"inLanguage":"de-DE"},{"@type":"Organization","@id":"https:\/\/casaisabel.es\/#organization","name":"Casa Isabel","url":"https:\/\/casaisabel.es\/","logo":{"@type":"ImageObject","inLanguage":"de-DE","@id":"https:\/\/casaisabel.es\/#\/schema\/logo\/image\/","url":"https:\/\/casaisabel.es\/wp-content\/uploads\/2023\/09\/casaIsabel.svg","contentUrl":"https:\/\/casaisabel.es\/wp-content\/uploads\/2023\/09\/casaIsabel.svg","width":211,"height":49,"caption":"Casa Isabel"},"image":{"@id":"https:\/\/casaisabel.es\/#\/schema\/logo\/image\/"}},{"@type":"Person","@id":"https:\/\/casaisabel.es\/#\/schema\/person\/66308f25a39c9cb32c4e78cf8cfa36cf","name":"Admin","image":{"@type":"ImageObject","inLanguage":"de-DE","@id":"https:\/\/casaisabel.es\/#\/schema\/person\/image\/","url":"https:\/\/secure.gravatar.com\/avatar\/cfa1bef4e15c827fa091464736c1d269687e21ac8972ec35aec466b4aa06b9c8?s=96&d=mm&r=g","contentUrl":"https:\/\/secure.gravatar.com\/avatar\/cfa1bef4e15c827fa091464736c1d269687e21ac8972ec35aec466b4aa06b9c8?s=96&d=mm&r=g","caption":"Admin"},"url":"https:\/\/casaisabel.es\/de\/author\/admin-2\/"}]}},"_links":{"self":[{"href":"https:\/\/casaisabel.es\/de\/wp-json\/wp\/v2\/posts\/3168","targetHints":{"allow":["GET"]}}],"collection":[{"href":"https:\/\/casaisabel.es\/de\/wp-json\/wp\/v2\/posts"}],"about":[{"href":"https:\/\/casaisabel.es\/de\/wp-json\/wp\/v2\/types\/post"}],"author":[{"embeddable":true,"href":"https:\/\/casaisabel.es\/de\/wp-json\/wp\/v2\/users\/2"}],"replies":[{"embeddable":true,"href":"https:\/\/casaisabel.es\/de\/wp-json\/wp\/v2\/comments?post=3168"}],"version-history":[{"count":0,"href":"https:\/\/casaisabel.es\/de\/wp-json\/wp\/v2\/posts\/3168\/revisions"}],"wp:featuredmedia":[{"embeddable":true,"href":"https:\/\/casaisabel.es\/de\/wp-json\/wp\/v2\/media\/3209"}],"wp:attachment":[{"href":"https:\/\/casaisabel.es\/de\/wp-json\/wp\/v2\/media?parent=3168"}],"wp:term":[{"taxonomy":"category","embeddable":true,"href":"https:\/\/casaisabel.es\/de\/wp-json\/wp\/v2\/categories?post=3168"},{"taxonomy":"post_tag","embeddable":true,"href":"https:\/\/casaisabel.es\/de\/wp-json\/wp\/v2\/tags?post=3168"}],"curies":[{"name":"wp","href":"https:\/\/api.w.org\/{rel}","templated":true}]}}