{"id":2882,"date":"2025-08-11T00:04:27","date_gmt":"2025-08-11T00:04:27","guid":{"rendered":"https:\/\/casaisabel.es\/?p=2882---8c3a02e2-d2db-4734-b0c9-0b96b42d25f5"},"modified":"2025-08-11T00:04:27","modified_gmt":"2025-08-11T00:04:27","slug":"las-playas-de-valencia","status":"publish","type":"post","link":"https:\/\/casaisabel.es\/de\/las-playas-de-valencia\/","title":{"rendered":"Las playas de Valencia"},"content":{"rendered":"<p style=\"text-align: justify;\">Con<strong> 19,5 kil\u00f3metros de playa<\/strong> y seis banderas azules, la ciudad de Valencia no se entiende sin sus ocho playas. Son playas accesibles, c\u00f3modas, algunas de ellas naturales, a las que podemos llegar en transporte p\u00fablico y donde disfrutaremos de <strong>la mejor paella valenciana.<\/strong> \u00bfQuieres conocer las <a href=\"http:\/\/www.valenciaterraimar.org\/blog\/2014\/08\/playas-de-valencia-que-no-te-puedes-perder\/\">playas de Valencia<\/a>?<!--more--><\/p>\n<p style=\"text-align: justify;\">&#8211; <strong>La Malvarrosa<\/strong>: 1,8 kil\u00f3metros de arena fina, es la playa <strong>m\u00e1s concurrida<\/strong> de todas. Est\u00e1 acompa\u00f1ada del paseo mar\u00edtimo y no nos costar\u00e1 encontrar un buen restaurante en la Malvarrosa.<\/p>\n<p style=\"text-align: justify;\">&#8211;<strong> Las Arenas<\/strong>: la playa del Cabanyal, al norte del puerto, no tiene bandera azul pero la merece. Es de <strong>arena fina y dorada,<\/strong> muy popular y su paseo est\u00e1 lleno de restaurantes tradicionales.<\/p>\n<p style=\"text-align: justify;\">&#8211; <strong>Pinedo:<\/strong> 2,7 kil\u00f3metros de playa entre el puerto y la desembocadura del Turia, con un c<strong>ord\u00f3n de dunas y una zona nudista.<\/strong> Entre semana no est\u00e1 muy concurrida, pese a su cercan\u00eda con la ciudad.<\/p>\n<p style=\"text-align: justify;\">&#8211; <strong>L&#8217;Arbre del Gos<\/strong>: seguramente es la <strong>m\u00e1s desconocida<\/strong> porque hasta 2007 no se permit\u00eda el acceso. Mide 2,6 kil\u00f3metros, est\u00e1 muy bien equipada y tiene <strong>carril bici.<\/strong><\/p>\n<p style=\"text-align: justify;\">&#8211; <strong>El Saler:<\/strong> tiene 5 kil\u00f3metros de arena fina, que la convierten en una de las preferidas por los valencianos. Adem\u00e1s, es muy abierta, ideal para <strong>practicar windsurf <\/strong>y tiene un cord\u00f3n de dunas de gran valor ecol\u00f3gico.<\/p>\n<p style=\"text-align: justify;\">&#8211; <strong>Garrofera:<\/strong> en plena Albufera, el mejor lugar si luego quieres comer en una arrocer\u00eda. Tiene <strong>5.400 metros cuadrados de dunas<\/strong> y sus primeros 800 metros son nudistas.<\/p>\n<p style=\"text-align: justify;\">&#8211; <strong>La Devesa:<\/strong> la \u00fanica <strong>playa salvaje<\/strong> de la ciudad, con m\u00e1s de 5 kil\u00f3metros de pinos, palmitos, coscojas, lentisco o madreselva donde se refugian muchas aves. Su arena es fina y dorada.<\/p>\n<p style=\"text-align: justify;\">&#8211; <strong>Recat\u00ed-Perellonet:<\/strong> es la \u00faltima playa de la ciudad, totalmente <strong>urbanizada<\/strong> y quiz\u00e1 algo saturada. Eso s\u00ed, es una playa muy agradable, su agua siempre est\u00e1 limpia y es <strong>ideal para ir en familia.<\/strong><\/p>\n<p style=\"text-align: justify;\"><a href=\"https:\/\/pixabay.com\/es\/sol-playa-mar-valencia-atardecer-332498\/\">Fuente Imagen<\/a><\/p>","protected":false},"excerpt":{"rendered":"<p>Con 19,5 kil\u00f3metros de playa y seis banderas azules, la ciudad de Valencia no se entiende sin sus ocho playas. Son playas accesibles, c\u00f3modas, algunas de ellas naturales, a las que podemos llegar en transporte p\u00fablico y donde disfrutaremos de la mejor paella valenciana. \u00bfQuieres conocer las playas de Valencia?<\/p>","protected":false},"author":2,"featured_media":2886,"comment_status":"closed","ping_status":"closed","sticky":false,"template":"","format":"standard","meta":{"site-sidebar-layout":"default","site-content-layout":"","ast-site-content-layout":"","site-content-style":"default","site-sidebar-style":"default","ast-global-header-display":"","ast-banner-title-visibility":"","ast-main-header-display":"","ast-hfb-above-header-display":"","ast-hfb-below-header-display":"","ast-hfb-mobile-header-display":"","site-post-title":"","ast-breadcrumbs-content":"","ast-featured-img":"","footer-sml-layout":"","theme-transparent-header-meta":"","adv-header-id-meta":"","stick-header-meta":"","header-above-stick-meta":"","header-main-stick-meta":"","header-below-stick-meta":"","astra-migrate-meta-layouts":"default","ast-page-background-enabled":"default","ast-page-background-meta":{"desktop":{"background-color":"var(--ast-global-color-4)","background-image":"","background-repeat":"repeat","background-position":"center center","background-size":"auto","background-attachment":"scroll","background-type":"","background-media":"","overlay-type":"","overlay-color":"","overlay-opacity":"","overlay-gradient":""},"tablet":{"background-color":"","background-image":"","background-repeat":"repeat","background-position":"center center","background-size":"auto","background-attachment":"scroll","background-type":"","background-media":"","overlay-type":"","overlay-color":"","overlay-opacity":"","overlay-gradient":""},"mobile":{"background-color":"","background-image":"","background-repeat":"repeat","background-position":"center center","background-size":"auto","background-attachment":"scroll","background-type":"","background-media":"","overlay-type":"","overlay-color":"","overlay-opacity":"","overlay-gradient":""}},"ast-content-background-meta":{"desktop":{"background-color":"var(--ast-global-color-5)","background-image":"","background-repeat":"repeat","background-position":"center center","background-size":"auto","background-attachment":"scroll","background-type":"","background-media":"","overlay-type":"","overlay-color":"","overlay-opacity":"","overlay-gradient":""},"tablet":{"background-color":"var(--ast-global-color-5)","background-image":"","background-repeat":"repeat","background-position":"center center","background-size":"auto","background-attachment":"scroll","background-type":"","background-media":"","overlay-type":"","overlay-color":"","overlay-opacity":"","overlay-gradient":""},"mobile":{"background-color":"var(--ast-global-color-5)","background-image":"","background-repeat":"repeat","background-position":"center center","background-size":"auto","background-attachment":"scroll","background-type":"","background-media":"","overlay-type":"","overlay-color":"","overlay-opacity":"","overlay-gradient":""}},"footnotes":""},"categories":[9,12],"tags":[11,46,5,19],"class_list":["post-2882","post","type-post","status-publish","format-standard","has-post-thumbnail","hentry","category-lugares-emblematicos-de-valencia","category-valencia-cultura","tag-playa-malvarrosa","tag-playas-de-valencia","tag-valencia","tag-verano-en-valencia"],"yoast_head":"<!-- This site is optimized with the Yoast SEO plugin v25.6 - https:\/\/yoast.com\/wordpress\/plugins\/seo\/ -->\n<title>Las playas de Valencia<\/title>\n<meta name=\"description\" content=\"Las playas de Valencia son accesibles, c\u00f3modas, algunas de ellas naturales, a las que podemos llegar en transporte p\u00fablico.\" \/>\n<meta name=\"robots\" content=\"index, follow, max-snippet:-1, max-image-preview:large, max-video-preview:-1\" \/>\n<link rel=\"canonical\" href=\"https:\/\/casaisabel.es\/de\/las-playas-de-valencia\/\" \/>\n<meta property=\"og:locale\" content=\"de_DE\" \/>\n<meta property=\"og:type\" content=\"article\" \/>\n<meta property=\"og:title\" content=\"Las playas de Valencia\" \/>\n<meta property=\"og:description\" content=\"Las playas de Valencia son accesibles, c\u00f3modas, algunas de ellas naturales, a las que podemos llegar en transporte p\u00fablico.\" \/>\n<meta property=\"og:url\" content=\"https:\/\/casaisabel.es\/de\/las-playas-de-valencia\/\" \/>\n<meta property=\"og:site_name\" content=\"Casa Isabel\" \/>\n<meta property=\"article:published_time\" content=\"2025-08-11T00:04:27+00:00\" \/>\n<meta property=\"og:image\" content=\"https:\/\/casaisabel.es\/wp-content\/uploads\/2015\/08\/sun-332498_1280.jpg\" \/>\n\t<meta property=\"og:image:width\" content=\"1280\" \/>\n\t<meta property=\"og:image:height\" content=\"366\" \/>\n\t<meta property=\"og:image:type\" content=\"image\/jpeg\" \/>\n<meta name=\"author\" content=\"Admin\" \/>\n<meta name=\"twitter:card\" content=\"summary_large_image\" \/>\n<meta name=\"twitter:label1\" content=\"Written by\" \/>\n\t<meta name=\"twitter:data1\" content=\"Admin\" \/>\n\t<meta name=\"twitter:label2\" content=\"Est. reading time\" \/>\n\t<meta name=\"twitter:data2\" content=\"2 minutes\" \/>\n<script type=\"application\/ld+json\" class=\"yoast-schema-graph\">{\"@context\":\"https:\/\/schema.org\",\"@graph\":[{\"@type\":\"Article\",\"@id\":\"https:\/\/casaisabel.es\/las-playas-de-valencia\/#article\",\"isPartOf\":{\"@id\":\"https:\/\/casaisabel.es\/las-playas-de-valencia\/\"},\"author\":{\"name\":\"Admin\",\"@id\":\"https:\/\/casaisabel.es\/#\/schema\/person\/66308f25a39c9cb32c4e78cf8cfa36cf\"},\"headline\":\"Las playas de Valencia\",\"datePublished\":\"2025-08-11T00:04:27+00:00\",\"mainEntityOfPage\":{\"@id\":\"https:\/\/casaisabel.es\/las-playas-de-valencia\/\"},\"wordCount\":331,\"publisher\":{\"@id\":\"https:\/\/casaisabel.es\/#organization\"},\"image\":{\"@id\":\"https:\/\/casaisabel.es\/las-playas-de-valencia\/#primaryimage\"},\"thumbnailUrl\":\"https:\/\/casaisabel.es\/wp-content\/uploads\/2015\/08\/sun-332498_1280.jpg\",\"keywords\":[\"playa malvarrosa\",\"playas de valencia\",\"Valencia\",\"verano en valencia\"],\"articleSection\":[\"Lugares emblem\u00e1ticos de Valencia\",\"Valencia cultura\"],\"inLanguage\":\"de-DE\"},{\"@type\":\"WebPage\",\"@id\":\"https:\/\/casaisabel.es\/las-playas-de-valencia\/\",\"url\":\"https:\/\/casaisabel.es\/las-playas-de-valencia\/\",\"name\":\"Las playas de Valencia\",\"isPartOf\":{\"@id\":\"https:\/\/casaisabel.es\/#website\"},\"primaryImageOfPage\":{\"@id\":\"https:\/\/casaisabel.es\/las-playas-de-valencia\/#primaryimage\"},\"image\":{\"@id\":\"https:\/\/casaisabel.es\/las-playas-de-valencia\/#primaryimage\"},\"thumbnailUrl\":\"https:\/\/casaisabel.es\/wp-content\/uploads\/2015\/08\/sun-332498_1280.jpg\",\"datePublished\":\"2025-08-11T00:04:27+00:00\",\"description\":\"Las playas de Valencia son accesibles, c\u00f3modas, algunas de ellas naturales, a las que podemos llegar en transporte p\u00fablico.\",\"breadcrumb\":{\"@id\":\"https:\/\/casaisabel.es\/las-playas-de-valencia\/#breadcrumb\"},\"inLanguage\":\"de-DE\",\"potentialAction\":[{\"@type\":\"ReadAction\",\"target\":[\"https:\/\/casaisabel.es\/las-playas-de-valencia\/\"]}]},{\"@type\":\"ImageObject\",\"inLanguage\":\"de-DE\",\"@id\":\"https:\/\/casaisabel.es\/las-playas-de-valencia\/#primaryimage\",\"url\":\"https:\/\/casaisabel.es\/wp-content\/uploads\/2015\/08\/sun-332498_1280.jpg\",\"contentUrl\":\"https:\/\/casaisabel.es\/wp-content\/uploads\/2015\/08\/sun-332498_1280.jpg\",\"width\":1280,\"height\":366,\"caption\":\"playas de valencia- casa isabel\"},{\"@type\":\"BreadcrumbList\",\"@id\":\"https:\/\/casaisabel.es\/las-playas-de-valencia\/#breadcrumb\",\"itemListElement\":[{\"@type\":\"ListItem\",\"position\":1,\"name\":\"Portada\",\"item\":\"https:\/\/casaisabel.es\/\"},{\"@type\":\"ListItem\",\"position\":2,\"name\":\"Las playas de Valencia\"}]},{\"@type\":\"WebSite\",\"@id\":\"https:\/\/casaisabel.es\/#website\",\"url\":\"https:\/\/casaisabel.es\/\",\"name\":\"Casa Isabel\",\"description\":\"S\u00f3lo otro sitio de WordPress\",\"publisher\":{\"@id\":\"https:\/\/casaisabel.es\/#organization\"},\"potentialAction\":[{\"@type\":\"SearchAction\",\"target\":{\"@type\":\"EntryPoint\",\"urlTemplate\":\"https:\/\/casaisabel.es\/?s={search_term_string}\"},\"query-input\":{\"@type\":\"PropertyValueSpecification\",\"valueRequired\":true,\"valueName\":\"search_term_string\"}}],\"inLanguage\":\"de-DE\"},{\"@type\":\"Organization\",\"@id\":\"https:\/\/casaisabel.es\/#organization\",\"name\":\"Casa Isabel\",\"url\":\"https:\/\/casaisabel.es\/\",\"logo\":{\"@type\":\"ImageObject\",\"inLanguage\":\"de-DE\",\"@id\":\"https:\/\/casaisabel.es\/#\/schema\/logo\/image\/\",\"url\":\"https:\/\/casaisabel.es\/wp-content\/uploads\/2023\/09\/casaIsabel.svg\",\"contentUrl\":\"https:\/\/casaisabel.es\/wp-content\/uploads\/2023\/09\/casaIsabel.svg\",\"width\":211,\"height\":49,\"caption\":\"Casa Isabel\"},\"image\":{\"@id\":\"https:\/\/casaisabel.es\/#\/schema\/logo\/image\/\"}},{\"@type\":\"Person\",\"@id\":\"https:\/\/casaisabel.es\/#\/schema\/person\/66308f25a39c9cb32c4e78cf8cfa36cf\",\"name\":\"Admin\",\"image\":{\"@type\":\"ImageObject\",\"inLanguage\":\"de-DE\",\"@id\":\"https:\/\/casaisabel.es\/#\/schema\/person\/image\/\",\"url\":\"https:\/\/secure.gravatar.com\/avatar\/cfa1bef4e15c827fa091464736c1d269687e21ac8972ec35aec466b4aa06b9c8?s=96&d=mm&r=g\",\"contentUrl\":\"https:\/\/secure.gravatar.com\/avatar\/cfa1bef4e15c827fa091464736c1d269687e21ac8972ec35aec466b4aa06b9c8?s=96&d=mm&r=g\",\"caption\":\"Admin\"},\"url\":\"https:\/\/casaisabel.es\/de\/author\/admin-2\/\"}]}<\/script>\n<!-- \/ Yoast SEO plugin. -->","yoast_head_json":{"title":"Las playas de Valencia","description":"Las playas de Valencia son accesibles, c\u00f3modas, algunas de ellas naturales, a las que podemos llegar en transporte p\u00fablico.","robots":{"index":"index","follow":"follow","max-snippet":"max-snippet:-1","max-image-preview":"max-image-preview:large","max-video-preview":"max-video-preview:-1"},"canonical":"https:\/\/casaisabel.es\/de\/las-playas-de-valencia\/","og_locale":"de_DE","og_type":"article","og_title":"Las playas de Valencia","og_description":"Las playas de Valencia son accesibles, c\u00f3modas, algunas de ellas naturales, a las que podemos llegar en transporte p\u00fablico.","og_url":"https:\/\/casaisabel.es\/de\/las-playas-de-valencia\/","og_site_name":"Casa Isabel","article_published_time":"2025-08-11T00:04:27+00:00","og_image":[{"width":1280,"height":366,"url":"https:\/\/casaisabel.es\/wp-content\/uploads\/2015\/08\/sun-332498_1280.jpg","type":"image\/jpeg"}],"author":"Admin","twitter_card":"summary_large_image","twitter_misc":{"Written by":"Admin","Est. reading time":"2 minutes"},"schema":{"@context":"https:\/\/schema.org","@graph":[{"@type":"Article","@id":"https:\/\/casaisabel.es\/las-playas-de-valencia\/#article","isPartOf":{"@id":"https:\/\/casaisabel.es\/las-playas-de-valencia\/"},"author":{"name":"Admin","@id":"https:\/\/casaisabel.es\/#\/schema\/person\/66308f25a39c9cb32c4e78cf8cfa36cf"},"headline":"Las playas de Valencia","datePublished":"2025-08-11T00:04:27+00:00","mainEntityOfPage":{"@id":"https:\/\/casaisabel.es\/las-playas-de-valencia\/"},"wordCount":331,"publisher":{"@id":"https:\/\/casaisabel.es\/#organization"},"image":{"@id":"https:\/\/casaisabel.es\/las-playas-de-valencia\/#primaryimage"},"thumbnailUrl":"https:\/\/casaisabel.es\/wp-content\/uploads\/2015\/08\/sun-332498_1280.jpg","keywords":["playa malvarrosa","playas de valencia","Valencia","verano en valencia"],"articleSection":["Lugares emblem\u00e1ticos de Valencia","Valencia cultura"],"inLanguage":"de-DE"},{"@type":"WebPage","@id":"https:\/\/casaisabel.es\/las-playas-de-valencia\/","url":"https:\/\/casaisabel.es\/las-playas-de-valencia\/","name":"Las playas de Valencia","isPartOf":{"@id":"https:\/\/casaisabel.es\/#website"},"primaryImageOfPage":{"@id":"https:\/\/casaisabel.es\/las-playas-de-valencia\/#primaryimage"},"image":{"@id":"https:\/\/casaisabel.es\/las-playas-de-valencia\/#primaryimage"},"thumbnailUrl":"https:\/\/casaisabel.es\/wp-content\/uploads\/2015\/08\/sun-332498_1280.jpg","datePublished":"2025-08-11T00:04:27+00:00","description":"Las playas de Valencia son accesibles, c\u00f3modas, algunas de ellas naturales, a las que podemos llegar en transporte p\u00fablico.","breadcrumb":{"@id":"https:\/\/casaisabel.es\/las-playas-de-valencia\/#breadcrumb"},"inLanguage":"de-DE","potentialAction":[{"@type":"ReadAction","target":["https:\/\/casaisabel.es\/las-playas-de-valencia\/"]}]},{"@type":"ImageObject","inLanguage":"de-DE","@id":"https:\/\/casaisabel.es\/las-playas-de-valencia\/#primaryimage","url":"https:\/\/casaisabel.es\/wp-content\/uploads\/2015\/08\/sun-332498_1280.jpg","contentUrl":"https:\/\/casaisabel.es\/wp-content\/uploads\/2015\/08\/sun-332498_1280.jpg","width":1280,"height":366,"caption":"playas de valencia- casa isabel"},{"@type":"BreadcrumbList","@id":"https:\/\/casaisabel.es\/las-playas-de-valencia\/#breadcrumb","itemListElement":[{"@type":"ListItem","position":1,"name":"Portada","item":"https:\/\/casaisabel.es\/"},{"@type":"ListItem","position":2,"name":"Las playas de Valencia"}]},{"@type":"WebSite","@id":"https:\/\/casaisabel.es\/#website","url":"https:\/\/casaisabel.es\/","name":"Casa Isabel","description":"S\u00f3lo otro sitio de WordPress","publisher":{"@id":"https:\/\/casaisabel.es\/#organization"},"potentialAction":[{"@type":"SearchAction","target":{"@type":"EntryPoint","urlTemplate":"https:\/\/casaisabel.es\/?s={search_term_string}"},"query-input":{"@type":"PropertyValueSpecification","valueRequired":true,"valueName":"search_term_string"}}],"inLanguage":"de-DE"},{"@type":"Organization","@id":"https:\/\/casaisabel.es\/#organization","name":"Casa Isabel","url":"https:\/\/casaisabel.es\/","logo":{"@type":"ImageObject","inLanguage":"de-DE","@id":"https:\/\/casaisabel.es\/#\/schema\/logo\/image\/","url":"https:\/\/casaisabel.es\/wp-content\/uploads\/2023\/09\/casaIsabel.svg","contentUrl":"https:\/\/casaisabel.es\/wp-content\/uploads\/2023\/09\/casaIsabel.svg","width":211,"height":49,"caption":"Casa Isabel"},"image":{"@id":"https:\/\/casaisabel.es\/#\/schema\/logo\/image\/"}},{"@type":"Person","@id":"https:\/\/casaisabel.es\/#\/schema\/person\/66308f25a39c9cb32c4e78cf8cfa36cf","name":"Admin","image":{"@type":"ImageObject","inLanguage":"de-DE","@id":"https:\/\/casaisabel.es\/#\/schema\/person\/image\/","url":"https:\/\/secure.gravatar.com\/avatar\/cfa1bef4e15c827fa091464736c1d269687e21ac8972ec35aec466b4aa06b9c8?s=96&d=mm&r=g","contentUrl":"https:\/\/secure.gravatar.com\/avatar\/cfa1bef4e15c827fa091464736c1d269687e21ac8972ec35aec466b4aa06b9c8?s=96&d=mm&r=g","caption":"Admin"},"url":"https:\/\/casaisabel.es\/de\/author\/admin-2\/"}]}},"_links":{"self":[{"href":"https:\/\/casaisabel.es\/de\/wp-json\/wp\/v2\/posts\/2882","targetHints":{"allow":["GET"]}}],"collection":[{"href":"https:\/\/casaisabel.es\/de\/wp-json\/wp\/v2\/posts"}],"about":[{"href":"https:\/\/casaisabel.es\/de\/wp-json\/wp\/v2\/types\/post"}],"author":[{"embeddable":true,"href":"https:\/\/casaisabel.es\/de\/wp-json\/wp\/v2\/users\/2"}],"replies":[{"embeddable":true,"href":"https:\/\/casaisabel.es\/de\/wp-json\/wp\/v2\/comments?post=2882"}],"version-history":[{"count":0,"href":"https:\/\/casaisabel.es\/de\/wp-json\/wp\/v2\/posts\/2882\/revisions"}],"wp:featuredmedia":[{"embeddable":true,"href":"https:\/\/casaisabel.es\/de\/wp-json\/wp\/v2\/media\/2886"}],"wp:attachment":[{"href":"https:\/\/casaisabel.es\/de\/wp-json\/wp\/v2\/media?parent=2882"}],"wp:term":[{"taxonomy":"category","embeddable":true,"href":"https:\/\/casaisabel.es\/de\/wp-json\/wp\/v2\/categories?post=2882"},{"taxonomy":"post_tag","embeddable":true,"href":"https:\/\/casaisabel.es\/de\/wp-json\/wp\/v2\/tags?post=2882"}],"curies":[{"name":"wp","href":"https:\/\/api.w.org\/{rel}","templated":true}]}}