{"id":2866,"date":"2025-08-10T00:08:54","date_gmt":"2025-08-10T00:08:54","guid":{"rendered":"https:\/\/casaisabel.es\/?p=2866---ac5e789d-e114-463d-9fa5-b86d4da87a53"},"modified":"2025-08-10T00:08:54","modified_gmt":"2025-08-10T00:08:54","slug":"mucho-mas-que-paella-gastronomia-valenciana-y-las-cerezas-de-la-montana-de-alicante","status":"publish","type":"post","link":"https:\/\/casaisabel.es\/de\/mucho-mas-que-paella-gastronomia-valenciana-y-las-cerezas-de-la-montana-de-alicante\/","title":{"rendered":"Mucho m\u00e1s que paella: gastronom\u00eda valenciana y las cerezas de la monta\u00f1a de Alicante"},"content":{"rendered":"<p style=\"text-align: justify;\">Nadie puede negar que la gastronom\u00eda valenciana es <strong>una de las m\u00e1s ricas de todo el Mediterr\u00e1neo<\/strong>. Si bien esta ha alcanzado merecida fama por algunos platos tradicionales como la paella y otras recetas asociadas especialmente a zonas de playa, existen multitud de otros productos de gran calidad repartidos por toda su geograf\u00eda. <strong>La cereza de la monta\u00f1a de Alicante<\/strong> constituye el caso m\u00e1s preclaro.<\/p>\n<p style=\"text-align: justify;\"><!--more--><\/p>\n<p style=\"text-align: justify;\">Hist\u00f3ricamente, <strong>fueron los romanos quienes introdujeron su cultivo<\/strong> en el actual terreno de Valencia. Posteriormente, los pueblos \u00e1rabes asentados en la zona perfeccionaron e hicieron habitual su cultivo. En la actualidad, <strong>esta fruta cuenta con su propia indicaci\u00f3n geogr\u00e1fica<\/strong> protegida y supone uno de los productos aut\u00f3ctonos mejor valorados.<\/p>\n<p style=\"text-align: justify;\">Como ya sabr\u00e1s si has tenido la oportunidad de probarlas, se trata de un <strong>fruto de intenso color rojo carm\u00edn, con un sabor dulce y una pulpa blanda y rojiza.<\/strong> Por fuera se muestran peque\u00f1as y redondas, con un extremo puntiagudo.<\/p>\n<p style=\"text-align: justify;\">Su zona de cultivo la encontramos repartida entre varios <strong>municipios del sur de la provincia de Valencia y el norte de Alicante<\/strong>, la cual destaca especialmente por su terreno monta\u00f1oso, muy pr\u00f3digo en suelos con poca materia org\u00e1nica y ricos en carbonato c\u00e1lcico. La altura de estas monta\u00f1as y un clima mediterr\u00e1neo suave resultan tambi\u00e9n <strong>determinantes para su <a href=\"http:\/\/www.cerezas.org\/\">excelente calidad<\/a><\/strong><a href=\"http:\/\/www.cerezas.org\/\">.<\/a><\/p>\n<p style=\"text-align: justify;\">Puedes encontrar en el mercado cerezas de la monta\u00f1a de Alicante <strong>hasta final de verano<\/strong>. Su \u00e9poca de recolecci\u00f3n se extiende, a grandes rasgos, desde abril hasta finales de julio y <strong>se recogen siempre directamente del \u00e1rbol.<\/strong> Asimismo, se puede elegir entre diferentes variedades, aunque la categor\u00eda de todas ellas siempre ser\u00e1 extra o primera.<\/p>\n<p style=\"text-align: justify;\">Las cerezas se adquieren f\u00e1cilmente en cualquier fruter\u00eda. <strong>Resultan igualmente habituales como postre o formando parte de diferentes recetas<\/strong> en diversos establecimientos de Valencia, en el centro o en la playa, en una arrocer\u00eda o en un restaurante de la Malvarrosa.<\/p>\n<p style=\"text-align: justify;\"><a href=\"https:\/\/pixabay.com\/es\/cereza-cereza-dulce-rojo-frutas-167341\/\">Imagen<\/a><\/p>","protected":false},"excerpt":{"rendered":"<p>Nadie puede negar que la gastronom\u00eda valenciana es una de las m\u00e1s ricas de todo el Mediterr\u00e1neo. Si bien esta ha alcanzado merecida fama por algunos platos tradicionales como la paella y otras recetas asociadas especialmente a zonas de playa, existen multitud de otros productos de gran calidad repartidos por toda su geograf\u00eda. La cereza [&hellip;]<\/p>","protected":false},"author":2,"featured_media":2867,"comment_status":"closed","ping_status":"closed","sticky":false,"template":"","format":"standard","meta":{"site-sidebar-layout":"default","site-content-layout":"","ast-site-content-layout":"","site-content-style":"default","site-sidebar-style":"default","ast-global-header-display":"","ast-banner-title-visibility":"","ast-main-header-display":"","ast-hfb-above-header-display":"","ast-hfb-below-header-display":"","ast-hfb-mobile-header-display":"","site-post-title":"","ast-breadcrumbs-content":"","ast-featured-img":"","footer-sml-layout":"","theme-transparent-header-meta":"","adv-header-id-meta":"","stick-header-meta":"","header-above-stick-meta":"","header-main-stick-meta":"","header-below-stick-meta":"","astra-migrate-meta-layouts":"default","ast-page-background-enabled":"default","ast-page-background-meta":{"desktop":{"background-color":"var(--ast-global-color-4)","background-image":"","background-repeat":"repeat","background-position":"center center","background-size":"auto","background-attachment":"scroll","background-type":"","background-media":"","overlay-type":"","overlay-color":"","overlay-opacity":"","overlay-gradient":""},"tablet":{"background-color":"","background-image":"","background-repeat":"repeat","background-position":"center center","background-size":"auto","background-attachment":"scroll","background-type":"","background-media":"","overlay-type":"","overlay-color":"","overlay-opacity":"","overlay-gradient":""},"mobile":{"background-color":"","background-image":"","background-repeat":"repeat","background-position":"center center","background-size":"auto","background-attachment":"scroll","background-type":"","background-media":"","overlay-type":"","overlay-color":"","overlay-opacity":"","overlay-gradient":""}},"ast-content-background-meta":{"desktop":{"background-color":"var(--ast-global-color-5)","background-image":"","background-repeat":"repeat","background-position":"center center","background-size":"auto","background-attachment":"scroll","background-type":"","background-media":"","overlay-type":"","overlay-color":"","overlay-opacity":"","overlay-gradient":""},"tablet":{"background-color":"var(--ast-global-color-5)","background-image":"","background-repeat":"repeat","background-position":"center center","background-size":"auto","background-attachment":"scroll","background-type":"","background-media":"","overlay-type":"","overlay-color":"","overlay-opacity":"","overlay-gradient":""},"mobile":{"background-color":"var(--ast-global-color-5)","background-image":"","background-repeat":"repeat","background-position":"center center","background-size":"auto","background-attachment":"scroll","background-type":"","background-media":"","overlay-type":"","overlay-color":"","overlay-opacity":"","overlay-gradient":""}},"footnotes":""},"categories":[8,3],"tags":[43,23,28],"class_list":["post-2866","post","type-post","status-publish","format-standard","has-post-thumbnail","hentry","category-d-o-valencia-y-tipos-vino","category-gastronomia","tag-denominacion-de-origen","tag-feria-de-julio-de-valencia","tag-gastronomia-2"],"yoast_head":"<!-- This site is optimized with the Yoast SEO plugin v25.6 - https:\/\/yoast.com\/wordpress\/plugins\/seo\/ -->\n<title>Mucho m\u00e1s que paella: gastronom\u00eda valenciana y las cerezas de la monta\u00f1a de Alicante<\/title>\n<meta name=\"description\" content=\"Nadie puede negar que la gastronom\u00eda valenciana es una de las m\u00e1s ricas de todo el Mediterr\u00e1neo.\" \/>\n<meta name=\"robots\" content=\"index, follow, max-snippet:-1, max-image-preview:large, max-video-preview:-1\" \/>\n<link rel=\"canonical\" href=\"https:\/\/casaisabel.es\/de\/mucho-mas-que-paella-gastronomia-valenciana-y-las-cerezas-de-la-montana-de-alicante\/\" \/>\n<meta property=\"og:locale\" content=\"de_DE\" \/>\n<meta property=\"og:type\" content=\"article\" \/>\n<meta property=\"og:title\" content=\"Mucho m\u00e1s que paella: gastronom\u00eda valenciana y las cerezas de la monta\u00f1a de Alicante\" \/>\n<meta property=\"og:description\" content=\"Nadie puede negar que la gastronom\u00eda valenciana es una de las m\u00e1s ricas de todo el Mediterr\u00e1neo.\" \/>\n<meta property=\"og:url\" content=\"https:\/\/casaisabel.es\/de\/mucho-mas-que-paella-gastronomia-valenciana-y-las-cerezas-de-la-montana-de-alicante\/\" \/>\n<meta property=\"og:site_name\" content=\"Casa Isabel\" \/>\n<meta property=\"article:published_time\" content=\"2025-08-10T00:08:54+00:00\" \/>\n<meta property=\"og:image\" content=\"https:\/\/casaisabel.es\/wp-content\/uploads\/2015\/08\/cherry-167341_1280.jpg\" \/>\n\t<meta property=\"og:image:width\" content=\"1280\" \/>\n\t<meta property=\"og:image:height\" content=\"744\" \/>\n\t<meta property=\"og:image:type\" content=\"image\/jpeg\" \/>\n<meta name=\"author\" content=\"Admin\" \/>\n<meta name=\"twitter:card\" content=\"summary_large_image\" \/>\n<meta name=\"twitter:label1\" content=\"Written by\" \/>\n\t<meta name=\"twitter:data1\" content=\"Admin\" \/>\n\t<meta name=\"twitter:label2\" content=\"Est. reading time\" \/>\n\t<meta name=\"twitter:data2\" content=\"2 minutes\" \/>\n<script type=\"application\/ld+json\" class=\"yoast-schema-graph\">{\"@context\":\"https:\/\/schema.org\",\"@graph\":[{\"@type\":\"Article\",\"@id\":\"https:\/\/casaisabel.es\/mucho-mas-que-paella-gastronomia-valenciana-y-las-cerezas-de-la-montana-de-alicante\/#article\",\"isPartOf\":{\"@id\":\"https:\/\/casaisabel.es\/mucho-mas-que-paella-gastronomia-valenciana-y-las-cerezas-de-la-montana-de-alicante\/\"},\"author\":{\"name\":\"Admin\",\"@id\":\"https:\/\/casaisabel.es\/#\/schema\/person\/66308f25a39c9cb32c4e78cf8cfa36cf\"},\"headline\":\"Mucho m\u00e1s que paella: gastronom\u00eda valenciana y las cerezas de la monta\u00f1a de Alicante\",\"datePublished\":\"2025-08-10T00:08:54+00:00\",\"mainEntityOfPage\":{\"@id\":\"https:\/\/casaisabel.es\/mucho-mas-que-paella-gastronomia-valenciana-y-las-cerezas-de-la-montana-de-alicante\/\"},\"wordCount\":355,\"publisher\":{\"@id\":\"https:\/\/casaisabel.es\/#organization\"},\"image\":{\"@id\":\"https:\/\/casaisabel.es\/mucho-mas-que-paella-gastronomia-valenciana-y-las-cerezas-de-la-montana-de-alicante\/#primaryimage\"},\"thumbnailUrl\":\"https:\/\/casaisabel.es\/wp-content\/uploads\/2015\/08\/cherry-167341_1280.jpg\",\"keywords\":[\"denominacion de origen\",\"feria de julio de valencia\",\"gastronom\u00eda\"],\"articleSection\":[\"D.O. Valencia y tipos vino\",\"Gastronom\u00eda\"],\"inLanguage\":\"de-DE\"},{\"@type\":\"WebPage\",\"@id\":\"https:\/\/casaisabel.es\/mucho-mas-que-paella-gastronomia-valenciana-y-las-cerezas-de-la-montana-de-alicante\/\",\"url\":\"https:\/\/casaisabel.es\/mucho-mas-que-paella-gastronomia-valenciana-y-las-cerezas-de-la-montana-de-alicante\/\",\"name\":\"Mucho m\u00e1s que paella: gastronom\u00eda valenciana y las cerezas de la monta\u00f1a de Alicante\",\"isPartOf\":{\"@id\":\"https:\/\/casaisabel.es\/#website\"},\"primaryImageOfPage\":{\"@id\":\"https:\/\/casaisabel.es\/mucho-mas-que-paella-gastronomia-valenciana-y-las-cerezas-de-la-montana-de-alicante\/#primaryimage\"},\"image\":{\"@id\":\"https:\/\/casaisabel.es\/mucho-mas-que-paella-gastronomia-valenciana-y-las-cerezas-de-la-montana-de-alicante\/#primaryimage\"},\"thumbnailUrl\":\"https:\/\/casaisabel.es\/wp-content\/uploads\/2015\/08\/cherry-167341_1280.jpg\",\"datePublished\":\"2025-08-10T00:08:54+00:00\",\"description\":\"Nadie puede negar que la gastronom\u00eda valenciana es una de las m\u00e1s ricas de todo el Mediterr\u00e1neo.\",\"breadcrumb\":{\"@id\":\"https:\/\/casaisabel.es\/mucho-mas-que-paella-gastronomia-valenciana-y-las-cerezas-de-la-montana-de-alicante\/#breadcrumb\"},\"inLanguage\":\"de-DE\",\"potentialAction\":[{\"@type\":\"ReadAction\",\"target\":[\"https:\/\/casaisabel.es\/mucho-mas-que-paella-gastronomia-valenciana-y-las-cerezas-de-la-montana-de-alicante\/\"]}]},{\"@type\":\"ImageObject\",\"inLanguage\":\"de-DE\",\"@id\":\"https:\/\/casaisabel.es\/mucho-mas-que-paella-gastronomia-valenciana-y-las-cerezas-de-la-montana-de-alicante\/#primaryimage\",\"url\":\"https:\/\/casaisabel.es\/wp-content\/uploads\/2015\/08\/cherry-167341_1280.jpg\",\"contentUrl\":\"https:\/\/casaisabel.es\/wp-content\/uploads\/2015\/08\/cherry-167341_1280.jpg\",\"width\":1280,\"height\":744,\"caption\":\"casa sabel-cereza\"},{\"@type\":\"BreadcrumbList\",\"@id\":\"https:\/\/casaisabel.es\/mucho-mas-que-paella-gastronomia-valenciana-y-las-cerezas-de-la-montana-de-alicante\/#breadcrumb\",\"itemListElement\":[{\"@type\":\"ListItem\",\"position\":1,\"name\":\"Portada\",\"item\":\"https:\/\/casaisabel.es\/\"},{\"@type\":\"ListItem\",\"position\":2,\"name\":\"Mucho m\u00e1s que paella: gastronom\u00eda valenciana y las cerezas de la monta\u00f1a de Alicante\"}]},{\"@type\":\"WebSite\",\"@id\":\"https:\/\/casaisabel.es\/#website\",\"url\":\"https:\/\/casaisabel.es\/\",\"name\":\"Casa Isabel\",\"description\":\"S\u00f3lo otro sitio de WordPress\",\"publisher\":{\"@id\":\"https:\/\/casaisabel.es\/#organization\"},\"potentialAction\":[{\"@type\":\"SearchAction\",\"target\":{\"@type\":\"EntryPoint\",\"urlTemplate\":\"https:\/\/casaisabel.es\/?s={search_term_string}\"},\"query-input\":{\"@type\":\"PropertyValueSpecification\",\"valueRequired\":true,\"valueName\":\"search_term_string\"}}],\"inLanguage\":\"de-DE\"},{\"@type\":\"Organization\",\"@id\":\"https:\/\/casaisabel.es\/#organization\",\"name\":\"Casa Isabel\",\"url\":\"https:\/\/casaisabel.es\/\",\"logo\":{\"@type\":\"ImageObject\",\"inLanguage\":\"de-DE\",\"@id\":\"https:\/\/casaisabel.es\/#\/schema\/logo\/image\/\",\"url\":\"https:\/\/casaisabel.es\/wp-content\/uploads\/2023\/09\/casaIsabel.svg\",\"contentUrl\":\"https:\/\/casaisabel.es\/wp-content\/uploads\/2023\/09\/casaIsabel.svg\",\"width\":211,\"height\":49,\"caption\":\"Casa Isabel\"},\"image\":{\"@id\":\"https:\/\/casaisabel.es\/#\/schema\/logo\/image\/\"}},{\"@type\":\"Person\",\"@id\":\"https:\/\/casaisabel.es\/#\/schema\/person\/66308f25a39c9cb32c4e78cf8cfa36cf\",\"name\":\"Admin\",\"image\":{\"@type\":\"ImageObject\",\"inLanguage\":\"de-DE\",\"@id\":\"https:\/\/casaisabel.es\/#\/schema\/person\/image\/\",\"url\":\"https:\/\/secure.gravatar.com\/avatar\/cfa1bef4e15c827fa091464736c1d269687e21ac8972ec35aec466b4aa06b9c8?s=96&d=mm&r=g\",\"contentUrl\":\"https:\/\/secure.gravatar.com\/avatar\/cfa1bef4e15c827fa091464736c1d269687e21ac8972ec35aec466b4aa06b9c8?s=96&d=mm&r=g\",\"caption\":\"Admin\"},\"url\":\"https:\/\/casaisabel.es\/de\/author\/admin-2\/\"}]}<\/script>\n<!-- \/ Yoast SEO plugin. -->","yoast_head_json":{"title":"Mucho m\u00e1s que paella: gastronom\u00eda valenciana y las cerezas de la monta\u00f1a de Alicante","description":"Nadie puede negar que la gastronom\u00eda valenciana es una de las m\u00e1s ricas de todo el Mediterr\u00e1neo.","robots":{"index":"index","follow":"follow","max-snippet":"max-snippet:-1","max-image-preview":"max-image-preview:large","max-video-preview":"max-video-preview:-1"},"canonical":"https:\/\/casaisabel.es\/de\/mucho-mas-que-paella-gastronomia-valenciana-y-las-cerezas-de-la-montana-de-alicante\/","og_locale":"de_DE","og_type":"article","og_title":"Mucho m\u00e1s que paella: gastronom\u00eda valenciana y las cerezas de la monta\u00f1a de Alicante","og_description":"Nadie puede negar que la gastronom\u00eda valenciana es una de las m\u00e1s ricas de todo el Mediterr\u00e1neo.","og_url":"https:\/\/casaisabel.es\/de\/mucho-mas-que-paella-gastronomia-valenciana-y-las-cerezas-de-la-montana-de-alicante\/","og_site_name":"Casa Isabel","article_published_time":"2025-08-10T00:08:54+00:00","og_image":[{"width":1280,"height":744,"url":"https:\/\/casaisabel.es\/wp-content\/uploads\/2015\/08\/cherry-167341_1280.jpg","type":"image\/jpeg"}],"author":"Admin","twitter_card":"summary_large_image","twitter_misc":{"Written by":"Admin","Est. reading time":"2 minutes"},"schema":{"@context":"https:\/\/schema.org","@graph":[{"@type":"Article","@id":"https:\/\/casaisabel.es\/mucho-mas-que-paella-gastronomia-valenciana-y-las-cerezas-de-la-montana-de-alicante\/#article","isPartOf":{"@id":"https:\/\/casaisabel.es\/mucho-mas-que-paella-gastronomia-valenciana-y-las-cerezas-de-la-montana-de-alicante\/"},"author":{"name":"Admin","@id":"https:\/\/casaisabel.es\/#\/schema\/person\/66308f25a39c9cb32c4e78cf8cfa36cf"},"headline":"Mucho m\u00e1s que paella: gastronom\u00eda valenciana y las cerezas de la monta\u00f1a de Alicante","datePublished":"2025-08-10T00:08:54+00:00","mainEntityOfPage":{"@id":"https:\/\/casaisabel.es\/mucho-mas-que-paella-gastronomia-valenciana-y-las-cerezas-de-la-montana-de-alicante\/"},"wordCount":355,"publisher":{"@id":"https:\/\/casaisabel.es\/#organization"},"image":{"@id":"https:\/\/casaisabel.es\/mucho-mas-que-paella-gastronomia-valenciana-y-las-cerezas-de-la-montana-de-alicante\/#primaryimage"},"thumbnailUrl":"https:\/\/casaisabel.es\/wp-content\/uploads\/2015\/08\/cherry-167341_1280.jpg","keywords":["denominacion de origen","feria de julio de valencia","gastronom\u00eda"],"articleSection":["D.O. Valencia y tipos vino","Gastronom\u00eda"],"inLanguage":"de-DE"},{"@type":"WebPage","@id":"https:\/\/casaisabel.es\/mucho-mas-que-paella-gastronomia-valenciana-y-las-cerezas-de-la-montana-de-alicante\/","url":"https:\/\/casaisabel.es\/mucho-mas-que-paella-gastronomia-valenciana-y-las-cerezas-de-la-montana-de-alicante\/","name":"Mucho m\u00e1s que paella: gastronom\u00eda valenciana y las cerezas de la monta\u00f1a de Alicante","isPartOf":{"@id":"https:\/\/casaisabel.es\/#website"},"primaryImageOfPage":{"@id":"https:\/\/casaisabel.es\/mucho-mas-que-paella-gastronomia-valenciana-y-las-cerezas-de-la-montana-de-alicante\/#primaryimage"},"image":{"@id":"https:\/\/casaisabel.es\/mucho-mas-que-paella-gastronomia-valenciana-y-las-cerezas-de-la-montana-de-alicante\/#primaryimage"},"thumbnailUrl":"https:\/\/casaisabel.es\/wp-content\/uploads\/2015\/08\/cherry-167341_1280.jpg","datePublished":"2025-08-10T00:08:54+00:00","description":"Nadie puede negar que la gastronom\u00eda valenciana es una de las m\u00e1s ricas de todo el Mediterr\u00e1neo.","breadcrumb":{"@id":"https:\/\/casaisabel.es\/mucho-mas-que-paella-gastronomia-valenciana-y-las-cerezas-de-la-montana-de-alicante\/#breadcrumb"},"inLanguage":"de-DE","potentialAction":[{"@type":"ReadAction","target":["https:\/\/casaisabel.es\/mucho-mas-que-paella-gastronomia-valenciana-y-las-cerezas-de-la-montana-de-alicante\/"]}]},{"@type":"ImageObject","inLanguage":"de-DE","@id":"https:\/\/casaisabel.es\/mucho-mas-que-paella-gastronomia-valenciana-y-las-cerezas-de-la-montana-de-alicante\/#primaryimage","url":"https:\/\/casaisabel.es\/wp-content\/uploads\/2015\/08\/cherry-167341_1280.jpg","contentUrl":"https:\/\/casaisabel.es\/wp-content\/uploads\/2015\/08\/cherry-167341_1280.jpg","width":1280,"height":744,"caption":"casa sabel-cereza"},{"@type":"BreadcrumbList","@id":"https:\/\/casaisabel.es\/mucho-mas-que-paella-gastronomia-valenciana-y-las-cerezas-de-la-montana-de-alicante\/#breadcrumb","itemListElement":[{"@type":"ListItem","position":1,"name":"Portada","item":"https:\/\/casaisabel.es\/"},{"@type":"ListItem","position":2,"name":"Mucho m\u00e1s que paella: gastronom\u00eda valenciana y las cerezas de la monta\u00f1a de Alicante"}]},{"@type":"WebSite","@id":"https:\/\/casaisabel.es\/#website","url":"https:\/\/casaisabel.es\/","name":"Casa Isabel","description":"S\u00f3lo otro sitio de WordPress","publisher":{"@id":"https:\/\/casaisabel.es\/#organization"},"potentialAction":[{"@type":"SearchAction","target":{"@type":"EntryPoint","urlTemplate":"https:\/\/casaisabel.es\/?s={search_term_string}"},"query-input":{"@type":"PropertyValueSpecification","valueRequired":true,"valueName":"search_term_string"}}],"inLanguage":"de-DE"},{"@type":"Organization","@id":"https:\/\/casaisabel.es\/#organization","name":"Casa Isabel","url":"https:\/\/casaisabel.es\/","logo":{"@type":"ImageObject","inLanguage":"de-DE","@id":"https:\/\/casaisabel.es\/#\/schema\/logo\/image\/","url":"https:\/\/casaisabel.es\/wp-content\/uploads\/2023\/09\/casaIsabel.svg","contentUrl":"https:\/\/casaisabel.es\/wp-content\/uploads\/2023\/09\/casaIsabel.svg","width":211,"height":49,"caption":"Casa Isabel"},"image":{"@id":"https:\/\/casaisabel.es\/#\/schema\/logo\/image\/"}},{"@type":"Person","@id":"https:\/\/casaisabel.es\/#\/schema\/person\/66308f25a39c9cb32c4e78cf8cfa36cf","name":"Admin","image":{"@type":"ImageObject","inLanguage":"de-DE","@id":"https:\/\/casaisabel.es\/#\/schema\/person\/image\/","url":"https:\/\/secure.gravatar.com\/avatar\/cfa1bef4e15c827fa091464736c1d269687e21ac8972ec35aec466b4aa06b9c8?s=96&d=mm&r=g","contentUrl":"https:\/\/secure.gravatar.com\/avatar\/cfa1bef4e15c827fa091464736c1d269687e21ac8972ec35aec466b4aa06b9c8?s=96&d=mm&r=g","caption":"Admin"},"url":"https:\/\/casaisabel.es\/de\/author\/admin-2\/"}]}},"_links":{"self":[{"href":"https:\/\/casaisabel.es\/de\/wp-json\/wp\/v2\/posts\/2866","targetHints":{"allow":["GET"]}}],"collection":[{"href":"https:\/\/casaisabel.es\/de\/wp-json\/wp\/v2\/posts"}],"about":[{"href":"https:\/\/casaisabel.es\/de\/wp-json\/wp\/v2\/types\/post"}],"author":[{"embeddable":true,"href":"https:\/\/casaisabel.es\/de\/wp-json\/wp\/v2\/users\/2"}],"replies":[{"embeddable":true,"href":"https:\/\/casaisabel.es\/de\/wp-json\/wp\/v2\/comments?post=2866"}],"version-history":[{"count":0,"href":"https:\/\/casaisabel.es\/de\/wp-json\/wp\/v2\/posts\/2866\/revisions"}],"wp:featuredmedia":[{"embeddable":true,"href":"https:\/\/casaisabel.es\/de\/wp-json\/wp\/v2\/media\/2867"}],"wp:attachment":[{"href":"https:\/\/casaisabel.es\/de\/wp-json\/wp\/v2\/media?parent=2866"}],"wp:term":[{"taxonomy":"category","embeddable":true,"href":"https:\/\/casaisabel.es\/de\/wp-json\/wp\/v2\/categories?post=2866"},{"taxonomy":"post_tag","embeddable":true,"href":"https:\/\/casaisabel.es\/de\/wp-json\/wp\/v2\/tags?post=2866"}],"curies":[{"name":"wp","href":"https:\/\/api.w.org\/{rel}","templated":true}]}}