{"id":2725,"date":"2026-02-03T00:08:25","date_gmt":"2026-02-03T00:08:25","guid":{"rendered":"https:\/\/casaisabel.es\/?p=2725---44155ae4-2240-4b57-9f2a-1d2713b9e83c"},"modified":"2026-02-03T00:08:25","modified_gmt":"2026-02-03T00:08:25","slug":"llega-el-mejor-cine-de-verano-a-valencia","status":"publish","type":"post","link":"https:\/\/casaisabel.es\/de\/llega-el-mejor-cine-de-verano-a-valencia\/","title":{"rendered":"Llega el mejor cine de verano a Valencia"},"content":{"rendered":"<p style=\"text-align: justify;\">El mejor <strong>cine<\/strong>\u00a0<strong>de verano<\/strong> llega a Valencia, en un sinf\u00edn de pantallas: desde <strong>autocines y terrazas<\/strong> hasta <strong>salas especializadas<\/strong> y <strong>centros culturales<\/strong>. As\u00ed, el s\u00e9ptimo arte al aire libre puede acompa\u00f1arse de una agradable <strong>velada en la playa<\/strong>, con una cena en una <a href=\"https:\/\/casaisabel.es\/de\/\" target=\"_blank\" rel=\"noopener noreferrer\"><strong>arrocer\u00eda o restaurante de la Malvarrosa<\/strong><\/a> y la <strong>paella<\/strong> como principal estrella. Sin ir m\u00e1s lejos, desde ma\u00f1ana, <strong>3 de julio, al 29 de agosto<\/strong>, a las <strong>22 horas<\/strong> y de forma completamente <strong>gratuita para todos los p\u00fablicos<\/strong>, en localidades como Sagunto, Alboraya o Cullera se podr\u00e1n ver Argo, Gru 2 o The Hobbit.<!--more--><\/p>\n<p style=\"text-align: justify;\">Por su parte, en los <strong>jardines del Palau de la M\u00fasica<\/strong>, esta vez a las <strong>22:30<\/strong>, se podr\u00e1n visionar cl\u00e1sicos de todos los tiempos conjugados con \u00e9xitos recientes. De este modo, la comedia <strong>Ser o no Ser<\/strong>, del maestro <strong>Lubitsch<\/strong>; o <strong>Pl\u00e1cido<\/strong>, de <strong>Luis Garc\u00eda Berlanga<\/strong>; se alternar\u00e1n con la aclamada <strong>12 a\u00f1os de esclavitud<\/strong> o la exquisita <strong>Moonrise Kingdom<\/strong>. Los interesados por el arte y la cultura tambi\u00e9n ver\u00e1n recompensadas sus aficiones con <strong>Lawrence de Arabia<\/strong>, <strong>Los Cuatro Jinetes del Apocalipsis o El sargento York<\/strong> (todas las noches de los viernes, en el Centro del Carmen).<\/p>\n<p style=\"text-align: justify;\">En el caso de que se desee un cine diferente, <strong>La Rambleta<\/strong> sorprende con los mejores <strong>documentales de 2014<\/strong>, proyectados con anterioridad en este espacio (son los casos de <strong>Camino a Olimpia o Coraz\u00f3n Sueco, Sangre Finlandesa<\/strong>). Pero, sin lugar a dudas, la m\u00e1s veterana es la <strong>Sala Serra<\/strong>, donde se puede elegir desde el tipo de silla hasta la ubicaci\u00f3n. Adem\u00e1s, mientras se ve <strong>Ocho apellidos vascos, Guardianes de la galaxia o Transformers IV<\/strong>, se puede, a la vez, cenar y tomar palomitas, bocadillos o tentempi\u00e9s variados. Y en el <strong>Autocine Star<\/strong> se puede vivir, en primera persona, esa experiencia tan norteamericana de ver un filme desde el propio coche.<\/p>\n<p style=\"text-align: justify;\"><a href=\"https:\/\/www.flickr.com\/photos\/jlastras\/2682778860\/in\/photolist-564WFW-cSt541-7bF6r2-nYNssH-oLGLe-5bRAEg-5bVTpL-5bVSES-5bRAoB-5bRAs4-5bRA5F-5bRAQP-5bRAKg-5bVSK9-5bVTxQ-5bVSYj-5bRAVk-5bRB3R-pfgsho-oXNnmD-oXNqxZ-oXPkHz-3VDWE-6SjWR8-ShGEn-ogf2nh-og1fcT-nYNiXA-nYNsUz-nYNtda-oghGf6-oefN3A-nYNvKV-nYN9Am-nYNmDs-oefQmJ-nYNaaY-oefNeY-nYPufB-nYN9VE-og1gAK-ogf5rd-oefPG7-nYPtc4-og7bbs-nYPtDX-og1fpX-nYNsj6-f7HFTb-ogf5Go\" target=\"_blank\" rel=\"noopener noreferrer\">Imagen<\/a><\/p>","protected":false},"excerpt":{"rendered":"<p>El mejor cine\u00a0de verano llega a Valencia, en un sinf\u00edn de pantallas: desde autocines y terrazas hasta salas especializadas y centros culturales. As\u00ed, el s\u00e9ptimo arte al aire libre puede acompa\u00f1arse de una agradable velada en la playa, con una cena en una arrocer\u00eda o restaurante de la Malvarrosa y la paella como principal estrella. [&hellip;]<\/p>","protected":false},"author":2,"featured_media":2726,"comment_status":"closed","ping_status":"closed","sticky":false,"template":"","format":"standard","meta":{"site-sidebar-layout":"default","site-content-layout":"","ast-site-content-layout":"","site-content-style":"default","site-sidebar-style":"default","ast-global-header-display":"","ast-banner-title-visibility":"","ast-main-header-display":"","ast-hfb-above-header-display":"","ast-hfb-below-header-display":"","ast-hfb-mobile-header-display":"","site-post-title":"","ast-breadcrumbs-content":"","ast-featured-img":"","footer-sml-layout":"","theme-transparent-header-meta":"","adv-header-id-meta":"","stick-header-meta":"","header-above-stick-meta":"","header-main-stick-meta":"","header-below-stick-meta":"","astra-migrate-meta-layouts":"default","ast-page-background-enabled":"default","ast-page-background-meta":{"desktop":{"background-color":"var(--ast-global-color-4)","background-image":"","background-repeat":"repeat","background-position":"center center","background-size":"auto","background-attachment":"scroll","background-type":"","background-media":"","overlay-type":"","overlay-color":"","overlay-opacity":"","overlay-gradient":""},"tablet":{"background-color":"","background-image":"","background-repeat":"repeat","background-position":"center center","background-size":"auto","background-attachment":"scroll","background-type":"","background-media":"","overlay-type":"","overlay-color":"","overlay-opacity":"","overlay-gradient":""},"mobile":{"background-color":"","background-image":"","background-repeat":"repeat","background-position":"center center","background-size":"auto","background-attachment":"scroll","background-type":"","background-media":"","overlay-type":"","overlay-color":"","overlay-opacity":"","overlay-gradient":""}},"ast-content-background-meta":{"desktop":{"background-color":"var(--ast-global-color-5)","background-image":"","background-repeat":"repeat","background-position":"center center","background-size":"auto","background-attachment":"scroll","background-type":"","background-media":"","overlay-type":"","overlay-color":"","overlay-opacity":"","overlay-gradient":""},"tablet":{"background-color":"var(--ast-global-color-5)","background-image":"","background-repeat":"repeat","background-position":"center center","background-size":"auto","background-attachment":"scroll","background-type":"","background-media":"","overlay-type":"","overlay-color":"","overlay-opacity":"","overlay-gradient":""},"mobile":{"background-color":"var(--ast-global-color-5)","background-image":"","background-repeat":"repeat","background-position":"center center","background-size":"auto","background-attachment":"scroll","background-type":"","background-media":"","overlay-type":"","overlay-color":"","overlay-opacity":"","overlay-gradient":""}},"footnotes":""},"categories":[7],"tags":[18,19],"class_list":["post-2725","post","type-post","status-publish","format-standard","has-post-thumbnail","hentry","category-actualidad-y-eventos","tag-cine-de-verano-valencia","tag-verano-en-valencia"],"yoast_head":"<!-- This site is optimized with the Yoast SEO plugin v25.6 - https:\/\/yoast.com\/wordpress\/plugins\/seo\/ -->\n<title>Llega el mejor cine de verano a Valencia - Casa Isabel<\/title>\n<meta name=\"description\" content=\"El mejor cine de verano llega a Valencia, en un sinf\u00edn de pantallas: desde autocines y terrazas hasta salas especializadas y centros culturales.\" \/>\n<meta name=\"robots\" content=\"index, follow, max-snippet:-1, max-image-preview:large, max-video-preview:-1\" \/>\n<link rel=\"canonical\" href=\"https:\/\/casaisabel.es\/de\/llega-el-mejor-cine-de-verano-a-valencia\/\" \/>\n<meta property=\"og:locale\" content=\"de_DE\" \/>\n<meta property=\"og:type\" content=\"article\" \/>\n<meta property=\"og:title\" content=\"Llega el mejor cine de verano a Valencia - Casa Isabel\" \/>\n<meta property=\"og:description\" content=\"El mejor cine de verano llega a Valencia, en un sinf\u00edn de pantallas: desde autocines y terrazas hasta salas especializadas y centros culturales.\" \/>\n<meta property=\"og:url\" content=\"https:\/\/casaisabel.es\/de\/llega-el-mejor-cine-de-verano-a-valencia\/\" \/>\n<meta property=\"og:site_name\" content=\"Casa Isabel\" \/>\n<meta property=\"article:published_time\" content=\"2026-02-03T00:08:25+00:00\" \/>\n<meta property=\"og:image\" content=\"https:\/\/casaisabel.es\/wp-content\/uploads\/2015\/07\/cisabel_cine.jpg\" \/>\n\t<meta property=\"og:image:width\" content=\"1024\" \/>\n\t<meta property=\"og:image:height\" content=\"354\" \/>\n\t<meta property=\"og:image:type\" content=\"image\/jpeg\" \/>\n<meta name=\"author\" content=\"Admin\" \/>\n<meta name=\"twitter:card\" content=\"summary_large_image\" \/>\n<meta name=\"twitter:label1\" content=\"Written by\" \/>\n\t<meta name=\"twitter:data1\" content=\"Admin\" \/>\n\t<meta name=\"twitter:label2\" content=\"Est. reading time\" \/>\n\t<meta name=\"twitter:data2\" content=\"2 minutes\" \/>\n<script type=\"application\/ld+json\" class=\"yoast-schema-graph\">{\"@context\":\"https:\/\/schema.org\",\"@graph\":[{\"@type\":\"Article\",\"@id\":\"https:\/\/casaisabel.es\/llega-el-mejor-cine-de-verano-a-valencia\/#article\",\"isPartOf\":{\"@id\":\"https:\/\/casaisabel.es\/llega-el-mejor-cine-de-verano-a-valencia\/\"},\"author\":{\"name\":\"Admin\",\"@id\":\"https:\/\/casaisabel.es\/#\/schema\/person\/66308f25a39c9cb32c4e78cf8cfa36cf\"},\"headline\":\"Llega el mejor cine de verano a Valencia\",\"datePublished\":\"2026-02-03T00:08:25+00:00\",\"mainEntityOfPage\":{\"@id\":\"https:\/\/casaisabel.es\/llega-el-mejor-cine-de-verano-a-valencia\/\"},\"wordCount\":330,\"publisher\":{\"@id\":\"https:\/\/casaisabel.es\/#organization\"},\"image\":{\"@id\":\"https:\/\/casaisabel.es\/llega-el-mejor-cine-de-verano-a-valencia\/#primaryimage\"},\"thumbnailUrl\":\"https:\/\/casaisabel.es\/wp-content\/uploads\/2015\/07\/cisabel_cine.jpg\",\"keywords\":[\"cine de verano valencia\",\"verano en valencia\"],\"articleSection\":[\"Actualidad y eventos\"],\"inLanguage\":\"de-DE\"},{\"@type\":\"WebPage\",\"@id\":\"https:\/\/casaisabel.es\/llega-el-mejor-cine-de-verano-a-valencia\/\",\"url\":\"https:\/\/casaisabel.es\/llega-el-mejor-cine-de-verano-a-valencia\/\",\"name\":\"Llega el mejor cine de verano a Valencia - Casa Isabel\",\"isPartOf\":{\"@id\":\"https:\/\/casaisabel.es\/#website\"},\"primaryImageOfPage\":{\"@id\":\"https:\/\/casaisabel.es\/llega-el-mejor-cine-de-verano-a-valencia\/#primaryimage\"},\"image\":{\"@id\":\"https:\/\/casaisabel.es\/llega-el-mejor-cine-de-verano-a-valencia\/#primaryimage\"},\"thumbnailUrl\":\"https:\/\/casaisabel.es\/wp-content\/uploads\/2015\/07\/cisabel_cine.jpg\",\"datePublished\":\"2026-02-03T00:08:25+00:00\",\"description\":\"El mejor cine de verano llega a Valencia, en un sinf\u00edn de pantallas: desde autocines y terrazas hasta salas especializadas y centros culturales.\",\"breadcrumb\":{\"@id\":\"https:\/\/casaisabel.es\/llega-el-mejor-cine-de-verano-a-valencia\/#breadcrumb\"},\"inLanguage\":\"de-DE\",\"potentialAction\":[{\"@type\":\"ReadAction\",\"target\":[\"https:\/\/casaisabel.es\/llega-el-mejor-cine-de-verano-a-valencia\/\"]}]},{\"@type\":\"ImageObject\",\"inLanguage\":\"de-DE\",\"@id\":\"https:\/\/casaisabel.es\/llega-el-mejor-cine-de-verano-a-valencia\/#primaryimage\",\"url\":\"https:\/\/casaisabel.es\/wp-content\/uploads\/2015\/07\/cisabel_cine.jpg\",\"contentUrl\":\"https:\/\/casaisabel.es\/wp-content\/uploads\/2015\/07\/cisabel_cine.jpg\",\"width\":1024,\"height\":354,\"caption\":\"cisabel_cine\"},{\"@type\":\"BreadcrumbList\",\"@id\":\"https:\/\/casaisabel.es\/llega-el-mejor-cine-de-verano-a-valencia\/#breadcrumb\",\"itemListElement\":[{\"@type\":\"ListItem\",\"position\":1,\"name\":\"Portada\",\"item\":\"https:\/\/casaisabel.es\/\"},{\"@type\":\"ListItem\",\"position\":2,\"name\":\"Llega el mejor cine de verano a Valencia\"}]},{\"@type\":\"WebSite\",\"@id\":\"https:\/\/casaisabel.es\/#website\",\"url\":\"https:\/\/casaisabel.es\/\",\"name\":\"Casa Isabel\",\"description\":\"S\u00f3lo otro sitio de WordPress\",\"publisher\":{\"@id\":\"https:\/\/casaisabel.es\/#organization\"},\"potentialAction\":[{\"@type\":\"SearchAction\",\"target\":{\"@type\":\"EntryPoint\",\"urlTemplate\":\"https:\/\/casaisabel.es\/?s={search_term_string}\"},\"query-input\":{\"@type\":\"PropertyValueSpecification\",\"valueRequired\":true,\"valueName\":\"search_term_string\"}}],\"inLanguage\":\"de-DE\"},{\"@type\":\"Organization\",\"@id\":\"https:\/\/casaisabel.es\/#organization\",\"name\":\"Casa Isabel\",\"url\":\"https:\/\/casaisabel.es\/\",\"logo\":{\"@type\":\"ImageObject\",\"inLanguage\":\"de-DE\",\"@id\":\"https:\/\/casaisabel.es\/#\/schema\/logo\/image\/\",\"url\":\"https:\/\/casaisabel.es\/wp-content\/uploads\/2023\/09\/casaIsabel.svg\",\"contentUrl\":\"https:\/\/casaisabel.es\/wp-content\/uploads\/2023\/09\/casaIsabel.svg\",\"width\":211,\"height\":49,\"caption\":\"Casa Isabel\"},\"image\":{\"@id\":\"https:\/\/casaisabel.es\/#\/schema\/logo\/image\/\"}},{\"@type\":\"Person\",\"@id\":\"https:\/\/casaisabel.es\/#\/schema\/person\/66308f25a39c9cb32c4e78cf8cfa36cf\",\"name\":\"Admin\",\"image\":{\"@type\":\"ImageObject\",\"inLanguage\":\"de-DE\",\"@id\":\"https:\/\/casaisabel.es\/#\/schema\/person\/image\/\",\"url\":\"https:\/\/secure.gravatar.com\/avatar\/cfa1bef4e15c827fa091464736c1d269687e21ac8972ec35aec466b4aa06b9c8?s=96&d=mm&r=g\",\"contentUrl\":\"https:\/\/secure.gravatar.com\/avatar\/cfa1bef4e15c827fa091464736c1d269687e21ac8972ec35aec466b4aa06b9c8?s=96&d=mm&r=g\",\"caption\":\"Admin\"},\"url\":\"https:\/\/casaisabel.es\/de\/author\/admin-2\/\"}]}<\/script>\n<!-- \/ Yoast SEO plugin. -->","yoast_head_json":{"title":"Llega el mejor cine de verano a Valencia - Casa Isabel","description":"El mejor cine de verano llega a Valencia, en un sinf\u00edn de pantallas: desde autocines y terrazas hasta salas especializadas y centros culturales.","robots":{"index":"index","follow":"follow","max-snippet":"max-snippet:-1","max-image-preview":"max-image-preview:large","max-video-preview":"max-video-preview:-1"},"canonical":"https:\/\/casaisabel.es\/de\/llega-el-mejor-cine-de-verano-a-valencia\/","og_locale":"de_DE","og_type":"article","og_title":"Llega el mejor cine de verano a Valencia - Casa Isabel","og_description":"El mejor cine de verano llega a Valencia, en un sinf\u00edn de pantallas: desde autocines y terrazas hasta salas especializadas y centros culturales.","og_url":"https:\/\/casaisabel.es\/de\/llega-el-mejor-cine-de-verano-a-valencia\/","og_site_name":"Casa Isabel","article_published_time":"2026-02-03T00:08:25+00:00","og_image":[{"width":1024,"height":354,"url":"https:\/\/casaisabel.es\/wp-content\/uploads\/2015\/07\/cisabel_cine.jpg","type":"image\/jpeg"}],"author":"Admin","twitter_card":"summary_large_image","twitter_misc":{"Written by":"Admin","Est. reading time":"2 minutes"},"schema":{"@context":"https:\/\/schema.org","@graph":[{"@type":"Article","@id":"https:\/\/casaisabel.es\/llega-el-mejor-cine-de-verano-a-valencia\/#article","isPartOf":{"@id":"https:\/\/casaisabel.es\/llega-el-mejor-cine-de-verano-a-valencia\/"},"author":{"name":"Admin","@id":"https:\/\/casaisabel.es\/#\/schema\/person\/66308f25a39c9cb32c4e78cf8cfa36cf"},"headline":"Llega el mejor cine de verano a Valencia","datePublished":"2026-02-03T00:08:25+00:00","mainEntityOfPage":{"@id":"https:\/\/casaisabel.es\/llega-el-mejor-cine-de-verano-a-valencia\/"},"wordCount":330,"publisher":{"@id":"https:\/\/casaisabel.es\/#organization"},"image":{"@id":"https:\/\/casaisabel.es\/llega-el-mejor-cine-de-verano-a-valencia\/#primaryimage"},"thumbnailUrl":"https:\/\/casaisabel.es\/wp-content\/uploads\/2015\/07\/cisabel_cine.jpg","keywords":["cine de verano valencia","verano en valencia"],"articleSection":["Actualidad y eventos"],"inLanguage":"de-DE"},{"@type":"WebPage","@id":"https:\/\/casaisabel.es\/llega-el-mejor-cine-de-verano-a-valencia\/","url":"https:\/\/casaisabel.es\/llega-el-mejor-cine-de-verano-a-valencia\/","name":"Llega el mejor cine de verano a Valencia - Casa Isabel","isPartOf":{"@id":"https:\/\/casaisabel.es\/#website"},"primaryImageOfPage":{"@id":"https:\/\/casaisabel.es\/llega-el-mejor-cine-de-verano-a-valencia\/#primaryimage"},"image":{"@id":"https:\/\/casaisabel.es\/llega-el-mejor-cine-de-verano-a-valencia\/#primaryimage"},"thumbnailUrl":"https:\/\/casaisabel.es\/wp-content\/uploads\/2015\/07\/cisabel_cine.jpg","datePublished":"2026-02-03T00:08:25+00:00","description":"El mejor cine de verano llega a Valencia, en un sinf\u00edn de pantallas: desde autocines y terrazas hasta salas especializadas y centros culturales.","breadcrumb":{"@id":"https:\/\/casaisabel.es\/llega-el-mejor-cine-de-verano-a-valencia\/#breadcrumb"},"inLanguage":"de-DE","potentialAction":[{"@type":"ReadAction","target":["https:\/\/casaisabel.es\/llega-el-mejor-cine-de-verano-a-valencia\/"]}]},{"@type":"ImageObject","inLanguage":"de-DE","@id":"https:\/\/casaisabel.es\/llega-el-mejor-cine-de-verano-a-valencia\/#primaryimage","url":"https:\/\/casaisabel.es\/wp-content\/uploads\/2015\/07\/cisabel_cine.jpg","contentUrl":"https:\/\/casaisabel.es\/wp-content\/uploads\/2015\/07\/cisabel_cine.jpg","width":1024,"height":354,"caption":"cisabel_cine"},{"@type":"BreadcrumbList","@id":"https:\/\/casaisabel.es\/llega-el-mejor-cine-de-verano-a-valencia\/#breadcrumb","itemListElement":[{"@type":"ListItem","position":1,"name":"Portada","item":"https:\/\/casaisabel.es\/"},{"@type":"ListItem","position":2,"name":"Llega el mejor cine de verano a Valencia"}]},{"@type":"WebSite","@id":"https:\/\/casaisabel.es\/#website","url":"https:\/\/casaisabel.es\/","name":"Casa Isabel","description":"S\u00f3lo otro sitio de WordPress","publisher":{"@id":"https:\/\/casaisabel.es\/#organization"},"potentialAction":[{"@type":"SearchAction","target":{"@type":"EntryPoint","urlTemplate":"https:\/\/casaisabel.es\/?s={search_term_string}"},"query-input":{"@type":"PropertyValueSpecification","valueRequired":true,"valueName":"search_term_string"}}],"inLanguage":"de-DE"},{"@type":"Organization","@id":"https:\/\/casaisabel.es\/#organization","name":"Casa Isabel","url":"https:\/\/casaisabel.es\/","logo":{"@type":"ImageObject","inLanguage":"de-DE","@id":"https:\/\/casaisabel.es\/#\/schema\/logo\/image\/","url":"https:\/\/casaisabel.es\/wp-content\/uploads\/2023\/09\/casaIsabel.svg","contentUrl":"https:\/\/casaisabel.es\/wp-content\/uploads\/2023\/09\/casaIsabel.svg","width":211,"height":49,"caption":"Casa Isabel"},"image":{"@id":"https:\/\/casaisabel.es\/#\/schema\/logo\/image\/"}},{"@type":"Person","@id":"https:\/\/casaisabel.es\/#\/schema\/person\/66308f25a39c9cb32c4e78cf8cfa36cf","name":"Admin","image":{"@type":"ImageObject","inLanguage":"de-DE","@id":"https:\/\/casaisabel.es\/#\/schema\/person\/image\/","url":"https:\/\/secure.gravatar.com\/avatar\/cfa1bef4e15c827fa091464736c1d269687e21ac8972ec35aec466b4aa06b9c8?s=96&d=mm&r=g","contentUrl":"https:\/\/secure.gravatar.com\/avatar\/cfa1bef4e15c827fa091464736c1d269687e21ac8972ec35aec466b4aa06b9c8?s=96&d=mm&r=g","caption":"Admin"},"url":"https:\/\/casaisabel.es\/de\/author\/admin-2\/"}]}},"_links":{"self":[{"href":"https:\/\/casaisabel.es\/de\/wp-json\/wp\/v2\/posts\/2725","targetHints":{"allow":["GET"]}}],"collection":[{"href":"https:\/\/casaisabel.es\/de\/wp-json\/wp\/v2\/posts"}],"about":[{"href":"https:\/\/casaisabel.es\/de\/wp-json\/wp\/v2\/types\/post"}],"author":[{"embeddable":true,"href":"https:\/\/casaisabel.es\/de\/wp-json\/wp\/v2\/users\/2"}],"replies":[{"embeddable":true,"href":"https:\/\/casaisabel.es\/de\/wp-json\/wp\/v2\/comments?post=2725"}],"version-history":[{"count":0,"href":"https:\/\/casaisabel.es\/de\/wp-json\/wp\/v2\/posts\/2725\/revisions"}],"wp:featuredmedia":[{"embeddable":true,"href":"https:\/\/casaisabel.es\/de\/wp-json\/wp\/v2\/media\/2726"}],"wp:attachment":[{"href":"https:\/\/casaisabel.es\/de\/wp-json\/wp\/v2\/media?parent=2725"}],"wp:term":[{"taxonomy":"category","embeddable":true,"href":"https:\/\/casaisabel.es\/de\/wp-json\/wp\/v2\/categories?post=2725"},{"taxonomy":"post_tag","embeddable":true,"href":"https:\/\/casaisabel.es\/de\/wp-json\/wp\/v2\/tags?post=2725"}],"curies":[{"name":"wp","href":"https:\/\/api.w.org\/{rel}","templated":true}]}}