{"id":2322,"date":"2026-01-10T00:05:37","date_gmt":"2026-01-10T00:05:37","guid":{"rendered":"https:\/\/casaisabel.es\/?p=2322---105ff4a9-4dab-4ada-9ee1-f2d92bf0f9b8"},"modified":"2026-01-10T00:05:37","modified_gmt":"2026-01-10T00:05:37","slug":"palacio-del-marques-de-dos-aguas-emblema-de-valencia","status":"publish","type":"post","link":"https:\/\/casaisabel.es\/de\/palacio-del-marques-de-dos-aguas-emblema-de-valencia\/","title":{"rendered":"Palacio del Marqu\u00e9s de Dos Aguas, emblema de Valencia"},"content":{"rendered":"<p style=\"text-align: justify\">Saborear una rica paella en una <a href=\"https:\/\/casaisabel.es\/de\/arroz-en-valencia\/\" target=\"_blank\" rel=\"noopener noreferrer\">arrocer\u00eda t\u00edpica<\/a>, disfrutar de un paseo por la playa de la Malvarrosa, charlar con los amigos en el vanguardista barrio de Ruzafa\u2026 <strong>Valencia es un destino con m\u00faltiples posibilidades de ocio<\/strong>, pero en ocasiones <strong>el turista olvida que tambi\u00e9n ofrece numerosas visitas de gran valor hist\u00f3rico<\/strong> y arquitect\u00f3nico. Sin lugar a dudas, una de ellas es el <a href=\"http:\/\/valenciaentusmanos.blogspot.com.es\/2010\/12\/palacio-del-marques-de-dos-aguas.html\" target=\"_blank\" rel=\"noopener noreferrer\">Palacio del Marqu\u00e9s de Dos Aguas<\/a>.<!--more--><\/p>\n<p style=\"text-align: justify\"><strong>Ofrece la posibilidad de disfrutar de una belleza de reconocimiento hist\u00f3rico a pie de calle<\/strong><\/p>\n<p style=\"text-align: justify\">El Palacio del Marqu\u00e9s de Dos Aguas se encuentra entre las calles Poeta Querol, Federico Garc\u00eda Sanchiz y San Andr\u00e9s. Tal y como se le conoce hoy en d\u00eda, tiene <strong>su origen en el siglo XVIII, en concreto en 1740<\/strong>, cuando sus propietarios, la familia Rabassa de Perell\u00f3s (el \u00fanico se\u00f1or\u00edo de linaje puramente valenciano de la historia), <strong>decidieron reformar su caser\u00f3n<\/strong>. A ellos les debe su nombre, puesto que los Rabassa Perell\u00f3s fueron nombrados Marqueses de Dos Aguas por Carlos II en 1699.<\/p>\n<p style=\"text-align: justify\">Indiscutiblemente, <strong>lo que m\u00e1s destaca del Palacio del Marqu\u00e9s es su impresionante portal, tallado por el escultor Ignacio Vergara<\/strong> y jalonado por dos torrentes de agua rodeados de \u00e1ngeles, flores, frutas y dos titanes que se encargan de flanquear la entrada y garantizar la seguridad de la familia. <strong>Est\u00e1 considerado <a href=\"http:\/\/comunitatvalenciana.com\/\" target=\"_blank\" rel=\"noopener noreferrer\">uno de los portales m\u00e1s bellos del mundo<\/a>, con un gran simbolismo<\/strong>, e imitado en obras religiosas tan conocidas como el Convento de Jerusalem.<\/p>\n<p style=\"text-align: justify\">Como dato, se sabe que, <strong>realmente, su historia llega mucho m\u00e1s atr\u00e1s en el tiempo y que form\u00f3 parte de una necr\u00f3polis romana<\/strong>. Actualmente <strong>su misi\u00f3n es albergar el Museo de Cer\u00e1mica y de las Artes Suntuarias<\/strong> Gonz\u00e1lez Mart\u00ed.<\/p>\n<p style=\"text-align: justify\">El Palacio del Marqu\u00e9s de Dos Aguas es, por todo esto y mucho m\u00e1s, <strong>una visita obligada para todo aquel que guste de la arquitectura hist\u00f3rica<\/strong> y que busque en <a href=\"https:\/\/casaisabel.es\/de\/\" target=\"_blank\" rel=\"noopener noreferrer\">Valencia<\/a> algo m\u00e1s que sol y playa.<\/p>\n<p style=\"text-align: justify\"><a href=\"https:\/\/www.flickr.com\/photos\/121084837@N08\/16363322176\/in\/photolist-qVYiAq-qbqyPj-pU4h9Z-qFRoe2-qFPTXM-q2gNuu-q2tW2i-q2ge2N-qYc7g9-qbq2vY-qbnZMS-qYbNDf-qFR1GK-qbt41Z-peH2PR-qVZkoG-qY7zdV-q2hgXq-qYcEEC-q2gLdA-pU5dWK-q9cLGj-qYhty2-qFQ6ez-peuxG3-qYc36q-q9cgP9-pTTVTY-q2gmPS-qFG5fL-qFFY35-oS2wjC-oRXNzR-p9bt8g-p9uinQ-p9rQWk-p7pMcU-oS2DhW-oRWxX8-oRXDPV-p9uK2W-p9bu82-p9q2sw-oRXH8t-oS1Zgh-p9fzuX-p7uPqb-oS2sZG-p7tZAy-oS2QVW\" target=\"_blank\" rel=\"noopener noreferrer\">Imagen<\/a>.<\/p>","protected":false},"excerpt":{"rendered":"<p>Saborear una rica paella en una arrocer\u00eda t\u00edpica, disfrutar de un paseo por la playa de la Malvarrosa, charlar con los amigos en el vanguardista barrio de Ruzafa\u2026 Valencia es un destino con m\u00faltiples posibilidades de ocio, pero en ocasiones el turista olvida que tambi\u00e9n ofrece numerosas visitas de gran valor hist\u00f3rico y arquitect\u00f3nico. Sin [&hellip;]<\/p>","protected":false},"author":2,"featured_media":2323,"comment_status":"closed","ping_status":"closed","sticky":false,"template":"","format":"standard","meta":{"site-sidebar-layout":"default","site-content-layout":"","ast-site-content-layout":"","site-content-style":"default","site-sidebar-style":"default","ast-global-header-display":"","ast-banner-title-visibility":"","ast-main-header-display":"","ast-hfb-above-header-display":"","ast-hfb-below-header-display":"","ast-hfb-mobile-header-display":"","site-post-title":"","ast-breadcrumbs-content":"","ast-featured-img":"","footer-sml-layout":"","theme-transparent-header-meta":"","adv-header-id-meta":"","stick-header-meta":"","header-above-stick-meta":"","header-main-stick-meta":"","header-below-stick-meta":"","astra-migrate-meta-layouts":"default","ast-page-background-enabled":"default","ast-page-background-meta":{"desktop":{"background-color":"var(--ast-global-color-4)","background-image":"","background-repeat":"repeat","background-position":"center center","background-size":"auto","background-attachment":"scroll","background-type":"","background-media":"","overlay-type":"","overlay-color":"","overlay-opacity":"","overlay-gradient":""},"tablet":{"background-color":"","background-image":"","background-repeat":"repeat","background-position":"center center","background-size":"auto","background-attachment":"scroll","background-type":"","background-media":"","overlay-type":"","overlay-color":"","overlay-opacity":"","overlay-gradient":""},"mobile":{"background-color":"","background-image":"","background-repeat":"repeat","background-position":"center center","background-size":"auto","background-attachment":"scroll","background-type":"","background-media":"","overlay-type":"","overlay-color":"","overlay-opacity":"","overlay-gradient":""}},"ast-content-background-meta":{"desktop":{"background-color":"var(--ast-global-color-5)","background-image":"","background-repeat":"repeat","background-position":"center center","background-size":"auto","background-attachment":"scroll","background-type":"","background-media":"","overlay-type":"","overlay-color":"","overlay-opacity":"","overlay-gradient":""},"tablet":{"background-color":"var(--ast-global-color-5)","background-image":"","background-repeat":"repeat","background-position":"center center","background-size":"auto","background-attachment":"scroll","background-type":"","background-media":"","overlay-type":"","overlay-color":"","overlay-opacity":"","overlay-gradient":""},"mobile":{"background-color":"var(--ast-global-color-5)","background-image":"","background-repeat":"repeat","background-position":"center center","background-size":"auto","background-attachment":"scroll","background-type":"","background-media":"","overlay-type":"","overlay-color":"","overlay-opacity":"","overlay-gradient":""}},"footnotes":""},"categories":[9],"tags":[],"class_list":["post-2322","post","type-post","status-publish","format-standard","has-post-thumbnail","hentry","category-lugares-emblematicos-de-valencia"],"yoast_head":"<!-- This site is optimized with the Yoast SEO plugin v25.6 - https:\/\/yoast.com\/wordpress\/plugins\/seo\/ -->\n<title>Palacio del Marqu\u00e9s de Dos Aguas, emblema de Valencia.<\/title>\n<meta name=\"description\" content=\"Conoce uno de los p\u00f3rticos m\u00e1s bellos del mundo el Palacio del Marqu\u00e9s de Dos Aguas, un lugar \u00fanico que alberga cultura y tradici\u00f3n\" \/>\n<meta name=\"robots\" content=\"index, follow, max-snippet:-1, max-image-preview:large, max-video-preview:-1\" \/>\n<link rel=\"canonical\" href=\"https:\/\/casaisabel.es\/de\/palacio-del-marques-de-dos-aguas-emblema-de-valencia\/\" \/>\n<meta property=\"og:locale\" content=\"de_DE\" \/>\n<meta property=\"og:type\" content=\"article\" \/>\n<meta property=\"og:title\" content=\"Palacio del Marqu\u00e9s de Dos Aguas, emblema de Valencia.\" \/>\n<meta property=\"og:description\" content=\"Conoce uno de los p\u00f3rticos m\u00e1s bellos del mundo el Palacio del Marqu\u00e9s de Dos Aguas, un lugar \u00fanico que alberga cultura y tradici\u00f3n\" \/>\n<meta property=\"og:url\" content=\"https:\/\/casaisabel.es\/de\/palacio-del-marques-de-dos-aguas-emblema-de-valencia\/\" \/>\n<meta property=\"og:site_name\" content=\"Casa Isabel\" \/>\n<meta property=\"article:published_time\" content=\"2026-01-10T00:05:37+00:00\" \/>\n<meta property=\"og:image\" content=\"https:\/\/casaisabel.es\/wp-content\/uploads\/2015\/02\/marquesdosaguas-scaled.jpg\" \/>\n\t<meta property=\"og:image:width\" content=\"2560\" \/>\n\t<meta property=\"og:image:height\" content=\"1043\" \/>\n\t<meta property=\"og:image:type\" content=\"image\/jpeg\" \/>\n<meta name=\"author\" content=\"Admin\" \/>\n<meta name=\"twitter:card\" content=\"summary_large_image\" \/>\n<meta name=\"twitter:label1\" content=\"Written by\" \/>\n\t<meta name=\"twitter:data1\" content=\"Admin\" \/>\n\t<meta name=\"twitter:label2\" content=\"Est. reading time\" \/>\n\t<meta name=\"twitter:data2\" content=\"2 minutes\" \/>\n<script type=\"application\/ld+json\" class=\"yoast-schema-graph\">{\"@context\":\"https:\/\/schema.org\",\"@graph\":[{\"@type\":\"Article\",\"@id\":\"https:\/\/casaisabel.es\/palacio-del-marques-de-dos-aguas-emblema-de-valencia\/#article\",\"isPartOf\":{\"@id\":\"https:\/\/casaisabel.es\/palacio-del-marques-de-dos-aguas-emblema-de-valencia\/\"},\"author\":{\"name\":\"Admin\",\"@id\":\"https:\/\/casaisabel.es\/#\/schema\/person\/66308f25a39c9cb32c4e78cf8cfa36cf\"},\"headline\":\"Palacio del Marqu\u00e9s de Dos Aguas, emblema de Valencia\",\"datePublished\":\"2026-01-10T00:05:37+00:00\",\"mainEntityOfPage\":{\"@id\":\"https:\/\/casaisabel.es\/palacio-del-marques-de-dos-aguas-emblema-de-valencia\/\"},\"wordCount\":357,\"publisher\":{\"@id\":\"https:\/\/casaisabel.es\/#organization\"},\"image\":{\"@id\":\"https:\/\/casaisabel.es\/palacio-del-marques-de-dos-aguas-emblema-de-valencia\/#primaryimage\"},\"thumbnailUrl\":\"https:\/\/casaisabel.es\/wp-content\/uploads\/2015\/02\/marquesdosaguas-scaled.jpg\",\"articleSection\":[\"Lugares emblem\u00e1ticos de Valencia\"],\"inLanguage\":\"de-DE\"},{\"@type\":\"WebPage\",\"@id\":\"https:\/\/casaisabel.es\/palacio-del-marques-de-dos-aguas-emblema-de-valencia\/\",\"url\":\"https:\/\/casaisabel.es\/palacio-del-marques-de-dos-aguas-emblema-de-valencia\/\",\"name\":\"Palacio del Marqu\u00e9s de Dos Aguas, emblema de Valencia.\",\"isPartOf\":{\"@id\":\"https:\/\/casaisabel.es\/#website\"},\"primaryImageOfPage\":{\"@id\":\"https:\/\/casaisabel.es\/palacio-del-marques-de-dos-aguas-emblema-de-valencia\/#primaryimage\"},\"image\":{\"@id\":\"https:\/\/casaisabel.es\/palacio-del-marques-de-dos-aguas-emblema-de-valencia\/#primaryimage\"},\"thumbnailUrl\":\"https:\/\/casaisabel.es\/wp-content\/uploads\/2015\/02\/marquesdosaguas-scaled.jpg\",\"datePublished\":\"2026-01-10T00:05:37+00:00\",\"description\":\"Conoce uno de los p\u00f3rticos m\u00e1s bellos del mundo el Palacio del Marqu\u00e9s de Dos Aguas, un lugar \u00fanico que alberga cultura y tradici\u00f3n\",\"breadcrumb\":{\"@id\":\"https:\/\/casaisabel.es\/palacio-del-marques-de-dos-aguas-emblema-de-valencia\/#breadcrumb\"},\"inLanguage\":\"de-DE\",\"potentialAction\":[{\"@type\":\"ReadAction\",\"target\":[\"https:\/\/casaisabel.es\/palacio-del-marques-de-dos-aguas-emblema-de-valencia\/\"]}]},{\"@type\":\"ImageObject\",\"inLanguage\":\"de-DE\",\"@id\":\"https:\/\/casaisabel.es\/palacio-del-marques-de-dos-aguas-emblema-de-valencia\/#primaryimage\",\"url\":\"https:\/\/casaisabel.es\/wp-content\/uploads\/2015\/02\/marquesdosaguas-scaled.jpg\",\"contentUrl\":\"https:\/\/casaisabel.es\/wp-content\/uploads\/2015\/02\/marquesdosaguas-scaled.jpg\",\"width\":2560,\"height\":1043},{\"@type\":\"BreadcrumbList\",\"@id\":\"https:\/\/casaisabel.es\/palacio-del-marques-de-dos-aguas-emblema-de-valencia\/#breadcrumb\",\"itemListElement\":[{\"@type\":\"ListItem\",\"position\":1,\"name\":\"Portada\",\"item\":\"https:\/\/casaisabel.es\/\"},{\"@type\":\"ListItem\",\"position\":2,\"name\":\"Palacio del Marqu\u00e9s de Dos Aguas, emblema de Valencia\"}]},{\"@type\":\"WebSite\",\"@id\":\"https:\/\/casaisabel.es\/#website\",\"url\":\"https:\/\/casaisabel.es\/\",\"name\":\"Casa Isabel\",\"description\":\"S\u00f3lo otro sitio de WordPress\",\"publisher\":{\"@id\":\"https:\/\/casaisabel.es\/#organization\"},\"potentialAction\":[{\"@type\":\"SearchAction\",\"target\":{\"@type\":\"EntryPoint\",\"urlTemplate\":\"https:\/\/casaisabel.es\/?s={search_term_string}\"},\"query-input\":{\"@type\":\"PropertyValueSpecification\",\"valueRequired\":true,\"valueName\":\"search_term_string\"}}],\"inLanguage\":\"de-DE\"},{\"@type\":\"Organization\",\"@id\":\"https:\/\/casaisabel.es\/#organization\",\"name\":\"Casa Isabel\",\"url\":\"https:\/\/casaisabel.es\/\",\"logo\":{\"@type\":\"ImageObject\",\"inLanguage\":\"de-DE\",\"@id\":\"https:\/\/casaisabel.es\/#\/schema\/logo\/image\/\",\"url\":\"https:\/\/casaisabel.es\/wp-content\/uploads\/2023\/09\/casaIsabel.svg\",\"contentUrl\":\"https:\/\/casaisabel.es\/wp-content\/uploads\/2023\/09\/casaIsabel.svg\",\"width\":211,\"height\":49,\"caption\":\"Casa Isabel\"},\"image\":{\"@id\":\"https:\/\/casaisabel.es\/#\/schema\/logo\/image\/\"}},{\"@type\":\"Person\",\"@id\":\"https:\/\/casaisabel.es\/#\/schema\/person\/66308f25a39c9cb32c4e78cf8cfa36cf\",\"name\":\"Admin\",\"image\":{\"@type\":\"ImageObject\",\"inLanguage\":\"de-DE\",\"@id\":\"https:\/\/casaisabel.es\/#\/schema\/person\/image\/\",\"url\":\"https:\/\/secure.gravatar.com\/avatar\/cfa1bef4e15c827fa091464736c1d269687e21ac8972ec35aec466b4aa06b9c8?s=96&d=mm&r=g\",\"contentUrl\":\"https:\/\/secure.gravatar.com\/avatar\/cfa1bef4e15c827fa091464736c1d269687e21ac8972ec35aec466b4aa06b9c8?s=96&d=mm&r=g\",\"caption\":\"Admin\"},\"url\":\"https:\/\/casaisabel.es\/de\/author\/admin-2\/\"}]}<\/script>\n<!-- \/ Yoast SEO plugin. -->","yoast_head_json":{"title":"Palacio del Marqu\u00e9s de Dos Aguas, emblema de Valencia.","description":"Conoce uno de los p\u00f3rticos m\u00e1s bellos del mundo el Palacio del Marqu\u00e9s de Dos Aguas, un lugar \u00fanico que alberga cultura y tradici\u00f3n","robots":{"index":"index","follow":"follow","max-snippet":"max-snippet:-1","max-image-preview":"max-image-preview:large","max-video-preview":"max-video-preview:-1"},"canonical":"https:\/\/casaisabel.es\/de\/palacio-del-marques-de-dos-aguas-emblema-de-valencia\/","og_locale":"de_DE","og_type":"article","og_title":"Palacio del Marqu\u00e9s de Dos Aguas, emblema de Valencia.","og_description":"Conoce uno de los p\u00f3rticos m\u00e1s bellos del mundo el Palacio del Marqu\u00e9s de Dos Aguas, un lugar \u00fanico que alberga cultura y tradici\u00f3n","og_url":"https:\/\/casaisabel.es\/de\/palacio-del-marques-de-dos-aguas-emblema-de-valencia\/","og_site_name":"Casa Isabel","article_published_time":"2026-01-10T00:05:37+00:00","og_image":[{"width":2560,"height":1043,"url":"https:\/\/casaisabel.es\/wp-content\/uploads\/2015\/02\/marquesdosaguas-scaled.jpg","type":"image\/jpeg"}],"author":"Admin","twitter_card":"summary_large_image","twitter_misc":{"Written by":"Admin","Est. reading time":"2 minutes"},"schema":{"@context":"https:\/\/schema.org","@graph":[{"@type":"Article","@id":"https:\/\/casaisabel.es\/palacio-del-marques-de-dos-aguas-emblema-de-valencia\/#article","isPartOf":{"@id":"https:\/\/casaisabel.es\/palacio-del-marques-de-dos-aguas-emblema-de-valencia\/"},"author":{"name":"Admin","@id":"https:\/\/casaisabel.es\/#\/schema\/person\/66308f25a39c9cb32c4e78cf8cfa36cf"},"headline":"Palacio del Marqu\u00e9s de Dos Aguas, emblema de Valencia","datePublished":"2026-01-10T00:05:37+00:00","mainEntityOfPage":{"@id":"https:\/\/casaisabel.es\/palacio-del-marques-de-dos-aguas-emblema-de-valencia\/"},"wordCount":357,"publisher":{"@id":"https:\/\/casaisabel.es\/#organization"},"image":{"@id":"https:\/\/casaisabel.es\/palacio-del-marques-de-dos-aguas-emblema-de-valencia\/#primaryimage"},"thumbnailUrl":"https:\/\/casaisabel.es\/wp-content\/uploads\/2015\/02\/marquesdosaguas-scaled.jpg","articleSection":["Lugares emblem\u00e1ticos de Valencia"],"inLanguage":"de-DE"},{"@type":"WebPage","@id":"https:\/\/casaisabel.es\/palacio-del-marques-de-dos-aguas-emblema-de-valencia\/","url":"https:\/\/casaisabel.es\/palacio-del-marques-de-dos-aguas-emblema-de-valencia\/","name":"Palacio del Marqu\u00e9s de Dos Aguas, emblema de Valencia.","isPartOf":{"@id":"https:\/\/casaisabel.es\/#website"},"primaryImageOfPage":{"@id":"https:\/\/casaisabel.es\/palacio-del-marques-de-dos-aguas-emblema-de-valencia\/#primaryimage"},"image":{"@id":"https:\/\/casaisabel.es\/palacio-del-marques-de-dos-aguas-emblema-de-valencia\/#primaryimage"},"thumbnailUrl":"https:\/\/casaisabel.es\/wp-content\/uploads\/2015\/02\/marquesdosaguas-scaled.jpg","datePublished":"2026-01-10T00:05:37+00:00","description":"Conoce uno de los p\u00f3rticos m\u00e1s bellos del mundo el Palacio del Marqu\u00e9s de Dos Aguas, un lugar \u00fanico que alberga cultura y tradici\u00f3n","breadcrumb":{"@id":"https:\/\/casaisabel.es\/palacio-del-marques-de-dos-aguas-emblema-de-valencia\/#breadcrumb"},"inLanguage":"de-DE","potentialAction":[{"@type":"ReadAction","target":["https:\/\/casaisabel.es\/palacio-del-marques-de-dos-aguas-emblema-de-valencia\/"]}]},{"@type":"ImageObject","inLanguage":"de-DE","@id":"https:\/\/casaisabel.es\/palacio-del-marques-de-dos-aguas-emblema-de-valencia\/#primaryimage","url":"https:\/\/casaisabel.es\/wp-content\/uploads\/2015\/02\/marquesdosaguas-scaled.jpg","contentUrl":"https:\/\/casaisabel.es\/wp-content\/uploads\/2015\/02\/marquesdosaguas-scaled.jpg","width":2560,"height":1043},{"@type":"BreadcrumbList","@id":"https:\/\/casaisabel.es\/palacio-del-marques-de-dos-aguas-emblema-de-valencia\/#breadcrumb","itemListElement":[{"@type":"ListItem","position":1,"name":"Portada","item":"https:\/\/casaisabel.es\/"},{"@type":"ListItem","position":2,"name":"Palacio del Marqu\u00e9s de Dos Aguas, emblema de Valencia"}]},{"@type":"WebSite","@id":"https:\/\/casaisabel.es\/#website","url":"https:\/\/casaisabel.es\/","name":"Casa Isabel","description":"S\u00f3lo otro sitio de WordPress","publisher":{"@id":"https:\/\/casaisabel.es\/#organization"},"potentialAction":[{"@type":"SearchAction","target":{"@type":"EntryPoint","urlTemplate":"https:\/\/casaisabel.es\/?s={search_term_string}"},"query-input":{"@type":"PropertyValueSpecification","valueRequired":true,"valueName":"search_term_string"}}],"inLanguage":"de-DE"},{"@type":"Organization","@id":"https:\/\/casaisabel.es\/#organization","name":"Casa Isabel","url":"https:\/\/casaisabel.es\/","logo":{"@type":"ImageObject","inLanguage":"de-DE","@id":"https:\/\/casaisabel.es\/#\/schema\/logo\/image\/","url":"https:\/\/casaisabel.es\/wp-content\/uploads\/2023\/09\/casaIsabel.svg","contentUrl":"https:\/\/casaisabel.es\/wp-content\/uploads\/2023\/09\/casaIsabel.svg","width":211,"height":49,"caption":"Casa Isabel"},"image":{"@id":"https:\/\/casaisabel.es\/#\/schema\/logo\/image\/"}},{"@type":"Person","@id":"https:\/\/casaisabel.es\/#\/schema\/person\/66308f25a39c9cb32c4e78cf8cfa36cf","name":"Admin","image":{"@type":"ImageObject","inLanguage":"de-DE","@id":"https:\/\/casaisabel.es\/#\/schema\/person\/image\/","url":"https:\/\/secure.gravatar.com\/avatar\/cfa1bef4e15c827fa091464736c1d269687e21ac8972ec35aec466b4aa06b9c8?s=96&d=mm&r=g","contentUrl":"https:\/\/secure.gravatar.com\/avatar\/cfa1bef4e15c827fa091464736c1d269687e21ac8972ec35aec466b4aa06b9c8?s=96&d=mm&r=g","caption":"Admin"},"url":"https:\/\/casaisabel.es\/de\/author\/admin-2\/"}]}},"_links":{"self":[{"href":"https:\/\/casaisabel.es\/de\/wp-json\/wp\/v2\/posts\/2322","targetHints":{"allow":["GET"]}}],"collection":[{"href":"https:\/\/casaisabel.es\/de\/wp-json\/wp\/v2\/posts"}],"about":[{"href":"https:\/\/casaisabel.es\/de\/wp-json\/wp\/v2\/types\/post"}],"author":[{"embeddable":true,"href":"https:\/\/casaisabel.es\/de\/wp-json\/wp\/v2\/users\/2"}],"replies":[{"embeddable":true,"href":"https:\/\/casaisabel.es\/de\/wp-json\/wp\/v2\/comments?post=2322"}],"version-history":[{"count":0,"href":"https:\/\/casaisabel.es\/de\/wp-json\/wp\/v2\/posts\/2322\/revisions"}],"wp:featuredmedia":[{"embeddable":true,"href":"https:\/\/casaisabel.es\/de\/wp-json\/wp\/v2\/media\/2323"}],"wp:attachment":[{"href":"https:\/\/casaisabel.es\/de\/wp-json\/wp\/v2\/media?parent=2322"}],"wp:term":[{"taxonomy":"category","embeddable":true,"href":"https:\/\/casaisabel.es\/de\/wp-json\/wp\/v2\/categories?post=2322"},{"taxonomy":"post_tag","embeddable":true,"href":"https:\/\/casaisabel.es\/de\/wp-json\/wp\/v2\/tags?post=2322"}],"curies":[{"name":"wp","href":"https:\/\/api.w.org\/{rel}","templated":true}]}}