{"id":2278,"date":"2025-12-31T00:08:00","date_gmt":"2025-12-31T00:08:00","guid":{"rendered":"https:\/\/casaisabel.es\/?p=2278---ffe1cfe9-6476-4347-817b-053f3e37b63b"},"modified":"2025-12-31T00:08:00","modified_gmt":"2025-12-31T00:08:00","slug":"el-jardin-botanico-de-valencia-un-espacio-natural-en-plena-ciudad","status":"publish","type":"post","link":"https:\/\/casaisabel.es\/de\/el-jardin-botanico-de-valencia-un-espacio-natural-en-plena-ciudad\/","title":{"rendered":"El jard\u00edn bot\u00e1nico de Valencia, un espacio natural en plena ciudad"},"content":{"rendered":"<p style=\"text-align: justify\">La ciudad de <strong>Valencia ofrece multitud de lugares y <a href=\"https:\/\/casaisabel.es\/de\/\" target=\"_blank\" rel=\"noopener noreferrer\">rincones \u00fanicos<\/a><\/strong>. Descubrir un m\u00e1gico atardecer en la Albufera, pasear por su bella playa urbana, visitar sus monumentos y, por supuesto, degustar una paella con vistas al mar en una arrocer\u00eda o <a href=\"https:\/\/casaisabel.es\/de\/restaurants-strand-malvarrosa\/\" target=\"_blank\" rel=\"noopener noreferrer\">restaurante de la Malvarrosa<\/a>, resultan actividades de obligado cumplimiento. Sin olvidar otros espacios fascinantes como su <strong>Jard\u00edn Bot\u00e1nico, un enclave natural considerado referente internacional que cuenta con gran cantidad de especies<\/strong>.<!--more--><\/p>\n<p style=\"text-align: justify\"><strong>El espacio sirve ahora para llevar a cabo laboriosas investigaciones sobre conservaci\u00f3n y bot\u00e1nica<\/strong><\/p>\n<p style=\"text-align: justify\">Este jard\u00edn, situado en la calle Quart, junto al antiguo cauce del Turia, est\u00e1 administrado por la Universitat de Val\u00e8ncia y<strong> es miembro de la Agenda Internacional para la Conservaci\u00f3n en Jardines Bot\u00e1nicos (BGCI), de la Asociaci\u00f3n Ibero-Macaron\u00e9sica de Jardines Bot\u00e1nicos<\/strong> y cuenta con multitud de trabajos en la Conservaci\u00f3n de los Jardines.<\/p>\n<p style=\"text-align: justify\">Su existencia se remonta al siglo XVI, fecha de la que se tienen noticias de huertos de plantas medicinales. Ya <strong>en el siglo XVIII se crea un <a href=\"http:\/\/www.turisvalencia.es\/es\/que-visitar-valencia\/lugares-imprescindibles\" target=\"_blank\" rel=\"noopener noreferrer\">Jard\u00edn Bot\u00e1nico<\/a> integral que incluye huerto, museo, espacios para conferencias y docencia<\/strong>. Ser\u00e1 el c\u00e9lebre bot\u00e1nico Vicente Alfonso Lorente quien d\u00e9 forma al proyecto, lo que le otorgar\u00e1 gran renombre y prestigio. <strong>Tras la invasi\u00f3n napole\u00f3nica se inicia su recuperaci\u00f3n hasta el 1867<\/strong>, obras que incluyen un invernadero, numerosas plantaciones, un umbr\u00e1culo y peque\u00f1as estufas para acelerar el crecimiento de las plantas.<\/p>\n<p style=\"text-align: justify\">Actualmente se preserva el <a href=\"http:\/\/www.lovevalencia.com\/turismo-valencia\" target=\"_blank\" rel=\"noopener noreferrer\">jard\u00edn hist\u00f3rico<\/a> y <strong>se avanza en el estudio, conservaci\u00f3n y divulgaci\u00f3n de la flora, biosistemas y vegetaci\u00f3n para el desarrollo de la cultura bot\u00e1nica<\/strong>. El centro cuenta con una fuerte presencia en proyectos internacionales, congresos y jornadas vinculados a la biodiversidad y estudio de plantas.<\/p>\n<p style=\"text-align: justify\">Adem\u00e1s de contar con una biblioteca, herbario y germoplasma, se trata de un entorno docente de gran riqueza cient\u00edfica, vegetal, hist\u00f3rica y arquitect\u00f3nica. En definitiva, <strong>un espacio que combina conocimiento y deleite<\/strong>.<\/p>\n<p style=\"text-align: justify\"><a href=\"https:\/\/www.flickr.com\/photos\/oscaralcala\/2222797528\/in\/photolist-7XxU83-6iE3w3-4oqqgj-5pUP9u-gzUjBd-gzUju8-gzUaVz-gzUH8H-gzUfP3-gzUpis-fttk6j-7XxSV7-8G5Ca3-2KYz21-3s1zJo-8EKKUw-gzTVEw-oa5589-5qtzu2-CEL1y-7Xyqf7-5qFkAX-7Xvc2k-7Xvc1i-5proms-mbZDcV-mbYPNi-mbZxgB-5qxTHj-mbZdnK-7Xvc5F-mbYHTx-mbYBJP-mbZrBF-mbZgXR-mbYyMX-2GZ44k-5qxGf5-5qKKEm-dk3wQG-5qubVK-5qFnFZ-ky7mZ-gzVjUo-8DrQHY-CEKVR-eiADcA-8H67bw-bxAeF1-kbNg3L\" target=\"_blank\" rel=\"noopener noreferrer\">Imagen<\/a>.<\/p>","protected":false},"excerpt":{"rendered":"<p>La ciudad de Valencia ofrece multitud de lugares y rincones \u00fanicos. Descubrir un m\u00e1gico atardecer en la Albufera, pasear por su bella playa urbana, visitar sus monumentos y, por supuesto, degustar una paella con vistas al mar en una arrocer\u00eda o restaurante de la Malvarrosa, resultan actividades de obligado cumplimiento. Sin olvidar otros espacios fascinantes [&hellip;]<\/p>","protected":false},"author":2,"featured_media":2279,"comment_status":"closed","ping_status":"closed","sticky":false,"template":"","format":"standard","meta":{"site-sidebar-layout":"default","site-content-layout":"","ast-site-content-layout":"","site-content-style":"default","site-sidebar-style":"default","ast-global-header-display":"","ast-banner-title-visibility":"","ast-main-header-display":"","ast-hfb-above-header-display":"","ast-hfb-below-header-display":"","ast-hfb-mobile-header-display":"","site-post-title":"","ast-breadcrumbs-content":"","ast-featured-img":"","footer-sml-layout":"","theme-transparent-header-meta":"","adv-header-id-meta":"","stick-header-meta":"","header-above-stick-meta":"","header-main-stick-meta":"","header-below-stick-meta":"","astra-migrate-meta-layouts":"default","ast-page-background-enabled":"default","ast-page-background-meta":{"desktop":{"background-color":"var(--ast-global-color-4)","background-image":"","background-repeat":"repeat","background-position":"center center","background-size":"auto","background-attachment":"scroll","background-type":"","background-media":"","overlay-type":"","overlay-color":"","overlay-opacity":"","overlay-gradient":""},"tablet":{"background-color":"","background-image":"","background-repeat":"repeat","background-position":"center center","background-size":"auto","background-attachment":"scroll","background-type":"","background-media":"","overlay-type":"","overlay-color":"","overlay-opacity":"","overlay-gradient":""},"mobile":{"background-color":"","background-image":"","background-repeat":"repeat","background-position":"center center","background-size":"auto","background-attachment":"scroll","background-type":"","background-media":"","overlay-type":"","overlay-color":"","overlay-opacity":"","overlay-gradient":""}},"ast-content-background-meta":{"desktop":{"background-color":"var(--ast-global-color-5)","background-image":"","background-repeat":"repeat","background-position":"center center","background-size":"auto","background-attachment":"scroll","background-type":"","background-media":"","overlay-type":"","overlay-color":"","overlay-opacity":"","overlay-gradient":""},"tablet":{"background-color":"var(--ast-global-color-5)","background-image":"","background-repeat":"repeat","background-position":"center center","background-size":"auto","background-attachment":"scroll","background-type":"","background-media":"","overlay-type":"","overlay-color":"","overlay-opacity":"","overlay-gradient":""},"mobile":{"background-color":"var(--ast-global-color-5)","background-image":"","background-repeat":"repeat","background-position":"center center","background-size":"auto","background-attachment":"scroll","background-type":"","background-media":"","overlay-type":"","overlay-color":"","overlay-opacity":"","overlay-gradient":""}},"footnotes":""},"categories":[9],"tags":[],"class_list":["post-2278","post","type-post","status-publish","format-standard","has-post-thumbnail","hentry","category-lugares-emblematicos-de-valencia"],"yoast_head":"<!-- This site is optimized with the Yoast SEO plugin v25.6 - https:\/\/yoast.com\/wordpress\/plugins\/seo\/ -->\n<title>El jard\u00edn bot\u00e1nico de Valencia, un espacio natural en plena ciudad.<\/title>\n<meta name=\"description\" content=\"Un lugar que conserva la historia de Valencia y, a la vez, crea el futuro de sus investigaciones. Es sin duda un atractivo tur\u00edstico\" \/>\n<meta name=\"robots\" content=\"index, follow, max-snippet:-1, max-image-preview:large, max-video-preview:-1\" \/>\n<link rel=\"canonical\" href=\"https:\/\/casaisabel.es\/de\/el-jardin-botanico-de-valencia-un-espacio-natural-en-plena-ciudad\/\" \/>\n<meta property=\"og:locale\" content=\"de_DE\" \/>\n<meta property=\"og:type\" content=\"article\" \/>\n<meta property=\"og:title\" content=\"El jard\u00edn bot\u00e1nico de Valencia, un espacio natural en plena ciudad.\" \/>\n<meta property=\"og:description\" content=\"Un lugar que conserva la historia de Valencia y, a la vez, crea el futuro de sus investigaciones. Es sin duda un atractivo tur\u00edstico\" \/>\n<meta property=\"og:url\" content=\"https:\/\/casaisabel.es\/de\/el-jardin-botanico-de-valencia-un-espacio-natural-en-plena-ciudad\/\" \/>\n<meta property=\"og:site_name\" content=\"Casa Isabel\" \/>\n<meta property=\"article:published_time\" content=\"2025-12-31T00:08:00+00:00\" \/>\n<meta property=\"og:image\" content=\"https:\/\/casaisabel.es\/wp-content\/uploads\/2015\/01\/803D95ABC53C87374FEDD014BF0F50E2CE25D047073C4CFD1Bpimgpsh_fullsize_distr.jpg\" \/>\n\t<meta property=\"og:image:width\" content=\"631\" \/>\n\t<meta property=\"og:image:height\" content=\"257\" \/>\n\t<meta property=\"og:image:type\" content=\"image\/jpeg\" \/>\n<meta name=\"author\" content=\"Admin\" \/>\n<meta name=\"twitter:card\" content=\"summary_large_image\" \/>\n<meta name=\"twitter:label1\" content=\"Written by\" \/>\n\t<meta name=\"twitter:data1\" content=\"Admin\" \/>\n\t<meta name=\"twitter:label2\" content=\"Est. reading time\" \/>\n\t<meta name=\"twitter:data2\" content=\"2 minutes\" \/>\n<script type=\"application\/ld+json\" class=\"yoast-schema-graph\">{\"@context\":\"https:\/\/schema.org\",\"@graph\":[{\"@type\":\"Article\",\"@id\":\"https:\/\/casaisabel.es\/el-jardin-botanico-de-valencia-un-espacio-natural-en-plena-ciudad\/#article\",\"isPartOf\":{\"@id\":\"https:\/\/casaisabel.es\/el-jardin-botanico-de-valencia-un-espacio-natural-en-plena-ciudad\/\"},\"author\":{\"name\":\"Admin\",\"@id\":\"https:\/\/casaisabel.es\/#\/schema\/person\/66308f25a39c9cb32c4e78cf8cfa36cf\"},\"headline\":\"El jard\u00edn bot\u00e1nico de Valencia, un espacio natural en plena ciudad\",\"datePublished\":\"2025-12-31T00:08:00+00:00\",\"mainEntityOfPage\":{\"@id\":\"https:\/\/casaisabel.es\/el-jardin-botanico-de-valencia-un-espacio-natural-en-plena-ciudad\/\"},\"wordCount\":355,\"publisher\":{\"@id\":\"https:\/\/casaisabel.es\/#organization\"},\"image\":{\"@id\":\"https:\/\/casaisabel.es\/el-jardin-botanico-de-valencia-un-espacio-natural-en-plena-ciudad\/#primaryimage\"},\"thumbnailUrl\":\"https:\/\/casaisabel.es\/wp-content\/uploads\/2015\/01\/^803D95ABC53C87374FEDD014BF0F50E2CE25D047073C4CFD1B^pimgpsh_fullsize_distr.jpg\",\"articleSection\":[\"Lugares emblem\u00e1ticos de Valencia\"],\"inLanguage\":\"de-DE\"},{\"@type\":\"WebPage\",\"@id\":\"https:\/\/casaisabel.es\/el-jardin-botanico-de-valencia-un-espacio-natural-en-plena-ciudad\/\",\"url\":\"https:\/\/casaisabel.es\/el-jardin-botanico-de-valencia-un-espacio-natural-en-plena-ciudad\/\",\"name\":\"El jard\u00edn bot\u00e1nico de Valencia, un espacio natural en plena ciudad.\",\"isPartOf\":{\"@id\":\"https:\/\/casaisabel.es\/#website\"},\"primaryImageOfPage\":{\"@id\":\"https:\/\/casaisabel.es\/el-jardin-botanico-de-valencia-un-espacio-natural-en-plena-ciudad\/#primaryimage\"},\"image\":{\"@id\":\"https:\/\/casaisabel.es\/el-jardin-botanico-de-valencia-un-espacio-natural-en-plena-ciudad\/#primaryimage\"},\"thumbnailUrl\":\"https:\/\/casaisabel.es\/wp-content\/uploads\/2015\/01\/^803D95ABC53C87374FEDD014BF0F50E2CE25D047073C4CFD1B^pimgpsh_fullsize_distr.jpg\",\"datePublished\":\"2025-12-31T00:08:00+00:00\",\"description\":\"Un lugar que conserva la historia de Valencia y, a la vez, crea el futuro de sus investigaciones. Es sin duda un atractivo tur\u00edstico\",\"breadcrumb\":{\"@id\":\"https:\/\/casaisabel.es\/el-jardin-botanico-de-valencia-un-espacio-natural-en-plena-ciudad\/#breadcrumb\"},\"inLanguage\":\"de-DE\",\"potentialAction\":[{\"@type\":\"ReadAction\",\"target\":[\"https:\/\/casaisabel.es\/el-jardin-botanico-de-valencia-un-espacio-natural-en-plena-ciudad\/\"]}]},{\"@type\":\"ImageObject\",\"inLanguage\":\"de-DE\",\"@id\":\"https:\/\/casaisabel.es\/el-jardin-botanico-de-valencia-un-espacio-natural-en-plena-ciudad\/#primaryimage\",\"url\":\"https:\/\/casaisabel.es\/wp-content\/uploads\/2015\/01\/^803D95ABC53C87374FEDD014BF0F50E2CE25D047073C4CFD1B^pimgpsh_fullsize_distr.jpg\",\"contentUrl\":\"https:\/\/casaisabel.es\/wp-content\/uploads\/2015\/01\/^803D95ABC53C87374FEDD014BF0F50E2CE25D047073C4CFD1B^pimgpsh_fullsize_distr.jpg\",\"width\":631,\"height\":257},{\"@type\":\"BreadcrumbList\",\"@id\":\"https:\/\/casaisabel.es\/el-jardin-botanico-de-valencia-un-espacio-natural-en-plena-ciudad\/#breadcrumb\",\"itemListElement\":[{\"@type\":\"ListItem\",\"position\":1,\"name\":\"Portada\",\"item\":\"https:\/\/casaisabel.es\/\"},{\"@type\":\"ListItem\",\"position\":2,\"name\":\"El jard\u00edn bot\u00e1nico de Valencia, un espacio natural en plena ciudad\"}]},{\"@type\":\"WebSite\",\"@id\":\"https:\/\/casaisabel.es\/#website\",\"url\":\"https:\/\/casaisabel.es\/\",\"name\":\"Casa Isabel\",\"description\":\"S\u00f3lo otro sitio de WordPress\",\"publisher\":{\"@id\":\"https:\/\/casaisabel.es\/#organization\"},\"potentialAction\":[{\"@type\":\"SearchAction\",\"target\":{\"@type\":\"EntryPoint\",\"urlTemplate\":\"https:\/\/casaisabel.es\/?s={search_term_string}\"},\"query-input\":{\"@type\":\"PropertyValueSpecification\",\"valueRequired\":true,\"valueName\":\"search_term_string\"}}],\"inLanguage\":\"de-DE\"},{\"@type\":\"Organization\",\"@id\":\"https:\/\/casaisabel.es\/#organization\",\"name\":\"Casa Isabel\",\"url\":\"https:\/\/casaisabel.es\/\",\"logo\":{\"@type\":\"ImageObject\",\"inLanguage\":\"de-DE\",\"@id\":\"https:\/\/casaisabel.es\/#\/schema\/logo\/image\/\",\"url\":\"https:\/\/casaisabel.es\/wp-content\/uploads\/2023\/09\/casaIsabel.svg\",\"contentUrl\":\"https:\/\/casaisabel.es\/wp-content\/uploads\/2023\/09\/casaIsabel.svg\",\"width\":211,\"height\":49,\"caption\":\"Casa Isabel\"},\"image\":{\"@id\":\"https:\/\/casaisabel.es\/#\/schema\/logo\/image\/\"}},{\"@type\":\"Person\",\"@id\":\"https:\/\/casaisabel.es\/#\/schema\/person\/66308f25a39c9cb32c4e78cf8cfa36cf\",\"name\":\"Admin\",\"image\":{\"@type\":\"ImageObject\",\"inLanguage\":\"de-DE\",\"@id\":\"https:\/\/casaisabel.es\/#\/schema\/person\/image\/\",\"url\":\"https:\/\/secure.gravatar.com\/avatar\/cfa1bef4e15c827fa091464736c1d269687e21ac8972ec35aec466b4aa06b9c8?s=96&d=mm&r=g\",\"contentUrl\":\"https:\/\/secure.gravatar.com\/avatar\/cfa1bef4e15c827fa091464736c1d269687e21ac8972ec35aec466b4aa06b9c8?s=96&d=mm&r=g\",\"caption\":\"Admin\"},\"url\":\"https:\/\/casaisabel.es\/de\/author\/admin-2\/\"}]}<\/script>\n<!-- \/ Yoast SEO plugin. -->","yoast_head_json":{"title":"El jard\u00edn bot\u00e1nico de Valencia, un espacio natural en plena ciudad.","description":"Un lugar que conserva la historia de Valencia y, a la vez, crea el futuro de sus investigaciones. Es sin duda un atractivo tur\u00edstico","robots":{"index":"index","follow":"follow","max-snippet":"max-snippet:-1","max-image-preview":"max-image-preview:large","max-video-preview":"max-video-preview:-1"},"canonical":"https:\/\/casaisabel.es\/de\/el-jardin-botanico-de-valencia-un-espacio-natural-en-plena-ciudad\/","og_locale":"de_DE","og_type":"article","og_title":"El jard\u00edn bot\u00e1nico de Valencia, un espacio natural en plena ciudad.","og_description":"Un lugar que conserva la historia de Valencia y, a la vez, crea el futuro de sus investigaciones. Es sin duda un atractivo tur\u00edstico","og_url":"https:\/\/casaisabel.es\/de\/el-jardin-botanico-de-valencia-un-espacio-natural-en-plena-ciudad\/","og_site_name":"Casa Isabel","article_published_time":"2025-12-31T00:08:00+00:00","og_image":[{"width":631,"height":257,"url":"https:\/\/casaisabel.es\/wp-content\/uploads\/2015\/01\/^803D95ABC53C87374FEDD014BF0F50E2CE25D047073C4CFD1B^pimgpsh_fullsize_distr.jpg","type":"image\/jpeg"}],"author":"Admin","twitter_card":"summary_large_image","twitter_misc":{"Written by":"Admin","Est. reading time":"2 minutes"},"schema":{"@context":"https:\/\/schema.org","@graph":[{"@type":"Article","@id":"https:\/\/casaisabel.es\/el-jardin-botanico-de-valencia-un-espacio-natural-en-plena-ciudad\/#article","isPartOf":{"@id":"https:\/\/casaisabel.es\/el-jardin-botanico-de-valencia-un-espacio-natural-en-plena-ciudad\/"},"author":{"name":"Admin","@id":"https:\/\/casaisabel.es\/#\/schema\/person\/66308f25a39c9cb32c4e78cf8cfa36cf"},"headline":"El jard\u00edn bot\u00e1nico de Valencia, un espacio natural en plena ciudad","datePublished":"2025-12-31T00:08:00+00:00","mainEntityOfPage":{"@id":"https:\/\/casaisabel.es\/el-jardin-botanico-de-valencia-un-espacio-natural-en-plena-ciudad\/"},"wordCount":355,"publisher":{"@id":"https:\/\/casaisabel.es\/#organization"},"image":{"@id":"https:\/\/casaisabel.es\/el-jardin-botanico-de-valencia-un-espacio-natural-en-plena-ciudad\/#primaryimage"},"thumbnailUrl":"https:\/\/casaisabel.es\/wp-content\/uploads\/2015\/01\/^803D95ABC53C87374FEDD014BF0F50E2CE25D047073C4CFD1B^pimgpsh_fullsize_distr.jpg","articleSection":["Lugares emblem\u00e1ticos de Valencia"],"inLanguage":"de-DE"},{"@type":"WebPage","@id":"https:\/\/casaisabel.es\/el-jardin-botanico-de-valencia-un-espacio-natural-en-plena-ciudad\/","url":"https:\/\/casaisabel.es\/el-jardin-botanico-de-valencia-un-espacio-natural-en-plena-ciudad\/","name":"El jard\u00edn bot\u00e1nico de Valencia, un espacio natural en plena ciudad.","isPartOf":{"@id":"https:\/\/casaisabel.es\/#website"},"primaryImageOfPage":{"@id":"https:\/\/casaisabel.es\/el-jardin-botanico-de-valencia-un-espacio-natural-en-plena-ciudad\/#primaryimage"},"image":{"@id":"https:\/\/casaisabel.es\/el-jardin-botanico-de-valencia-un-espacio-natural-en-plena-ciudad\/#primaryimage"},"thumbnailUrl":"https:\/\/casaisabel.es\/wp-content\/uploads\/2015\/01\/^803D95ABC53C87374FEDD014BF0F50E2CE25D047073C4CFD1B^pimgpsh_fullsize_distr.jpg","datePublished":"2025-12-31T00:08:00+00:00","description":"Un lugar que conserva la historia de Valencia y, a la vez, crea el futuro de sus investigaciones. Es sin duda un atractivo tur\u00edstico","breadcrumb":{"@id":"https:\/\/casaisabel.es\/el-jardin-botanico-de-valencia-un-espacio-natural-en-plena-ciudad\/#breadcrumb"},"inLanguage":"de-DE","potentialAction":[{"@type":"ReadAction","target":["https:\/\/casaisabel.es\/el-jardin-botanico-de-valencia-un-espacio-natural-en-plena-ciudad\/"]}]},{"@type":"ImageObject","inLanguage":"de-DE","@id":"https:\/\/casaisabel.es\/el-jardin-botanico-de-valencia-un-espacio-natural-en-plena-ciudad\/#primaryimage","url":"https:\/\/casaisabel.es\/wp-content\/uploads\/2015\/01\/^803D95ABC53C87374FEDD014BF0F50E2CE25D047073C4CFD1B^pimgpsh_fullsize_distr.jpg","contentUrl":"https:\/\/casaisabel.es\/wp-content\/uploads\/2015\/01\/^803D95ABC53C87374FEDD014BF0F50E2CE25D047073C4CFD1B^pimgpsh_fullsize_distr.jpg","width":631,"height":257},{"@type":"BreadcrumbList","@id":"https:\/\/casaisabel.es\/el-jardin-botanico-de-valencia-un-espacio-natural-en-plena-ciudad\/#breadcrumb","itemListElement":[{"@type":"ListItem","position":1,"name":"Portada","item":"https:\/\/casaisabel.es\/"},{"@type":"ListItem","position":2,"name":"El jard\u00edn bot\u00e1nico de Valencia, un espacio natural en plena ciudad"}]},{"@type":"WebSite","@id":"https:\/\/casaisabel.es\/#website","url":"https:\/\/casaisabel.es\/","name":"Casa Isabel","description":"S\u00f3lo otro sitio de WordPress","publisher":{"@id":"https:\/\/casaisabel.es\/#organization"},"potentialAction":[{"@type":"SearchAction","target":{"@type":"EntryPoint","urlTemplate":"https:\/\/casaisabel.es\/?s={search_term_string}"},"query-input":{"@type":"PropertyValueSpecification","valueRequired":true,"valueName":"search_term_string"}}],"inLanguage":"de-DE"},{"@type":"Organization","@id":"https:\/\/casaisabel.es\/#organization","name":"Casa Isabel","url":"https:\/\/casaisabel.es\/","logo":{"@type":"ImageObject","inLanguage":"de-DE","@id":"https:\/\/casaisabel.es\/#\/schema\/logo\/image\/","url":"https:\/\/casaisabel.es\/wp-content\/uploads\/2023\/09\/casaIsabel.svg","contentUrl":"https:\/\/casaisabel.es\/wp-content\/uploads\/2023\/09\/casaIsabel.svg","width":211,"height":49,"caption":"Casa Isabel"},"image":{"@id":"https:\/\/casaisabel.es\/#\/schema\/logo\/image\/"}},{"@type":"Person","@id":"https:\/\/casaisabel.es\/#\/schema\/person\/66308f25a39c9cb32c4e78cf8cfa36cf","name":"Admin","image":{"@type":"ImageObject","inLanguage":"de-DE","@id":"https:\/\/casaisabel.es\/#\/schema\/person\/image\/","url":"https:\/\/secure.gravatar.com\/avatar\/cfa1bef4e15c827fa091464736c1d269687e21ac8972ec35aec466b4aa06b9c8?s=96&d=mm&r=g","contentUrl":"https:\/\/secure.gravatar.com\/avatar\/cfa1bef4e15c827fa091464736c1d269687e21ac8972ec35aec466b4aa06b9c8?s=96&d=mm&r=g","caption":"Admin"},"url":"https:\/\/casaisabel.es\/de\/author\/admin-2\/"}]}},"_links":{"self":[{"href":"https:\/\/casaisabel.es\/de\/wp-json\/wp\/v2\/posts\/2278","targetHints":{"allow":["GET"]}}],"collection":[{"href":"https:\/\/casaisabel.es\/de\/wp-json\/wp\/v2\/posts"}],"about":[{"href":"https:\/\/casaisabel.es\/de\/wp-json\/wp\/v2\/types\/post"}],"author":[{"embeddable":true,"href":"https:\/\/casaisabel.es\/de\/wp-json\/wp\/v2\/users\/2"}],"replies":[{"embeddable":true,"href":"https:\/\/casaisabel.es\/de\/wp-json\/wp\/v2\/comments?post=2278"}],"version-history":[{"count":0,"href":"https:\/\/casaisabel.es\/de\/wp-json\/wp\/v2\/posts\/2278\/revisions"}],"wp:featuredmedia":[{"embeddable":true,"href":"https:\/\/casaisabel.es\/de\/wp-json\/wp\/v2\/media\/2279"}],"wp:attachment":[{"href":"https:\/\/casaisabel.es\/de\/wp-json\/wp\/v2\/media?parent=2278"}],"wp:term":[{"taxonomy":"category","embeddable":true,"href":"https:\/\/casaisabel.es\/de\/wp-json\/wp\/v2\/categories?post=2278"},{"taxonomy":"post_tag","embeddable":true,"href":"https:\/\/casaisabel.es\/de\/wp-json\/wp\/v2\/tags?post=2278"}],"curies":[{"name":"wp","href":"https:\/\/api.w.org\/{rel}","templated":true}]}}