{"id":1876,"date":"2025-12-21T00:04:05","date_gmt":"2025-12-21T00:04:05","guid":{"rendered":"https:\/\/casaisabel.es\/?p=1876---41876bbd-b781-4ba4-803f-f4bf14d8e2e7"},"modified":"2025-12-21T00:04:05","modified_gmt":"2025-12-21T00:04:05","slug":"la-tradicion-de-los-moros-y-cristianos-en-valencia","status":"publish","type":"post","link":"https:\/\/casaisabel.es\/de\/la-tradicion-de-los-moros-y-cristianos-en-valencia\/","title":{"rendered":"La tradici\u00f3n de los Moros y Cristianos en Valencia"},"content":{"rendered":"<p style=\"text-align: justify\"><span><strong><a href=\"http:\/\/comunitatvalenciana.com\/que-hacer\/fiestas\/moros-cristianos\" target=\"_blank\" rel=\"noopener noreferrer\">Valencia<\/a> es una ciudad con un car\u00e1cter festivo notablemente marcado<\/strong>. Multitud de celebraciones se llevan a cabo durante todo el a\u00f1o en la capital del Turia. Las Fallas son quiz\u00e1s las m\u00e1s populares, pero existen otras <strong>festividades que tambi\u00e9n cuentan con una importante participaci\u00f3n y popularidad<\/strong>. Es el caso de <strong>la Fiesta de Moros y Cristianos<\/strong>, que conmemora la lucha de poder entre musulmanes y cristianos durante la \u00e9poca medieval. <strong>El distrito mar\u00edtimo de la ciudad al lado de la <a href=\"https:\/\/casaisabel.es\/de\/restaurants-strand-malvarrosa\/\" target=\"_blank\" rel=\"noopener noreferrer\">playa<\/a> es donde m\u00e1s arraigo tiene esta celebraci\u00f3n<\/strong> que, no obstante, se ha ido extendiendo a otros muchos puntos de la capital.<!--more--><\/span><\/p>\n<p style=\"text-align: justify\"><strong>Una batalla muy vistosa frente a la playa<\/strong><\/p>\n<p style=\"text-align: justify\">Los participantes de esta fiesta se dividen en <strong>dos bandos: <a href=\"http:\/\/comunitatvalenciana.com\/que-hacer\/fiestas\/moros-cristianos\" target=\"_blank\" rel=\"noopener noreferrer\">l<\/a><a href=\"http:\/\/es.wikipedia.org\/wiki\/Moros_y_cristianos\" target=\"_blank\" rel=\"noopener noreferrer\">os Moros por un lado y los Cristianos por el otro<\/a><\/strong>; en cada bando existen diferentes agrupaciones o comparsas y todas son presididas por un Rey Moro o un Rey Cristiano, que se eligen anualmente. <strong>Ambos frentes son rivales y luchan por conquistar la ciudad<\/strong>, para lo que se valen principalmente de la p\u00f3lvora y los trabucos como armas. Normalmente en las representaciones, el bando moro consigue hacerse con el territorio pero solo temporalmente, ya que al final los cristianos consiguen reconquistarlo y ganar definitivamente la batalla. <strong>Aunque el guion de la historia siempre es igual, uno nunca deja de admirar sus actos llenos de belleza.<\/strong><\/p>\n<p style=\"text-align: justify\">Si se trata de saber c\u00f3mo disfrutar de esa fiesta, sin duda lo m\u00e1s recomendable es <strong>asistir a uno de los desfiles por su vistosidad<\/strong>: todas las comparsas, moras y cristianas, vestidas con la riqu\u00edsima indumentaria y desfilando al comp\u00e1s de las marchas musicales. Un espect\u00e1culo digno de admirar. <strong>Y para acabar el d\u00eda de la manera m\u00e1s tradicional, nada mejor que una <a href=\"https:\/\/casaisabel.es\/de\/arroz-en-valencia\/\" target=\"_blank\" rel=\"noopener noreferrer\">paella<\/a> en una arrocer\u00eda a la orilla del mar en un buen restaurante de la playa de la Malvarrosa, en Valencia<\/strong>. Un plan perfecto para sentir y saborear las tradiciones de Valencia.<\/p>\n<p style=\"text-align: justify\"><a href=\"https:\/\/www.flickr.com\/photos\/polibernat\/3063255034\" target=\"_blank\" rel=\"noopener noreferrer\">Imagen.<\/a><\/p>","protected":false},"excerpt":{"rendered":"<p>Valencia es una ciudad con un car\u00e1cter festivo notablemente marcado. Multitud de celebraciones se llevan a cabo durante todo el a\u00f1o en la capital del Turia. Las Fallas son quiz\u00e1s las m\u00e1s populares, pero existen otras festividades que tambi\u00e9n cuentan con una importante participaci\u00f3n y popularidad. Es el caso de la Fiesta de Moros y [&hellip;]<\/p>","protected":false},"author":2,"featured_media":1880,"comment_status":"closed","ping_status":"closed","sticky":false,"template":"","format":"standard","meta":{"site-sidebar-layout":"default","site-content-layout":"","ast-site-content-layout":"","site-content-style":"default","site-sidebar-style":"default","ast-global-header-display":"","ast-banner-title-visibility":"","ast-main-header-display":"","ast-hfb-above-header-display":"","ast-hfb-below-header-display":"","ast-hfb-mobile-header-display":"","site-post-title":"","ast-breadcrumbs-content":"","ast-featured-img":"","footer-sml-layout":"","theme-transparent-header-meta":"","adv-header-id-meta":"","stick-header-meta":"","header-above-stick-meta":"","header-main-stick-meta":"","header-below-stick-meta":"","astra-migrate-meta-layouts":"default","ast-page-background-enabled":"default","ast-page-background-meta":{"desktop":{"background-color":"var(--ast-global-color-4)","background-image":"","background-repeat":"repeat","background-position":"center center","background-size":"auto","background-attachment":"scroll","background-type":"","background-media":"","overlay-type":"","overlay-color":"","overlay-opacity":"","overlay-gradient":""},"tablet":{"background-color":"","background-image":"","background-repeat":"repeat","background-position":"center center","background-size":"auto","background-attachment":"scroll","background-type":"","background-media":"","overlay-type":"","overlay-color":"","overlay-opacity":"","overlay-gradient":""},"mobile":{"background-color":"","background-image":"","background-repeat":"repeat","background-position":"center center","background-size":"auto","background-attachment":"scroll","background-type":"","background-media":"","overlay-type":"","overlay-color":"","overlay-opacity":"","overlay-gradient":""}},"ast-content-background-meta":{"desktop":{"background-color":"var(--ast-global-color-5)","background-image":"","background-repeat":"repeat","background-position":"center center","background-size":"auto","background-attachment":"scroll","background-type":"","background-media":"","overlay-type":"","overlay-color":"","overlay-opacity":"","overlay-gradient":""},"tablet":{"background-color":"var(--ast-global-color-5)","background-image":"","background-repeat":"repeat","background-position":"center center","background-size":"auto","background-attachment":"scroll","background-type":"","background-media":"","overlay-type":"","overlay-color":"","overlay-opacity":"","overlay-gradient":""},"mobile":{"background-color":"var(--ast-global-color-5)","background-image":"","background-repeat":"repeat","background-position":"center center","background-size":"auto","background-attachment":"scroll","background-type":"","background-media":"","overlay-type":"","overlay-color":"","overlay-opacity":"","overlay-gradient":""}},"footnotes":""},"categories":[7],"tags":[],"class_list":["post-1876","post","type-post","status-publish","format-standard","has-post-thumbnail","hentry","category-actualidad-y-eventos"],"yoast_head":"<!-- This site is optimized with the Yoast SEO plugin v25.6 - https:\/\/yoast.com\/wordpress\/plugins\/seo\/ -->\n<title>La tradici\u00f3n de los Moros y Cristianos en Valencia - Casa Isabel<\/title>\n<meta name=\"description\" content=\"Los Moros y Cristianos son un icono festivo de la ciudad de Valencia. Otro, es la paella. Disfruta de ambos frente al mar, en Casa Isabel.\" \/>\n<meta name=\"robots\" content=\"index, follow, max-snippet:-1, max-image-preview:large, max-video-preview:-1\" \/>\n<link rel=\"canonical\" href=\"https:\/\/casaisabel.es\/de\/la-tradicion-de-los-moros-y-cristianos-en-valencia\/\" \/>\n<meta property=\"og:locale\" content=\"de_DE\" \/>\n<meta property=\"og:type\" content=\"article\" \/>\n<meta property=\"og:title\" content=\"La tradici\u00f3n de los Moros y Cristianos en Valencia - Casa Isabel\" \/>\n<meta property=\"og:description\" content=\"Los Moros y Cristianos son un icono festivo de la ciudad de Valencia. Otro, es la paella. Disfruta de ambos frente al mar, en Casa Isabel.\" \/>\n<meta property=\"og:url\" content=\"https:\/\/casaisabel.es\/de\/la-tradicion-de-los-moros-y-cristianos-en-valencia\/\" \/>\n<meta property=\"og:site_name\" content=\"Casa Isabel\" \/>\n<meta property=\"article:published_time\" content=\"2025-12-21T00:04:05+00:00\" \/>\n<meta property=\"og:image\" content=\"https:\/\/casaisabel.es\/wp-content\/uploads\/2014\/10\/3063255034_b64dd19f92_z-e1412243907212.jpg\" \/>\n\t<meta property=\"og:image:width\" content=\"630\" \/>\n\t<meta property=\"og:image:height\" content=\"257\" \/>\n\t<meta property=\"og:image:type\" content=\"image\/jpeg\" \/>\n<meta name=\"author\" content=\"Admin\" \/>\n<meta name=\"twitter:card\" content=\"summary_large_image\" \/>\n<meta name=\"twitter:label1\" content=\"Written by\" \/>\n\t<meta name=\"twitter:data1\" content=\"Admin\" \/>\n\t<meta name=\"twitter:label2\" content=\"Est. reading time\" \/>\n\t<meta name=\"twitter:data2\" content=\"2 minutes\" \/>\n<script type=\"application\/ld+json\" class=\"yoast-schema-graph\">{\"@context\":\"https:\/\/schema.org\",\"@graph\":[{\"@type\":\"Article\",\"@id\":\"https:\/\/casaisabel.es\/la-tradicion-de-los-moros-y-cristianos-en-valencia\/#article\",\"isPartOf\":{\"@id\":\"https:\/\/casaisabel.es\/la-tradicion-de-los-moros-y-cristianos-en-valencia\/\"},\"author\":{\"name\":\"Admin\",\"@id\":\"https:\/\/casaisabel.es\/#\/schema\/person\/66308f25a39c9cb32c4e78cf8cfa36cf\"},\"headline\":\"La tradici\u00f3n de los Moros y Cristianos en Valencia\",\"datePublished\":\"2025-12-21T00:04:05+00:00\",\"mainEntityOfPage\":{\"@id\":\"https:\/\/casaisabel.es\/la-tradicion-de-los-moros-y-cristianos-en-valencia\/\"},\"wordCount\":351,\"publisher\":{\"@id\":\"https:\/\/casaisabel.es\/#organization\"},\"image\":{\"@id\":\"https:\/\/casaisabel.es\/la-tradicion-de-los-moros-y-cristianos-en-valencia\/#primaryimage\"},\"thumbnailUrl\":\"https:\/\/casaisabel.es\/wp-content\/uploads\/2014\/10\/3063255034_b64dd19f92_z-e1412243907212.jpg\",\"articleSection\":[\"Actualidad y eventos\"],\"inLanguage\":\"de-DE\"},{\"@type\":\"WebPage\",\"@id\":\"https:\/\/casaisabel.es\/la-tradicion-de-los-moros-y-cristianos-en-valencia\/\",\"url\":\"https:\/\/casaisabel.es\/la-tradicion-de-los-moros-y-cristianos-en-valencia\/\",\"name\":\"La tradici\u00f3n de los Moros y Cristianos en Valencia - Casa Isabel\",\"isPartOf\":{\"@id\":\"https:\/\/casaisabel.es\/#website\"},\"primaryImageOfPage\":{\"@id\":\"https:\/\/casaisabel.es\/la-tradicion-de-los-moros-y-cristianos-en-valencia\/#primaryimage\"},\"image\":{\"@id\":\"https:\/\/casaisabel.es\/la-tradicion-de-los-moros-y-cristianos-en-valencia\/#primaryimage\"},\"thumbnailUrl\":\"https:\/\/casaisabel.es\/wp-content\/uploads\/2014\/10\/3063255034_b64dd19f92_z-e1412243907212.jpg\",\"datePublished\":\"2025-12-21T00:04:05+00:00\",\"description\":\"Los Moros y Cristianos son un icono festivo de la ciudad de Valencia. Otro, es la paella. Disfruta de ambos frente al mar, en Casa Isabel.\",\"breadcrumb\":{\"@id\":\"https:\/\/casaisabel.es\/la-tradicion-de-los-moros-y-cristianos-en-valencia\/#breadcrumb\"},\"inLanguage\":\"de-DE\",\"potentialAction\":[{\"@type\":\"ReadAction\",\"target\":[\"https:\/\/casaisabel.es\/la-tradicion-de-los-moros-y-cristianos-en-valencia\/\"]}]},{\"@type\":\"ImageObject\",\"inLanguage\":\"de-DE\",\"@id\":\"https:\/\/casaisabel.es\/la-tradicion-de-los-moros-y-cristianos-en-valencia\/#primaryimage\",\"url\":\"https:\/\/casaisabel.es\/wp-content\/uploads\/2014\/10\/3063255034_b64dd19f92_z-e1412243907212.jpg\",\"contentUrl\":\"https:\/\/casaisabel.es\/wp-content\/uploads\/2014\/10\/3063255034_b64dd19f92_z-e1412243907212.jpg\",\"width\":630,\"height\":257},{\"@type\":\"BreadcrumbList\",\"@id\":\"https:\/\/casaisabel.es\/la-tradicion-de-los-moros-y-cristianos-en-valencia\/#breadcrumb\",\"itemListElement\":[{\"@type\":\"ListItem\",\"position\":1,\"name\":\"Portada\",\"item\":\"https:\/\/casaisabel.es\/\"},{\"@type\":\"ListItem\",\"position\":2,\"name\":\"La tradici\u00f3n de los Moros y Cristianos en Valencia\"}]},{\"@type\":\"WebSite\",\"@id\":\"https:\/\/casaisabel.es\/#website\",\"url\":\"https:\/\/casaisabel.es\/\",\"name\":\"Casa Isabel\",\"description\":\"S\u00f3lo otro sitio de WordPress\",\"publisher\":{\"@id\":\"https:\/\/casaisabel.es\/#organization\"},\"potentialAction\":[{\"@type\":\"SearchAction\",\"target\":{\"@type\":\"EntryPoint\",\"urlTemplate\":\"https:\/\/casaisabel.es\/?s={search_term_string}\"},\"query-input\":{\"@type\":\"PropertyValueSpecification\",\"valueRequired\":true,\"valueName\":\"search_term_string\"}}],\"inLanguage\":\"de-DE\"},{\"@type\":\"Organization\",\"@id\":\"https:\/\/casaisabel.es\/#organization\",\"name\":\"Casa Isabel\",\"url\":\"https:\/\/casaisabel.es\/\",\"logo\":{\"@type\":\"ImageObject\",\"inLanguage\":\"de-DE\",\"@id\":\"https:\/\/casaisabel.es\/#\/schema\/logo\/image\/\",\"url\":\"https:\/\/casaisabel.es\/wp-content\/uploads\/2023\/09\/casaIsabel.svg\",\"contentUrl\":\"https:\/\/casaisabel.es\/wp-content\/uploads\/2023\/09\/casaIsabel.svg\",\"width\":211,\"height\":49,\"caption\":\"Casa Isabel\"},\"image\":{\"@id\":\"https:\/\/casaisabel.es\/#\/schema\/logo\/image\/\"}},{\"@type\":\"Person\",\"@id\":\"https:\/\/casaisabel.es\/#\/schema\/person\/66308f25a39c9cb32c4e78cf8cfa36cf\",\"name\":\"Admin\",\"image\":{\"@type\":\"ImageObject\",\"inLanguage\":\"de-DE\",\"@id\":\"https:\/\/casaisabel.es\/#\/schema\/person\/image\/\",\"url\":\"https:\/\/secure.gravatar.com\/avatar\/cfa1bef4e15c827fa091464736c1d269687e21ac8972ec35aec466b4aa06b9c8?s=96&d=mm&r=g\",\"contentUrl\":\"https:\/\/secure.gravatar.com\/avatar\/cfa1bef4e15c827fa091464736c1d269687e21ac8972ec35aec466b4aa06b9c8?s=96&d=mm&r=g\",\"caption\":\"Admin\"},\"url\":\"https:\/\/casaisabel.es\/de\/author\/admin-2\/\"}]}<\/script>\n<!-- \/ Yoast SEO plugin. -->","yoast_head_json":{"title":"La tradici\u00f3n de los Moros y Cristianos en Valencia - Casa Isabel","description":"Los Moros y Cristianos son un icono festivo de la ciudad de Valencia. Otro, es la paella. Disfruta de ambos frente al mar, en Casa Isabel.","robots":{"index":"index","follow":"follow","max-snippet":"max-snippet:-1","max-image-preview":"max-image-preview:large","max-video-preview":"max-video-preview:-1"},"canonical":"https:\/\/casaisabel.es\/de\/la-tradicion-de-los-moros-y-cristianos-en-valencia\/","og_locale":"de_DE","og_type":"article","og_title":"La tradici\u00f3n de los Moros y Cristianos en Valencia - Casa Isabel","og_description":"Los Moros y Cristianos son un icono festivo de la ciudad de Valencia. Otro, es la paella. Disfruta de ambos frente al mar, en Casa Isabel.","og_url":"https:\/\/casaisabel.es\/de\/la-tradicion-de-los-moros-y-cristianos-en-valencia\/","og_site_name":"Casa Isabel","article_published_time":"2025-12-21T00:04:05+00:00","og_image":[{"width":630,"height":257,"url":"https:\/\/casaisabel.es\/wp-content\/uploads\/2014\/10\/3063255034_b64dd19f92_z-e1412243907212.jpg","type":"image\/jpeg"}],"author":"Admin","twitter_card":"summary_large_image","twitter_misc":{"Written by":"Admin","Est. reading time":"2 minutes"},"schema":{"@context":"https:\/\/schema.org","@graph":[{"@type":"Article","@id":"https:\/\/casaisabel.es\/la-tradicion-de-los-moros-y-cristianos-en-valencia\/#article","isPartOf":{"@id":"https:\/\/casaisabel.es\/la-tradicion-de-los-moros-y-cristianos-en-valencia\/"},"author":{"name":"Admin","@id":"https:\/\/casaisabel.es\/#\/schema\/person\/66308f25a39c9cb32c4e78cf8cfa36cf"},"headline":"La tradici\u00f3n de los Moros y Cristianos en Valencia","datePublished":"2025-12-21T00:04:05+00:00","mainEntityOfPage":{"@id":"https:\/\/casaisabel.es\/la-tradicion-de-los-moros-y-cristianos-en-valencia\/"},"wordCount":351,"publisher":{"@id":"https:\/\/casaisabel.es\/#organization"},"image":{"@id":"https:\/\/casaisabel.es\/la-tradicion-de-los-moros-y-cristianos-en-valencia\/#primaryimage"},"thumbnailUrl":"https:\/\/casaisabel.es\/wp-content\/uploads\/2014\/10\/3063255034_b64dd19f92_z-e1412243907212.jpg","articleSection":["Actualidad y eventos"],"inLanguage":"de-DE"},{"@type":"WebPage","@id":"https:\/\/casaisabel.es\/la-tradicion-de-los-moros-y-cristianos-en-valencia\/","url":"https:\/\/casaisabel.es\/la-tradicion-de-los-moros-y-cristianos-en-valencia\/","name":"La tradici\u00f3n de los Moros y Cristianos en Valencia - Casa Isabel","isPartOf":{"@id":"https:\/\/casaisabel.es\/#website"},"primaryImageOfPage":{"@id":"https:\/\/casaisabel.es\/la-tradicion-de-los-moros-y-cristianos-en-valencia\/#primaryimage"},"image":{"@id":"https:\/\/casaisabel.es\/la-tradicion-de-los-moros-y-cristianos-en-valencia\/#primaryimage"},"thumbnailUrl":"https:\/\/casaisabel.es\/wp-content\/uploads\/2014\/10\/3063255034_b64dd19f92_z-e1412243907212.jpg","datePublished":"2025-12-21T00:04:05+00:00","description":"Los Moros y Cristianos son un icono festivo de la ciudad de Valencia. Otro, es la paella. Disfruta de ambos frente al mar, en Casa Isabel.","breadcrumb":{"@id":"https:\/\/casaisabel.es\/la-tradicion-de-los-moros-y-cristianos-en-valencia\/#breadcrumb"},"inLanguage":"de-DE","potentialAction":[{"@type":"ReadAction","target":["https:\/\/casaisabel.es\/la-tradicion-de-los-moros-y-cristianos-en-valencia\/"]}]},{"@type":"ImageObject","inLanguage":"de-DE","@id":"https:\/\/casaisabel.es\/la-tradicion-de-los-moros-y-cristianos-en-valencia\/#primaryimage","url":"https:\/\/casaisabel.es\/wp-content\/uploads\/2014\/10\/3063255034_b64dd19f92_z-e1412243907212.jpg","contentUrl":"https:\/\/casaisabel.es\/wp-content\/uploads\/2014\/10\/3063255034_b64dd19f92_z-e1412243907212.jpg","width":630,"height":257},{"@type":"BreadcrumbList","@id":"https:\/\/casaisabel.es\/la-tradicion-de-los-moros-y-cristianos-en-valencia\/#breadcrumb","itemListElement":[{"@type":"ListItem","position":1,"name":"Portada","item":"https:\/\/casaisabel.es\/"},{"@type":"ListItem","position":2,"name":"La tradici\u00f3n de los Moros y Cristianos en Valencia"}]},{"@type":"WebSite","@id":"https:\/\/casaisabel.es\/#website","url":"https:\/\/casaisabel.es\/","name":"Casa Isabel","description":"S\u00f3lo otro sitio de WordPress","publisher":{"@id":"https:\/\/casaisabel.es\/#organization"},"potentialAction":[{"@type":"SearchAction","target":{"@type":"EntryPoint","urlTemplate":"https:\/\/casaisabel.es\/?s={search_term_string}"},"query-input":{"@type":"PropertyValueSpecification","valueRequired":true,"valueName":"search_term_string"}}],"inLanguage":"de-DE"},{"@type":"Organization","@id":"https:\/\/casaisabel.es\/#organization","name":"Casa Isabel","url":"https:\/\/casaisabel.es\/","logo":{"@type":"ImageObject","inLanguage":"de-DE","@id":"https:\/\/casaisabel.es\/#\/schema\/logo\/image\/","url":"https:\/\/casaisabel.es\/wp-content\/uploads\/2023\/09\/casaIsabel.svg","contentUrl":"https:\/\/casaisabel.es\/wp-content\/uploads\/2023\/09\/casaIsabel.svg","width":211,"height":49,"caption":"Casa Isabel"},"image":{"@id":"https:\/\/casaisabel.es\/#\/schema\/logo\/image\/"}},{"@type":"Person","@id":"https:\/\/casaisabel.es\/#\/schema\/person\/66308f25a39c9cb32c4e78cf8cfa36cf","name":"Admin","image":{"@type":"ImageObject","inLanguage":"de-DE","@id":"https:\/\/casaisabel.es\/#\/schema\/person\/image\/","url":"https:\/\/secure.gravatar.com\/avatar\/cfa1bef4e15c827fa091464736c1d269687e21ac8972ec35aec466b4aa06b9c8?s=96&d=mm&r=g","contentUrl":"https:\/\/secure.gravatar.com\/avatar\/cfa1bef4e15c827fa091464736c1d269687e21ac8972ec35aec466b4aa06b9c8?s=96&d=mm&r=g","caption":"Admin"},"url":"https:\/\/casaisabel.es\/de\/author\/admin-2\/"}]}},"_links":{"self":[{"href":"https:\/\/casaisabel.es\/de\/wp-json\/wp\/v2\/posts\/1876","targetHints":{"allow":["GET"]}}],"collection":[{"href":"https:\/\/casaisabel.es\/de\/wp-json\/wp\/v2\/posts"}],"about":[{"href":"https:\/\/casaisabel.es\/de\/wp-json\/wp\/v2\/types\/post"}],"author":[{"embeddable":true,"href":"https:\/\/casaisabel.es\/de\/wp-json\/wp\/v2\/users\/2"}],"replies":[{"embeddable":true,"href":"https:\/\/casaisabel.es\/de\/wp-json\/wp\/v2\/comments?post=1876"}],"version-history":[{"count":0,"href":"https:\/\/casaisabel.es\/de\/wp-json\/wp\/v2\/posts\/1876\/revisions"}],"wp:featuredmedia":[{"embeddable":true,"href":"https:\/\/casaisabel.es\/de\/wp-json\/wp\/v2\/media\/1880"}],"wp:attachment":[{"href":"https:\/\/casaisabel.es\/de\/wp-json\/wp\/v2\/media?parent=1876"}],"wp:term":[{"taxonomy":"category","embeddable":true,"href":"https:\/\/casaisabel.es\/de\/wp-json\/wp\/v2\/categories?post=1876"},{"taxonomy":"post_tag","embeddable":true,"href":"https:\/\/casaisabel.es\/de\/wp-json\/wp\/v2\/tags?post=1876"}],"curies":[{"name":"wp","href":"https:\/\/api.w.org\/{rel}","templated":true}]}}